{"id":43518,"date":"2026-01-20T21:17:27","date_gmt":"2026-01-21T00:17:27","guid":{"rendered":"https:\/\/larevistadigital.com.ar\/blog\/?p=43518"},"modified":"2026-01-20T21:17:53","modified_gmt":"2026-01-21T00:17:53","slug":"franco-mastantuono-se-estreno-como-goleador-en-la-champions-league-y-brillo-en-la-goleada-del-real-madrid","status":"publish","type":"post","link":"https:\/\/larevistadigital.com.ar\/blog\/franco-mastantuono-se-estreno-como-goleador-en-la-champions-league-y-brillo-en-la-goleada-del-real-madrid\/","title":{"rendered":"Franco Mastantuono se estren\u00f3 como goleador en la Champions League y brill\u00f3 en la goleada del Real Madrid"},"content":{"rendered":"<p data-start=\"250\" data-end=\"400\"><strong data-start=\"250\" data-end=\"400\">El ex River fue titular ante el M\u00f3naco, marc\u00f3 un gol y volvi\u00f3 a ganar protagonismo con la llegada de \u00c1lvaro Arbeloa al banco del conjunto espa\u00f1ol.<\/strong><\/p>\n<p data-start=\"250\" data-end=\"400\">20 de enero de 2026<\/p>\n<p data-start=\"402\" data-end=\"728\">El argentino <strong>Franco Mastantuono<\/strong> vivi\u00f3 una noche inolvidable en Europa al convertir su primer gol en la Champions League, en la contundente victoria del Real Madrid por 6 a 1 frente al M\u00f3naco. El joven mediocampista fue titular y tuvo una actuaci\u00f3n destacada, coronada con su estreno goleador en el m\u00e1ximo certamen continental.<\/p>\n<p data-start=\"730\" data-end=\"1061\"><strong>Mastantuono<\/strong> volvi\u00f3 a integrar el once inicial por segunda vez en los \u00faltimos tres partidos y comenz\u00f3 a recuperar terreno en el equipo tras la llegada de <strong>\u00c1lvaro Arbeloa<\/strong> como entrenador, luego de la salida de <strong>Xabi Alonso<\/strong> el pasado 12 de enero. Con el nuevo DT, el argentino parece haber encontrado nuevamente continuidad y confianza.<\/p>\n<p data-start=\"1063\" data-end=\"1432\">En el debut de <strong>Arbeloa<\/strong>, el ex River fue titular y jug\u00f3 77 minutos, anotando un gol, aunque esa vez el Real Madrid qued\u00f3 eliminado en los octavos de final de la Copa del Rey ante el Albacete (3-2). En el encuentro siguiente ingres\u00f3 desde el banco frente al Levante y su buen rendimiento le permiti\u00f3 volver a la titularidad, esta vez como extremo derecho en la Champions.<\/p>\n<blockquote>\n<h3 data-start=\"1434\" data-end=\"1809\">Ante el M\u00f3naco, Mastantuono firm\u00f3 su mejor actuaci\u00f3n desde que una pubalgia lo marginara de las canchas a principios de noviembre, lesi\u00f3n que lo tuvo fuera de competencia durante m\u00e1s de un mes. Adem\u00e1s de su gol, particip\u00f3 activamente en el primer tanto de Kylian Mbapp\u00e9, que marc\u00f3 por duplicado. El marcador lo completaron Vin\u00edcius J\u00fanior, Jude Bellingham y Kehrer en contra.<\/h3>\n<\/blockquote>\n<p data-start=\"1811\" data-end=\"2054\">Con <strong>Mbapp\u00e9 y Vin\u00edcius<\/strong> como piezas inamovibles en el ataque, el sector derecho aparece como el lugar m\u00e1s disputado del frente ofensivo, y <strong>Mastantuono<\/strong> busca consolidarse all\u00ed tras haber perdido protagonismo en el cierre del ciclo de <strong>Xabi Alonso<\/strong>.<\/p>\n<h3 data-start=\"2056\" data-end=\"2103\"><span style=\"color: #ff0000\">Presencia argentina y resultados destacados<\/span><\/h3>\n<p data-start=\"2105\" data-end=\"2260\">La jornada tambi\u00e9n tuvo otro aporte argentino: Cristian \u201cCuti\u201d Romero abri\u00f3 el marcador en la victoria del Tottenham por 2 a 0 frente al Borussia Dortmund.<\/p>\n<p data-start=\"2262\" data-end=\"2568\">En Italia, el Arsenal se impuso 3 a 1 ante el Inter, con dos goles de Gabriel Jes\u00fas y uno de Gy\u00f6keres. El empate parcial hab\u00eda sido marcado por Sucic para el equipo que cont\u00f3 con Lautaro Mart\u00ednez como titular. La gran sorpresa del d\u00eda se dio en Noruega, donde el Bodo Glimt venci\u00f3 3 a 1 al Manchester City.<\/p>\n<p data-start=\"2570\" data-end=\"2599\"><strong>Otros resultados de la fecha:<\/strong><\/p>\n<ul data-start=\"2600\" data-end=\"2745\">\n<li data-start=\"2600\" data-end=\"2630\">\n<p data-start=\"2602\" data-end=\"2630\">Kairat Almary 1 \u2013 Brujas 4<\/p>\n<\/li>\n<li data-start=\"2631\" data-end=\"2658\">\n<p data-start=\"2633\" data-end=\"2658\">Copenhague 1 \u2013 N\u00e1poli 1<\/p>\n<\/li>\n<li data-start=\"2659\" data-end=\"2696\">\n<p data-start=\"2661\" data-end=\"2696\">Olympiacos 2 \u2013 Bayer Leverkusen 0<\/p>\n<\/li>\n<li data-start=\"2697\" data-end=\"2719\">\n<p data-start=\"2699\" data-end=\"2719\">Sporting 2 \u2013 PSG 1<\/p>\n<\/li>\n<li data-start=\"2720\" data-end=\"2745\">\n<p data-start=\"2722\" data-end=\"2745\">Villarreal 1 \u2013 Ajax 2<\/p>\n<\/li>\n<\/ul>\n<p data-start=\"2747\" data-end=\"2917\">La s\u00e9ptima fecha se completar\u00e1 este mi\u00e9rcoles con nueve encuentros, entre ellos Juventus-Benfica, Marsella-Liverpool, Slavia Praga-Barcelona y Bayern M\u00fanich-St. Gilloise.<\/p>\n<h3 data-start=\"2919\" data-end=\"2938\"><span style=\"color: #ff0000\">Tabla y formato<\/span><\/h3>\n<p data-start=\"2940\" data-end=\"3145\">En lo m\u00e1s alto de la tabla aparece Arsenal con 21 puntos, seguido por Real Madrid y Bayern M\u00fanich con 15. Tottenham suma 14, mientras que PSG, Sporting, Manchester City y Atalanta alcanzan las 13 unidades.<\/p>\n<p data-start=\"3147\" data-end=\"3429\">Cabe recordar que, al finalizar las ocho fechas de la fase de Liga, los ocho primeros clasificar\u00e1n directamente a los octavos de final. Los equipos ubicados del 9\u00b0 al 24\u00b0 puesto disputar\u00e1n un repechaje, mientras que los \u00faltimos 12 quedar\u00e1n eliminados de la Champions League 2025\/26.<\/p>\n","protected":false},"excerpt":{"rendered":"<div class=\"mh-excerpt\"><p>El ex River fue titular ante el M\u00f3naco, marc\u00f3 un gol y volvi\u00f3 a ganar protagonismo con la llegada de \u00c1lvaro Arbeloa al banco del conjunto espa\u00f1ol. 20 de enero de 2026 El argentino Franco <a class=\"mh-excerpt-more\" href=\"https:\/\/larevistadigital.com.ar\/blog\/franco-mastantuono-se-estreno-como-goleador-en-la-champions-league-y-brillo-en-la-goleada-del-real-madrid\/\" title=\"Franco Mastantuono se estren\u00f3 como goleador en la Champions League y brill\u00f3 en la goleada del Real Madrid\">[Leer M\u00e1s]<\/a><\/p>\n<\/div>","protected":false},"author":3,"featured_media":43519,"comment_status":"open","ping_status":"open","sticky":false,"template":"","format":"standard","meta":{"_jetpack_memberships_contains_paid_content":false,"footnotes":"","jetpack_publicize_message":"","jetpack_publicize_feature_enabled":true,"jetpack_social_post_already_shared":true,"jetpack_social_options":{"image_generator_settings":{"template":"highway","default_image_id":0,"font":"","enabled":false},"version":2}},"categories":[8,50],"tags":[],"class_list":{"0":"post-43518","1":"post","2":"type-post","3":"status-publish","4":"format-standard","5":"has-post-thumbnail","7":"category-deportes","8":"category-interes-general"},"jetpack_publicize_connections":[],"jetpack_featured_media_url":"https:\/\/i0.wp.com\/larevistadigital.com.ar\/blog\/wp-content\/uploads\/Captura-de-pantalla-2026-01-20-211242.jpg?fit=808%2C483&ssl=1","jetpack_sharing_enabled":true,"jetpack_shortlink":"https:\/\/wp.me\/p8qtrQ-bjU","jetpack-related-posts":[{"id":25466,"url":"https:\/\/larevistadigital.com.ar\/blog\/real-madrid-es-el-nuevo-campeon-de-la-champions-league\/","url_meta":{"origin":43518,"position":0},"title":"REAL MADRID ES EL NUEVO CAMPE\u00d3N DE LA CHAMPIONS LEAGUE","author":"Alejandro Sosa Ruda","date":"29 mayo, 2022","format":false,"excerpt":"Se impuso 1 a 0 al Liverpool en la final de Par\u00eds y alcanz\u00f3 su decimocuarta copa de europa. Real Madrid venci\u00f3 a Liverpool por 1 a 0 en el Stade de France, de Par\u00eds, y se qued\u00f3 con su 14ta Champions League de Europa. El delantero brasile\u00f1o\u00a0Vin\u00edcius J\u00fanior\u00a0(14m. ST)\u2026","rel":"","context":"En \u00abSin categor\u00eda\u00bb","block_context":{"text":"Sin categor\u00eda","link":"https:\/\/larevistadigital.com.ar\/blog\/category\/sin-categoria\/"},"img":{"alt_text":"","src":"https:\/\/i0.wp.com\/larevistadigital.com.ar\/blog\/wp-content\/uploads\/real.png?fit=810%2C504&ssl=1&resize=350%2C200","width":350,"height":200,"srcset":"https:\/\/i0.wp.com\/larevistadigital.com.ar\/blog\/wp-content\/uploads\/real.png?fit=810%2C504&ssl=1&resize=350%2C200 1x, https:\/\/i0.wp.com\/larevistadigital.com.ar\/blog\/wp-content\/uploads\/real.png?fit=810%2C504&ssl=1&resize=525%2C300 1.5x, https:\/\/i0.wp.com\/larevistadigital.com.ar\/blog\/wp-content\/uploads\/real.png?fit=810%2C504&ssl=1&resize=700%2C400 2x"},"classes":[]},{"id":39702,"url":"https:\/\/larevistadigital.com.ar\/blog\/franco-colapinto-un-sueno-argentino-acelera-en-la-formula-1\/","url_meta":{"origin":43518,"position":1},"title":"Franco Colapinto: un sue\u00f1o argentino acelera en la F\u00f3rmula 1","author":"Alejandro Sosa Ruda","date":"7 mayo, 2025","format":false,"excerpt":"El joven piloto de Pilar har\u00e1 historia al convertirse en titular de Alpine para los pr\u00f3ximos cinco Grandes Premios. Un paso gigante para el automovilismo nacional. 07 de Mayo de 2025 La espera termin\u00f3. Franco Colapinto, el talentoso bonaerense de 21 a\u00f1os, fue confirmado como piloto titular de la escuder\u00eda\u2026","rel":"","context":"En \u00abDEPORTES\u00bb","block_context":{"text":"DEPORTES","link":"https:\/\/larevistadigital.com.ar\/blog\/category\/deportes\/"},"img":{"alt_text":"","src":"https:\/\/i0.wp.com\/larevistadigital.com.ar\/blog\/wp-content\/uploads\/Captura-de-pantalla-2025-05-07-083841-e1746618868992.jpg?fit=522%2C362&ssl=1&resize=350%2C200","width":350,"height":200},"classes":[]},{"id":15899,"url":"https:\/\/larevistadigital.com.ar\/blog\/manchester-city-dejo-afuera-de-la-champions-al-real-madrid-al-ganarle-por-2-a-1\/","url_meta":{"origin":43518,"position":2},"title":"MANCHESTER CITY DEJ\u00d3 AFUERA DE LA CHAMPIONS AL REAL MADRID AL GANARLE POR 2 A 1","author":"Alejandro Sosa Ruda","date":"10 agosto, 2020","format":false,"excerpt":"La jornada de hoy de la Champions League tuvo varios duelos atractivos. Entre ellos, el m\u00e1s destacado fue la cita en Manchester entre el City de Guardiola y el Real Madrid de Zidane. Al t\u00e9rmino del entretiempo, el partido esta empatado 1-1 con goles de Sterling para el City, mientras\u2026","rel":"","context":"En \u00abDEPORTES\u00bb","block_context":{"text":"DEPORTES","link":"https:\/\/larevistadigital.com.ar\/blog\/category\/deportes\/"},"img":{"alt_text":"","src":"https:\/\/i0.wp.com\/larevistadigital.com.ar\/blog\/wp-content\/uploads\/ee2hhllxgaaekk3-scaled.jpg?fit=1200%2C800&ssl=1&resize=350%2C200","width":350,"height":200,"srcset":"https:\/\/i0.wp.com\/larevistadigital.com.ar\/blog\/wp-content\/uploads\/ee2hhllxgaaekk3-scaled.jpg?fit=1200%2C800&ssl=1&resize=350%2C200 1x, https:\/\/i0.wp.com\/larevistadigital.com.ar\/blog\/wp-content\/uploads\/ee2hhllxgaaekk3-scaled.jpg?fit=1200%2C800&ssl=1&resize=525%2C300 1.5x, https:\/\/i0.wp.com\/larevistadigital.com.ar\/blog\/wp-content\/uploads\/ee2hhllxgaaekk3-scaled.jpg?fit=1200%2C800&ssl=1&resize=700%2C400 2x, https:\/\/i0.wp.com\/larevistadigital.com.ar\/blog\/wp-content\/uploads\/ee2hhllxgaaekk3-scaled.jpg?fit=1200%2C800&ssl=1&resize=1050%2C600 3x"},"classes":[]},{"id":186,"url":"https:\/\/larevistadigital.com.ar\/blog\/boca-perdio-ante-aldosivi-vuelve-preocuparse-problemas-defensivos\/","url_meta":{"origin":43518,"position":3},"title":"Boca perdi\u00f3 ante Aldosivi y vuelve a preocuparse por sus problemas defensivos","author":"editor","date":"12 febrero, 2017","format":false,"excerpt":"En Mar del Plata, gan\u00f3 el local 3-1 con goles de Llama -tras un blooper del arquero Werner-, Galv\u00e1n y Castro. Junior Ben\u00edtez, que tuvo sus primeros minutos en el club, meti\u00f3 el descuento.\u00a0El equipo de Barros Schelotto domin\u00f3 el juego pero fall\u00f3 en las dos \u00e1reas. \u00a0 La fecha\u2026","rel":"","context":"En \u00abDEPORTES\u00bb","block_context":{"text":"DEPORTES","link":"https:\/\/larevistadigital.com.ar\/blog\/category\/deportes\/"},"img":{"alt_text":"","src":"https:\/\/i0.wp.com\/larevistadigital.com.ar\/blog\/wp-content\/uploads\/2017\/02\/BJ5c7ETdg_930x525.jpg?fit=930%2C525&ssl=1&resize=350%2C200","width":350,"height":200,"srcset":"https:\/\/i0.wp.com\/larevistadigital.com.ar\/blog\/wp-content\/uploads\/2017\/02\/BJ5c7ETdg_930x525.jpg?fit=930%2C525&ssl=1&resize=350%2C200 1x, https:\/\/i0.wp.com\/larevistadigital.com.ar\/blog\/wp-content\/uploads\/2017\/02\/BJ5c7ETdg_930x525.jpg?fit=930%2C525&ssl=1&resize=525%2C300 1.5x, https:\/\/i0.wp.com\/larevistadigital.com.ar\/blog\/wp-content\/uploads\/2017\/02\/BJ5c7ETdg_930x525.jpg?fit=930%2C525&ssl=1&resize=700%2C400 2x"},"classes":[]},{"id":38643,"url":"https:\/\/larevistadigital.com.ar\/blog\/franco-colapinto-estara-en-netflix-en-la-temporada-7a-de-la-serie-drive-to-survive\/","url_meta":{"origin":43518,"position":4},"title":"Franco Colapinto estar\u00e1 en Netflix en la temporada 7\u00aa de la serie \u201cDrive to Survive\u201d","author":"Alejandro Sosa Ruda","date":"8 febrero, 2025","format":false,"excerpt":"La serie de la F\u00f3rmula 1 que se transform\u00f3 en un cl\u00e1sico de los fan\u00e1ticos de la categor\u00eda y sum\u00f3 audiencia para el crecimiento del deporte tendr\u00e1 por primera vez a Franco\u00a0 Colapinto como uno de sus protagonistas. 08 de Febrero de 2025 La producci\u00f3n de Netflix denominada Drive to\u2026","rel":"","context":"En \u00abINTERES GENERAL\u00bb","block_context":{"text":"INTERES GENERAL","link":"https:\/\/larevistadigital.com.ar\/blog\/category\/interes-general\/"},"img":{"alt_text":"","src":"https:\/\/i0.wp.com\/larevistadigital.com.ar\/blog\/wp-content\/uploads\/20250208134015_franco-colapinto-netflix-drive-to-survive.jpg?fit=880%2C512&ssl=1&resize=350%2C200","width":350,"height":200,"srcset":"https:\/\/i0.wp.com\/larevistadigital.com.ar\/blog\/wp-content\/uploads\/20250208134015_franco-colapinto-netflix-drive-to-survive.jpg?fit=880%2C512&ssl=1&resize=350%2C200 1x, https:\/\/i0.wp.com\/larevistadigital.com.ar\/blog\/wp-content\/uploads\/20250208134015_franco-colapinto-netflix-drive-to-survive.jpg?fit=880%2C512&ssl=1&resize=525%2C300 1.5x, https:\/\/i0.wp.com\/larevistadigital.com.ar\/blog\/wp-content\/uploads\/20250208134015_franco-colapinto-netflix-drive-to-survive.jpg?fit=880%2C512&ssl=1&resize=700%2C400 2x"},"classes":[]},{"id":18227,"url":"https:\/\/larevistadigital.com.ar\/blog\/todo-esto-paso-un-dia-como-hoy-19-de-diciembre\/","url_meta":{"origin":43518,"position":5},"title":"TODO ESTO PAS\u00d3, UN D\u00cdA COMO HOY: 19 DE DICIEMBRE","author":"Alejandro Sosa Ruda","date":"19 diciembre, 2020","format":false,"excerpt":"En esta fecha se destacan la fundaci\u00f3n de una ciudad y\u00a0de un club, el recuerdo de una tragedia minera y el estreno de una reconocida pel\u00edcula.\u00a0\u00bfQu\u00e9 m\u00e1s pas\u00f3 un d\u00eda como hoy? Fundaci\u00f3n de R\u00edo Gallegos 1885 - Se fund\u00f3 la localidad santacruce\u00f1a de R\u00edo Gallegos como una chance de\u2026","rel":"","context":"En \u00abSOCIEDAD\u00bb","block_context":{"text":"SOCIEDAD","link":"https:\/\/larevistadigital.com.ar\/blog\/category\/sociedad\/"},"img":{"alt_text":"","src":"https:\/\/i0.wp.com\/larevistadigital.com.ar\/blog\/wp-content\/uploads\/LOGO-EFEMERIDES.jpg?fit=1200%2C628&ssl=1&resize=350%2C200","width":350,"height":200,"srcset":"https:\/\/i0.wp.com\/larevistadigital.com.ar\/blog\/wp-content\/uploads\/LOGO-EFEMERIDES.jpg?fit=1200%2C628&ssl=1&resize=350%2C200 1x, https:\/\/i0.wp.com\/larevistadigital.com.ar\/blog\/wp-content\/uploads\/LOGO-EFEMERIDES.jpg?fit=1200%2C628&ssl=1&resize=525%2C300 1.5x, https:\/\/i0.wp.com\/larevistadigital.com.ar\/blog\/wp-content\/uploads\/LOGO-EFEMERIDES.jpg?fit=1200%2C628&ssl=1&resize=700%2C400 2x, https:\/\/i0.wp.com\/larevistadigital.com.ar\/blog\/wp-content\/uploads\/LOGO-EFEMERIDES.jpg?fit=1200%2C628&ssl=1&resize=1050%2C600 3x"},"classes":[]}],"_links":{"self":[{"href":"https:\/\/larevistadigital.com.ar\/blog\/wp-json\/wp\/v2\/posts\/43518","targetHints":{"allow":["GET"]}}],"collection":[{"href":"https:\/\/larevistadigital.com.ar\/blog\/wp-json\/wp\/v2\/posts"}],"about":[{"href":"https:\/\/larevistadigital.com.ar\/blog\/wp-json\/wp\/v2\/types\/post"}],"author":[{"embeddable":true,"href":"https:\/\/larevistadigital.com.ar\/blog\/wp-json\/wp\/v2\/users\/3"}],"replies":[{"embeddable":true,"href":"https:\/\/larevistadigital.com.ar\/blog\/wp-json\/wp\/v2\/comments?post=43518"}],"version-history":[{"count":1,"href":"https:\/\/larevistadigital.com.ar\/blog\/wp-json\/wp\/v2\/posts\/43518\/revisions"}],"predecessor-version":[{"id":43520,"href":"https:\/\/larevistadigital.com.ar\/blog\/wp-json\/wp\/v2\/posts\/43518\/revisions\/43520"}],"wp:featuredmedia":[{"embeddable":true,"href":"https:\/\/larevistadigital.com.ar\/blog\/wp-json\/wp\/v2\/media\/43519"}],"wp:attachment":[{"href":"https:\/\/larevistadigital.com.ar\/blog\/wp-json\/wp\/v2\/media?parent=43518"}],"wp:term":[{"taxonomy":"category","embeddable":true,"href":"https:\/\/larevistadigital.com.ar\/blog\/wp-json\/wp\/v2\/categories?post=43518"},{"taxonomy":"post_tag","embeddable":true,"href":"https:\/\/larevistadigital.com.ar\/blog\/wp-json\/wp\/v2\/tags?post=43518"}],"curies":[{"name":"wp","href":"https:\/\/api.w.org\/{rel}","templated":true}]}}