{"id":43522,"date":"2026-01-21T22:42:05","date_gmt":"2026-01-22T01:42:05","guid":{"rendered":"https:\/\/larevistadigital.com.ar\/blog\/?p=43522"},"modified":"2026-01-21T22:42:05","modified_gmt":"2026-01-22T01:42:05","slug":"chascomus-continuan-las-tareas-de-preservacion-de-la-via-publica-en-el-barrio-el-hueco","status":"publish","type":"post","link":"https:\/\/larevistadigital.com.ar\/blog\/chascomus-continuan-las-tareas-de-preservacion-de-la-via-publica-en-el-barrio-el-hueco\/","title":{"rendered":"Chascom\u00fas: Contin\u00faan las tareas de preservaci\u00f3n de la v\u00eda p\u00fablica en el barrio El Hueco"},"content":{"rendered":"<h3 class=\"excerpt\">Todos somos responsables de cuidar nuestro ambiente, nuestros espacios comunes y disponer de manera correcta nuestros residuos.<\/h3>\n<p>21 de enero de 2026<\/p>\n<div id=\"miDiv1\" class=\"text\">\n<p><strong>CHASCOM\u00daS &#8211;<\/strong>\u00a0 \u00a0En tanto en la jornada de es mi\u00e9rcoles, personal del \u00e1rea de Higiene Urbana de\u00a0 de la Municipalidad de Chascom\u00fas continu\u00f3 con las tareas de saneamiento, preservaci\u00f3n y puesta en valor del espacio p\u00fablico en el barrio El Hueco.<\/p>\n<blockquote>\n<h3>Dada la magnitud de los trabajos, se debieron emplear cuatro camiones y pala mec\u00e1nica que permitieron desarrollar el retiro de objetos de desecho, residuos, ramas, entre otros.<\/h3>\n<\/blockquote>\n<p>Asimismo, se recuerda a los vecinos y vecinas que, para desechar los elementos voluminosos domiciliarios, como es el caso de colchones y somieres, calefones, heladeras, entre otros elementos de gran porte, deben comunicarse con el Municipio, a trav\u00e9s de la l\u00ednea 147, donde se le ofrecer\u00e1n las indicaciones y coordinar\u00e1n el retiro de los mismos.<\/p>\n<p>Nunca depositarlos al lado de los contenedores, ni en ning\u00fan otro lugar que no sea indicado por personal municipal. Todos somos responsables de cuidar nuestro ambiente, nuestros espacios comunes y disponer de manera correcta nuestros residuos. Es por ello, que se recuerda a los vecinos no arrojar residuos en las plazas, bulevares y terrenos que generan focos contaminantes del aire, el suelo y el agua.<\/p>\n<p>Para cualquier inquietud relacionada con obras p\u00fablicas o servicios municipales, se encuentra a disposici\u00f3n la l\u00ednea centralizada 147. All\u00ed se reciben consultas y pedido sobre recolecci\u00f3n, v\u00eda p\u00fablica, higiene, alumbrado, servicios sanitarios, poda y conservaci\u00f3n del arbolado, entre otros temas relacionados con obras y servicios. Las solicitudes son derivadas a las \u00e1reas correspondientes para garantizar una r\u00e1pida respuesta para los vecinos.<\/p>\n<p>Los llamados telef\u00f3nicos se atienden de lunes a viernes, de 8 a 15 horas y, durante las 24 horas, se pueden enviar mensajes a trav\u00e9s de la web www.chascomus.gob.ar#Municipio (bot\u00f3n 147), donde se genera un ticket, o del correo electr\u00f3nico atencionalvecino@chascomus.gob.ar.<\/p>\n<\/div>\n","protected":false},"excerpt":{"rendered":"<div class=\"mh-excerpt\"><p>Todos somos responsables de cuidar nuestro ambiente, nuestros espacios comunes y disponer de manera correcta nuestros residuos. 21 de enero de 2026 CHASCOM\u00daS &#8211;\u00a0 \u00a0En tanto en la jornada de es mi\u00e9rcoles, personal del \u00e1rea <a class=\"mh-excerpt-more\" href=\"https:\/\/larevistadigital.com.ar\/blog\/chascomus-continuan-las-tareas-de-preservacion-de-la-via-publica-en-el-barrio-el-hueco\/\" title=\"Chascom\u00fas: Contin\u00faan las tareas de preservaci\u00f3n de la v\u00eda p\u00fablica en el barrio El Hueco\">[Leer M\u00e1s]<\/a><\/p>\n<\/div>","protected":false},"author":3,"featured_media":43523,"comment_status":"open","ping_status":"open","sticky":false,"template":"","format":"standard","meta":{"_jetpack_memberships_contains_paid_content":false,"footnotes":"","jetpack_publicize_message":"","jetpack_publicize_feature_enabled":true,"jetpack_social_post_already_shared":true,"jetpack_social_options":{"image_generator_settings":{"template":"highway","default_image_id":0,"font":"","enabled":false},"version":2}},"categories":[6],"tags":[],"class_list":{"0":"post-43522","1":"post","2":"type-post","3":"status-publish","4":"format-standard","5":"has-post-thumbnail","7":"category-chascomus"},"jetpack_publicize_connections":[],"jetpack_featured_media_url":"https:\/\/i0.wp.com\/larevistadigital.com.ar\/blog\/wp-content\/uploads\/697107f92292e.png?fit=668%2C445&ssl=1","jetpack_sharing_enabled":true,"jetpack_shortlink":"https:\/\/wp.me\/p8qtrQ-bjY","jetpack-related-posts":[{"id":43184,"url":"https:\/\/larevistadigital.com.ar\/blog\/chascomus-personal-del-area-de-higiene-urbana-se-encuentra-trabajando-en-distintos-puntos-de-la-ciudad-en-la-puesta-en-valor-limpieza-y-preservacion\/","url_meta":{"origin":43522,"position":0},"title":"Chascom\u00fas: Personal del \u00e1rea de Higiene Urbana se encuentra trabajando en distintos puntos de la ciudad en la puesta en valor, limpieza y preservaci\u00f3n","author":"Alejandro Sosa Ruda","date":"6 enero, 2026","format":false,"excerpt":"Desde la Municipalidad de Chascom\u00fas se est\u00e1 trabajando en la preservaci\u00f3n y limpieza del espacio com\u00fan, principalmente en el barrio Esteban Echeverr\u00eda. 06 de enero de 2026 CHASCOM\u00daS -\u00a0 \u00a0Personal del \u00e1rea de Higiene Urbana de la Municipalidad de Chascom\u00fas realiz\u00f3 la limpieza y preservaci\u00f3n del espacio p\u00fablico en distintos\u2026","rel":"","context":"En \u00abCHASCOM\u00daS\u00bb","block_context":{"text":"CHASCOM\u00daS","link":"https:\/\/larevistadigital.com.ar\/blog\/category\/chascomus\/"},"img":{"alt_text":"","src":"https:\/\/i0.wp.com\/larevistadigital.com.ar\/blog\/wp-content\/uploads\/695d3d6bbc07d.png?fit=668%2C445&ssl=1&resize=350%2C200","width":350,"height":200,"srcset":"https:\/\/i0.wp.com\/larevistadigital.com.ar\/blog\/wp-content\/uploads\/695d3d6bbc07d.png?fit=668%2C445&ssl=1&resize=350%2C200 1x, https:\/\/i0.wp.com\/larevistadigital.com.ar\/blog\/wp-content\/uploads\/695d3d6bbc07d.png?fit=668%2C445&ssl=1&resize=525%2C300 1.5x"},"classes":[]},{"id":43917,"url":"https:\/\/larevistadigital.com.ar\/blog\/chascomus-tareas-de-limpieza-y-saneamiento-en-los-barrios-los-sauces-obispado-y-san-luis\/","url_meta":{"origin":43522,"position":1},"title":"Chascom\u00fas: Tareas de limpieza y saneamiento en los barrios Los Sauces, Obispado y San Luis","author":"Alejandro Sosa Ruda","date":"10 febrero, 2026","format":false,"excerpt":"Esta medida no s\u00f3lo contribuye a la mejora est\u00e9tica y preservaci\u00f3n del espacio p\u00fablico sino tambi\u00e9n a la prevenci\u00f3n de enfermedades 10 de febrero de 2026 CHASCOM\u00daS -\u00a0 \u00a0Contin\u00faan los trabajos de limpieza y saneamiento en los barrios a cargo de la Municipalidad de Chascom\u00fas. En el inicio de esta\u2026","rel":"","context":"En \u00abCHASCOM\u00daS\u00bb","block_context":{"text":"CHASCOM\u00daS","link":"https:\/\/larevistadigital.com.ar\/blog\/category\/chascomus\/"},"img":{"alt_text":"","src":"https:\/\/i0.wp.com\/larevistadigital.com.ar\/blog\/wp-content\/uploads\/698b73e1889e4.png?fit=668%2C445&ssl=1&resize=350%2C200","width":350,"height":200,"srcset":"https:\/\/i0.wp.com\/larevistadigital.com.ar\/blog\/wp-content\/uploads\/698b73e1889e4.png?fit=668%2C445&ssl=1&resize=350%2C200 1x, https:\/\/i0.wp.com\/larevistadigital.com.ar\/blog\/wp-content\/uploads\/698b73e1889e4.png?fit=668%2C445&ssl=1&resize=525%2C300 1.5x"},"classes":[]},{"id":29598,"url":"https:\/\/larevistadigital.com.ar\/blog\/el-uso-adecuado-de-los-contenedores-de-residuos-garantiza-la-higiene-de-los-espacios-publicos\/","url_meta":{"origin":43522,"position":2},"title":"EL USO ADECUADO DE LOS CONTENEDORES DE RESIDUOS GARANTIZA LA HIGIENE DE LOS ESPACIOS P\u00daBLICOS","author":"Alejandro Sosa Ruda","date":"23 diciembre, 2022","format":false,"excerpt":"CHASCOM\u00daS -\u00a0 La Municipalidad de Chascom\u00fas, inform\u00f3 en su portal digital que\u00a0 en las unidades de recolecci\u00f3n s\u00f3lo deben depositarse bolsas con residuos domiciliarios y se debe evitar colocar basura y objetos desechados junto a los contenedores en la v\u00eda p\u00fablica, porque se originan focos de contaminaci\u00f3n. La contenerizaci\u00f3n contribuye\u2026","rel":"","context":"En \u00abCHASCOM\u00daS\u00bb","block_context":{"text":"CHASCOM\u00daS","link":"https:\/\/larevistadigital.com.ar\/blog\/category\/chascomus\/"},"img":{"alt_text":"","src":"https:\/\/i0.wp.com\/larevistadigital.com.ar\/blog\/wp-content\/uploads\/2022_12_23_00_32_59_9535579.jpg?fit=600%2C338&ssl=1&resize=350%2C200","width":350,"height":200,"srcset":"https:\/\/i0.wp.com\/larevistadigital.com.ar\/blog\/wp-content\/uploads\/2022_12_23_00_32_59_9535579.jpg?fit=600%2C338&ssl=1&resize=350%2C200 1x, https:\/\/i0.wp.com\/larevistadigital.com.ar\/blog\/wp-content\/uploads\/2022_12_23_00_32_59_9535579.jpg?fit=600%2C338&ssl=1&resize=525%2C300 1.5x"},"classes":[]},{"id":42649,"url":"https:\/\/larevistadigital.com.ar\/blog\/chascomus-limpieza-en-el-barrio-30-de-mayo-tras-detectarse-depositos-de-basura-en-bulevares-y-esquinas\/","url_meta":{"origin":43522,"position":3},"title":"Chascom\u00fas: Limpieza en el barrio 30 de Mayo tras detectarse dep\u00f3sitos de basura en bulevares y esquinas","author":"Alejandro Sosa Ruda","date":"29 noviembre, 2025","format":false,"excerpt":"Reclamos vecinales motivaron un operativo municipal para recuperar espacios afectados por residuos arrojados de manera indebida. 29 de Noviembre de 2025 CHASCOM\u00daS -\u00a0 \u00a0La Municipalidad de Chascom\u00fas llev\u00f3 adelante tareas de limpieza y recuperaci\u00f3n del espacio p\u00fablico en el barrio 30 de Mayo, luego de que residentes de la zona\u2026","rel":"","context":"En \u00abCHASCOM\u00daS\u00bb","block_context":{"text":"CHASCOM\u00daS","link":"https:\/\/larevistadigital.com.ar\/blog\/category\/chascomus\/"},"img":{"alt_text":"","src":"https:\/\/i0.wp.com\/larevistadigital.com.ar\/blog\/wp-content\/uploads\/6929da405dbb7.png?fit=668%2C445&ssl=1&resize=350%2C200","width":350,"height":200,"srcset":"https:\/\/i0.wp.com\/larevistadigital.com.ar\/blog\/wp-content\/uploads\/6929da405dbb7.png?fit=668%2C445&ssl=1&resize=350%2C200 1x, https:\/\/i0.wp.com\/larevistadigital.com.ar\/blog\/wp-content\/uploads\/6929da405dbb7.png?fit=668%2C445&ssl=1&resize=525%2C300 1.5x"},"classes":[]},{"id":43895,"url":"https:\/\/larevistadigital.com.ar\/blog\/chascomus-inicio-de-clases-en-los-espacios-municipales-de-primera-infancia\/","url_meta":{"origin":43522,"position":4},"title":"Chascom\u00fas: Inicio de clases en los espacios municipales de primera infancia","author":"Alejandro Sosa Ruda","date":"9 febrero, 2026","format":false,"excerpt":"El EPI del barrio 30 de Mayo y el CDI del barrio San Luis recibieron a ni\u00f1os y ni\u00f1as. 09 de febrero de 2026 CHASCOM\u00daS\u00a0 -\u00a0 \u00a0Este lunes comenz\u00f3 el ciclo lectivo en el Espacio de Primera Infancia (EPI) del barrio 30 de Mayo y en el Centro de Desarrollo\u2026","rel":"","context":"En \u00abCHASCOM\u00daS\u00bb","block_context":{"text":"CHASCOM\u00daS","link":"https:\/\/larevistadigital.com.ar\/blog\/category\/chascomus\/"},"img":{"alt_text":"","src":"https:\/\/i0.wp.com\/larevistadigital.com.ar\/blog\/wp-content\/uploads\/698a188c2bee1.png?fit=668%2C445&ssl=1&resize=350%2C200","width":350,"height":200,"srcset":"https:\/\/i0.wp.com\/larevistadigital.com.ar\/blog\/wp-content\/uploads\/698a188c2bee1.png?fit=668%2C445&ssl=1&resize=350%2C200 1x, https:\/\/i0.wp.com\/larevistadigital.com.ar\/blog\/wp-content\/uploads\/698a188c2bee1.png?fit=668%2C445&ssl=1&resize=525%2C300 1.5x"},"classes":[]},{"id":24964,"url":"https:\/\/larevistadigital.com.ar\/blog\/chascomus-video-vandalizan-la-sede-del-barrio-el-hueco\/","url_meta":{"origin":43522,"position":5},"title":"CHASCOM\u00daS: [VIDEO] VANDALIZAN LA SEDE DEL BARRIO EL HUECO","author":"Alejandro Sosa Ruda","date":"5 abril, 2022","format":false,"excerpt":"CHASCOM\u00daS -\u00a0 Nos llega a nuestra redacci\u00f3n, un video que muestra el resultado de la incursi\u00f3n de insensatos en la sede del Barrio El Hueco de la ciudad de Chascom\u00fas, donde sin sentido alguno, y solo para hacer da\u00f1o se dedicaron a robar algunas cosas pero sobre todo a romper\u2026","rel":"","context":"En \u00abDESTACADAS\u00bb","block_context":{"text":"DESTACADAS","link":"https:\/\/larevistadigital.com.ar\/blog\/category\/destacadas\/"},"img":{"alt_text":"","src":"https:\/\/i0.wp.com\/larevistadigital.com.ar\/blog\/wp-content\/uploads\/2019\/01\/bbx_755050019_comisaria_chasco_01.jpg?fit=800%2C579&ssl=1&resize=350%2C200","width":350,"height":200,"srcset":"https:\/\/i0.wp.com\/larevistadigital.com.ar\/blog\/wp-content\/uploads\/2019\/01\/bbx_755050019_comisaria_chasco_01.jpg?fit=800%2C579&ssl=1&resize=350%2C200 1x, https:\/\/i0.wp.com\/larevistadigital.com.ar\/blog\/wp-content\/uploads\/2019\/01\/bbx_755050019_comisaria_chasco_01.jpg?fit=800%2C579&ssl=1&resize=525%2C300 1.5x, https:\/\/i0.wp.com\/larevistadigital.com.ar\/blog\/wp-content\/uploads\/2019\/01\/bbx_755050019_comisaria_chasco_01.jpg?fit=800%2C579&ssl=1&resize=700%2C400 2x"},"classes":[]}],"_links":{"self":[{"href":"https:\/\/larevistadigital.com.ar\/blog\/wp-json\/wp\/v2\/posts\/43522","targetHints":{"allow":["GET"]}}],"collection":[{"href":"https:\/\/larevistadigital.com.ar\/blog\/wp-json\/wp\/v2\/posts"}],"about":[{"href":"https:\/\/larevistadigital.com.ar\/blog\/wp-json\/wp\/v2\/types\/post"}],"author":[{"embeddable":true,"href":"https:\/\/larevistadigital.com.ar\/blog\/wp-json\/wp\/v2\/users\/3"}],"replies":[{"embeddable":true,"href":"https:\/\/larevistadigital.com.ar\/blog\/wp-json\/wp\/v2\/comments?post=43522"}],"version-history":[{"count":1,"href":"https:\/\/larevistadigital.com.ar\/blog\/wp-json\/wp\/v2\/posts\/43522\/revisions"}],"predecessor-version":[{"id":43524,"href":"https:\/\/larevistadigital.com.ar\/blog\/wp-json\/wp\/v2\/posts\/43522\/revisions\/43524"}],"wp:featuredmedia":[{"embeddable":true,"href":"https:\/\/larevistadigital.com.ar\/blog\/wp-json\/wp\/v2\/media\/43523"}],"wp:attachment":[{"href":"https:\/\/larevistadigital.com.ar\/blog\/wp-json\/wp\/v2\/media?parent=43522"}],"wp:term":[{"taxonomy":"category","embeddable":true,"href":"https:\/\/larevistadigital.com.ar\/blog\/wp-json\/wp\/v2\/categories?post=43522"},{"taxonomy":"post_tag","embeddable":true,"href":"https:\/\/larevistadigital.com.ar\/blog\/wp-json\/wp\/v2\/tags?post=43522"}],"curies":[{"name":"wp","href":"https:\/\/api.w.org\/{rel}","templated":true}]}}