{"id":43525,"date":"2026-01-21T23:11:03","date_gmt":"2026-01-22T02:11:03","guid":{"rendered":"https:\/\/larevistadigital.com.ar\/blog\/?p=43525"},"modified":"2026-01-21T23:11:03","modified_gmt":"2026-01-22T02:11:03","slug":"chascomus-trabajos-en-el-edificio-del-jardin-maternal-y-de-infantes-clarisa-amezaga","status":"publish","type":"post","link":"https:\/\/larevistadigital.com.ar\/blog\/chascomus-trabajos-en-el-edificio-del-jardin-maternal-y-de-infantes-clarisa-amezaga\/","title":{"rendered":"Chascom\u00fas: Trabajos en el edificio del Jard\u00edn Maternal y de Infantes \u201cClarisa Am\u00e9zaga\u201d"},"content":{"rendered":"<h3 class=\"excerpt\">Durante el receso escolar, la Municipalidad de Chascom\u00fas realiza las tareas de mantenimiento edilicio y puesta en valor de los establecimientos educativos municipales.<\/h3>\n<p>21 de enero de 2026<\/p>\n<div id=\"miDiv1\" class=\"text\">\n<p><strong>CHASCOM\u00daS &#8211;\u00a0<\/strong> \u00a0Con el objetivo de garantizar que las instalaciones est\u00e9n en condiciones antes del inicio del ciclo lectivo, personal de la secretar\u00eda de Obras, Servicios P\u00fablicos y Ambiente, lleva adelante diferentes obras en instituciones del sistema educativo municipal.<\/p>\n<blockquote>\n<h3>Las obras forman parte del plan de mantenimiento anual de la infraestructura escolar municipal y buscan mejorar las condiciones edilicias para alumnos y docentes.<\/h3>\n<\/blockquote>\n<p>En lo que hace al mantenimiento edilicio del Jard\u00edn de Infantes y Maternal \u201cClarisa Am\u00e9zaga\u201d, se realiz\u00f3 la reparaci\u00f3n de desag\u00fces cloacales del lavadero. Asimismo, se est\u00e1n realizando las tareas de pintura de todo el edificio, incluyendo el interior y exterior de esta instituci\u00f3n tan querida y una referencia en toda la Regi\u00f3n Educativa N\u00b0 17, que el a\u00f1o pasado arrib\u00f3 a sus 60 aniversario<\/p>\n<\/div>\n","protected":false},"excerpt":{"rendered":"<div class=\"mh-excerpt\"><p>Durante el receso escolar, la Municipalidad de Chascom\u00fas realiza las tareas de mantenimiento edilicio y puesta en valor de los establecimientos educativos municipales. 21 de enero de 2026 CHASCOM\u00daS &#8211;\u00a0 \u00a0Con el objetivo de garantizar <a class=\"mh-excerpt-more\" href=\"https:\/\/larevistadigital.com.ar\/blog\/chascomus-trabajos-en-el-edificio-del-jardin-maternal-y-de-infantes-clarisa-amezaga\/\" title=\"Chascom\u00fas: Trabajos en el edificio del Jard\u00edn Maternal y de Infantes \u201cClarisa Am\u00e9zaga\u201d\">[Leer M\u00e1s]<\/a><\/p>\n<\/div>","protected":false},"author":3,"featured_media":43526,"comment_status":"open","ping_status":"open","sticky":false,"template":"","format":"standard","meta":{"_jetpack_memberships_contains_paid_content":false,"footnotes":"","jetpack_publicize_message":"","jetpack_publicize_feature_enabled":true,"jetpack_social_post_already_shared":true,"jetpack_social_options":{"image_generator_settings":{"template":"highway","default_image_id":0,"font":"","enabled":false},"version":2}},"categories":[6],"tags":[],"class_list":{"0":"post-43525","1":"post","2":"type-post","3":"status-publish","4":"format-standard","5":"has-post-thumbnail","7":"category-chascomus"},"jetpack_publicize_connections":[],"jetpack_featured_media_url":"https:\/\/i0.wp.com\/larevistadigital.com.ar\/blog\/wp-content\/uploads\/6971087f24c55.png?fit=668%2C445&ssl=1","jetpack_sharing_enabled":true,"jetpack_shortlink":"https:\/\/wp.me\/p8qtrQ-bk1","jetpack-related-posts":[{"id":6203,"url":"https:\/\/larevistadigital.com.ar\/blog\/chascomus-lamentable-estado-de-abandono-en-el-jardin-clarisa-amezaga\/","url_meta":{"origin":43525,"position":0},"title":"CHASCOM\u00daS: LAMENTABLE ESTADO DE ABANDONO EN EL JARD\u00cdN CLARISA AM\u00c9ZAGA","author":"Alejandro Sosa Ruda","date":"13 agosto, 2018","format":false,"excerpt":"Nos hicieron llegar un video en el que se aprecia la terrible filtraci\u00f3n de agua en el Jard\u00edn maternal Clarisa Amezaga. Las im\u00e1genes son elocuentes. Es incre\u00edble la forma en que se filtra el l\u00edquido, a cent\u00edmetros de un aparato el\u00e9ctrico. Quien llev\u00f3 a cabo la investigaci\u00f3n es nuestro colega,\u2026","rel":"","context":"En \u00abPOLITICA\u00bb","block_context":{"text":"POLITICA","link":"https:\/\/larevistadigital.com.ar\/blog\/category\/politica\/"},"img":{"alt_text":"","src":"https:\/\/i0.wp.com\/larevistadigital.com.ar\/blog\/wp-content\/uploads\/2018\/08\/bbx_546964847_1_jardin_clarisa.jpg?fit=800%2C579&ssl=1&resize=350%2C200","width":350,"height":200,"srcset":"https:\/\/i0.wp.com\/larevistadigital.com.ar\/blog\/wp-content\/uploads\/2018\/08\/bbx_546964847_1_jardin_clarisa.jpg?fit=800%2C579&ssl=1&resize=350%2C200 1x, https:\/\/i0.wp.com\/larevistadigital.com.ar\/blog\/wp-content\/uploads\/2018\/08\/bbx_546964847_1_jardin_clarisa.jpg?fit=800%2C579&ssl=1&resize=525%2C300 1.5x, https:\/\/i0.wp.com\/larevistadigital.com.ar\/blog\/wp-content\/uploads\/2018\/08\/bbx_546964847_1_jardin_clarisa.jpg?fit=800%2C579&ssl=1&resize=700%2C400 2x"},"classes":[]},{"id":37691,"url":"https:\/\/larevistadigital.com.ar\/blog\/inscripcion-a-las-escuelas-municipales-para-el-ciclo-lectivo-2025\/","url_meta":{"origin":43525,"position":1},"title":"Inscripci\u00f3n a las escuelas municipales para el ciclo lectivo 2025","author":"Alejandro Sosa Ruda","date":"31 octubre, 2024","format":false,"excerpt":"La Municipalidad de Chascom\u00fas da a conocer las fechas que, de acuerdo al calendario de actividades docentes 2024, se han establecido para la inscripci\u00f3n a las instituciones educativas municipales. A continuaci\u00f3n, brindamos el cronograma dispuesto a tal efecto: JARD\u00cdN MATERNAL Y DE INFANTES CLARISA AM\u00c9ZAGA - Del 11 al 15\u2026","rel":"","context":"En \u00abINTERES GENERAL\u00bb","block_context":{"text":"INTERES GENERAL","link":"https:\/\/larevistadigital.com.ar\/blog\/category\/interes-general\/"},"img":{"alt_text":"","src":"https:\/\/i0.wp.com\/larevistadigital.com.ar\/blog\/wp-content\/uploads\/6723bf209a6cb.png?fit=668%2C445&ssl=1&resize=350%2C200","width":350,"height":200,"srcset":"https:\/\/i0.wp.com\/larevistadigital.com.ar\/blog\/wp-content\/uploads\/6723bf209a6cb.png?fit=668%2C445&ssl=1&resize=350%2C200 1x, https:\/\/i0.wp.com\/larevistadigital.com.ar\/blog\/wp-content\/uploads\/6723bf209a6cb.png?fit=668%2C445&ssl=1&resize=525%2C300 1.5x"},"classes":[]},{"id":42271,"url":"https:\/\/larevistadigital.com.ar\/blog\/escuelas-municipales-abre-la-inscripcion-al-ciclo-lectivo-2026\/","url_meta":{"origin":43525,"position":2},"title":"Escuelas municipales: abre la inscripci\u00f3n al ciclo lectivo 2026","author":"Alejandro Sosa Ruda","date":"29 octubre, 2025","format":false,"excerpt":"Ser\u00e1 a partir del 10 de noviembre de acuerdo al calendario de la DGCYE Abren las inscripciones para las instituciones educativas de gesti\u00f3n municipal. El calendario de acuerdo a las disposiciones de la Direcci\u00f3n General de Cultura y Educaci\u00f3n de la Provincia de Buenos Aires comprende a todos los niveles\u2026","rel":"","context":"En \u00abCHASCOM\u00daS\u00bb","block_context":{"text":"CHASCOM\u00daS","link":"https:\/\/larevistadigital.com.ar\/blog\/category\/chascomus\/"},"img":{"alt_text":"","src":"https:\/\/i0.wp.com\/larevistadigital.com.ar\/blog\/wp-content\/uploads\/69023e14174bd.png?fit=668%2C445&ssl=1&resize=350%2C200","width":350,"height":200,"srcset":"https:\/\/i0.wp.com\/larevistadigital.com.ar\/blog\/wp-content\/uploads\/69023e14174bd.png?fit=668%2C445&ssl=1&resize=350%2C200 1x, https:\/\/i0.wp.com\/larevistadigital.com.ar\/blog\/wp-content\/uploads\/69023e14174bd.png?fit=668%2C445&ssl=1&resize=525%2C300 1.5x"},"classes":[]},{"id":43895,"url":"https:\/\/larevistadigital.com.ar\/blog\/chascomus-inicio-de-clases-en-los-espacios-municipales-de-primera-infancia\/","url_meta":{"origin":43525,"position":3},"title":"Chascom\u00fas: Inicio de clases en los espacios municipales de primera infancia","author":"Alejandro Sosa Ruda","date":"9 febrero, 2026","format":false,"excerpt":"El EPI del barrio 30 de Mayo y el CDI del barrio San Luis recibieron a ni\u00f1os y ni\u00f1as. 09 de febrero de 2026 CHASCOM\u00daS\u00a0 -\u00a0 \u00a0Este lunes comenz\u00f3 el ciclo lectivo en el Espacio de Primera Infancia (EPI) del barrio 30 de Mayo y en el Centro de Desarrollo\u2026","rel":"","context":"En \u00abCHASCOM\u00daS\u00bb","block_context":{"text":"CHASCOM\u00daS","link":"https:\/\/larevistadigital.com.ar\/blog\/category\/chascomus\/"},"img":{"alt_text":"","src":"https:\/\/i0.wp.com\/larevistadigital.com.ar\/blog\/wp-content\/uploads\/698a188c2bee1.png?fit=668%2C445&ssl=1&resize=350%2C200","width":350,"height":200,"srcset":"https:\/\/i0.wp.com\/larevistadigital.com.ar\/blog\/wp-content\/uploads\/698a188c2bee1.png?fit=668%2C445&ssl=1&resize=350%2C200 1x, https:\/\/i0.wp.com\/larevistadigital.com.ar\/blog\/wp-content\/uploads\/698a188c2bee1.png?fit=668%2C445&ssl=1&resize=525%2C300 1.5x"},"classes":[]},{"id":42539,"url":"https:\/\/larevistadigital.com.ar\/blog\/chascomus-se-llevo-a-cabo-una-nueva-reunion-con-representantes-sindicales\/","url_meta":{"origin":43525,"position":4},"title":"Chascom\u00fas: Se llev\u00f3 a cabo una nueva reuni\u00f3n con representantes sindicales","author":"Alejandro Sosa Ruda","date":"20 noviembre, 2025","format":false,"excerpt":"El encuentro se realiz\u00f3 en la ma\u00f1ana de este jueves en el palacio municipal. 20 de Noviembre de 2025 CHASCOM\u00daS -\u00a0 \u00a0En la reuni\u00f3n, se continu\u00f3 trabajando sobre pases a planta permanente y recategorizaciones de trabajadores de diversas \u00e1reas. Asimismo, se acord\u00f3 continuar en la elaboraci\u00f3n de un Convenio Colectivo\u2026","rel":"","context":"En \u00abDESTACADAS\u00bb","block_context":{"text":"DESTACADAS","link":"https:\/\/larevistadigital.com.ar\/blog\/category\/destacadas\/"},"img":{"alt_text":"","src":"https:\/\/i0.wp.com\/larevistadigital.com.ar\/blog\/wp-content\/uploads\/691f5c6ac43b9.png?fit=668%2C445&ssl=1&resize=350%2C200","width":350,"height":200,"srcset":"https:\/\/i0.wp.com\/larevistadigital.com.ar\/blog\/wp-content\/uploads\/691f5c6ac43b9.png?fit=668%2C445&ssl=1&resize=350%2C200 1x, https:\/\/i0.wp.com\/larevistadigital.com.ar\/blog\/wp-content\/uploads\/691f5c6ac43b9.png?fit=668%2C445&ssl=1&resize=525%2C300 1.5x"},"classes":[]},{"id":43378,"url":"https:\/\/larevistadigital.com.ar\/blog\/chascomus-se-realiza-la-pintura-exterior-de-la-escuela-municipal-n-1\/","url_meta":{"origin":43525,"position":5},"title":"Chascom\u00fas:  Se realiza la pintura exterior de la Escuela Municipal N\u00b0 1","author":"Alejandro Sosa Ruda","date":"16 enero, 2026","format":false,"excerpt":"Durante el receso escolar, se llevan a cabo distintos trabajos en las escuelas municipales con la finalidad de brindar un mejor servicio. 16 de enero de 2026 CHASCOM\u00daS\u00a0 -\u00a0 \u00a0 Aprovechando el receso escolar, la Municipalidad de Chascom\u00fas trabaja en el mejoramiento edilicio de la Escuela Municipal N\u00b0 1 \u201cJuan\u2026","rel":"","context":"En \u00abCHASCOM\u00daS\u00bb","block_context":{"text":"CHASCOM\u00daS","link":"https:\/\/larevistadigital.com.ar\/blog\/category\/chascomus\/"},"img":{"alt_text":"","src":"https:\/\/i0.wp.com\/larevistadigital.com.ar\/blog\/wp-content\/uploads\/69691fe401f71.png?fit=668%2C445&ssl=1&resize=350%2C200","width":350,"height":200,"srcset":"https:\/\/i0.wp.com\/larevistadigital.com.ar\/blog\/wp-content\/uploads\/69691fe401f71.png?fit=668%2C445&ssl=1&resize=350%2C200 1x, https:\/\/i0.wp.com\/larevistadigital.com.ar\/blog\/wp-content\/uploads\/69691fe401f71.png?fit=668%2C445&ssl=1&resize=525%2C300 1.5x"},"classes":[]}],"_links":{"self":[{"href":"https:\/\/larevistadigital.com.ar\/blog\/wp-json\/wp\/v2\/posts\/43525","targetHints":{"allow":["GET"]}}],"collection":[{"href":"https:\/\/larevistadigital.com.ar\/blog\/wp-json\/wp\/v2\/posts"}],"about":[{"href":"https:\/\/larevistadigital.com.ar\/blog\/wp-json\/wp\/v2\/types\/post"}],"author":[{"embeddable":true,"href":"https:\/\/larevistadigital.com.ar\/blog\/wp-json\/wp\/v2\/users\/3"}],"replies":[{"embeddable":true,"href":"https:\/\/larevistadigital.com.ar\/blog\/wp-json\/wp\/v2\/comments?post=43525"}],"version-history":[{"count":1,"href":"https:\/\/larevistadigital.com.ar\/blog\/wp-json\/wp\/v2\/posts\/43525\/revisions"}],"predecessor-version":[{"id":43527,"href":"https:\/\/larevistadigital.com.ar\/blog\/wp-json\/wp\/v2\/posts\/43525\/revisions\/43527"}],"wp:featuredmedia":[{"embeddable":true,"href":"https:\/\/larevistadigital.com.ar\/blog\/wp-json\/wp\/v2\/media\/43526"}],"wp:attachment":[{"href":"https:\/\/larevistadigital.com.ar\/blog\/wp-json\/wp\/v2\/media?parent=43525"}],"wp:term":[{"taxonomy":"category","embeddable":true,"href":"https:\/\/larevistadigital.com.ar\/blog\/wp-json\/wp\/v2\/categories?post=43525"},{"taxonomy":"post_tag","embeddable":true,"href":"https:\/\/larevistadigital.com.ar\/blog\/wp-json\/wp\/v2\/tags?post=43525"}],"curies":[{"name":"wp","href":"https:\/\/api.w.org\/{rel}","templated":true}]}}