{"id":43528,"date":"2026-01-21T23:13:41","date_gmt":"2026-01-22T02:13:41","guid":{"rendered":"https:\/\/larevistadigital.com.ar\/blog\/?p=43528"},"modified":"2026-01-21T23:13:41","modified_gmt":"2026-01-22T02:13:41","slug":"avanza-la-construccion-de-viviendas-en-el-barrio-30-de-mayo","status":"publish","type":"post","link":"https:\/\/larevistadigital.com.ar\/blog\/avanza-la-construccion-de-viviendas-en-el-barrio-30-de-mayo\/","title":{"rendered":"Avanza la construcci\u00f3n de viviendas en el barrio 30 de Mayo"},"content":{"rendered":"<h3 class=\"excerpt\">Avanza en Chascom\u00fas la construcci\u00f3n de 96 viviendas en los barrios 30 de Mayo y San Luis, una obra que busca dar respuesta a la creciente dificultad de acceso a la vivienda.<\/h3>\n<p>21 De enero de 2026<\/p>\n<div id=\"miDiv1\" class=\"text\">\n<p><span dir=\"auto\"><strong>CHASCOM\u00daS\u00a0 &#8211;\u00a0<\/strong> \u00a0La construcci\u00f3n de 96 nuevas viviendas avanza en Chascom\u00fas con trabajos en curso especialmente visibles en el barrio 30 de Mayo, donde ya se comenzaron las bases de concreto de las primeras casas. Esta obra, que tambi\u00e9n contempla unidades en el barrio San Luis, forma parte de un plan integral de h\u00e1bitat.<\/span><\/p>\n<p><span dir=\"auto\">Adem\u00e1s de la construcci\u00f3n de las casas, la ley exige la provisi\u00f3n de infraestructura como apertura de calles, desag\u00fces pluviales, energ\u00eda el\u00e9ctrica, agua potable, sistema cloacal y forestaci\u00f3n que tambi\u00e9n formar\u00e1n parte de la obra, junto con la provisi\u00f3n de servicios y alumbrado p\u00fablico, mejorando as\u00ed la accesibilidad y las condiciones habitacionales de los futuros residentes.<\/span><\/p>\n<p><span dir=\"auto\">La incorporaci\u00f3n de infraestructura b\u00e1sica resulta fundamental para garantizar barrios m\u00e1s seguros, saludables y habitables. Contar con buena iluminaci\u00f3n, redes de agua y cloacas, y un adecuado escurrimiento de los desag\u00fces pluviales no solo mejora la calidad de vida cotidiana de las familias, sino que tambi\u00e9n previene anegamientos, fortalece la seguridad y permite un crecimiento urbano ordenado y sostenible.<\/span><\/p>\n<blockquote>\n<h3><span dir=\"auto\">Las 58 viviendas del barrio 30 de Mayo y las 38 del barrio San Luis ser\u00e1n unidades unifamiliares de dos dormitorios con unos 55 m\u00b2 cubiertos, con posibilidad de ampliaci\u00f3n a tres dormitorios y mayor espacio de estar y cocina integrada.<\/span><\/h3>\n<\/blockquote>\n<p><span dir=\"auto\">Este proyecto, financiado por el Gobierno de la Provincia de Buenos Aires y ejecutado junto a la Municipalidad de Chascom\u00fas, se inscribe en una pol\u00edtica p\u00fablica que busca dar respuesta a una problem\u00e1tica cada vez m\u00e1s extendida: la dificultad para acceder a una vivienda o sostener un alquiler en el tiempo, debido a la escasez de ofertas y los altos costos de ingreso.<\/span><\/p>\n<p><span dir=\"auto\">Recordemos que las viviendas est\u00e1n emplazadas en terrenos municipales adquiridos durante el per\u00edodo de Norberto Fernandino (1995-1999) y por la gesti\u00f3n de Javier Gast\u00f3n y son ejecutadas por la firma local Playa Construcciones SA, adjudicataria de las licitaciones p\u00fablicas N\u00ba 08\/2023 y N\u00ba 09\/2023.<\/span><\/p>\n<blockquote>\n<h3><span dir=\"auto\">El proceso de inscripci\u00f3n se abrir\u00e1 una vez que la obra se encuentre m\u00e1s avanzada, ante cualquier duda o consulta pueden acercarse al \u00c1rea de H\u00e1bitat de la Municipalidad\u00a0<em>(Dorrego 202)<\/em>, en el horario de\u00a0<em>8 a 13 hs.<\/em><\/span><\/h3>\n<\/blockquote>\n<p><span dir=\"auto\">Entonces, en un contexto donde los alquileres permanentes son cada vez menos y m\u00e1s dif\u00edciles de afrontar, la construcci\u00f3n de viviendas representa una alternativa concreta para garantizar estabilidad, arraigo y mejores condiciones de vida, al mismo tiempo que impulsa el trabajo local y el desarrollo de los barrios.<\/span><\/p>\n<\/div>\n","protected":false},"excerpt":{"rendered":"<div class=\"mh-excerpt\"><p>Avanza en Chascom\u00fas la construcci\u00f3n de 96 viviendas en los barrios 30 de Mayo y San Luis, una obra que busca dar respuesta a la creciente dificultad de acceso a la vivienda. 21 De enero <a class=\"mh-excerpt-more\" href=\"https:\/\/larevistadigital.com.ar\/blog\/avanza-la-construccion-de-viviendas-en-el-barrio-30-de-mayo\/\" title=\"Avanza la construcci\u00f3n de viviendas en el barrio 30 de Mayo\">[Leer M\u00e1s]<\/a><\/p>\n<\/div>","protected":false},"author":3,"featured_media":43529,"comment_status":"open","ping_status":"open","sticky":false,"template":"","format":"standard","meta":{"_jetpack_memberships_contains_paid_content":false,"footnotes":"","jetpack_publicize_message":"","jetpack_publicize_feature_enabled":true,"jetpack_social_post_already_shared":true,"jetpack_social_options":{"image_generator_settings":{"template":"highway","default_image_id":0,"font":"","enabled":false},"version":2}},"categories":[41],"tags":[],"class_list":{"0":"post-43528","1":"post","2":"type-post","3":"status-publish","4":"format-standard","5":"has-post-thumbnail","7":"category-destacadas"},"jetpack_publicize_connections":[],"jetpack_featured_media_url":"https:\/\/i0.wp.com\/larevistadigital.com.ar\/blog\/wp-content\/uploads\/697106ac32062.png?fit=668%2C445&ssl=1","jetpack_sharing_enabled":true,"jetpack_shortlink":"https:\/\/wp.me\/p8qtrQ-bk4","jetpack-related-posts":[{"id":39836,"url":"https:\/\/larevistadigital.com.ar\/blog\/chascomus-avanza-la-regularizacion-dominial-de-viviendas-en-el-barrio-san-luis\/","url_meta":{"origin":43528,"position":0},"title":"Chascom\u00fas: Avanza la regularizaci\u00f3n dominial de viviendas en el barrio San Luis","author":"Alejandro Sosa Ruda","date":"21 mayo, 2025","format":false,"excerpt":"El jueves y el viernes se realizar\u00e1 un relevamiento para escriturar los hogares de 91 familias. 21 de Mayo de 2025 CHASCOM\u00daS -\u00a0 Avanza la regularizaci\u00f3n dominial de viviendas en el barrio San Luis El jueves y el viernes se realizar\u00e1 un relevamiento para escriturar los hogares de 91 familias.\u2026","rel":"","context":"En \u00abCHASCOM\u00daS\u00bb","block_context":{"text":"CHASCOM\u00daS","link":"https:\/\/larevistadigital.com.ar\/blog\/category\/chascomus\/"},"img":{"alt_text":"","src":"https:\/\/i0.wp.com\/larevistadigital.com.ar\/blog\/wp-content\/uploads\/682e04898eda5.png?fit=668%2C445&ssl=1&resize=350%2C200","width":350,"height":200,"srcset":"https:\/\/i0.wp.com\/larevistadigital.com.ar\/blog\/wp-content\/uploads\/682e04898eda5.png?fit=668%2C445&ssl=1&resize=350%2C200 1x, https:\/\/i0.wp.com\/larevistadigital.com.ar\/blog\/wp-content\/uploads\/682e04898eda5.png?fit=668%2C445&ssl=1&resize=525%2C300 1.5x"},"classes":[]},{"id":26732,"url":"https:\/\/larevistadigital.com.ar\/blog\/continua-la-ejecucion-de-veredas-comunitarias-en-el-barrio-san-luis\/","url_meta":{"origin":43528,"position":1},"title":"CONTIN\u00daA LA EJECUCI\u00d3N DE VEREDAS COMUNITARIAS EN EL BARRIO SAN LUIS","author":"Alejandro Sosa Ruda","date":"19 julio, 2022","format":false,"excerpt":"CHASCOM\u00daS -\u00a0 Ya se construyeron las correspondientes a cuatro manzanas y, en esta etapa, se trabaja en el tramo ubicado entre las calles R\u00edo Negro, Saturnino Justo, Ram\u00f3n Milani y Jos\u00e9 Castillo. En este sector se avanza con la nivelaci\u00f3n de suelos y la preparaci\u00f3n de la base para la\u2026","rel":"","context":"En \u00abCHASCOM\u00daS\u00bb","block_context":{"text":"CHASCOM\u00daS","link":"https:\/\/larevistadigital.com.ar\/blog\/category\/chascomus\/"},"img":{"alt_text":"","src":"https:\/\/i0.wp.com\/larevistadigital.com.ar\/blog\/wp-content\/uploads\/2022_07_20_01_00_50_4500081.jpg?fit=600%2C402&ssl=1&resize=350%2C200","width":350,"height":200,"srcset":"https:\/\/i0.wp.com\/larevistadigital.com.ar\/blog\/wp-content\/uploads\/2022_07_20_01_00_50_4500081.jpg?fit=600%2C402&ssl=1&resize=350%2C200 1x, https:\/\/i0.wp.com\/larevistadigital.com.ar\/blog\/wp-content\/uploads\/2022_07_20_01_00_50_4500081.jpg?fit=600%2C402&ssl=1&resize=525%2C300 1.5x"},"classes":[]},{"id":43927,"url":"https:\/\/larevistadigital.com.ar\/blog\/chascomus-avanza-a-buen-ritmo-la-obra-del-espacio-comunitario-en-el-barrio-la-esmeralda\/","url_meta":{"origin":43528,"position":2},"title":"Chascom\u00fas: Avanza a buen ritmo la obra del Espacio Comunitario en el barrio La Esmeralda","author":"Alejandro Sosa Ruda","date":"11 febrero, 2026","format":false,"excerpt":"Durante los \u00faltimos d\u00edas los trabajos se concentraron en el levantamiento de las paredes, luego de concluidos los cimientos Contin\u00faa avanzando a buen ritmo, la obra del Espacio Comunitario del barrio La Esmeralda, m\u00e1s precisamente en el predio municipal que se encuentra ubicado en las calles Petronila Casco de Bordeu\u2026","rel":"","context":"En \u00abCHASCOM\u00daS\u00bb","block_context":{"text":"CHASCOM\u00daS","link":"https:\/\/larevistadigital.com.ar\/blog\/category\/chascomus\/"},"img":{"alt_text":"","src":"https:\/\/i0.wp.com\/larevistadigital.com.ar\/blog\/wp-content\/uploads\/698cbc539656a.png?fit=668%2C445&ssl=1&resize=350%2C200","width":350,"height":200,"srcset":"https:\/\/i0.wp.com\/larevistadigital.com.ar\/blog\/wp-content\/uploads\/698cbc539656a.png?fit=668%2C445&ssl=1&resize=350%2C200 1x, https:\/\/i0.wp.com\/larevistadigital.com.ar\/blog\/wp-content\/uploads\/698cbc539656a.png?fit=668%2C445&ssl=1&resize=525%2C300 1.5x"},"classes":[]},{"id":41509,"url":"https:\/\/larevistadigital.com.ar\/blog\/chascomus-construyen-un-playon-deportivo-en-el-barrio-30-de-mayo\/","url_meta":{"origin":43528,"position":3},"title":"Chascom\u00fas: Construyen un play\u00f3n deportivo en el barrio 30 de Mayo","author":"Alejandro Sosa Ruda","date":"18 septiembre, 2025","format":false,"excerpt":"La Municipalidad avanza en la construcci\u00f3n de un espacio de hormig\u00f3n de 300 metros cuadrados destinado a actividades deportivas y recreativas, en articulaci\u00f3n con programas sociales y educativos del barrio. 18 de Septiembre de 2025 CHASCOM\u00daS -\u00a0 En el barrio 30 de Mayo comenz\u00f3 la construcci\u00f3n de un nuevo play\u00f3n\u2026","rel":"","context":"En \u00abCHASCOM\u00daS\u00bb","block_context":{"text":"CHASCOM\u00daS","link":"https:\/\/larevistadigital.com.ar\/blog\/category\/chascomus\/"},"img":{"alt_text":"","src":"https:\/\/i0.wp.com\/larevistadigital.com.ar\/blog\/wp-content\/uploads\/68caf50e10dcb.png?fit=668%2C445&ssl=1&resize=350%2C200","width":350,"height":200,"srcset":"https:\/\/i0.wp.com\/larevistadigital.com.ar\/blog\/wp-content\/uploads\/68caf50e10dcb.png?fit=668%2C445&ssl=1&resize=350%2C200 1x, https:\/\/i0.wp.com\/larevistadigital.com.ar\/blog\/wp-content\/uploads\/68caf50e10dcb.png?fit=668%2C445&ssl=1&resize=525%2C300 1.5x"},"classes":[]},{"id":29248,"url":"https:\/\/larevistadigital.com.ar\/blog\/bahia-blanca-y-pringles-se-firman-convenios-para-la-construccion-de-casas\/","url_meta":{"origin":43528,"position":4},"title":"BAH\u00cdA BLANCA Y PRINGLES: SE FIRMAN CONVENIOS PARA LA CONSTRUCCI\u00d3N DE CASAS","author":"Alejandro Sosa Ruda","date":"4 diciembre, 2022","format":false,"excerpt":"El administrador general del Instituto de la Vivienda provincial, Diego Men\u00e9ndez, viaj\u00f3 hasta la delegaci\u00f3n de Bah\u00eda Blanca para recorrer las obras en marcha y firmar dos convenios que impulsan la construcci\u00f3n de 145 viviendas m\u00e1s en esa ciudad, y otras 40 en Coronel Pringles. 4 de diciembre de 2022\u2026","rel":"","context":"En \u00abREGIONALES\u00bb","block_context":{"text":"REGIONALES","link":"https:\/\/larevistadigital.com.ar\/blog\/category\/regionales\/"},"img":{"alt_text":"","src":"https:\/\/i0.wp.com\/larevistadigital.com.ar\/blog\/wp-content\/uploads\/20221203101220_viviendas-bahia-blanca-pringles.jpg?fit=880%2C512&ssl=1&resize=350%2C200","width":350,"height":200,"srcset":"https:\/\/i0.wp.com\/larevistadigital.com.ar\/blog\/wp-content\/uploads\/20221203101220_viviendas-bahia-blanca-pringles.jpg?fit=880%2C512&ssl=1&resize=350%2C200 1x, https:\/\/i0.wp.com\/larevistadigital.com.ar\/blog\/wp-content\/uploads\/20221203101220_viviendas-bahia-blanca-pringles.jpg?fit=880%2C512&ssl=1&resize=525%2C300 1.5x, https:\/\/i0.wp.com\/larevistadigital.com.ar\/blog\/wp-content\/uploads\/20221203101220_viviendas-bahia-blanca-pringles.jpg?fit=880%2C512&ssl=1&resize=700%2C400 2x"},"classes":[]},{"id":26979,"url":"https:\/\/larevistadigital.com.ar\/blog\/chascomus-buena-noticia-el-asfalto-para-el-30-de-mayo-se-hara-en-tres-etapas\/","url_meta":{"origin":43528,"position":5},"title":"CHASCOM\u00daS: BUENA NOTICIA&#8230;EL ASFALTO PARA EL 30 DE MAYO SE HAR\u00c1 EN TRES ETAPAS","author":"Alejandro Sosa Ruda","date":"5 agosto, 2022","format":false,"excerpt":"Muy buena noticia para las 500 familias que viven en el Barrio 30 de Mayo, y que tendr\u00e1n una notable mejora en su calidad de vida. CHASCOM\u00daS -\u00a0 \u201cLa obra proyecta la colocaci\u00f3n de carpeta asf\u00e1ltica en las 80 cuadras que ahora tienen estabilizado de piedra\u201d, inform\u00f3 el secretario de\u2026","rel":"","context":"En \u00abCHASCOM\u00daS\u00bb","block_context":{"text":"CHASCOM\u00daS","link":"https:\/\/larevistadigital.com.ar\/blog\/category\/chascomus\/"},"img":{"alt_text":"","src":"https:\/\/i0.wp.com\/larevistadigital.com.ar\/blog\/wp-content\/uploads\/2022_08_04_01_37_24_1900677.jpg?fit=600%2C317&ssl=1&resize=350%2C200","width":350,"height":200,"srcset":"https:\/\/i0.wp.com\/larevistadigital.com.ar\/blog\/wp-content\/uploads\/2022_08_04_01_37_24_1900677.jpg?fit=600%2C317&ssl=1&resize=350%2C200 1x, https:\/\/i0.wp.com\/larevistadigital.com.ar\/blog\/wp-content\/uploads\/2022_08_04_01_37_24_1900677.jpg?fit=600%2C317&ssl=1&resize=525%2C300 1.5x"},"classes":[]}],"_links":{"self":[{"href":"https:\/\/larevistadigital.com.ar\/blog\/wp-json\/wp\/v2\/posts\/43528","targetHints":{"allow":["GET"]}}],"collection":[{"href":"https:\/\/larevistadigital.com.ar\/blog\/wp-json\/wp\/v2\/posts"}],"about":[{"href":"https:\/\/larevistadigital.com.ar\/blog\/wp-json\/wp\/v2\/types\/post"}],"author":[{"embeddable":true,"href":"https:\/\/larevistadigital.com.ar\/blog\/wp-json\/wp\/v2\/users\/3"}],"replies":[{"embeddable":true,"href":"https:\/\/larevistadigital.com.ar\/blog\/wp-json\/wp\/v2\/comments?post=43528"}],"version-history":[{"count":1,"href":"https:\/\/larevistadigital.com.ar\/blog\/wp-json\/wp\/v2\/posts\/43528\/revisions"}],"predecessor-version":[{"id":43530,"href":"https:\/\/larevistadigital.com.ar\/blog\/wp-json\/wp\/v2\/posts\/43528\/revisions\/43530"}],"wp:featuredmedia":[{"embeddable":true,"href":"https:\/\/larevistadigital.com.ar\/blog\/wp-json\/wp\/v2\/media\/43529"}],"wp:attachment":[{"href":"https:\/\/larevistadigital.com.ar\/blog\/wp-json\/wp\/v2\/media?parent=43528"}],"wp:term":[{"taxonomy":"category","embeddable":true,"href":"https:\/\/larevistadigital.com.ar\/blog\/wp-json\/wp\/v2\/categories?post=43528"},{"taxonomy":"post_tag","embeddable":true,"href":"https:\/\/larevistadigital.com.ar\/blog\/wp-json\/wp\/v2\/tags?post=43528"}],"curies":[{"name":"wp","href":"https:\/\/api.w.org\/{rel}","templated":true}]}}