{"id":43534,"date":"2026-01-22T15:09:26","date_gmt":"2026-01-22T18:09:26","guid":{"rendered":"https:\/\/larevistadigital.com.ar\/blog\/?p=43534"},"modified":"2026-01-22T15:09:26","modified_gmt":"2026-01-22T18:09:26","slug":"chascomus-este-viernes-continua-la-campana-de-vacunacion-gratuita-en-los-barrios","status":"publish","type":"post","link":"https:\/\/larevistadigital.com.ar\/blog\/chascomus-este-viernes-continua-la-campana-de-vacunacion-gratuita-en-los-barrios\/","title":{"rendered":"Chascom\u00fas: Este viernes contin\u00faa la campa\u00f1a de vacunaci\u00f3n gratuita en los barrios"},"content":{"rendered":"<h3 class=\"excerpt\">En esta oportunidad, la actividad se concentrar\u00e1 en el CIC \u201cDr. Quint\u00edn\u201d del barrio 30 de Mayo.<\/h3>\n<p>22 de enero de 2026<\/p>\n<div id=\"miDiv1\" class=\"text\">\n<p><strong>CHASCOM\u00daS &#8211;\u00a0<\/strong> \u00a0 En la jornada de este viernes 23 de enero, la Campa\u00f1a de Vacunaci\u00f3n en los barrios propuesta por la Municipalidad de Chascom\u00fas, continuar\u00e1 de 10 a 14 horas, en el barrio 30 de Mayo, m\u00e1s precisamente en el CIC \u00abDr. Quint\u00edn\u00bb, ubicado en Boulevard 5 y Calle 2.<\/p>\n<blockquote>\n<h3>Quienes deban completar el esquema de vacunaci\u00f3n obligatorio pueden acercarse a dicho centro de salud o pueden comunicarse de manera telef\u00f3nica, a trav\u00e9s del n\u00famero 2241-588248, para evacuar cualquier inquietud al respecto.<\/h3>\n<\/blockquote>\n<p>La secretar\u00eda municipal de Salud P\u00fablica, con esta campa\u00f1a, ofrece la vacunaci\u00f3n gratuita m\u00e1s cerca de casa, con el objetivo de que vecinos y vecinas completen el esquema, especialmente ni\u00f1os y ni\u00f1as en edad escolar.<\/p>\n<p>Es importante destacar que cuando nos vacunamos, nos protegemos y, a su vez, interrumpimos la circulaci\u00f3n de los virus y las bacterias. De esta manera, protegemos indirectamente a quienes no se pueden vacunar. As\u00ed al recibir las vacunas, somos barrera entre ellos y las enfermedades. La falta de inmunizaci\u00f3n puede generar a futuro enfermedades que pr\u00e1cticamente ya no est\u00e1n en circulaci\u00f3n o se encuentran en fase de erradicaci\u00f3n.<\/p>\n<\/div>\n","protected":false},"excerpt":{"rendered":"<div class=\"mh-excerpt\"><p>En esta oportunidad, la actividad se concentrar\u00e1 en el CIC \u201cDr. Quint\u00edn\u201d del barrio 30 de Mayo. 22 de enero de 2026 CHASCOM\u00daS &#8211;\u00a0 \u00a0 En la jornada de este viernes 23 de enero, la <a class=\"mh-excerpt-more\" href=\"https:\/\/larevistadigital.com.ar\/blog\/chascomus-este-viernes-continua-la-campana-de-vacunacion-gratuita-en-los-barrios\/\" title=\"Chascom\u00fas: Este viernes contin\u00faa la campa\u00f1a de vacunaci\u00f3n gratuita en los barrios\">[Leer M\u00e1s]<\/a><\/p>\n<\/div>","protected":false},"author":3,"featured_media":43535,"comment_status":"open","ping_status":"open","sticky":false,"template":"","format":"standard","meta":{"_jetpack_memberships_contains_paid_content":false,"footnotes":"","jetpack_publicize_message":"","jetpack_publicize_feature_enabled":true,"jetpack_social_post_already_shared":true,"jetpack_social_options":{"image_generator_settings":{"template":"highway","default_image_id":0,"font":"","enabled":false},"version":2}},"categories":[6],"tags":[],"class_list":{"0":"post-43534","1":"post","2":"type-post","3":"status-publish","4":"format-standard","5":"has-post-thumbnail","7":"category-chascomus"},"jetpack_publicize_connections":[],"jetpack_featured_media_url":"https:\/\/i0.wp.com\/larevistadigital.com.ar\/blog\/wp-content\/uploads\/69725e1b4429c.png?fit=668%2C445&ssl=1","jetpack_sharing_enabled":true,"jetpack_shortlink":"https:\/\/wp.me\/p8qtrQ-bka","jetpack-related-posts":[{"id":43475,"url":"https:\/\/larevistadigital.com.ar\/blog\/salud-comunitaria-nueva-campana-de-vacunacion-en-los-barrios\/","url_meta":{"origin":43534,"position":0},"title":"Salud Comunitaria: Nueva campa\u00f1a de vacunaci\u00f3n en los barrios","author":"Alejandro Sosa Ruda","date":"19 enero, 2026","format":false,"excerpt":"Este mi\u00e9rcoles y viernes, habr\u00e1 jornadas gratuitas, en el CAPS de San Cayetano y en el CIC 30 de Mayo, respectivamente. De esta manera se favorece el acceso a la salud, m\u00e1s cerca de casa La Municipalidad de Chascom\u00fas ofrece una campa\u00f1a de vacunaci\u00f3n m\u00e1s cerca de casa, realiz\u00e1ndose en\u2026","rel":"","context":"En \u00abCHASCOM\u00daS\u00bb","block_context":{"text":"CHASCOM\u00daS","link":"https:\/\/larevistadigital.com.ar\/blog\/category\/chascomus\/"},"img":{"alt_text":"","src":"https:\/\/i0.wp.com\/larevistadigital.com.ar\/blog\/wp-content\/uploads\/696e727eed5dd.png?fit=668%2C445&ssl=1&resize=350%2C200","width":350,"height":200,"srcset":"https:\/\/i0.wp.com\/larevistadigital.com.ar\/blog\/wp-content\/uploads\/696e727eed5dd.png?fit=668%2C445&ssl=1&resize=350%2C200 1x, https:\/\/i0.wp.com\/larevistadigital.com.ar\/blog\/wp-content\/uploads\/696e727eed5dd.png?fit=668%2C445&ssl=1&resize=525%2C300 1.5x"},"classes":[]},{"id":41279,"url":"https:\/\/larevistadigital.com.ar\/blog\/chascomus-nueva-campana-de-vacunacion-en-diferentes-barrios\/","url_meta":{"origin":43534,"position":1},"title":"Chascom\u00fas: Nueva campa\u00f1a de vacunaci\u00f3n en diferentes barrios","author":"Alejandro Sosa Ruda","date":"3 septiembre, 2025","format":false,"excerpt":"Se busca acercar a los vecinos y las vecinas el acceso a la salud. Habr\u00e1 jornadas gratuitas, durante este mes, en los CAPS de San Cayetano, el Porte\u00f1o, San Luis, La Noria, 30 de Mayo y barrio Jard\u00edn. 03 de septiembre de 2025 CHASCOM\u00daS -\u00a0 \u00a0La Municipalidad de Chascom\u00fas ofrece\u2026","rel":"","context":"En \u00abCHASCOM\u00daS\u00bb","block_context":{"text":"CHASCOM\u00daS","link":"https:\/\/larevistadigital.com.ar\/blog\/category\/chascomus\/"},"img":{"alt_text":"","src":"https:\/\/i0.wp.com\/larevistadigital.com.ar\/blog\/wp-content\/uploads\/68b86fd81e2fb.png?fit=668%2C445&ssl=1&resize=350%2C200","width":350,"height":200,"srcset":"https:\/\/i0.wp.com\/larevistadigital.com.ar\/blog\/wp-content\/uploads\/68b86fd81e2fb.png?fit=668%2C445&ssl=1&resize=350%2C200 1x, https:\/\/i0.wp.com\/larevistadigital.com.ar\/blog\/wp-content\/uploads\/68b86fd81e2fb.png?fit=668%2C445&ssl=1&resize=525%2C300 1.5x"},"classes":[]},{"id":41374,"url":"https:\/\/larevistadigital.com.ar\/blog\/chascomus-te-informamos-en-detalle-sobre-la-campana-de-vacunacion-en-los-barrios\/","url_meta":{"origin":43534,"position":2},"title":"Chascom\u00fas: Te informamos en detalle sobre la campa\u00f1a de vacunaci\u00f3n en los barrios","author":"Alejandro Sosa Ruda","date":"10 septiembre, 2025","format":false,"excerpt":"Una nueva oportunidad para completar el calendario obligatorio para ni\u00f1os, adolescentes y adultos. 10 de Septiembre de 20254 CHASCOM\u00daS\u00a0 -\u00a0 \u00a0La campa\u00f1a de vacunaci\u00f3n masiva contin\u00faa en distintos Centros de Atenci\u00f3n Primaria, con el prop\u00f3sito de facilitar el acceso para que vecinos y vecinas completen el esquema obligatorio, fundamentalmente, ni\u00f1os\u2026","rel":"","context":"En \u00abCHASCOM\u00daS\u00bb","block_context":{"text":"CHASCOM\u00daS","link":"https:\/\/larevistadigital.com.ar\/blog\/category\/chascomus\/"},"img":{"alt_text":"","src":"https:\/\/i0.wp.com\/larevistadigital.com.ar\/blog\/wp-content\/uploads\/68c1a96eb024c.png?fit=668%2C445&ssl=1&resize=350%2C200","width":350,"height":200,"srcset":"https:\/\/i0.wp.com\/larevistadigital.com.ar\/blog\/wp-content\/uploads\/68c1a96eb024c.png?fit=668%2C445&ssl=1&resize=350%2C200 1x, https:\/\/i0.wp.com\/larevistadigital.com.ar\/blog\/wp-content\/uploads\/68c1a96eb024c.png?fit=668%2C445&ssl=1&resize=525%2C300 1.5x"},"classes":[]},{"id":45106,"url":"https:\/\/larevistadigital.com.ar\/blog\/campana-de-vacunacion-antirrabica-en-chascomus-mas-de-1800-mascotas-fueron-inmunizadas\/","url_meta":{"origin":43534,"position":3},"title":"Campa\u00f1a de Vacunaci\u00f3n Antirr\u00e1bica en Chascom\u00fas: M\u00e1s de 1800 mascotas fueron inmunizadas","author":"Alejandro Sosa Ruda","date":"14 abril, 2026","format":false,"excerpt":"Destinada a proteger la salud de los perros y gatos de la ciudad, la campa\u00f1a anual gratuita se desarroll\u00f3 en numerosos barrios de la ciudad. 14 de abril de 2026 CHASCOM\u00daS -\u00a0 \u00a0Concluy\u00f3 la campa\u00f1a antirr\u00e1bica que ofrece la Municipalidad de Chascom\u00fas todos los a\u00f1os de manera gratuita con el\u2026","rel":"","context":"En \u00abCHASCOM\u00daS\u00bb","block_context":{"text":"CHASCOM\u00daS","link":"https:\/\/larevistadigital.com.ar\/blog\/category\/chascomus\/"},"img":{"alt_text":"","src":"https:\/\/i0.wp.com\/larevistadigital.com.ar\/blog\/wp-content\/uploads\/69de7421c1076.png?fit=668%2C445&ssl=1&resize=350%2C200","width":350,"height":200,"srcset":"https:\/\/i0.wp.com\/larevistadigital.com.ar\/blog\/wp-content\/uploads\/69de7421c1076.png?fit=668%2C445&ssl=1&resize=350%2C200 1x, https:\/\/i0.wp.com\/larevistadigital.com.ar\/blog\/wp-content\/uploads\/69de7421c1076.png?fit=668%2C445&ssl=1&resize=525%2C300 1.5x"},"classes":[]},{"id":44463,"url":"https:\/\/larevistadigital.com.ar\/blog\/chascomus-comienza-la-campana-de-vacunacion-antigripal\/","url_meta":{"origin":43534,"position":4},"title":"Chascom\u00fas: Comienza la campa\u00f1a de vacunaci\u00f3n antigripal","author":"Alejandro Sosa Ruda","date":"10 marzo, 2026","format":false,"excerpt":"Se implementar\u00e1 en dos etapas dando prioridad a personas con mayor riesgo de contraer la enfermedad. 10 de marzo de 2026 CHASCOM\u00daS -\u00a0 \u00a0Este mi\u00e9rcoles comienza la campa\u00f1a anual de vacunaci\u00f3n antigripal promovida desde el gobierno provincial. La inmunizaci\u00f3n tiene por objetivo reducir las complicaciones, secuelas y muertes ocasionadas por\u2026","rel":"","context":"En \u00abCHASCOM\u00daS\u00bb","block_context":{"text":"CHASCOM\u00daS","link":"https:\/\/larevistadigital.com.ar\/blog\/category\/chascomus\/"},"img":{"alt_text":"","src":"https:\/\/i0.wp.com\/larevistadigital.com.ar\/blog\/wp-content\/uploads\/69b0534e1ddfe.png?fit=668%2C445&ssl=1&resize=350%2C200","width":350,"height":200,"srcset":"https:\/\/i0.wp.com\/larevistadigital.com.ar\/blog\/wp-content\/uploads\/69b0534e1ddfe.png?fit=668%2C445&ssl=1&resize=350%2C200 1x, https:\/\/i0.wp.com\/larevistadigital.com.ar\/blog\/wp-content\/uploads\/69b0534e1ddfe.png?fit=668%2C445&ssl=1&resize=525%2C300 1.5x"},"classes":[]},{"id":13187,"url":"https:\/\/larevistadigital.com.ar\/blog\/castelli-campana-de-vacunacion-antirrabica\/","url_meta":{"origin":43534,"position":5},"title":"CASTELLI: CAMPA\u00d1A DE VACUNACI\u00d3N ANTIRR\u00c1BICA","author":"Alejandro Sosa Ruda","date":"13 noviembre, 2019","format":false,"excerpt":"Ma\u00f1ana jueves 14 de noviembre, la Direcci\u00f3n de Bromatolog\u00eda Municipal estar\u00e1 realizando la vacunaci\u00f3n antirr\u00e1bica de forma gratuita en Barrio Esperanza ( entre Maip\u00fa y Rivadavia, Dorrego y Saenz Pe\u00f1a desde las 9.30 horas. Se llevan vacunados m\u00e1s de 495 caninos y felinos en las zonas de Barrio Matadero, las\u2026","rel":"","context":"En \u00abCASTELLI\u00bb","block_context":{"text":"CASTELLI","link":"https:\/\/larevistadigital.com.ar\/blog\/category\/castelli\/"},"img":{"alt_text":"","src":"https:\/\/i0.wp.com\/larevistadigital.com.ar\/blog\/wp-content\/uploads\/74936953_1824618334504425_963051020609388544_n.jpg?fit=480%2C640&ssl=1&resize=350%2C200","width":350,"height":200},"classes":[]}],"_links":{"self":[{"href":"https:\/\/larevistadigital.com.ar\/blog\/wp-json\/wp\/v2\/posts\/43534","targetHints":{"allow":["GET"]}}],"collection":[{"href":"https:\/\/larevistadigital.com.ar\/blog\/wp-json\/wp\/v2\/posts"}],"about":[{"href":"https:\/\/larevistadigital.com.ar\/blog\/wp-json\/wp\/v2\/types\/post"}],"author":[{"embeddable":true,"href":"https:\/\/larevistadigital.com.ar\/blog\/wp-json\/wp\/v2\/users\/3"}],"replies":[{"embeddable":true,"href":"https:\/\/larevistadigital.com.ar\/blog\/wp-json\/wp\/v2\/comments?post=43534"}],"version-history":[{"count":1,"href":"https:\/\/larevistadigital.com.ar\/blog\/wp-json\/wp\/v2\/posts\/43534\/revisions"}],"predecessor-version":[{"id":43536,"href":"https:\/\/larevistadigital.com.ar\/blog\/wp-json\/wp\/v2\/posts\/43534\/revisions\/43536"}],"wp:featuredmedia":[{"embeddable":true,"href":"https:\/\/larevistadigital.com.ar\/blog\/wp-json\/wp\/v2\/media\/43535"}],"wp:attachment":[{"href":"https:\/\/larevistadigital.com.ar\/blog\/wp-json\/wp\/v2\/media?parent=43534"}],"wp:term":[{"taxonomy":"category","embeddable":true,"href":"https:\/\/larevistadigital.com.ar\/blog\/wp-json\/wp\/v2\/categories?post=43534"},{"taxonomy":"post_tag","embeddable":true,"href":"https:\/\/larevistadigital.com.ar\/blog\/wp-json\/wp\/v2\/tags?post=43534"}],"curies":[{"name":"wp","href":"https:\/\/api.w.org\/{rel}","templated":true}]}}