{"id":43537,"date":"2026-01-22T15:11:43","date_gmt":"2026-01-22T18:11:43","guid":{"rendered":"https:\/\/larevistadigital.com.ar\/blog\/?p=43537"},"modified":"2026-01-22T15:11:43","modified_gmt":"2026-01-22T18:11:43","slug":"remada-de-luna-llena-una-propuesta-para-disfrutar-el-atardecer-en-la-laguna-de-chascomus","status":"publish","type":"post","link":"https:\/\/larevistadigital.com.ar\/blog\/remada-de-luna-llena-una-propuesta-para-disfrutar-el-atardecer-en-la-laguna-de-chascomus\/","title":{"rendered":"Remada de Luna Llena: una propuesta para disfrutar el atardecer en la laguna de Chascom\u00fas"},"content":{"rendered":"<h3 class=\"excerpt\">La actividad se realizar\u00e1 en la Asociaci\u00f3n de Pesca y N\u00e1utica, con participaci\u00f3n abierta y acceso gratuito.<\/h3>\n<p>22 de enero de 2026<\/p>\n<div id=\"miDiv1\" class=\"text\">\n<p><strong>CHASCOM\u00daS &#8211;<\/strong>\u00a0 \u00a0 El pr\u00f3ximo s\u00e1bado 1\u00ba de febrero se desarrollar\u00e1 una nueva edici\u00f3n de la Remada de Luna Llena \u2013 Kayak &amp; Tablas, una actividad recreativa que invita a navegar al atardecer y acompa\u00f1ar la salida de la luna llena en un entorno natural y cuidado.<\/p>\n<p>La propuesta tendr\u00e1 lugar en la Asociaci\u00f3n de Pesca y N\u00e1utica, en avenida Costanera Espa\u00f1a y avenida Lastra, y consiste en una remada en kayak o tablas que permite vivir la transici\u00f3n del d\u00eda a la noche sobre el agua, apreciando los cambios de color del cielo y el reflejo de la luna en el paisaje.<\/p>\n<p>La actividad ser\u00e1 gratuita, estar\u00e1 abierta a socios y no socios, y contar\u00e1 con la presencia de guardavidas. El uso de chaleco salvavidas ser\u00e1 obligatorio. El club dispondr\u00e1 de kayaks y tablas sin costo para socios, con reserva previa requerida. El horario definitivo ser\u00e1 informado m\u00e1s cerca de la fecha de realizaci\u00f3n.<\/p>\n<blockquote>\n<h3>La organizaci\u00f3n est\u00e1 a cargo de Pesca y N\u00e1utica y cuenta con el acompa\u00f1amiento de la Municipalidad de Chascom\u00fas a trav\u00e9s del \u00e1rea de Deportes.<\/h3>\n<\/blockquote>\n<p>Para consultas y reservas, los interesados pueden dirigirse a la secretar\u00eda del club.<\/p>\n<\/div>\n","protected":false},"excerpt":{"rendered":"<div class=\"mh-excerpt\"><p>La actividad se realizar\u00e1 en la Asociaci\u00f3n de Pesca y N\u00e1utica, con participaci\u00f3n abierta y acceso gratuito. 22 de enero de 2026 CHASCOM\u00daS &#8211;\u00a0 \u00a0 El pr\u00f3ximo s\u00e1bado 1\u00ba de febrero se desarrollar\u00e1 una nueva <a class=\"mh-excerpt-more\" href=\"https:\/\/larevistadigital.com.ar\/blog\/remada-de-luna-llena-una-propuesta-para-disfrutar-el-atardecer-en-la-laguna-de-chascomus\/\" title=\"Remada de Luna Llena: una propuesta para disfrutar el atardecer en la laguna de Chascom\u00fas\">[Leer M\u00e1s]<\/a><\/p>\n<\/div>","protected":false},"author":3,"featured_media":43538,"comment_status":"open","ping_status":"open","sticky":false,"template":"","format":"standard","meta":{"_jetpack_memberships_contains_paid_content":false,"footnotes":"","jetpack_publicize_message":"","jetpack_publicize_feature_enabled":true,"jetpack_social_post_already_shared":true,"jetpack_social_options":{"image_generator_settings":{"template":"highway","default_image_id":0,"font":"","enabled":false},"version":2}},"categories":[6],"tags":[],"class_list":{"0":"post-43537","1":"post","2":"type-post","3":"status-publish","4":"format-standard","5":"has-post-thumbnail","7":"category-chascomus"},"jetpack_publicize_connections":[],"jetpack_featured_media_url":"https:\/\/i0.wp.com\/larevistadigital.com.ar\/blog\/wp-content\/uploads\/69725aab4406c.png?fit=668%2C445&ssl=1","jetpack_sharing_enabled":true,"jetpack_shortlink":"https:\/\/wp.me\/p8qtrQ-bkd","jetpack-related-posts":[{"id":7913,"url":"https:\/\/larevistadigital.com.ar\/blog\/chascomus-el-intendente-gaston-mantuvo-un-encuentro-con-la-nueva-comision-directiva-de-pesca-y-nautica\/","url_meta":{"origin":43537,"position":0},"title":"CHASCOM\u00daS: EL INTENDENTE GAST\u00d3N MANTUVO UN ENCUENTRO CON LA NUEVA COMISI\u00d3N DIRECTIVA DE PESCA Y N\u00c1UTICA","author":"Alejandro Sosa Ruda","date":"23 enero, 2019","format":false,"excerpt":"El \u00faltimo fin de semana, Javier Gast\u00f3n se acerc\u00f3 a las instalaciones de la Asociaci\u00f3n Pesca y N\u00e1utica para mantener una reuni\u00f3n con los miembros de la nueva comisi\u00f3n directiva, donde abordaron, entre otras cosas, sobre la participaci\u00f3n de la instituci\u00f3n en el Carnaval Infantil. All\u00ed, acompa\u00f1ado por la directora\u2026","rel":"","context":"En \u00abCHASCOM\u00daS\u00bb","block_context":{"text":"CHASCOM\u00daS","link":"https:\/\/larevistadigital.com.ar\/blog\/category\/chascomus\/"},"img":{"alt_text":"","src":"https:\/\/i0.wp.com\/larevistadigital.com.ar\/blog\/wp-content\/uploads\/2019\/01\/50648344_2252827864738086_2068394269080551424_n.jpg?fit=887%2C579&ssl=1&resize=350%2C200","width":350,"height":200,"srcset":"https:\/\/i0.wp.com\/larevistadigital.com.ar\/blog\/wp-content\/uploads\/2019\/01\/50648344_2252827864738086_2068394269080551424_n.jpg?fit=887%2C579&ssl=1&resize=350%2C200 1x, https:\/\/i0.wp.com\/larevistadigital.com.ar\/blog\/wp-content\/uploads\/2019\/01\/50648344_2252827864738086_2068394269080551424_n.jpg?fit=887%2C579&ssl=1&resize=525%2C300 1.5x, https:\/\/i0.wp.com\/larevistadigital.com.ar\/blog\/wp-content\/uploads\/2019\/01\/50648344_2252827864738086_2068394269080551424_n.jpg?fit=887%2C579&ssl=1&resize=700%2C400 2x"},"classes":[]},{"id":43651,"url":"https:\/\/larevistadigital.com.ar\/blog\/se-viene-un-fin-de-semana-con-muchas-propuestas-para-disfrutar-en-chascomus\/","url_meta":{"origin":43537,"position":1},"title":"Se viene un fin de semana con muchas propuestas para disfrutar en Chascom\u00fas","author":"Alejandro Sosa Ruda","date":"29 enero, 2026","format":false,"excerpt":"Adem\u00e1s de todos los atractivos naturales, Chascom\u00fas ofrece para turistas y vecinos actividades recreativas y art\u00edsticas para disfrutar durante todo el fin de semana. Viernes 30 de enero -\u201cEL FESTIVAL\u201d. Orquesta del Primer D\u00eda de Voces, una experiencia participativa que invita al p\u00fablico a cantar. A las 18:30 hs. Ritmos\u2026","rel":"","context":"En \u00abCHASCOM\u00daS\u00bb","block_context":{"text":"CHASCOM\u00daS","link":"https:\/\/larevistadigital.com.ar\/blog\/category\/chascomus\/"},"img":{"alt_text":"","src":"https:\/\/i0.wp.com\/larevistadigital.com.ar\/blog\/wp-content\/uploads\/697b903cb4f1e.png?fit=668%2C445&ssl=1&resize=350%2C200","width":350,"height":200,"srcset":"https:\/\/i0.wp.com\/larevistadigital.com.ar\/blog\/wp-content\/uploads\/697b903cb4f1e.png?fit=668%2C445&ssl=1&resize=350%2C200 1x, https:\/\/i0.wp.com\/larevistadigital.com.ar\/blog\/wp-content\/uploads\/697b903cb4f1e.png?fit=668%2C445&ssl=1&resize=525%2C300 1.5x"},"classes":[]},{"id":38342,"url":"https:\/\/larevistadigital.com.ar\/blog\/chascomus-todo-listo-para-el-primer-acuatlon\/","url_meta":{"origin":43537,"position":2},"title":"Chascom\u00fas: Todo listo para el primer acuatl\u00f3n","author":"Alejandro Sosa Ruda","date":"19 diciembre, 2024","format":false,"excerpt":"Deportistas locales y de otras ciudades aceptaron el nuevo desaf\u00edo que propone la Municipalidad de Chascom\u00fas 19 de diciembre de 2024 CHASCOM\u00daS -\u00a0 Este domingo se realizar\u00e1 el primer acuatl\u00f3n de la ciudad. El evento tendr\u00e1 lugar en la Asociaci\u00f3n Pesca y N\u00e1utica, Av. Lastra y Costanera, a partir de\u2026","rel":"","context":"En \u00abCHASCOM\u00daS\u00bb","block_context":{"text":"CHASCOM\u00daS","link":"https:\/\/larevistadigital.com.ar\/blog\/category\/chascomus\/"},"img":{"alt_text":"","src":"https:\/\/i0.wp.com\/larevistadigital.com.ar\/blog\/wp-content\/uploads\/67645d45686a7.png?fit=668%2C445&ssl=1&resize=350%2C200","width":350,"height":200,"srcset":"https:\/\/i0.wp.com\/larevistadigital.com.ar\/blog\/wp-content\/uploads\/67645d45686a7.png?fit=668%2C445&ssl=1&resize=350%2C200 1x, https:\/\/i0.wp.com\/larevistadigital.com.ar\/blog\/wp-content\/uploads\/67645d45686a7.png?fit=668%2C445&ssl=1&resize=525%2C300 1.5x"},"classes":[]},{"id":40067,"url":"https:\/\/larevistadigital.com.ar\/blog\/finalizaron-las-obras-de-reconstruccion-de-la-muralla-entre-las-escalinatas-y-el-espigon-de-pesca\/","url_meta":{"origin":43537,"position":3},"title":"Chascom\u00fas: Finalizaron las obras de reconstrucci\u00f3n de la muralla entre Las Escalinatas y el Espig\u00f3n de Pesca","author":"Alejandro Sosa Ruda","date":"12 junio, 2025","format":false,"excerpt":"El \u00e1rea ya est\u00e1 completamente habilitada y puede ser disfrutada por residentes y visitantes. 12 de Junio de 2025 CHASCOM\u00daS\u00a0 -\u00a0 \u00a0Esta semana, con tareas de limpieza y puesta en valor, se complet\u00f3 la obra de reconstrucci\u00f3n de la muralla en el tramo que se extiende desde la avenida Lastra\u2026","rel":"","context":"En \u00abCHASCOM\u00daS\u00bb","block_context":{"text":"CHASCOM\u00daS","link":"https:\/\/larevistadigital.com.ar\/blog\/category\/chascomus\/"},"img":{"alt_text":"","src":"https:\/\/i0.wp.com\/larevistadigital.com.ar\/blog\/wp-content\/uploads\/684b18b5be5c5.png?fit=668%2C445&ssl=1&resize=350%2C200","width":350,"height":200,"srcset":"https:\/\/i0.wp.com\/larevistadigital.com.ar\/blog\/wp-content\/uploads\/684b18b5be5c5.png?fit=668%2C445&ssl=1&resize=350%2C200 1x, https:\/\/i0.wp.com\/larevistadigital.com.ar\/blog\/wp-content\/uploads\/684b18b5be5c5.png?fit=668%2C445&ssl=1&resize=525%2C300 1.5x"},"classes":[]},{"id":43722,"url":"https:\/\/larevistadigital.com.ar\/blog\/chascomus-el-equipo-municipal-de-guardavidas-intervino-en-un-rescate-durante-el-fin-de-semana-en-la-laguna\/","url_meta":{"origin":43537,"position":4},"title":"Chascom\u00fas: El equipo municipal de guardavidas intervino en un rescate durante el fin de semana en la laguna","author":"Alejandro Sosa Ruda","date":"2 febrero, 2026","format":false,"excerpt":"La situaci\u00f3n ocurri\u00f3 el s\u00e1bado por la ma\u00f1ana, antes del inicio del horario del servicio. Adem\u00e1s, se registraron m\u00faltiples intervenciones preventivas por actividades n\u00e1uticas no autorizadas. 02 de febrero de 2026 CHASCOM\u00daS -\u00a0 \u00a0El equipo municipal de Guardavidas y Seguridad Lacustre desarroll\u00f3 una intensa actividad durante el \u00faltimo fin de\u2026","rel":"","context":"En \u00abDESTACADAS\u00bb","block_context":{"text":"DESTACADAS","link":"https:\/\/larevistadigital.com.ar\/blog\/category\/destacadas\/"},"img":{"alt_text":"","src":"https:\/\/i0.wp.com\/larevistadigital.com.ar\/blog\/wp-content\/uploads\/6980d5de60be7.png?fit=668%2C445&ssl=1&resize=350%2C200","width":350,"height":200,"srcset":"https:\/\/i0.wp.com\/larevistadigital.com.ar\/blog\/wp-content\/uploads\/6980d5de60be7.png?fit=668%2C445&ssl=1&resize=350%2C200 1x, https:\/\/i0.wp.com\/larevistadigital.com.ar\/blog\/wp-content\/uploads\/6980d5de60be7.png?fit=668%2C445&ssl=1&resize=525%2C300 1.5x"},"classes":[]},{"id":44478,"url":"https:\/\/larevistadigital.com.ar\/blog\/chascomus-separa-convocan-a-una-nueva-jornada-de-reciclado-abierta-a-toda-la-comunidad\/","url_meta":{"origin":43537,"position":5},"title":"Chascom\u00fas separa: convocan a una nueva jornada de reciclado abierta a toda la comunidad","author":"Alejandro Sosa Ruda","date":"13 marzo, 2026","format":false,"excerpt":"Este viernes 13 se realizar\u00e1 una campa\u00f1a para recolectar materiales reciclables y residuos especiales. La iniciativa busca promover el cuidado del ambiente y la participaci\u00f3n de los vecinos. 13 de Marzo de 2026 CHASCOM\u00daS -\u00a0 \u00a0La Municipalidad de Chascom\u00fas llevar\u00e1 adelante una nueva jornada de reciclado denominada \u201cChascom\u00fas Separa\u201d, una\u2026","rel":"","context":"En \u00abCHASCOM\u00daS\u00bb","block_context":{"text":"CHASCOM\u00daS","link":"https:\/\/larevistadigital.com.ar\/blog\/category\/chascomus\/"},"img":{"alt_text":"","src":"https:\/\/i0.wp.com\/larevistadigital.com.ar\/blog\/wp-content\/uploads\/ChatGPT-Image-13-mar-2026-11_32_46-a.m.png?fit=800%2C1200&ssl=1&resize=350%2C200","width":350,"height":200,"srcset":"https:\/\/i0.wp.com\/larevistadigital.com.ar\/blog\/wp-content\/uploads\/ChatGPT-Image-13-mar-2026-11_32_46-a.m.png?fit=800%2C1200&ssl=1&resize=350%2C200 1x, https:\/\/i0.wp.com\/larevistadigital.com.ar\/blog\/wp-content\/uploads\/ChatGPT-Image-13-mar-2026-11_32_46-a.m.png?fit=800%2C1200&ssl=1&resize=525%2C300 1.5x, https:\/\/i0.wp.com\/larevistadigital.com.ar\/blog\/wp-content\/uploads\/ChatGPT-Image-13-mar-2026-11_32_46-a.m.png?fit=800%2C1200&ssl=1&resize=700%2C400 2x"},"classes":[]}],"_links":{"self":[{"href":"https:\/\/larevistadigital.com.ar\/blog\/wp-json\/wp\/v2\/posts\/43537","targetHints":{"allow":["GET"]}}],"collection":[{"href":"https:\/\/larevistadigital.com.ar\/blog\/wp-json\/wp\/v2\/posts"}],"about":[{"href":"https:\/\/larevistadigital.com.ar\/blog\/wp-json\/wp\/v2\/types\/post"}],"author":[{"embeddable":true,"href":"https:\/\/larevistadigital.com.ar\/blog\/wp-json\/wp\/v2\/users\/3"}],"replies":[{"embeddable":true,"href":"https:\/\/larevistadigital.com.ar\/blog\/wp-json\/wp\/v2\/comments?post=43537"}],"version-history":[{"count":1,"href":"https:\/\/larevistadigital.com.ar\/blog\/wp-json\/wp\/v2\/posts\/43537\/revisions"}],"predecessor-version":[{"id":43539,"href":"https:\/\/larevistadigital.com.ar\/blog\/wp-json\/wp\/v2\/posts\/43537\/revisions\/43539"}],"wp:featuredmedia":[{"embeddable":true,"href":"https:\/\/larevistadigital.com.ar\/blog\/wp-json\/wp\/v2\/media\/43538"}],"wp:attachment":[{"href":"https:\/\/larevistadigital.com.ar\/blog\/wp-json\/wp\/v2\/media?parent=43537"}],"wp:term":[{"taxonomy":"category","embeddable":true,"href":"https:\/\/larevistadigital.com.ar\/blog\/wp-json\/wp\/v2\/categories?post=43537"},{"taxonomy":"post_tag","embeddable":true,"href":"https:\/\/larevistadigital.com.ar\/blog\/wp-json\/wp\/v2\/tags?post=43537"}],"curies":[{"name":"wp","href":"https:\/\/api.w.org\/{rel}","templated":true}]}}