{"id":43543,"date":"2026-01-22T15:19:05","date_gmt":"2026-01-22T18:19:05","guid":{"rendered":"https:\/\/larevistadigital.com.ar\/blog\/?p=43543"},"modified":"2026-01-22T15:19:05","modified_gmt":"2026-01-22T18:19:05","slug":"chascomus-trabajos-de-mantenimiento-en-caminos-y-accesos-a-la-ciudad","status":"publish","type":"post","link":"https:\/\/larevistadigital.com.ar\/blog\/chascomus-trabajos-de-mantenimiento-en-caminos-y-accesos-a-la-ciudad\/","title":{"rendered":"Chascom\u00fas: Trabajos de mantenimiento en caminos y accesos a la ciudad"},"content":{"rendered":"<h3 class=\"excerpt\">Estas acciones forman parte del mantenimiento peri\u00f3dico que se realiza en distintos puntos del distrito.<\/h3>\n<p>22 de enero de 2026<\/p>\n<div id=\"miDiv1\" class=\"text\">\n<p><strong>CHASCOM\u00daS &#8211;\u00a0<\/strong> \u00a0Personal municipal llev\u00f3 adelante durante la \u00faltima semana mantenimiento y reparaci\u00f3n en distintos caminos y accesos a la ciudad, con el objetivo de mejorar la transitabilidad y las condiciones de circulaci\u00f3n.<\/p>\n<blockquote>\n<h3>Las intervenciones incluyeron tareas con maquinaria en la calle Colombia, en el barrio La Esmeralda, donde se realizaron trabajos de nivelaci\u00f3n y acondicionamiento. En el sector cercano a la v\u00eda del ferrocarril, las cuadrillas avanzaron con labores de reparaci\u00f3n para optimizar el estado de la calzada.<\/h3>\n<\/blockquote>\n<p>Por otra parte, se efectuaron labores similares en el camino rural que conecta la avenida costanera Pedro Urruty con la ruta 20. All\u00ed tambi\u00e9n fueron cambiados tubos de alcantarilla que hab\u00edan sido da\u00f1ados por el paso de veh\u00edculos de gran peso.<\/p>\n<\/div>\n","protected":false},"excerpt":{"rendered":"<div class=\"mh-excerpt\"><p>Estas acciones forman parte del mantenimiento peri\u00f3dico que se realiza en distintos puntos del distrito. 22 de enero de 2026 CHASCOM\u00daS &#8211;\u00a0 \u00a0Personal municipal llev\u00f3 adelante durante la \u00faltima semana mantenimiento y reparaci\u00f3n en distintos <a class=\"mh-excerpt-more\" href=\"https:\/\/larevistadigital.com.ar\/blog\/chascomus-trabajos-de-mantenimiento-en-caminos-y-accesos-a-la-ciudad\/\" title=\"Chascom\u00fas: Trabajos de mantenimiento en caminos y accesos a la ciudad\">[Leer M\u00e1s]<\/a><\/p>\n<\/div>","protected":false},"author":3,"featured_media":43544,"comment_status":"open","ping_status":"open","sticky":false,"template":"","format":"standard","meta":{"_jetpack_memberships_contains_paid_content":false,"footnotes":"","jetpack_publicize_message":"","jetpack_publicize_feature_enabled":true,"jetpack_social_post_already_shared":true,"jetpack_social_options":{"image_generator_settings":{"template":"highway","default_image_id":0,"font":"","enabled":false},"version":2}},"categories":[6],"tags":[],"class_list":{"0":"post-43543","1":"post","2":"type-post","3":"status-publish","4":"format-standard","5":"has-post-thumbnail","7":"category-chascomus"},"jetpack_publicize_connections":[],"jetpack_featured_media_url":"https:\/\/i0.wp.com\/larevistadigital.com.ar\/blog\/wp-content\/uploads\/697264055593e.png?fit=668%2C445&ssl=1","jetpack_sharing_enabled":true,"jetpack_shortlink":"https:\/\/wp.me\/p8qtrQ-bkj","jetpack-related-posts":[{"id":43372,"url":"https:\/\/larevistadigital.com.ar\/blog\/tareas-de-mantenimiento-del-espacio-publico\/","url_meta":{"origin":43543,"position":0},"title":"Tareas de mantenimiento del espacio p\u00fablico","author":"Alejandro Sosa Ruda","date":"16 enero, 2026","format":false,"excerpt":"Personal municipal realiza de manera continua tareas de mantenimiento en distintos puntos de la ciudad La Municipalidad de Chascom\u00fas realiza diariamente trabajos de mantenimiento en distintos espacios de la ciudad, con el objetivo de mejorar los espacios p\u00fablicos y contribuir al embellecimiento de la ciudad. Tambi\u00e9n para el disfrute de\u2026","rel":"","context":"En \u00abCHASCOM\u00daS\u00bb","block_context":{"text":"CHASCOM\u00daS","link":"https:\/\/larevistadigital.com.ar\/blog\/category\/chascomus\/"},"img":{"alt_text":"","src":"https:\/\/i0.wp.com\/larevistadigital.com.ar\/blog\/wp-content\/uploads\/69691f8998bbe.png?fit=668%2C445&ssl=1&resize=350%2C200","width":350,"height":200,"srcset":"https:\/\/i0.wp.com\/larevistadigital.com.ar\/blog\/wp-content\/uploads\/69691f8998bbe.png?fit=668%2C445&ssl=1&resize=350%2C200 1x, https:\/\/i0.wp.com\/larevistadigital.com.ar\/blog\/wp-content\/uploads\/69691f8998bbe.png?fit=668%2C445&ssl=1&resize=525%2C300 1.5x"},"classes":[]},{"id":44160,"url":"https:\/\/larevistadigital.com.ar\/blog\/chascomus-vialidad-provincial-realizara-obras-de-reparacion-y-bacheo-en-accesos-a-la-ciudad\/","url_meta":{"origin":43543,"position":1},"title":"Chascom\u00fas: Vialidad Provincial realizar\u00e1 obras de reparaci\u00f3n y bacheo en accesos a la ciudad","author":"Alejandro Sosa Ruda","date":"24 febrero, 2026","format":false,"excerpt":"Los trabajos se iniciar\u00e1n este mi\u00e9rcoles en la ruta 58 y continuar\u00e1n en la avenida Juan Manuel de Rosas. 23 de febrero de 2026 CHASCOM\u00daS\u00a0 -\u00a0 \u00a0Vialidad Provincial realizar\u00e1 una obra integral de bacheo en la ruta provincial 58 (ex avenida Campa\u00f1as al Desierto) y en la avenida Juan Manuel\u2026","rel":"","context":"En \u00abCHASCOM\u00daS\u00bb","block_context":{"text":"CHASCOM\u00daS","link":"https:\/\/larevistadigital.com.ar\/blog\/category\/chascomus\/"},"img":{"alt_text":"","src":"https:\/\/i0.wp.com\/larevistadigital.com.ar\/blog\/wp-content\/uploads\/699dc912943a7.png?fit=668%2C445&ssl=1&resize=350%2C200","width":350,"height":200,"srcset":"https:\/\/i0.wp.com\/larevistadigital.com.ar\/blog\/wp-content\/uploads\/699dc912943a7.png?fit=668%2C445&ssl=1&resize=350%2C200 1x, https:\/\/i0.wp.com\/larevistadigital.com.ar\/blog\/wp-content\/uploads\/699dc912943a7.png?fit=668%2C445&ssl=1&resize=525%2C300 1.5x"},"classes":[]},{"id":43210,"url":"https:\/\/larevistadigital.com.ar\/blog\/chascomus-acondicionamiento-de-calles-en-el-barrio-san-cayetano\/","url_meta":{"origin":43543,"position":2},"title":"Chascom\u00fas: Acondicionamiento de calles en el barrio San Cayetano","author":"Alejandro Sosa Ruda","date":"7 enero, 2026","format":false,"excerpt":"Los trabajos se concentran en las calles Marcos Sastre, Pedro Boloqui, Miguel Can\u00e9, Ricardo G\u00fciraldes, Estanislao del Campo y Rocamora Dentro del Plan de Reacondicionamiento en la v\u00eda p\u00fablica, personal de la Secretar\u00eda de Obras, Servicios P\u00fablicos y Ambiente, se encuentra realizando diversos trabajos de zanjeo y perfilado de calles\u2026","rel":"","context":"En \u00abCHASCOM\u00daS\u00bb","block_context":{"text":"CHASCOM\u00daS","link":"https:\/\/larevistadigital.com.ar\/blog\/category\/chascomus\/"},"img":{"alt_text":"","src":"https:\/\/i0.wp.com\/larevistadigital.com.ar\/blog\/wp-content\/uploads\/695e8fe413048.png?fit=668%2C445&ssl=1&resize=350%2C200","width":350,"height":200,"srcset":"https:\/\/i0.wp.com\/larevistadigital.com.ar\/blog\/wp-content\/uploads\/695e8fe413048.png?fit=668%2C445&ssl=1&resize=350%2C200 1x, https:\/\/i0.wp.com\/larevistadigital.com.ar\/blog\/wp-content\/uploads\/695e8fe413048.png?fit=668%2C445&ssl=1&resize=525%2C300 1.5x"},"classes":[]},{"id":44632,"url":"https:\/\/larevistadigital.com.ar\/blog\/chascomus-mantenimiento-y-recuperacion-en-la-calle-tucuman\/","url_meta":{"origin":43543,"position":3},"title":"Chascom\u00fas:  Mantenimiento y recuperaci\u00f3n en la calle Tucum\u00e1n","author":"Alejandro Sosa Ruda","date":"20 marzo, 2026","format":false,"excerpt":"La Municipalidad realiza tareas de mejorado, alteo y zanjeo para mejorar la transitabilidad y el acceso a un importante sector de la ciudad. 20 De Marzo de 2026 CHASCOM\u00daS -\u00a0 \u00a0Esta semana se iniciaron trabajos de mantenimiento y recuperaci\u00f3n en la calle Tucum\u00e1n, con el objetivo de mejorar la circulaci\u00f3n\u2026","rel":"","context":"En \u00abCHASCOM\u00daS\u00bb","block_context":{"text":"CHASCOM\u00daS","link":"https:\/\/larevistadigital.com.ar\/blog\/category\/chascomus\/"},"img":{"alt_text":"","src":"https:\/\/i0.wp.com\/larevistadigital.com.ar\/blog\/wp-content\/uploads\/69bd87a251625.png?fit=668%2C445&ssl=1&resize=350%2C200","width":350,"height":200,"srcset":"https:\/\/i0.wp.com\/larevistadigital.com.ar\/blog\/wp-content\/uploads\/69bd87a251625.png?fit=668%2C445&ssl=1&resize=350%2C200 1x, https:\/\/i0.wp.com\/larevistadigital.com.ar\/blog\/wp-content\/uploads\/69bd87a251625.png?fit=668%2C445&ssl=1&resize=525%2C300 1.5x"},"classes":[]},{"id":43501,"url":"https:\/\/larevistadigital.com.ar\/blog\/chascomus-comenzaron-los-trabajos-de-acondicionamiento-de-calles-en-el-barrio-la-pampita\/","url_meta":{"origin":43543,"position":4},"title":"Chascom\u00fas: Comenzaron los trabajos de acondicionamiento de calles en el barrio La Pampita","author":"Alejandro Sosa Ruda","date":"20 enero, 2026","format":false,"excerpt":"Contin\u00faa el acondicionamiento de calles en distintos puntos de la ciudad. 20 de enero de 2026 CHASCOM\u00daS -\u00a0 \u00a0La Municipalidad de Chascom\u00fas avanza con los trabajos de acondicionamiento de calles en el barrio La Pampita, en una nueva etapa de la intervenci\u00f3n vial que busca mejorar la transitabilidad y las\u2026","rel":"","context":"En \u00abCHASCOM\u00daS\u00bb","block_context":{"text":"CHASCOM\u00daS","link":"https:\/\/larevistadigital.com.ar\/blog\/category\/chascomus\/"},"img":{"alt_text":"","src":"https:\/\/i0.wp.com\/larevistadigital.com.ar\/blog\/wp-content\/uploads\/696fc46dcaceb.png?fit=668%2C445&ssl=1&resize=350%2C200","width":350,"height":200,"srcset":"https:\/\/i0.wp.com\/larevistadigital.com.ar\/blog\/wp-content\/uploads\/696fc46dcaceb.png?fit=668%2C445&ssl=1&resize=350%2C200 1x, https:\/\/i0.wp.com\/larevistadigital.com.ar\/blog\/wp-content\/uploads\/696fc46dcaceb.png?fit=668%2C445&ssl=1&resize=525%2C300 1.5x"},"classes":[]},{"id":37231,"url":"https:\/\/larevistadigital.com.ar\/blog\/chascomus-mantenimiento-constante-de-las-camaras-de-seguridad\/","url_meta":{"origin":43543,"position":5},"title":"Chascom\u00fas: Mantenimiento constante de las c\u00e1maras de seguridad","author":"Alejandro Sosa Ruda","date":"13 septiembre, 2024","format":false,"excerpt":"Personal municipal lleva adelante tareas de mantenimiento para asegurar el correcto funcionamiento de las c\u00e1maras que cubren tanto el \u00e1rea urbana como la rural. 13 de Septiembre de 2024 CHASCOM\u00daS -\u00a0 La Municipalidad de Chascom\u00fas realiza un trabajo diario de mantenimiento en las c\u00e1maras de seguridad instaladas en distintos puntos\u2026","rel":"","context":"En \u00abCHASCOM\u00daS\u00bb","block_context":{"text":"CHASCOM\u00daS","link":"https:\/\/larevistadigital.com.ar\/blog\/category\/chascomus\/"},"img":{"alt_text":"","src":"https:\/\/i0.wp.com\/larevistadigital.com.ar\/blog\/wp-content\/uploads\/66e47c74e1850.png?fit=668%2C445&ssl=1&resize=350%2C200","width":350,"height":200,"srcset":"https:\/\/i0.wp.com\/larevistadigital.com.ar\/blog\/wp-content\/uploads\/66e47c74e1850.png?fit=668%2C445&ssl=1&resize=350%2C200 1x, https:\/\/i0.wp.com\/larevistadigital.com.ar\/blog\/wp-content\/uploads\/66e47c74e1850.png?fit=668%2C445&ssl=1&resize=525%2C300 1.5x"},"classes":[]}],"_links":{"self":[{"href":"https:\/\/larevistadigital.com.ar\/blog\/wp-json\/wp\/v2\/posts\/43543","targetHints":{"allow":["GET"]}}],"collection":[{"href":"https:\/\/larevistadigital.com.ar\/blog\/wp-json\/wp\/v2\/posts"}],"about":[{"href":"https:\/\/larevistadigital.com.ar\/blog\/wp-json\/wp\/v2\/types\/post"}],"author":[{"embeddable":true,"href":"https:\/\/larevistadigital.com.ar\/blog\/wp-json\/wp\/v2\/users\/3"}],"replies":[{"embeddable":true,"href":"https:\/\/larevistadigital.com.ar\/blog\/wp-json\/wp\/v2\/comments?post=43543"}],"version-history":[{"count":1,"href":"https:\/\/larevistadigital.com.ar\/blog\/wp-json\/wp\/v2\/posts\/43543\/revisions"}],"predecessor-version":[{"id":43545,"href":"https:\/\/larevistadigital.com.ar\/blog\/wp-json\/wp\/v2\/posts\/43543\/revisions\/43545"}],"wp:featuredmedia":[{"embeddable":true,"href":"https:\/\/larevistadigital.com.ar\/blog\/wp-json\/wp\/v2\/media\/43544"}],"wp:attachment":[{"href":"https:\/\/larevistadigital.com.ar\/blog\/wp-json\/wp\/v2\/media?parent=43543"}],"wp:term":[{"taxonomy":"category","embeddable":true,"href":"https:\/\/larevistadigital.com.ar\/blog\/wp-json\/wp\/v2\/categories?post=43543"},{"taxonomy":"post_tag","embeddable":true,"href":"https:\/\/larevistadigital.com.ar\/blog\/wp-json\/wp\/v2\/tags?post=43543"}],"curies":[{"name":"wp","href":"https:\/\/api.w.org\/{rel}","templated":true}]}}