{"id":43546,"date":"2026-01-22T15:21:53","date_gmt":"2026-01-22T18:21:53","guid":{"rendered":"https:\/\/larevistadigital.com.ar\/blog\/?p=43546"},"modified":"2026-01-22T15:21:53","modified_gmt":"2026-01-22T18:21:53","slug":"alerta-amarillo-por-ola-de-calor-en-la-region","status":"publish","type":"post","link":"https:\/\/larevistadigital.com.ar\/blog\/alerta-amarillo-por-ola-de-calor-en-la-region\/","title":{"rendered":"Alerta amarillo por ola de calor en la regi\u00f3n"},"content":{"rendered":"<h3 class=\"excerpt\">Se prev\u00e9n varios d\u00edas consecutivos con marcas superiores a los 32 grados, m\u00ednimas elevadas y escasas precipitaciones.<\/h3>\n<p>22 de enero de 2026<\/p>\n<div id=\"miDiv1\" class=\"text\">\n<p><strong>CHASCOM\u00daS &#8211;<\/strong>\u00a0 \u00a0El Servicio Meteorol\u00f3gico Nacional (SMN) emiti\u00f3 un alerta amarillo para los pr\u00f3ximos d\u00edas y advirti\u00f3 que las condiciones previstas podr\u00edan generar riesgos para la salud, especialmente en los grupos m\u00e1s vulnerables, debido a la persistencia del calor y la falta de lluvias.<\/p>\n<blockquote>\n<h3>De acuerdo al pron\u00f3stico, durante al menos los pr\u00f3ximos siete d\u00edas se registrar\u00edan temperaturas m\u00e1ximas superiores a los 32\u00b0 C, con m\u00ednimas elevadas, lo que incrementa la posibilidad de golpes de calor y otros inconvenientes asociados a la exposici\u00f3n prolongada al calor.<\/h3>\n<\/blockquote>\n<p>En ese sentido, se deben extremar los cuidados en las personas mayores, beb\u00e9s y ni\u00f1os, personas embarazadas o en per\u00edodo de lactancias, quienes padecen enfermedades cr\u00f3nicas o sobrepeso, trabajadores expuestos al calor y personas en situaci\u00f3n de calle. Asimismo, es importante garantizar que las mascotas y otros animales cuenten con agua fresca y espacios con sombra.<\/p>\n<p>Tambi\u00e9n se recomienda permanecer en ambientes ventilados o con climatizaci\u00f3n, mantener una hidrataci\u00f3n adecuada mediante el consumo frecuente de agua segura, aun cuando no se sienta sed; no consumir bebidas con cafe\u00edna, alcohol o con alto contenido de az\u00facar; incorporar frutas y verduras a la alimentaci\u00f3n; evitar comidas abundantes y reducir la realizaci\u00f3n de actividad f\u00edsica intensa.<\/p>\n<p>En el caso de beb\u00e9s y ni\u00f1os, se debe ofrecer l\u00edquidos de manera frecuente sin esperar a que los soliciten, vestirlos con ropa liviana, holgada y de colores claros, refrescar el cuerpo con ba\u00f1os o pa\u00f1os h\u00famedos, protegerlos del sol con gorro y protector solar, limitar la exposici\u00f3n solar entre las 10 y las 16 horas y procurar que permanezcan en ambientes bien ventilados o con aire acondicionado.<\/p>\n<blockquote>\n<h3>Es fundamental prestar atenci\u00f3n a signos de alerta como sed intensa, sequedad en la boca, temperatura corporal elevada, sudoraci\u00f3n excesiva, sensaci\u00f3n de calor sofocante, piel seca, agotamiento, mareos o desmayos, dolores de est\u00f3mago, falta de apetito, n\u00e1useas, v\u00f3mitos o dolores de cabeza.<\/h3>\n<\/blockquote>\n<p>En la v\u00eda p\u00fablica, minimizar la exposici\u00f3n directa al sol durante los horarios de mayor temperatura, especialmente en el caso de beb\u00e9s y ni\u00f1os peque\u00f1os, utilizar protecci\u00f3n solar y mantener una hidrataci\u00f3n constante con agua segura.<\/p>\n<p>Se aconseja conservar en la heladera y descartar cualquier alimento que haya perdido la cadena de fr\u00edo o presente cambios en su olor, color o textura. Tambi\u00e9n se recomienda desechar carnes, pollos, pescados, huevos, sobras y otros alimentos perecederos que hayan permanecido dos horas o m\u00e1s fuera del fr\u00edo. El agua debe mantenerse correctamente envasada, en recipientes limpios y cerrados, almacenados en lugares frescos y alejados de fuentes de calor.<\/p>\n<p>Finalmente, se recuerda la importancia de disfrutar de la laguna de manera segura, ingresando \u00fanicamente en los sectores habilitados y con presencia de guardavidas. La Municipalidad de Chascom\u00fas brinda este servicio en los principales puntos autorizados, entre ellos Puerto Aventura, Monolito, Costanera Espa\u00f1a y Mu\u00f1iz, Escalinatas del Muelle, Parador Mul\u00e9, Parador Coffate, Escalinatas San Jos\u00e9 y Parador Punta Norte, adem\u00e1s de un puesto m\u00f3vil.<\/p>\n<p>El servicio de guardavidas funciona de lunes a viernes de 13 a 19 horas, y los s\u00e1bados, domingos y feriados de 10 a 19 horas. Su labor se orienta a la prevenci\u00f3n de situaciones de riesgo, la asistencia ante emergencias y el respeto por las zonas de ba\u00f1o habilitadas, con el objetivo de garantizar un entorno seguro para toda la comunidad.<\/p>\n<\/div>\n","protected":false},"excerpt":{"rendered":"<div class=\"mh-excerpt\"><p>Se prev\u00e9n varios d\u00edas consecutivos con marcas superiores a los 32 grados, m\u00ednimas elevadas y escasas precipitaciones. 22 de enero de 2026 CHASCOM\u00daS &#8211;\u00a0 \u00a0El Servicio Meteorol\u00f3gico Nacional (SMN) emiti\u00f3 un alerta amarillo para los <a class=\"mh-excerpt-more\" href=\"https:\/\/larevistadigital.com.ar\/blog\/alerta-amarillo-por-ola-de-calor-en-la-region\/\" title=\"Alerta amarillo por ola de calor en la regi\u00f3n\">[Leer M\u00e1s]<\/a><\/p>\n<\/div>","protected":false},"author":3,"featured_media":43547,"comment_status":"open","ping_status":"open","sticky":false,"template":"","format":"standard","meta":{"_jetpack_memberships_contains_paid_content":false,"footnotes":"","jetpack_publicize_message":"","jetpack_publicize_feature_enabled":true,"jetpack_social_post_already_shared":true,"jetpack_social_options":{"image_generator_settings":{"template":"highway","default_image_id":0,"font":"","enabled":false},"version":2}},"categories":[51],"tags":[],"class_list":{"0":"post-43546","1":"post","2":"type-post","3":"status-publish","4":"format-standard","5":"has-post-thumbnail","7":"category-regionales"},"jetpack_publicize_connections":[],"jetpack_featured_media_url":"https:\/\/i0.wp.com\/larevistadigital.com.ar\/blog\/wp-content\/uploads\/69725d2b2bc8d.png?fit=668%2C445&ssl=1","jetpack_sharing_enabled":true,"jetpack_shortlink":"https:\/\/wp.me\/p8qtrQ-bkm","jetpack-related-posts":[{"id":30548,"url":"https:\/\/larevistadigital.com.ar\/blog\/calor-interminable-se-espera-otra-semana-con-temperaturas-sobre-los-34\/","url_meta":{"origin":43546,"position":0},"title":"\u00a1CALOR INTERMINABLE! SE ESPERA OTRA SEMANA CON TEMPERATURAS SOBRE LOS 34\u00b0","author":"Alejandro Sosa Ruda","date":"12 marzo, 2023","format":false,"excerpt":"Sigue el calor agobiante con temperaturas que llevan la t\u00e9rmica a 40\u00b0. 11 de marzo de 2023 Varios municipios bonaerenses siguen atravesando temperaturas extremas \u201cmuy peligrosas\u201d y de acuerdo al Servicio Meteorol\u00f3gico Nacional (SMN) en los pr\u00f3ximos siete d\u00edas el term\u00f3metro promediar\u00e1 los 34 grados de m\u00e1xima, con picos en\u2026","rel":"","context":"En \u00abINTERES GENERAL\u00bb","block_context":{"text":"INTERES GENERAL","link":"https:\/\/larevistadigital.com.ar\/blog\/category\/interes-general\/"},"img":{"alt_text":"","src":"https:\/\/i0.wp.com\/larevistadigital.com.ar\/blog\/wp-content\/uploads\/images-4.jpg?fit=800%2C448&ssl=1&resize=350%2C200","width":350,"height":200,"srcset":"https:\/\/i0.wp.com\/larevistadigital.com.ar\/blog\/wp-content\/uploads\/images-4.jpg?fit=800%2C448&ssl=1&resize=350%2C200 1x, https:\/\/i0.wp.com\/larevistadigital.com.ar\/blog\/wp-content\/uploads\/images-4.jpg?fit=800%2C448&ssl=1&resize=525%2C300 1.5x, https:\/\/i0.wp.com\/larevistadigital.com.ar\/blog\/wp-content\/uploads\/images-4.jpg?fit=800%2C448&ssl=1&resize=700%2C400 2x"},"classes":[]},{"id":23325,"url":"https:\/\/larevistadigital.com.ar\/blog\/como-cuidar-a-las-mascotas-de-los-golpes-de-calor\/","url_meta":{"origin":43546,"position":1},"title":"\u00bfCOMO CUIDAR A LAS MASCOTAS DE LOS GOLPES DE CALOR?","author":"Alejandro Sosa Ruda","date":"12 enero, 2022","format":false,"excerpt":"Ante las altas temperaturas previstas para los pr\u00f3ximos d\u00edas, veterinarios brindaron recomendaciones para prevenir que nuestras mascotas sufran un golpe de calor. El Colegio de Veterinarios de la Provincia de Buenos Aires (CVPBA) difundi\u00f3 una serie de recomendaciones para que las mascotas no sufran un golpe de calor durante esta\u2026","rel":"","context":"En \u00abINTERES GENERAL\u00bb","block_context":{"text":"INTERES GENERAL","link":"https:\/\/larevistadigital.com.ar\/blog\/category\/interes-general\/"},"img":{"alt_text":"","src":"https:\/\/i0.wp.com\/larevistadigital.com.ar\/blog\/wp-content\/uploads\/20220111135434_calor.jpg?fit=880%2C512&ssl=1&resize=350%2C200","width":350,"height":200,"srcset":"https:\/\/i0.wp.com\/larevistadigital.com.ar\/blog\/wp-content\/uploads\/20220111135434_calor.jpg?fit=880%2C512&ssl=1&resize=350%2C200 1x, https:\/\/i0.wp.com\/larevistadigital.com.ar\/blog\/wp-content\/uploads\/20220111135434_calor.jpg?fit=880%2C512&ssl=1&resize=525%2C300 1.5x, https:\/\/i0.wp.com\/larevistadigital.com.ar\/blog\/wp-content\/uploads\/20220111135434_calor.jpg?fit=880%2C512&ssl=1&resize=700%2C400 2x"},"classes":[]},{"id":29239,"url":"https:\/\/larevistadigital.com.ar\/blog\/se-vienen-olas-de-calor-como-cuidarnos-de-algo-que-puede-ser-muy-peligroso\/","url_meta":{"origin":43546,"position":2},"title":"SE VIENEN OLAS DE CALOR: C\u00d3MO CUIDARNOS DE ALGO QUE PUEDE SER MUY PELIGROSO","author":"Alejandro Sosa Ruda","date":"3 diciembre, 2022","format":false,"excerpt":"El Servicio Meteorol\u00f3gico Nacional emiti\u00f3 alertas por altas temperaturas en todo el pa\u00eds para esta semana. Qu\u00e9 hacer y que no. 03 de diciembre de 2022 Se aproxima una ola de calor agobiante esta semana en todo el territorio nacional y el Servicio Meteorol\u00f3gico ya advirti\u00f3 por las altas temperaturas\u2026","rel":"","context":"En \u00abINTERES GENERAL\u00bb","block_context":{"text":"INTERES GENERAL","link":"https:\/\/larevistadigital.com.ar\/blog\/category\/interes-general\/"},"img":{"alt_text":"","src":"https:\/\/i0.wp.com\/larevistadigital.com.ar\/blog\/wp-content\/uploads\/altas-temperaturas-655x368-1.jpg?fit=800%2C449&ssl=1&resize=350%2C200","width":350,"height":200,"srcset":"https:\/\/i0.wp.com\/larevistadigital.com.ar\/blog\/wp-content\/uploads\/altas-temperaturas-655x368-1.jpg?fit=800%2C449&ssl=1&resize=350%2C200 1x, https:\/\/i0.wp.com\/larevistadigital.com.ar\/blog\/wp-content\/uploads\/altas-temperaturas-655x368-1.jpg?fit=800%2C449&ssl=1&resize=525%2C300 1.5x, https:\/\/i0.wp.com\/larevistadigital.com.ar\/blog\/wp-content\/uploads\/altas-temperaturas-655x368-1.jpg?fit=800%2C449&ssl=1&resize=700%2C400 2x"},"classes":[]},{"id":35139,"url":"https:\/\/larevistadigital.com.ar\/blog\/se-inicia-una-semana-con-altas-temperaturas-recomendaciones-para-cuidarnos\/","url_meta":{"origin":43546,"position":3},"title":"SE INICIA UNA SEMANA CON ALTAS TEMPERATURAS, RECOMENDACIONES PARA CUIDARNOS","author":"Alejandro Sosa Ruda","date":"29 enero, 2024","format":false,"excerpt":"Desde el Servicio Meteorol\u00f3gico Nacional y otros organismos se recomiendan cuidados a tener en cuenta por las altas temperaturas que se avecinan. 29 de enero de 2023 BUENOS AIRES -\u00a0 Seg\u00fan las previsiones del Servicio Meteorol\u00f3gico Nacional, se inicia una semana caracterizada por elevadas temperaturas que afectar\u00e1n a toda la\u2026","rel":"","context":"En \u00abINTERES GENERAL\u00bb","block_context":{"text":"INTERES GENERAL","link":"https:\/\/larevistadigital.com.ar\/blog\/category\/interes-general\/"},"img":{"alt_text":"","src":"https:\/\/i0.wp.com\/larevistadigital.com.ar\/blog\/wp-content\/uploads\/51cf31f7-a68a-4436-b55e-500a3e387dc4.jpg?fit=1024%2C1024&ssl=1&resize=350%2C200","width":350,"height":200,"srcset":"https:\/\/i0.wp.com\/larevistadigital.com.ar\/blog\/wp-content\/uploads\/51cf31f7-a68a-4436-b55e-500a3e387dc4.jpg?fit=1024%2C1024&ssl=1&resize=350%2C200 1x, https:\/\/i0.wp.com\/larevistadigital.com.ar\/blog\/wp-content\/uploads\/51cf31f7-a68a-4436-b55e-500a3e387dc4.jpg?fit=1024%2C1024&ssl=1&resize=525%2C300 1.5x, https:\/\/i0.wp.com\/larevistadigital.com.ar\/blog\/wp-content\/uploads\/51cf31f7-a68a-4436-b55e-500a3e387dc4.jpg?fit=1024%2C1024&ssl=1&resize=700%2C400 2x"},"classes":[]},{"id":31926,"url":"https:\/\/larevistadigital.com.ar\/blog\/atencion-emitieron-una-alerta-amarilla-por-bajas-temperaturas-en-la-provincia-de-buenos-aires\/","url_meta":{"origin":43546,"position":4},"title":"ATENCI\u00d3N: EMITIERON UNA ALERTA AMARILLA POR BAJAS TEMPERATURAS EN LA PROVINCIA DE BUENOS AIRES","author":"Alejandro Sosa Ruda","date":"12 junio, 2023","format":false,"excerpt":"Se prev\u00e9 que haya temperaturas por debajo de cero. 11 de junio de 2023 BUENOS AIRES -\u00a0 El Servicio Meteorol\u00f3gico Nacional (SMN) ha emitido una alerta por bajas temperaturas extremas que abarca casi todo el territorio bonaerense. Seg\u00fan la advertencia del organismo, clasificada como nivel amarillo, las bajas temperaturas extremas\u2026","rel":"","context":"En \u00abINTERES GENERAL\u00bb","block_context":{"text":"INTERES GENERAL","link":"https:\/\/larevistadigital.com.ar\/blog\/category\/interes-general\/"},"img":{"alt_text":"","src":"https:\/\/i0.wp.com\/larevistadigital.com.ar\/blog\/wp-content\/uploads\/image-242.png?fit=800%2C450&ssl=1&resize=350%2C200","width":350,"height":200,"srcset":"https:\/\/i0.wp.com\/larevistadigital.com.ar\/blog\/wp-content\/uploads\/image-242.png?fit=800%2C450&ssl=1&resize=350%2C200 1x, https:\/\/i0.wp.com\/larevistadigital.com.ar\/blog\/wp-content\/uploads\/image-242.png?fit=800%2C450&ssl=1&resize=525%2C300 1.5x, https:\/\/i0.wp.com\/larevistadigital.com.ar\/blog\/wp-content\/uploads\/image-242.png?fit=800%2C450&ssl=1&resize=700%2C400 2x"},"classes":[]},{"id":39942,"url":"https:\/\/larevistadigital.com.ar\/blog\/ola-polar-en-chascomus-recomendaciones-del-municipio\/","url_meta":{"origin":43546,"position":5},"title":"Ola polar en Chascom\u00fas: Recomendaciones del Municipio","author":"Alejandro Sosa Ruda","date":"30 mayo, 2025","format":false,"excerpt":"Tras las intensas lluvias y tal como anunciara el pron\u00f3stico se siente el brusco descenso de las temperaturas en la ciudad. 30 de Mayo CHASCOM\u00daS\u00a0 -\u00a0 \u00a0Lleg\u00f3 y se siente la ola polar en la ciudad con m\u00ednimas y m\u00e1ximas que pendulan entre los 0 y los 15 grados. El\u2026","rel":"","context":"En \u00abCHASCOM\u00daS\u00bb","block_context":{"text":"CHASCOM\u00daS","link":"https:\/\/larevistadigital.com.ar\/blog\/category\/chascomus\/"},"img":{"alt_text":"","src":"https:\/\/i0.wp.com\/larevistadigital.com.ar\/blog\/wp-content\/uploads\/ChatGPT-Image-30-may-2025-08_13_15-p.m.png?fit=1024%2C1024&ssl=1&resize=350%2C200","width":350,"height":200,"srcset":"https:\/\/i0.wp.com\/larevistadigital.com.ar\/blog\/wp-content\/uploads\/ChatGPT-Image-30-may-2025-08_13_15-p.m.png?fit=1024%2C1024&ssl=1&resize=350%2C200 1x, https:\/\/i0.wp.com\/larevistadigital.com.ar\/blog\/wp-content\/uploads\/ChatGPT-Image-30-may-2025-08_13_15-p.m.png?fit=1024%2C1024&ssl=1&resize=525%2C300 1.5x, https:\/\/i0.wp.com\/larevistadigital.com.ar\/blog\/wp-content\/uploads\/ChatGPT-Image-30-may-2025-08_13_15-p.m.png?fit=1024%2C1024&ssl=1&resize=700%2C400 2x"},"classes":[]}],"_links":{"self":[{"href":"https:\/\/larevistadigital.com.ar\/blog\/wp-json\/wp\/v2\/posts\/43546","targetHints":{"allow":["GET"]}}],"collection":[{"href":"https:\/\/larevistadigital.com.ar\/blog\/wp-json\/wp\/v2\/posts"}],"about":[{"href":"https:\/\/larevistadigital.com.ar\/blog\/wp-json\/wp\/v2\/types\/post"}],"author":[{"embeddable":true,"href":"https:\/\/larevistadigital.com.ar\/blog\/wp-json\/wp\/v2\/users\/3"}],"replies":[{"embeddable":true,"href":"https:\/\/larevistadigital.com.ar\/blog\/wp-json\/wp\/v2\/comments?post=43546"}],"version-history":[{"count":1,"href":"https:\/\/larevistadigital.com.ar\/blog\/wp-json\/wp\/v2\/posts\/43546\/revisions"}],"predecessor-version":[{"id":43548,"href":"https:\/\/larevistadigital.com.ar\/blog\/wp-json\/wp\/v2\/posts\/43546\/revisions\/43548"}],"wp:featuredmedia":[{"embeddable":true,"href":"https:\/\/larevistadigital.com.ar\/blog\/wp-json\/wp\/v2\/media\/43547"}],"wp:attachment":[{"href":"https:\/\/larevistadigital.com.ar\/blog\/wp-json\/wp\/v2\/media?parent=43546"}],"wp:term":[{"taxonomy":"category","embeddable":true,"href":"https:\/\/larevistadigital.com.ar\/blog\/wp-json\/wp\/v2\/categories?post=43546"},{"taxonomy":"post_tag","embeddable":true,"href":"https:\/\/larevistadigital.com.ar\/blog\/wp-json\/wp\/v2\/tags?post=43546"}],"curies":[{"name":"wp","href":"https:\/\/api.w.org\/{rel}","templated":true}]}}