{"id":43549,"date":"2026-01-22T15:27:54","date_gmt":"2026-01-22T18:27:54","guid":{"rendered":"https:\/\/larevistadigital.com.ar\/blog\/?p=43549"},"modified":"2026-01-22T15:27:54","modified_gmt":"2026-01-22T18:27:54","slug":"operativos-en-pinamar-casi-14-mil-vehiculos-controlados-y-200-infractores","status":"publish","type":"post","link":"https:\/\/larevistadigital.com.ar\/blog\/operativos-en-pinamar-casi-14-mil-vehiculos-controlados-y-200-infractores\/","title":{"rendered":"Operativos en Pinamar: casi 14 mil veh\u00edculos controlados y 200 infractores"},"content":{"rendered":"<p><a href=\"https:\/\/noticiasargentinas.com\/\"><strong>Buenos Aires, 22 enero (NA)\u00a0<\/strong><\/a>&#8212; La Agencia Nacional de Seguridad Vial (ANSV) realiz\u00f3 operativos en\u00a0<strong>Pinamar<\/strong>, en la zona de La Frontera y accesos a la ciudad, donde logr\u00f3\u00a0<strong>controlar cerca de 14 mil veh\u00edculos y detectar m\u00e1s de 200 conductores irresponsables.<\/strong><\/p>\n<blockquote><p>A trav\u00e9s de tareas de fiscalizaci\u00f3n, la ANSV detect\u00f3 en Pinamar\u00a0<strong>alcoholemias positivas, falta de documentaci\u00f3n y veh\u00edculos sin patentes o adulteradas<\/strong>\u00a0luego de concretar, hasta el momento,<strong>\u00a013.800 controles y labrar 207 infracciones.<\/strong><\/p><\/blockquote>\n<p title=\"__IP__\" data-ipspy=\"__IP__\">Fuentes del organismo le confirmaron a la<a href=\"https:\/\/es.wikipedia.org\/wiki\/Noticias_Argentinas\" target=\"_blank\" rel=\"noopener nofollow\">\u00a0<strong>Agencia Noticias Argentinas\u00a0<\/strong><\/a>que, del total,\u00a0<strong>79 fueron por alcoholemia positiva<\/strong>, (con registros m\u00e1ximos de 1,93 y 1,91 g\/l),\u00a0<strong>40 por falta de documentaci\u00f3n obligatoria<\/strong>\u00a0y\u00a0<strong>13 veh\u00edculos sin patentes adulteradas.<\/strong><\/p>\n<p>Las autoridades explicaron que, en estos controles, que se realizan en coordinaci\u00f3n con la provincia de Buenos Aires y el municipio de Pinamar,\u00a0<em><strong>\u201cse fiscalizan todo tipo de veh\u00edculos e incluyen verificaci\u00f3n de documentaci\u00f3n, condiciones de circulaci\u00f3n y pruebas de alcoholemia a los conductores\u201d.<\/strong><\/em><\/p>\n<p>En medio de un escenario de alerta y enojo por el descontrol en la zona de La Olla, se indic\u00f3 que, conducir de manera temeraria o irresponsable,\u00a0<em><strong>\u201cgenera un riesgo concreto e inmediato y las consecuencias pueden ser graves\u201d<\/strong><\/em>, motivo por el cual decidieron llevar a cabo estos procedimientos.<\/p>\n<p>Fuente e imagen: NA<\/p>\n","protected":false},"excerpt":{"rendered":"<div class=\"mh-excerpt\"><p>Buenos Aires, 22 enero (NA)\u00a0&#8212; La Agencia Nacional de Seguridad Vial (ANSV) realiz\u00f3 operativos en\u00a0Pinamar, en la zona de La Frontera y accesos a la ciudad, donde logr\u00f3\u00a0controlar cerca de 14 mil veh\u00edculos y detectar <a class=\"mh-excerpt-more\" href=\"https:\/\/larevistadigital.com.ar\/blog\/operativos-en-pinamar-casi-14-mil-vehiculos-controlados-y-200-infractores\/\" title=\"Operativos en Pinamar: casi 14 mil veh\u00edculos controlados y 200 infractores\">[Leer M\u00e1s]<\/a><\/p>\n<\/div>","protected":false},"author":3,"featured_media":43550,"comment_status":"open","ping_status":"open","sticky":false,"template":"","format":"standard","meta":{"_jetpack_memberships_contains_paid_content":false,"footnotes":"","jetpack_publicize_message":"","jetpack_publicize_feature_enabled":true,"jetpack_social_post_already_shared":true,"jetpack_social_options":{"image_generator_settings":{"template":"highway","default_image_id":0,"font":"","enabled":false},"version":2}},"categories":[44,51],"tags":[],"class_list":{"0":"post-43549","1":"post","2":"type-post","3":"status-publish","4":"format-standard","5":"has-post-thumbnail","7":"category-policiales","8":"category-regionales"},"jetpack_publicize_connections":[],"jetpack_featured_media_url":"https:\/\/i0.wp.com\/larevistadigital.com.ar\/blog\/wp-content\/uploads\/Captura-de-pantalla-2026-01-22-152511.jpg?fit=644%2C474&ssl=1","jetpack_sharing_enabled":true,"jetpack_shortlink":"https:\/\/wp.me\/p8qtrQ-bkp","jetpack-related-posts":[{"id":43444,"url":"https:\/\/larevistadigital.com.ar\/blog\/sancionaron-a-casi-mil-conductores-por-alcoholemia-positiva-en-la-primera-quincena-de-enero\/","url_meta":{"origin":43549,"position":0},"title":"Sancionaron a casi mil conductores por alcoholemia positiva en la primera quincena de enero","author":"Alejandro Sosa Ruda","date":"19 enero, 2026","format":false,"excerpt":"La Agencia Nacional de Seguridad Vial detect\u00f3 966 casos en operativos desplegados en rutas y accesos tur\u00edsticos de todo el pa\u00eds, tras controlar m\u00e1s de 230 mil veh\u00edculos durante la temporada de verano. 19 de enero de 2026 Durante la primera quincena de enero, la Agencia Nacional de Seguridad Vial\u2026","rel":"","context":"En \u00abINTERES GENERAL\u00bb","block_context":{"text":"INTERES GENERAL","link":"https:\/\/larevistadigital.com.ar\/blog\/category\/interes-general\/"},"img":{"alt_text":"","src":"https:\/\/i0.wp.com\/larevistadigital.com.ar\/blog\/wp-content\/uploads\/Captura-de-pantalla-2026-01-19-110432.jpg?fit=803%2C450&ssl=1&resize=350%2C200","width":350,"height":200,"srcset":"https:\/\/i0.wp.com\/larevistadigital.com.ar\/blog\/wp-content\/uploads\/Captura-de-pantalla-2026-01-19-110432.jpg?fit=803%2C450&ssl=1&resize=350%2C200 1x, https:\/\/i0.wp.com\/larevistadigital.com.ar\/blog\/wp-content\/uploads\/Captura-de-pantalla-2026-01-19-110432.jpg?fit=803%2C450&ssl=1&resize=525%2C300 1.5x, https:\/\/i0.wp.com\/larevistadigital.com.ar\/blog\/wp-content\/uploads\/Captura-de-pantalla-2026-01-19-110432.jpg?fit=803%2C450&ssl=1&resize=700%2C400 2x"},"classes":[]},{"id":43799,"url":"https:\/\/larevistadigital.com.ar\/blog\/intereses-turisticos-politicos-vs-vidas-humanas-el-respaldo-del-pro-que-enciende-la-polemica-en-pinamar\/","url_meta":{"origin":43549,"position":1},"title":"Intereses tur\u00edsticos\/pol\u00edticos vs. vidas humanas: el respaldo del PRO que enciende la pol\u00e9mica en Pinamar","author":"Alejandro Sosa Ruda","date":"5 febrero, 2026","format":false,"excerpt":"La fuerza provincial apoy\u00f3 la apelaci\u00f3n de Juan Ibarguren contra la prohibici\u00f3n judicial de actividades con veh\u00edculos en los m\u00e9danos, una zona marcada por tragedias reiteradas. 05 de febrero de 2026 Pinamar.- BUENOS AIRES -\u00a0 \u00a0 El PRO de la provincia de Buenos Aires expres\u00f3 su respaldo al intendente de\u2026","rel":"","context":"En \u00abPOLITICA PROVINCIAL\u00bb","block_context":{"text":"POLITICA PROVINCIAL","link":"https:\/\/larevistadigital.com.ar\/blog\/category\/politica\/politica-provincial\/"},"img":{"alt_text":"","src":"https:\/\/i0.wp.com\/larevistadigital.com.ar\/blog\/wp-content\/uploads\/Captura-de-pantalla-2026-02-05-151532.jpg?fit=1085%2C521&ssl=1&resize=350%2C200","width":350,"height":200,"srcset":"https:\/\/i0.wp.com\/larevistadigital.com.ar\/blog\/wp-content\/uploads\/Captura-de-pantalla-2026-02-05-151532.jpg?fit=1085%2C521&ssl=1&resize=350%2C200 1x, https:\/\/i0.wp.com\/larevistadigital.com.ar\/blog\/wp-content\/uploads\/Captura-de-pantalla-2026-02-05-151532.jpg?fit=1085%2C521&ssl=1&resize=525%2C300 1.5x, https:\/\/i0.wp.com\/larevistadigital.com.ar\/blog\/wp-content\/uploads\/Captura-de-pantalla-2026-02-05-151532.jpg?fit=1085%2C521&ssl=1&resize=700%2C400 2x, https:\/\/i0.wp.com\/larevistadigital.com.ar\/blog\/wp-content\/uploads\/Captura-de-pantalla-2026-02-05-151532.jpg?fit=1085%2C521&ssl=1&resize=1050%2C600 3x"},"classes":[]},{"id":7747,"url":"https:\/\/larevistadigital.com.ar\/blog\/chascomus-se-endurecen-los-operativos-de-transito-en-toda-la-ciudad\/","url_meta":{"origin":43549,"position":2},"title":"CHASCOM\u00daS: SE ENDURECEN LOS OPERATIVOS DE TR\u00c1NSITO EN TODA LA CIUDAD","author":"Alejandro Sosa Ruda","date":"12 enero, 2019","format":false,"excerpt":"Se inform\u00f3 que en los operativos se solicitar\u00e1 entre otras cosas VTV vigente, y tanto el conductor como los acompa\u00f1antes deben tener el cintur\u00f3n de seguridad colocado. Recordamos que tambi\u00e9n se hacen importantes multas por el uso del celular mientras se conduce. Inform\u00f3 la Secretar\u00eda de Seguridad Ciudadana de Chascom\u00fas\u00a0\u2026","rel":"","context":"En \u00abCHASCOM\u00daS\u00bb","block_context":{"text":"CHASCOM\u00daS","link":"https:\/\/larevistadigital.com.ar\/blog\/category\/chascomus\/"},"img":{"alt_text":"","src":"https:\/\/i0.wp.com\/larevistadigital.com.ar\/blog\/wp-content\/uploads\/2019\/01\/operativos-_23denoviembrede2018_elfuerte.jpg?fit=737%2C415&ssl=1&resize=350%2C200","width":350,"height":200,"srcset":"https:\/\/i0.wp.com\/larevistadigital.com.ar\/blog\/wp-content\/uploads\/2019\/01\/operativos-_23denoviembrede2018_elfuerte.jpg?fit=737%2C415&ssl=1&resize=350%2C200 1x, https:\/\/i0.wp.com\/larevistadigital.com.ar\/blog\/wp-content\/uploads\/2019\/01\/operativos-_23denoviembrede2018_elfuerte.jpg?fit=737%2C415&ssl=1&resize=525%2C300 1.5x, https:\/\/i0.wp.com\/larevistadigital.com.ar\/blog\/wp-content\/uploads\/2019\/01\/operativos-_23denoviembrede2018_elfuerte.jpg?fit=737%2C415&ssl=1&resize=700%2C400 2x"},"classes":[]},{"id":723,"url":"https:\/\/larevistadigital.com.ar\/blog\/castelli-22-motos-secuestradas-tras-operativos-cerrojos\/","url_meta":{"origin":43549,"position":3},"title":"CASTELLI: 22 MOTOS SECUESTRADAS TRAS OPERATIVOS CERROJOS","author":"editor","date":"8 marzo, 2017","format":false,"excerpt":"El d\u00eda viernes 3 de Marzo el personal de la Polic\u00eda local a cargo del subcomisario Claudio \u00d3scar Tejeda en forma conjunta con los inspectores de transito de la secretar\u00eda de seguridad y personal de la polic\u00eda comunal, realizaron operativos vehiculares selectivos en toda la planta urbana. Contando en la\u2026","rel":"","context":"En \u00abCASTELLI\u00bb","block_context":{"text":"CASTELLI","link":"https:\/\/larevistadigital.com.ar\/blog\/category\/castelli\/"},"img":{"alt_text":"","src":"https:\/\/i0.wp.com\/larevistadigital.com.ar\/blog\/wp-content\/uploads\/2017\/03\/16106605_556405784543756_1167162023_o-700x394.jpg?fit=700%2C394&ssl=1&resize=350%2C200","width":350,"height":200,"srcset":"https:\/\/i0.wp.com\/larevistadigital.com.ar\/blog\/wp-content\/uploads\/2017\/03\/16106605_556405784543756_1167162023_o-700x394.jpg?fit=700%2C394&ssl=1&resize=350%2C200 1x, https:\/\/i0.wp.com\/larevistadigital.com.ar\/blog\/wp-content\/uploads\/2017\/03\/16106605_556405784543756_1167162023_o-700x394.jpg?fit=700%2C394&ssl=1&resize=525%2C300 1.5x, https:\/\/i0.wp.com\/larevistadigital.com.ar\/blog\/wp-content\/uploads\/2017\/03\/16106605_556405784543756_1167162023_o-700x394.jpg?fit=700%2C394&ssl=1&resize=700%2C400 2x"},"classes":[]},{"id":43700,"url":"https:\/\/larevistadigital.com.ar\/blog\/por-fin-prohiben-la-circulacion-de-vehiculos-4x4-y-cuatriciclos-en-los-medanos-de-pinamar\/","url_meta":{"origin":43549,"position":4},"title":"Por fin!&#8230; Proh\u00edben la circulaci\u00f3n de veh\u00edculos 4\u00d74 y cuatriciclos en los m\u00e9danos de Pinamar","author":"Alejandro Sosa Ruda","date":"2 febrero, 2026","format":false,"excerpt":"El Juzgado Civil y Comercial N\u00b0 4 de Dolores dict\u00f3 una medida cautelar que proh\u00edbe toda actividad con veh\u00edculos 4\u00d74, UTV, cuatriciclos y motos en la zona de m\u00e9danos costeros del Partido de Pinamar, conocida como \u201cLa Frontera\u201d, incluido el sector denominado \u201cLa Olla\u201d. 02 de enero de 2026 PINAMAR\u2026","rel":"","context":"En \u00abREGIONALES\u00bb","block_context":{"text":"REGIONALES","link":"https:\/\/larevistadigital.com.ar\/blog\/category\/regionales\/"},"img":{"alt_text":"","src":"https:\/\/i0.wp.com\/larevistadigital.com.ar\/blog\/wp-content\/uploads\/Captura-de-pantalla-2026-02-02-000737.jpg?fit=715%2C455&ssl=1&resize=350%2C200","width":350,"height":200,"srcset":"https:\/\/i0.wp.com\/larevistadigital.com.ar\/blog\/wp-content\/uploads\/Captura-de-pantalla-2026-02-02-000737.jpg?fit=715%2C455&ssl=1&resize=350%2C200 1x, https:\/\/i0.wp.com\/larevistadigital.com.ar\/blog\/wp-content\/uploads\/Captura-de-pantalla-2026-02-02-000737.jpg?fit=715%2C455&ssl=1&resize=525%2C300 1.5x, https:\/\/i0.wp.com\/larevistadigital.com.ar\/blog\/wp-content\/uploads\/Captura-de-pantalla-2026-02-02-000737.jpg?fit=715%2C455&ssl=1&resize=700%2C400 2x"},"classes":[]},{"id":26013,"url":"https:\/\/larevistadigital.com.ar\/blog\/se-infracciono-durante-el-fin-de-semana-largo-a-40-banquineros-con-multas-de-hasta-123-400\/","url_meta":{"origin":43549,"position":5},"title":"SE INFRACCION\u00d3 DURANTE EL FIN DE SEMANA LARGO A 40 BANQUINEROS CON MULTAS DE HASTA $123.400.-","author":"Alejandro Sosa Ruda","date":"21 junio, 2022","format":false,"excerpt":"El operativo vial se realiz\u00f3 en las rutas rumbo a la Costa Atl\u00e1ntica. Destacaron que hubo una importante merma en el n\u00famero de infractores. La\u00a0Agencia Nacional de Seguridad Vial\u00a0(ANSV) mont\u00f3 un importante operativo de control y detect\u00f3 entre el jueves y el lunes\u00a0un total de 40 conductores\u00a0que transitaban por las\u2026","rel":"","context":"En \u00abDESTACADAS\u00bb","block_context":{"text":"DESTACADAS","link":"https:\/\/larevistadigital.com.ar\/blog\/category\/destacadas\/"},"img":{"alt_text":"","src":"https:\/\/i0.wp.com\/larevistadigital.com.ar\/blog\/wp-content\/uploads\/628dfade0934897d2b6c9b3b2591638eb0fbf31f.jpg?fit=1140%2C599&ssl=1&resize=350%2C200","width":350,"height":200,"srcset":"https:\/\/i0.wp.com\/larevistadigital.com.ar\/blog\/wp-content\/uploads\/628dfade0934897d2b6c9b3b2591638eb0fbf31f.jpg?fit=1140%2C599&ssl=1&resize=350%2C200 1x, https:\/\/i0.wp.com\/larevistadigital.com.ar\/blog\/wp-content\/uploads\/628dfade0934897d2b6c9b3b2591638eb0fbf31f.jpg?fit=1140%2C599&ssl=1&resize=525%2C300 1.5x, https:\/\/i0.wp.com\/larevistadigital.com.ar\/blog\/wp-content\/uploads\/628dfade0934897d2b6c9b3b2591638eb0fbf31f.jpg?fit=1140%2C599&ssl=1&resize=700%2C400 2x, https:\/\/i0.wp.com\/larevistadigital.com.ar\/blog\/wp-content\/uploads\/628dfade0934897d2b6c9b3b2591638eb0fbf31f.jpg?fit=1140%2C599&ssl=1&resize=1050%2C600 3x"},"classes":[]}],"_links":{"self":[{"href":"https:\/\/larevistadigital.com.ar\/blog\/wp-json\/wp\/v2\/posts\/43549","targetHints":{"allow":["GET"]}}],"collection":[{"href":"https:\/\/larevistadigital.com.ar\/blog\/wp-json\/wp\/v2\/posts"}],"about":[{"href":"https:\/\/larevistadigital.com.ar\/blog\/wp-json\/wp\/v2\/types\/post"}],"author":[{"embeddable":true,"href":"https:\/\/larevistadigital.com.ar\/blog\/wp-json\/wp\/v2\/users\/3"}],"replies":[{"embeddable":true,"href":"https:\/\/larevistadigital.com.ar\/blog\/wp-json\/wp\/v2\/comments?post=43549"}],"version-history":[{"count":1,"href":"https:\/\/larevistadigital.com.ar\/blog\/wp-json\/wp\/v2\/posts\/43549\/revisions"}],"predecessor-version":[{"id":43551,"href":"https:\/\/larevistadigital.com.ar\/blog\/wp-json\/wp\/v2\/posts\/43549\/revisions\/43551"}],"wp:featuredmedia":[{"embeddable":true,"href":"https:\/\/larevistadigital.com.ar\/blog\/wp-json\/wp\/v2\/media\/43550"}],"wp:attachment":[{"href":"https:\/\/larevistadigital.com.ar\/blog\/wp-json\/wp\/v2\/media?parent=43549"}],"wp:term":[{"taxonomy":"category","embeddable":true,"href":"https:\/\/larevistadigital.com.ar\/blog\/wp-json\/wp\/v2\/categories?post=43549"},{"taxonomy":"post_tag","embeddable":true,"href":"https:\/\/larevistadigital.com.ar\/blog\/wp-json\/wp\/v2\/tags?post=43549"}],"curies":[{"name":"wp","href":"https:\/\/api.w.org\/{rel}","templated":true}]}}