{"id":43552,"date":"2026-01-22T15:43:47","date_gmt":"2026-01-22T18:43:47","guid":{"rendered":"https:\/\/larevistadigital.com.ar\/blog\/?p=43552"},"modified":"2026-01-22T15:43:47","modified_gmt":"2026-01-22T18:43:47","slug":"escuela-rural-de-pila-suma-energia-solar-y-se-orienta-la-modelo-autosustentable","status":"publish","type":"post","link":"https:\/\/larevistadigital.com.ar\/blog\/escuela-rural-de-pila-suma-energia-solar-y-se-orienta-la-modelo-autosustentable\/","title":{"rendered":"Escuela rural de Pila suma energ\u00eda solar y se orienta la modelo autosustentable"},"content":{"rendered":"<h3 class=\"arial ctext fz16 lh22\">Con apoyo de la Provincia, la Escuela N\u00b0 9 de Hinojales puso en marcha un sistema autosustentable con paneles solares, conectividad y recursos educativos que fortalecen la educaci\u00f3n p\u00fablica y el cuidado del ambiente.<\/h3>\n<p>22 de enero de 2026<\/p>\n<p>La\u00a0<strong>Escuela Primaria N\u00b0 9<\/strong>\u00a0de\u00a0<strong>Hinojales<\/strong>, en el partido de\u00a0<strong>Pila<\/strong>, puso en funcionamiento un sistema autosustentable que incorpora energ\u00eda solar, conectividad y recursos educativos ambientales.<\/p>\n<p>En un acto encabezado por el\u00a0<strong>intendente Sebasti\u00e1n Walker<\/strong>\u00a0y la ministra de Ambiente bonaerense\u00a0<strong>Daniela Vilar<\/strong>, se puso \u00e9nfasis en el objetivo de mejorar las condiciones de ense\u00f1anza en el \u00e1mbito rural y promover el cuidado del ambiente, marcando un nuevo paso en las pol\u00edticas de sustentabilidad impulsadas por la\u00a0<strong>Provincia de Buenos Aires<\/strong>.<\/p>\n<div class=\"twitter-tweet twitter-tweet-rendered\"><\/div>\n","protected":false},"excerpt":{"rendered":"<div class=\"mh-excerpt\"><p>Con apoyo de la Provincia, la Escuela N\u00b0 9 de Hinojales puso en marcha un sistema autosustentable con paneles solares, conectividad y recursos educativos que fortalecen la educaci\u00f3n p\u00fablica y el cuidado del ambiente. 22 <a class=\"mh-excerpt-more\" href=\"https:\/\/larevistadigital.com.ar\/blog\/escuela-rural-de-pila-suma-energia-solar-y-se-orienta-la-modelo-autosustentable\/\" title=\"Escuela rural de Pila suma energ\u00eda solar y se orienta la modelo autosustentable\">[Leer M\u00e1s]<\/a><\/p>\n<\/div>","protected":false},"author":3,"featured_media":43553,"comment_status":"open","ping_status":"open","sticky":false,"template":"","format":"standard","meta":{"_jetpack_memberships_contains_paid_content":false,"footnotes":"","jetpack_publicize_message":"","jetpack_publicize_feature_enabled":true,"jetpack_social_post_already_shared":true,"jetpack_social_options":{"image_generator_settings":{"template":"highway","default_image_id":0,"font":"","enabled":false},"version":2}},"categories":[42,51],"tags":[],"class_list":{"0":"post-43552","1":"post","2":"type-post","3":"status-publish","4":"format-standard","5":"has-post-thumbnail","7":"category-pila","8":"category-regionales"},"jetpack_publicize_connections":[],"jetpack_featured_media_url":"https:\/\/i0.wp.com\/larevistadigital.com.ar\/blog\/wp-content\/uploads\/Captura-de-pantalla-2026-01-22-154241.jpg?fit=798%2C459&ssl=1","jetpack_sharing_enabled":true,"jetpack_shortlink":"https:\/\/wp.me\/p8qtrQ-bks","jetpack-related-posts":[{"id":31263,"url":"https:\/\/larevistadigital.com.ar\/blog\/pila-se-viene-una-bicicleteada-solidaria-en-beneficio-de-colegios\/","url_meta":{"origin":43552,"position":0},"title":"PILA: SE VIENE UNA BICICLETEADA SOLIDARIA EN BENEFICIO DE COLEGIOS","author":"Alejandro Sosa Ruda","date":"27 abril, 2023","format":false,"excerpt":"Se trata de una bicicleteada que adem\u00e1s de ser una excelente forma de pasar la jornada, se juntaran alimentos para un colegio y un jardin. 27 de abril de 2023 PILA -\u00a0 \u00a0La ciudad de Pila ser\u00e1 el escenario de un evento que adem\u00e1s de ser sano, divertido y para\u2026","rel":"","context":"En \u00abDEPORTES\u00bb","block_context":{"text":"DEPORTES","link":"https:\/\/larevistadigital.com.ar\/blog\/category\/deportes\/"},"img":{"alt_text":"","src":"https:\/\/i0.wp.com\/larevistadigital.com.ar\/blog\/wp-content\/uploads\/pila-1.jpg?fit=800%2C1000&ssl=1&resize=350%2C200","width":350,"height":200,"srcset":"https:\/\/i0.wp.com\/larevistadigital.com.ar\/blog\/wp-content\/uploads\/pila-1.jpg?fit=800%2C1000&ssl=1&resize=350%2C200 1x, https:\/\/i0.wp.com\/larevistadigital.com.ar\/blog\/wp-content\/uploads\/pila-1.jpg?fit=800%2C1000&ssl=1&resize=525%2C300 1.5x, https:\/\/i0.wp.com\/larevistadigital.com.ar\/blog\/wp-content\/uploads\/pila-1.jpg?fit=800%2C1000&ssl=1&resize=700%2C400 2x"},"classes":[]},{"id":10041,"url":"https:\/\/larevistadigital.com.ar\/blog\/pila-se-inaugura-la-obra-del-sum-de-la-escuela-primaria-n-12\/","url_meta":{"origin":43552,"position":1},"title":"PILA: SE INAUGURA LA OBRA DEL SUM DE LA ESCUELA PRIMARIA N\u00b0 12","author":"Alejandro Sosa Ruda","date":"7 mayo, 2019","format":false,"excerpt":"Durante el d\u00eda de hoy, martes 7 de mayo a partir de las 10 hs., se estar\u00e1 inaugurando la obra del SUM de la Escuela Primaria N\u00b0 12. Esta instituci\u00f3n educativa ya contar\u00e1 con un nuevo espacio para las actividades que all\u00ed se realicen. Es una obra m\u00e1s que est\u00e1\u2026","rel":"","context":"En \u00abPILA\u00bb","block_context":{"text":"PILA","link":"https:\/\/larevistadigital.com.ar\/blog\/category\/pila\/"},"img":{"alt_text":"","src":"https:\/\/i0.wp.com\/larevistadigital.com.ar\/blog\/wp-content\/uploads\/2019\/05\/59972574_2129376070444517_5825485609258450944_n.jpg?fit=960%2C540&ssl=1&resize=350%2C200","width":350,"height":200,"srcset":"https:\/\/i0.wp.com\/larevistadigital.com.ar\/blog\/wp-content\/uploads\/2019\/05\/59972574_2129376070444517_5825485609258450944_n.jpg?fit=960%2C540&ssl=1&resize=350%2C200 1x, https:\/\/i0.wp.com\/larevistadigital.com.ar\/blog\/wp-content\/uploads\/2019\/05\/59972574_2129376070444517_5825485609258450944_n.jpg?fit=960%2C540&ssl=1&resize=525%2C300 1.5x, https:\/\/i0.wp.com\/larevistadigital.com.ar\/blog\/wp-content\/uploads\/2019\/05\/59972574_2129376070444517_5825485609258450944_n.jpg?fit=960%2C540&ssl=1&resize=700%2C400 2x"},"classes":[]},{"id":554,"url":"https:\/\/larevistadigital.com.ar\/blog\/tornado-azoto-zona-rural-pila\/","url_meta":{"origin":43552,"position":2},"title":"TORNADO AZOTO ZONA RURAL DE PILA","author":"editor","date":"2 marzo, 2017","format":false,"excerpt":"Un tornado azot\u00f3 la zona rural de la vecina localidad de Pila, durante cinco minutos, en horas del mediod\u00eda. El fuerte viento derrib\u00f3 un gran n\u00famero de \u00e1rboles y alguna edificaci\u00f3n en su paso por la Estancia La Merced, lugar ubicado a unos 30 kil\u00f3metros de nuestra ciudad, General Belgrano,\u2026","rel":"","context":"En \u00abPILA\u00bb","block_context":{"text":"PILA","link":"https:\/\/larevistadigital.com.ar\/blog\/category\/pila\/"},"img":{"alt_text":"","src":"https:\/\/i0.wp.com\/larevistadigital.com.ar\/blog\/wp-content\/uploads\/2017\/03\/1p.jpg?fit=768%2C433&ssl=1&resize=350%2C200","width":350,"height":200,"srcset":"https:\/\/i0.wp.com\/larevistadigital.com.ar\/blog\/wp-content\/uploads\/2017\/03\/1p.jpg?fit=768%2C433&ssl=1&resize=350%2C200 1x, https:\/\/i0.wp.com\/larevistadigital.com.ar\/blog\/wp-content\/uploads\/2017\/03\/1p.jpg?fit=768%2C433&ssl=1&resize=525%2C300 1.5x, https:\/\/i0.wp.com\/larevistadigital.com.ar\/blog\/wp-content\/uploads\/2017\/03\/1p.jpg?fit=768%2C433&ssl=1&resize=700%2C400 2x"},"classes":[]},{"id":1031,"url":"https:\/\/larevistadigital.com.ar\/blog\/manana-lunes-se-inaugura-la-ampliacion-de-la-escuela-secundaria-no1\/","url_meta":{"origin":43552,"position":3},"title":"Ma\u00f1ana Lunes se inaugura la ampliaci\u00f3n de la Escuela secundaria n\u00ba1","author":"editor","date":"12 marzo, 2017","format":false,"excerpt":"La municipalidad de Pila inaugurar\u00e1 en el dia de ma\u00f1ana lunes 13 de marzo a las 10hs. la obra de ampliaci\u00f3n de la Escuela secundaria N\u00ba1 realizada integramente con fondos municipales. Dicha \u00a0consta de tres aulas, una preseptoria y una sala de profesores. \u00a0","rel":"","context":"En \u00abPILA\u00bb","block_context":{"text":"PILA","link":"https:\/\/larevistadigital.com.ar\/blog\/category\/pila\/"},"img":{"alt_text":"","src":"https:\/\/i0.wp.com\/larevistadigital.com.ar\/blog\/wp-content\/uploads\/2017\/03\/SALONES.jpg?fit=900%2C508&ssl=1&resize=350%2C200","width":350,"height":200,"srcset":"https:\/\/i0.wp.com\/larevistadigital.com.ar\/blog\/wp-content\/uploads\/2017\/03\/SALONES.jpg?fit=900%2C508&ssl=1&resize=350%2C200 1x, https:\/\/i0.wp.com\/larevistadigital.com.ar\/blog\/wp-content\/uploads\/2017\/03\/SALONES.jpg?fit=900%2C508&ssl=1&resize=525%2C300 1.5x, https:\/\/i0.wp.com\/larevistadigital.com.ar\/blog\/wp-content\/uploads\/2017\/03\/SALONES.jpg?fit=900%2C508&ssl=1&resize=700%2C400 2x"},"classes":[]},{"id":44442,"url":"https:\/\/larevistadigital.com.ar\/blog\/jornada-record-en-ezeiza-kicillof-inauguro-seis-edificios-educativos-en-un-mismo-dia\/","url_meta":{"origin":43552,"position":4},"title":"Jornada r\u00e9cord: En Ezeiza, Kicillof inaugur\u00f3 seis edificios educativos en un mismo d\u00eda","author":"Alejandro Sosa Ruda","date":"10 marzo, 2026","format":false,"excerpt":"El gobernador bonaerense present\u00f3 diferentes edificios p\u00fablicos que tienen como objetivo beneficiar a m\u00e1s de 3.800 alumnos y alumnas de nivel secundario del distrito. 10 de marzo de 2026 El gobernador de la\u00a0provincia de Buenos Aires,\u00a0Axel Kicillof, encabez\u00f3 este martes una jornada r\u00e9cord de inauguraciones en\u00a0Ezeiza, donde puso en funcionamiento\u2026","rel":"","context":"En \u00abPOLITICA PROVINCIAL\u00bb","block_context":{"text":"POLITICA PROVINCIAL","link":"https:\/\/larevistadigital.com.ar\/blog\/category\/politica\/politica-provincial\/"},"img":{"alt_text":"","src":"https:\/\/i0.wp.com\/larevistadigital.com.ar\/blog\/wp-content\/uploads\/Captura-de-pantalla-2026-03-10-201934.jpg?fit=795%2C456&ssl=1&resize=350%2C200","width":350,"height":200,"srcset":"https:\/\/i0.wp.com\/larevistadigital.com.ar\/blog\/wp-content\/uploads\/Captura-de-pantalla-2026-03-10-201934.jpg?fit=795%2C456&ssl=1&resize=350%2C200 1x, https:\/\/i0.wp.com\/larevistadigital.com.ar\/blog\/wp-content\/uploads\/Captura-de-pantalla-2026-03-10-201934.jpg?fit=795%2C456&ssl=1&resize=525%2C300 1.5x, https:\/\/i0.wp.com\/larevistadigital.com.ar\/blog\/wp-content\/uploads\/Captura-de-pantalla-2026-03-10-201934.jpg?fit=795%2C456&ssl=1&resize=700%2C400 2x"},"classes":[]},{"id":17379,"url":"https:\/\/larevistadigital.com.ar\/blog\/pila-un-muerto-tras-un-tragico-accidente\/","url_meta":{"origin":43552,"position":5},"title":"PILA: UN MUERTO TRAS UN TR\u00c1GICO ACCIDENTE","author":"Alejandro Sosa Ruda","date":"2 noviembre, 2020","format":false,"excerpt":"El siniestro ocurri\u00f3 en un camino rural y hay otra persona que se encuentra grave. Un autom\u00f3vil Citro\u00ebn C3, con dos ocupantes protagoniz\u00f3 un vuelco fatal en el camino rural del Partido de Pila. Las dos personas sufrieron heridas de gravedad, lo que provoc\u00f3 que uno de los ocupantes muera\u2026","rel":"","context":"En \u00abPILA\u00bb","block_context":{"text":"PILA","link":"https:\/\/larevistadigital.com.ar\/blog\/category\/pila\/"},"img":{"alt_text":"","src":"https:\/\/i0.wp.com\/larevistadigital.com.ar\/blog\/wp-content\/uploads\/a45d96ff7955a88d744ab29408c55a18edacb43d.jpg?fit=1140%2C610&ssl=1&resize=350%2C200","width":350,"height":200,"srcset":"https:\/\/i0.wp.com\/larevistadigital.com.ar\/blog\/wp-content\/uploads\/a45d96ff7955a88d744ab29408c55a18edacb43d.jpg?fit=1140%2C610&ssl=1&resize=350%2C200 1x, https:\/\/i0.wp.com\/larevistadigital.com.ar\/blog\/wp-content\/uploads\/a45d96ff7955a88d744ab29408c55a18edacb43d.jpg?fit=1140%2C610&ssl=1&resize=525%2C300 1.5x, https:\/\/i0.wp.com\/larevistadigital.com.ar\/blog\/wp-content\/uploads\/a45d96ff7955a88d744ab29408c55a18edacb43d.jpg?fit=1140%2C610&ssl=1&resize=700%2C400 2x, https:\/\/i0.wp.com\/larevistadigital.com.ar\/blog\/wp-content\/uploads\/a45d96ff7955a88d744ab29408c55a18edacb43d.jpg?fit=1140%2C610&ssl=1&resize=1050%2C600 3x"},"classes":[]}],"_links":{"self":[{"href":"https:\/\/larevistadigital.com.ar\/blog\/wp-json\/wp\/v2\/posts\/43552","targetHints":{"allow":["GET"]}}],"collection":[{"href":"https:\/\/larevistadigital.com.ar\/blog\/wp-json\/wp\/v2\/posts"}],"about":[{"href":"https:\/\/larevistadigital.com.ar\/blog\/wp-json\/wp\/v2\/types\/post"}],"author":[{"embeddable":true,"href":"https:\/\/larevistadigital.com.ar\/blog\/wp-json\/wp\/v2\/users\/3"}],"replies":[{"embeddable":true,"href":"https:\/\/larevistadigital.com.ar\/blog\/wp-json\/wp\/v2\/comments?post=43552"}],"version-history":[{"count":1,"href":"https:\/\/larevistadigital.com.ar\/blog\/wp-json\/wp\/v2\/posts\/43552\/revisions"}],"predecessor-version":[{"id":43554,"href":"https:\/\/larevistadigital.com.ar\/blog\/wp-json\/wp\/v2\/posts\/43552\/revisions\/43554"}],"wp:featuredmedia":[{"embeddable":true,"href":"https:\/\/larevistadigital.com.ar\/blog\/wp-json\/wp\/v2\/media\/43553"}],"wp:attachment":[{"href":"https:\/\/larevistadigital.com.ar\/blog\/wp-json\/wp\/v2\/media?parent=43552"}],"wp:term":[{"taxonomy":"category","embeddable":true,"href":"https:\/\/larevistadigital.com.ar\/blog\/wp-json\/wp\/v2\/categories?post=43552"},{"taxonomy":"post_tag","embeddable":true,"href":"https:\/\/larevistadigital.com.ar\/blog\/wp-json\/wp\/v2\/tags?post=43552"}],"curies":[{"name":"wp","href":"https:\/\/api.w.org\/{rel}","templated":true}]}}