{"id":43555,"date":"2026-01-22T16:04:31","date_gmt":"2026-01-22T19:04:31","guid":{"rendered":"https:\/\/larevistadigital.com.ar\/blog\/?p=43555"},"modified":"2026-01-22T16:04:31","modified_gmt":"2026-01-22T19:04:31","slug":"polemica-en-mar-del-plata-criticas-al-intendente-neme-por-una-bandera-argentina-de-una-sola-cara","status":"publish","type":"post","link":"https:\/\/larevistadigital.com.ar\/blog\/polemica-en-mar-del-plata-criticas-al-intendente-neme-por-una-bandera-argentina-de-una-sola-cara\/","title":{"rendered":"Pol\u00e9mica en Mar del Plata: cr\u00edticas al intendente Neme por una bandera argentina \u00abde una sola cara\u00bb"},"content":{"rendered":"<p data-start=\"241\" data-end=\"523\"><strong data-start=\"241\" data-end=\"523\">La instalaci\u00f3n de una bandera sublimada, visible a color solo de un lado y completamente blanca del otro, desat\u00f3 cuestionamientos en redes sociales y desde la oposici\u00f3n. El episodio se da en medio de una temporada tur\u00edstica compleja y tensiones econ\u00f3micas en General Pueyrred\u00f3n.<\/strong><\/p>\n<p data-start=\"241\" data-end=\"523\">22 de enero de 2026<\/p>\n<p data-start=\"525\" data-end=\"841\"><strong>MAR DEL PLATA &#8211;<\/strong>\u00a0 \u00a0El nuevo intendente de Mar del Plata, <strong data-start=\"563\" data-end=\"579\">Agust\u00edn Neme<\/strong>, qued\u00f3 en el centro de las cr\u00edticas luego de que se viralizara una imagen de una bandera argentina colocada en una rotonda de la ciudad que presenta una particularidad: <strong>est\u00e1 sublimada solo de un lado, mientras que del reverso se observa completamente en blanco.<\/strong><\/p>\n<blockquote>\n<h3 data-start=\"843\" data-end=\"1122\">El hecho ocurri\u00f3 en la rotonda ubicada entre el Golf y la Base Naval y gener\u00f3 una ola de comentarios en redes sociales, tanto de vecinos como de dirigentes pol\u00edticos, que cuestionaron lo que definieron como un gesto de <strong data-start=\"1062\" data-end=\"1121\">improvisaci\u00f3n y falta de respeto a los s\u00edmbolos patrios<\/strong>.<\/h3>\n<\/blockquote>\n<p data-start=\"1124\" data-end=\"1591\">Una de las voces m\u00e1s duras fue la de la concejala de Uni\u00f3n por la Patria, <strong data-start=\"1198\" data-end=\"1216\">Mariana Cuesta<\/strong>, quien apunt\u00f3 directamente contra la gesti\u00f3n municipal, hoy en manos del PRO y alineada con el gobierno nacional. <em><strong>\u201cSe pasan el d\u00eda buscando el vide\u00edto, la toma, el viral\u2026 y terminan convirti\u00e9ndose en un meme\u201d<\/strong><\/em>, expres\u00f3. Y agreg\u00f3: <strong><em>\u201cCuando gobern\u00e1s para la foto y no para la ciudad, pasan estas cosas: improvisaci\u00f3n, berretada y cero respeto por lo que nos representa a todos\u201d.<\/em><\/strong><\/p>\n<div data-chromatic=\"ignore\">\n<div>\n<div>\n<div class=\"twitter-tweet twitter-tweet-rendered\"><\/div>\n<\/div>\n<\/div>\n<\/div>\n<p class=\"c-paragraph\">\n<p data-start=\"1593\" data-end=\"2046\">Las cr\u00edticas se multiplicaron en la red social X. El usuario <strong data-start=\"1654\" data-end=\"1669\">@a_fertitta<\/strong> public\u00f3 la imagen y ironiz\u00f3: <strong><em>\u201cLa supergesti\u00f3n del superintendente Neme suma otra estrella: pusieron una bandera argentina de una sola cara\u201d<\/em><\/strong>. En la misma l\u00ednea, <strong data-start=\"1830\" data-end=\"1845\">@mibajocero<\/strong> escribi\u00f3:<em><strong> \u201cAlguien decidi\u00f3 que este trapo es una Bandera Nacional. Aunque no lo crean, de una cara es completamente blanca. Le siguen faltando el respeto a los s\u00edmbolos patrios y nadie se har\u00e1 cargo\u201d.<\/strong><\/em><\/p>\n<div data-chromatic=\"ignore\">\n<div>\n<div>\n<div class=\"twitter-tweet twitter-tweet-rendered\"><\/div>\n<\/div>\n<\/div>\n<\/div>\n<h2 class=\"p12-article-body__h2\"><\/h2>\n<p data-start=\"2048\" data-end=\"2391\">La controversia se produce en un contexto econ\u00f3mico y tur\u00edstico adverso para la ciudad. De acuerdo a datos de sindicatos, c\u00e1maras hoteleras y el gobierno bonaerense, la ocupaci\u00f3n durante la temporada estival no supera el <strong data-start=\"2269\" data-end=\"2276\">65%<\/strong>, con picos los fines de semana, pero con un consumo reducido que afecta a comerciantes y prestadores de servicios.<\/p>\n<h3 data-start=\"2393\" data-end=\"2460\"><span style=\"color: #ff0000\"><strong data-start=\"2397\" data-end=\"2460\">Cuestionamientos por la tasa vial y la situaci\u00f3n financiera<\/strong><\/span><\/h3>\n<p data-start=\"2462\" data-end=\"2783\">El episodio de la bandera se suma a otros cuestionamientos hacia la gesti\u00f3n de Neme. En los \u00faltimos d\u00edas, la concejala Cuesta acompa\u00f1\u00f3 una presentaci\u00f3n para <strong data-start=\"2619\" data-end=\"2653\">derogar la tasa vial municipal<\/strong>, al argumentar que los fondos recaudados no fueron utilizados para el mantenimiento y reparaci\u00f3n de calles, su objetivo original.<\/p>\n<p data-start=\"2785\" data-end=\"3195\">Seg\u00fan datos expuestos por la bancada de Uni\u00f3n por la Patria, en 2024 la recaudaci\u00f3n por esta tasa super\u00f3 los <strong data-start=\"2894\" data-end=\"2921\">5 mil millones de pesos<\/strong>, mientras que en 2025 alcanz\u00f3 los <strong data-start=\"2956\" data-end=\"2975\">10 mil millones<\/strong>. Sin embargo, alrededor de <strong data-start=\"3003\" data-end=\"3046\">mil millones no habr\u00edan sido ejecutados<\/strong>, y el Ejecutivo municipal solicit\u00f3 autorizaci\u00f3n al Concejo Deliberante para destinar esos recursos al pago de salarios docentes, entre otros gastos.<\/p>\n<blockquote>\n<p data-start=\"3197\" data-end=\"3509\">La situaci\u00f3n financiera del municipio tambi\u00e9n qued\u00f3 expuesta por el <strong data-start=\"3265\" data-end=\"3295\">pago desdoblado de sueldos<\/strong> a empleados municipales en los \u00faltimos dos meses, en un escenario de ca\u00edda de la actividad econ\u00f3mica, reducci\u00f3n de la coparticipaci\u00f3n y cierre de pymes, particularmente en sectores clave como la pesca y el textil.<\/p>\n<\/blockquote>\n<p data-start=\"3511\" data-end=\"3755\">En ese marco, un episodio que podr\u00eda parecer menor, como la colocaci\u00f3n de una bandera defectuosa, termin\u00f3 convirti\u00e9ndose en un s\u00edmbolo de una gesti\u00f3n que enfrenta cr\u00edticas crecientes en un verano que dista de ser el esperado para Mar del Plata.<\/p>\n","protected":false},"excerpt":{"rendered":"<div class=\"mh-excerpt\"><p>La instalaci\u00f3n de una bandera sublimada, visible a color solo de un lado y completamente blanca del otro, desat\u00f3 cuestionamientos en redes sociales y desde la oposici\u00f3n. El episodio se da en medio de una <a class=\"mh-excerpt-more\" href=\"https:\/\/larevistadigital.com.ar\/blog\/polemica-en-mar-del-plata-criticas-al-intendente-neme-por-una-bandera-argentina-de-una-sola-cara\/\" title=\"Pol\u00e9mica en Mar del Plata: cr\u00edticas al intendente Neme por una bandera argentina \u00abde una sola cara\u00bb\">[Leer M\u00e1s]<\/a><\/p>\n<\/div>","protected":false},"author":3,"featured_media":43557,"comment_status":"open","ping_status":"open","sticky":false,"template":"","format":"standard","meta":{"_jetpack_memberships_contains_paid_content":false,"footnotes":"","jetpack_publicize_message":"","jetpack_publicize_feature_enabled":true,"jetpack_social_post_already_shared":true,"jetpack_social_options":{"image_generator_settings":{"template":"highway","default_image_id":0,"font":"","enabled":false},"version":2}},"categories":[12,51],"tags":[],"class_list":{"0":"post-43555","1":"post","2":"type-post","3":"status-publish","4":"format-standard","5":"has-post-thumbnail","7":"category-politica","8":"category-regionales"},"jetpack_publicize_connections":[],"jetpack_featured_media_url":"https:\/\/i0.wp.com\/larevistadigital.com.ar\/blog\/wp-content\/uploads\/Gemini_Generated_Image_9hllg89hllg89hll-e1769108523824.png?fit=768%2C830&ssl=1","jetpack_sharing_enabled":true,"jetpack_shortlink":"https:\/\/wp.me\/p8qtrQ-bkv","jetpack-related-posts":[{"id":43858,"url":"https:\/\/larevistadigital.com.ar\/blog\/una-grave-denuncia-sacude-al-municipio-de-mar-del-plata-y-una-diputada-libertaria-salio-a-la-defensa\/","url_meta":{"origin":43555,"position":0},"title":"Una grave denuncia sacude al Municipio de Mar del Plata y una diputada libertaria sali\u00f3 a la defensa","author":"Alejandro Sosa Ruda","date":"7 febrero, 2026","format":false,"excerpt":"La Comisi\u00f3n Provincial por la Memoria present\u00f3 una nueva demanda judicial por el accionar de la Patrulla Municipal marplatense y la pol\u00edtica de orden urbano del gobierno local, tras esto, tanto Sof\u00eda Pomponio como Agust\u00edn Neme rechazaron la acusaci\u00f3n. 07 de febrero de 2026 Sof\u00eda Pomponio,\u00a0diputada bonaerense\u00a0del bloque\u00a0La Libertad Avanza,\u2026","rel":"","context":"En \u00abREGIONALES\u00bb","block_context":{"text":"REGIONALES","link":"https:\/\/larevistadigital.com.ar\/blog\/category\/regionales\/"},"img":{"alt_text":"","src":"https:\/\/i0.wp.com\/larevistadigital.com.ar\/blog\/wp-content\/uploads\/Captura-de-pantalla-2026-02-07-145356.jpg?fit=792%2C453&ssl=1&resize=350%2C200","width":350,"height":200,"srcset":"https:\/\/i0.wp.com\/larevistadigital.com.ar\/blog\/wp-content\/uploads\/Captura-de-pantalla-2026-02-07-145356.jpg?fit=792%2C453&ssl=1&resize=350%2C200 1x, https:\/\/i0.wp.com\/larevistadigital.com.ar\/blog\/wp-content\/uploads\/Captura-de-pantalla-2026-02-07-145356.jpg?fit=792%2C453&ssl=1&resize=525%2C300 1.5x, https:\/\/i0.wp.com\/larevistadigital.com.ar\/blog\/wp-content\/uploads\/Captura-de-pantalla-2026-02-07-145356.jpg?fit=792%2C453&ssl=1&resize=700%2C400 2x"},"classes":[]},{"id":25345,"url":"https:\/\/larevistadigital.com.ar\/blog\/mar-del-plata-el-intendente-informo-que-se-encontraron-licencias-falsas-de-conducir\/","url_meta":{"origin":43555,"position":1},"title":"MAR DEL PLATA: EL INTENDENTE INFORM\u00d3 QUE SE ENCONTRARON LICENCIAS FALSAS DE CONDUCIR","author":"Alejandro Sosa Ruda","date":"22 mayo, 2022","format":false,"excerpt":"El intendente asegur\u00f3 que en distintos operativos de tr\u00e1nsito se identificaron y retuvieron licencias \"presuntamente ap\u00f3crifas\". Sus portadores fueron denunciados penalmente. Adem\u00e1s, se labraron 1853 actas y 239 veh\u00edculos fueron secuestrados, 39 de ellos por alcoholemia. MAR DEL PLATA -\u00a0 El intendente Guillermo Montenegro\u00a0inform\u00f3 hoy que en distintos operativos de\u2026","rel":"","context":"En \u00abREGIONALES\u00bb","block_context":{"text":"REGIONALES","link":"https:\/\/larevistadigital.com.ar\/blog\/category\/regionales\/"},"img":{"alt_text":"","src":"https:\/\/i0.wp.com\/larevistadigital.com.ar\/blog\/wp-content\/uploads\/mardel.png?fit=806%2C459&ssl=1&resize=350%2C200","width":350,"height":200,"srcset":"https:\/\/i0.wp.com\/larevistadigital.com.ar\/blog\/wp-content\/uploads\/mardel.png?fit=806%2C459&ssl=1&resize=350%2C200 1x, https:\/\/i0.wp.com\/larevistadigital.com.ar\/blog\/wp-content\/uploads\/mardel.png?fit=806%2C459&ssl=1&resize=525%2C300 1.5x, https:\/\/i0.wp.com\/larevistadigital.com.ar\/blog\/wp-content\/uploads\/mardel.png?fit=806%2C459&ssl=1&resize=700%2C400 2x"},"classes":[]},{"id":26382,"url":"https:\/\/larevistadigital.com.ar\/blog\/mar-del-plata-el-municipio-acepta-implementar-mediante-una-licitacion-el-reconocimiento-facial\/","url_meta":{"origin":43555,"position":2},"title":"MAR DEL PLATA: EL MUNICIPIO ACEPTA IMPLEMENTAR MEDIANTE UNA LICITACI\u00d3N EL \u00abRECONOCIMIENTO FACIAL\u00bb","author":"Alejandro Sosa Ruda","date":"5 julio, 2022","format":false,"excerpt":"El gobierno de Montenegro sostuvo que no tiene \"ning\u00fan problema\" en contratar la empresa de software por esa v\u00eda. El oficialismo cree que de esta forma podr\u00eda destrabarse el debate legislativo. MAR DEL PLATA -\u00a0 Despu\u00e9s de que la semana pasada trascendiera p\u00fablicamente el informe de la Secretar\u00eda de Seguridad\u2026","rel":"","context":"En \u00abPOLITICA\u00bb","block_context":{"text":"POLITICA","link":"https:\/\/larevistadigital.com.ar\/blog\/category\/politica\/"},"img":{"alt_text":"","src":"https:\/\/i0.wp.com\/larevistadigital.com.ar\/blog\/wp-content\/uploads\/Reconocimiento-facial.jpg?fit=680%2C400&ssl=1&resize=350%2C200","width":350,"height":200,"srcset":"https:\/\/i0.wp.com\/larevistadigital.com.ar\/blog\/wp-content\/uploads\/Reconocimiento-facial.jpg?fit=680%2C400&ssl=1&resize=350%2C200 1x, https:\/\/i0.wp.com\/larevistadigital.com.ar\/blog\/wp-content\/uploads\/Reconocimiento-facial.jpg?fit=680%2C400&ssl=1&resize=525%2C300 1.5x"},"classes":[]},{"id":24645,"url":"https:\/\/larevistadigital.com.ar\/blog\/mar-del-plata-contara-con-un-centro-municipal-para-personas-con-discapacidad\/","url_meta":{"origin":43555,"position":3},"title":"MAR DEL PLATA CONTAR\u00c1 CON UN CENTRO MUNICIPAL PARA PERSONAS CON DISCAPACIDAD","author":"Alejandro Sosa Ruda","date":"18 marzo, 2022","format":false,"excerpt":"Por unanimidad el Concejo Deliberante aprob\u00f3 la iniciativa. El espacio estar\u00e1 destinado al diagn\u00f3stico, tratamiento y seguimiento para j\u00f3venes entre 4 y 18 a\u00f1os\u00a0que padezcan alg\u00fan tipo de discapacidad. El\u00a0 Concejo Deliberante aprob\u00f3 por unanimidad la creaci\u00f3n de un Centro Municipal de Estimulaci\u00f3n y Rehabilitaci\u00f3n\u00a0destinado a j\u00f3venes entre los 4\u2026","rel":"","context":"En \u00abREGIONALES\u00bb","block_context":{"text":"REGIONALES","link":"https:\/\/larevistadigital.com.ar\/blog\/category\/regionales\/"},"img":{"alt_text":"","src":"https:\/\/i0.wp.com\/larevistadigital.com.ar\/blog\/wp-content\/uploads\/Captura-de-pantalla-2022-03-18-093417.jpg?fit=921%2C493&ssl=1&resize=350%2C200","width":350,"height":200,"srcset":"https:\/\/i0.wp.com\/larevistadigital.com.ar\/blog\/wp-content\/uploads\/Captura-de-pantalla-2022-03-18-093417.jpg?fit=921%2C493&ssl=1&resize=350%2C200 1x, https:\/\/i0.wp.com\/larevistadigital.com.ar\/blog\/wp-content\/uploads\/Captura-de-pantalla-2022-03-18-093417.jpg?fit=921%2C493&ssl=1&resize=525%2C300 1.5x, https:\/\/i0.wp.com\/larevistadigital.com.ar\/blog\/wp-content\/uploads\/Captura-de-pantalla-2022-03-18-093417.jpg?fit=921%2C493&ssl=1&resize=700%2C400 2x"},"classes":[]},{"id":23126,"url":"https:\/\/larevistadigital.com.ar\/blog\/atropellan-en-mar-del-plata-al-intendente-de-mar-chiquita-sufrio-una-fractura\/","url_meta":{"origin":43555,"position":4},"title":"ATROPELLAN EN MAR DEL PLATA AL INTENDENTE DE MAR CHIQUITA: SUFRI\u00d3 UNA FRACTURA","author":"Alejandro Sosa Ruda","date":"1 enero, 2022","format":false,"excerpt":"El jefe comunal Jorge Paredi fue golpeado por un autom\u00f3vil y sufri\u00f3 la fractura del platillo tibial exterior de su rodilla izquierda. El intendente del Partido de Mar Chiquita, Jorge Paredi, fue atropellado levemente por un autom\u00f3vil ayer por la tarde en la ciudad de Mar del Plata por lo\u2026","rel":"","context":"En \u00abREGIONALES\u00bb","block_context":{"text":"REGIONALES","link":"https:\/\/larevistadigital.com.ar\/blog\/category\/regionales\/"},"img":{"alt_text":"","src":"https:\/\/i0.wp.com\/larevistadigital.com.ar\/blog\/wp-content\/uploads\/El-intendente-Jorge-Paredi-guarda-reposo-en-su-casa-768x510-1.jpg?fit=768%2C510&ssl=1&resize=350%2C200","width":350,"height":200,"srcset":"https:\/\/i0.wp.com\/larevistadigital.com.ar\/blog\/wp-content\/uploads\/El-intendente-Jorge-Paredi-guarda-reposo-en-su-casa-768x510-1.jpg?fit=768%2C510&ssl=1&resize=350%2C200 1x, https:\/\/i0.wp.com\/larevistadigital.com.ar\/blog\/wp-content\/uploads\/El-intendente-Jorge-Paredi-guarda-reposo-en-su-casa-768x510-1.jpg?fit=768%2C510&ssl=1&resize=525%2C300 1.5x, https:\/\/i0.wp.com\/larevistadigital.com.ar\/blog\/wp-content\/uploads\/El-intendente-Jorge-Paredi-guarda-reposo-en-su-casa-768x510-1.jpg?fit=768%2C510&ssl=1&resize=700%2C400 2x"},"classes":[]},{"id":40952,"url":"https:\/\/larevistadigital.com.ar\/blog\/imagenes-elocuentes-denuncian-al-aquarium-de-mar-del-plata-por-abandono-de-animales\/","url_meta":{"origin":43555,"position":5},"title":"Im\u00e1genes elocuentes: Denuncian al Aquarium de Mar del Plata por abandono de animales","author":"Alejandro Sosa Ruda","date":"18 agosto, 2025","format":false,"excerpt":"Vecinos y organizaciones advierten por la cr\u00edtica situaci\u00f3n de delfines y lobos marinos. 18 de agosto de 2025 MAR DEL PLATA -\u00a0 \u00a0En las \u00faltimas horas se conocieron graves denuncias sobre el estado de los animales que permanecen en el predio del ex Aquarium de Mar del Plata, cerrado desde\u2026","rel":"","context":"En \u00abREGIONALES\u00bb","block_context":{"text":"REGIONALES","link":"https:\/\/larevistadigital.com.ar\/blog\/category\/regionales\/"},"img":{"alt_text":"","src":"https:\/\/i0.wp.com\/larevistadigital.com.ar\/blog\/wp-content\/uploads\/AQUARIUM-MAR-DEL-PLATA.jpg?fit=778%2C377&ssl=1&resize=350%2C200","width":350,"height":200,"srcset":"https:\/\/i0.wp.com\/larevistadigital.com.ar\/blog\/wp-content\/uploads\/AQUARIUM-MAR-DEL-PLATA.jpg?fit=778%2C377&ssl=1&resize=350%2C200 1x, https:\/\/i0.wp.com\/larevistadigital.com.ar\/blog\/wp-content\/uploads\/AQUARIUM-MAR-DEL-PLATA.jpg?fit=778%2C377&ssl=1&resize=525%2C300 1.5x, https:\/\/i0.wp.com\/larevistadigital.com.ar\/blog\/wp-content\/uploads\/AQUARIUM-MAR-DEL-PLATA.jpg?fit=778%2C377&ssl=1&resize=700%2C400 2x"},"classes":[]}],"_links":{"self":[{"href":"https:\/\/larevistadigital.com.ar\/blog\/wp-json\/wp\/v2\/posts\/43555","targetHints":{"allow":["GET"]}}],"collection":[{"href":"https:\/\/larevistadigital.com.ar\/blog\/wp-json\/wp\/v2\/posts"}],"about":[{"href":"https:\/\/larevistadigital.com.ar\/blog\/wp-json\/wp\/v2\/types\/post"}],"author":[{"embeddable":true,"href":"https:\/\/larevistadigital.com.ar\/blog\/wp-json\/wp\/v2\/users\/3"}],"replies":[{"embeddable":true,"href":"https:\/\/larevistadigital.com.ar\/blog\/wp-json\/wp\/v2\/comments?post=43555"}],"version-history":[{"count":1,"href":"https:\/\/larevistadigital.com.ar\/blog\/wp-json\/wp\/v2\/posts\/43555\/revisions"}],"predecessor-version":[{"id":43558,"href":"https:\/\/larevistadigital.com.ar\/blog\/wp-json\/wp\/v2\/posts\/43555\/revisions\/43558"}],"wp:featuredmedia":[{"embeddable":true,"href":"https:\/\/larevistadigital.com.ar\/blog\/wp-json\/wp\/v2\/media\/43557"}],"wp:attachment":[{"href":"https:\/\/larevistadigital.com.ar\/blog\/wp-json\/wp\/v2\/media?parent=43555"}],"wp:term":[{"taxonomy":"category","embeddable":true,"href":"https:\/\/larevistadigital.com.ar\/blog\/wp-json\/wp\/v2\/categories?post=43555"},{"taxonomy":"post_tag","embeddable":true,"href":"https:\/\/larevistadigital.com.ar\/blog\/wp-json\/wp\/v2\/tags?post=43555"}],"curies":[{"name":"wp","href":"https:\/\/api.w.org\/{rel}","templated":true}]}}