{"id":43561,"date":"2026-01-22T21:33:51","date_gmt":"2026-01-23T00:33:51","guid":{"rendered":"https:\/\/larevistadigital.com.ar\/blog\/?p=43561"},"modified":"2026-01-22T21:35:55","modified_gmt":"2026-01-23T00:35:55","slug":"comunicado-de-prensa-la-remsal-apoya-la-modernizacion-laboral","status":"publish","type":"post","link":"https:\/\/larevistadigital.com.ar\/blog\/comunicado-de-prensa-la-remsal-apoya-la-modernizacion-laboral\/","title":{"rendered":"Comunicado de prensa: La REMSAL apoya la modernizaci\u00f3n laboral"},"content":{"rendered":"<h3>La regi\u00f3n empresaria del Salado pide mayores posibilidades para las Pymes.<\/h3>\n<p>22 de enero de 2026<\/p>\n<p><span lang=\"ES\">Un nutrido grupo de dirigentes representantes de C\u00e1maras de la Regi\u00f3n Empresaria del Salado se reunieron en el Senado con los equipos t\u00e9cnicos de Patricia Bullrich.<\/span><\/p>\n<blockquote>\n<h3><span lang=\"ES\">Transmitieron su apoyo a todos los puntos incluidos en el proyecto de modernizaci\u00f3n laboral.<\/span><\/h3>\n<\/blockquote>\n<p><span lang=\"ES\">A su vez, solicitaron que se contemplen otros aspectos que favorezcan la capacidad de contrataci\u00f3n de personal por parte de las PYMES, quienes proporcionan el 74 % de todo el empleo de nuestro pa\u00eds.<\/span><\/p>\n<p><span lang=\"ES\">Consideraron indispensable que se instrumente un r\u00e9gimen espec\u00edfico para estas empresas y, a su vez, que se mantengan aspectos claves como el fin de la ultraactividad y la posibilidad de que los convenios de \u00e1mbito menor prevalezcan sobre los de \u00e1mbito mayor, lo que reconfigurar\u00e1 el mapa laboral, privilegiando un esquema din\u00e1mico y adaptable a las diferentes realidades.<\/span><\/p>\n<p><strong>EL COMUNICADO:<\/strong><\/p>\n<p>&nbsp;<\/p>\n<p><img data-recalc-dims=\"1\" loading=\"lazy\" decoding=\"async\" class=\"alignnone size-full wp-image-43564\" src=\"https:\/\/i0.wp.com\/larevistadigital.com.ar\/blog\/wp-content\/uploads\/WhatsApp-Image-2026-01-22-at-21.31.36.jpeg?resize=1236%2C1600&#038;ssl=1\" alt=\"\" width=\"1236\" height=\"1600\" srcset=\"https:\/\/i0.wp.com\/larevistadigital.com.ar\/blog\/wp-content\/uploads\/WhatsApp-Image-2026-01-22-at-21.31.36.jpeg?w=1236&amp;ssl=1 1236w, https:\/\/i0.wp.com\/larevistadigital.com.ar\/blog\/wp-content\/uploads\/WhatsApp-Image-2026-01-22-at-21.31.36.jpeg?resize=232%2C300&amp;ssl=1 232w, https:\/\/i0.wp.com\/larevistadigital.com.ar\/blog\/wp-content\/uploads\/WhatsApp-Image-2026-01-22-at-21.31.36.jpeg?resize=791%2C1024&amp;ssl=1 791w, https:\/\/i0.wp.com\/larevistadigital.com.ar\/blog\/wp-content\/uploads\/WhatsApp-Image-2026-01-22-at-21.31.36.jpeg?resize=768%2C994&amp;ssl=1 768w, https:\/\/i0.wp.com\/larevistadigital.com.ar\/blog\/wp-content\/uploads\/WhatsApp-Image-2026-01-22-at-21.31.36.jpeg?resize=1187%2C1536&amp;ssl=1 1187w\" sizes=\"auto, (max-width: 1000px) 100vw, 1000px\" \/><\/p>\n","protected":false},"excerpt":{"rendered":"<div class=\"mh-excerpt\"><p>La regi\u00f3n empresaria del Salado pide mayores posibilidades para las Pymes. 22 de enero de 2026 Un nutrido grupo de dirigentes representantes de C\u00e1maras de la Regi\u00f3n Empresaria del Salado se reunieron en el Senado <a class=\"mh-excerpt-more\" href=\"https:\/\/larevistadigital.com.ar\/blog\/comunicado-de-prensa-la-remsal-apoya-la-modernizacion-laboral\/\" title=\"Comunicado de prensa: La REMSAL apoya la modernizaci\u00f3n laboral\">[Leer M\u00e1s]<\/a><\/p>\n<\/div>","protected":false},"author":3,"featured_media":43568,"comment_status":"open","ping_status":"open","sticky":false,"template":"","format":"standard","meta":{"_jetpack_memberships_contains_paid_content":false,"footnotes":"","jetpack_publicize_message":"","jetpack_publicize_feature_enabled":true,"jetpack_social_post_already_shared":true,"jetpack_social_options":{"image_generator_settings":{"template":"highway","default_image_id":0,"font":"","enabled":false},"version":2}},"categories":[41],"tags":[],"class_list":{"0":"post-43561","1":"post","2":"type-post","3":"status-publish","4":"format-standard","5":"has-post-thumbnail","7":"category-destacadas"},"jetpack_publicize_connections":[],"jetpack_featured_media_url":"https:\/\/i0.wp.com\/larevistadigital.com.ar\/blog\/wp-content\/uploads\/WhatsApp-Image-2026-01-22-at-9.29.18-PM.jpeg?fit=920%2C383&ssl=1","jetpack_sharing_enabled":true,"jetpack_shortlink":"https:\/\/wp.me\/p8qtrQ-bkB","jetpack-related-posts":[{"id":43507,"url":"https:\/\/larevistadigital.com.ar\/blog\/alerta-pyme-la-came-teme-mas-conflicto-con-la-reforma-laboral\/","url_meta":{"origin":43561,"position":0},"title":"Alerta pyme: la CAME teme m\u00e1s conflicto con la reforma laboral","author":"Alejandro Sosa Ruda","date":"20 enero, 2026","format":false,"excerpt":"La CAME respald\u00f3 la reforma laboral, pero pidi\u00f3 eliminar art\u00edculos que pueden disparar conflictos y afectar la seguridad jur\u00eddica de las pymes. 20 de enero de 2026 La Confederaci\u00f3n Argentina de la Mediana Empresa (CAME) fij\u00f3 posici\u00f3n frente a la reforma laboral impulsada por el Gobierno y reclam\u00f3 cambios sustanciales\u2026","rel":"","context":"En \u00abINTERES GENERAL\u00bb","block_context":{"text":"INTERES GENERAL","link":"https:\/\/larevistadigital.com.ar\/blog\/category\/interes-general\/"},"img":{"alt_text":"","src":"https:\/\/i0.wp.com\/larevistadigital.com.ar\/blog\/wp-content\/uploads\/Captura-de-pantalla-2026-01-19-111147-1.jpg?fit=766%2C479&ssl=1&resize=350%2C200","width":350,"height":200,"srcset":"https:\/\/i0.wp.com\/larevistadigital.com.ar\/blog\/wp-content\/uploads\/Captura-de-pantalla-2026-01-19-111147-1.jpg?fit=766%2C479&ssl=1&resize=350%2C200 1x, https:\/\/i0.wp.com\/larevistadigital.com.ar\/blog\/wp-content\/uploads\/Captura-de-pantalla-2026-01-19-111147-1.jpg?fit=766%2C479&ssl=1&resize=525%2C300 1.5x, https:\/\/i0.wp.com\/larevistadigital.com.ar\/blog\/wp-content\/uploads\/Captura-de-pantalla-2026-01-19-111147-1.jpg?fit=766%2C479&ssl=1&resize=700%2C400 2x"},"classes":[]},{"id":591,"url":"https:\/\/larevistadigital.com.ar\/blog\/entidades-empresarias-pymes-se-movilizaran-7-marzo-defensa-del-trabajo-la-produccion\/","url_meta":{"origin":43561,"position":1},"title":"Entidades empresarias Pymes se movilizar\u00e1n el 7 de Marzo \u201cen defensa del trabajo y la producci\u00f3n\u201d","author":"editor","date":"6 marzo, 2017","format":false,"excerpt":"Un conjunto de entidades pymes expresaron mediante un comunicado su adhesi\u00f3n a la movilizaci\u00f3n del 7 de marzo. \u201cAdherimos y comprometemos nuestra participaci\u00f3n en la movilizaci\u00f3n convocada por la CGT para el 7 de Marzo, al Ministerio de Producci\u00f3n de la Naci\u00f3n\u201d, dice el comunicado. La Plata, 05 Mar (InfoGEI).-\u2026","rel":"","context":"En \u00abECONOMIA\u00bb","block_context":{"text":"ECONOMIA","link":"https:\/\/larevistadigital.com.ar\/blog\/category\/economia\/"},"img":{"alt_text":"","src":"https:\/\/i0.wp.com\/larevistadigital.com.ar\/blog\/wp-content\/uploads\/2017\/03\/20170305182751_empresarios_pyme.jpg?fit=620%2C370&ssl=1&resize=350%2C200","width":350,"height":200,"srcset":"https:\/\/i0.wp.com\/larevistadigital.com.ar\/blog\/wp-content\/uploads\/2017\/03\/20170305182751_empresarios_pyme.jpg?fit=620%2C370&ssl=1&resize=350%2C200 1x, https:\/\/i0.wp.com\/larevistadigital.com.ar\/blog\/wp-content\/uploads\/2017\/03\/20170305182751_empresarios_pyme.jpg?fit=620%2C370&ssl=1&resize=525%2C300 1.5x"},"classes":[]},{"id":37654,"url":"https:\/\/larevistadigital.com.ar\/blog\/las-pymes-se-suman-al-apagon-contra-los-tarifazos\/","url_meta":{"origin":43561,"position":2},"title":"Las PYMES se suman al apag\u00f3n contra los tarifazos","author":"Alejandro Sosa Ruda","date":"30 octubre, 2024","format":false,"excerpt":"Como parte integrante del Foro Multisectorial contra los Tarifazos, la Asamblea de Peque\u00f1os y Medianos Empresarios (APYME) convoc\u00f3 a participar del Apag\u00f3n Nacional que se realizar\u00e1 este jueves 31 de octubre de 21 a 21.10 hs, en rechazo a los aumentos desmedidos e injustos de tarifas de la energ\u00eda y\u2026","rel":"","context":"En \u00abINTERES GENERAL\u00bb","block_context":{"text":"INTERES GENERAL","link":"https:\/\/larevistadigital.com.ar\/blog\/category\/interes-general\/"},"img":{"alt_text":"","src":"https:\/\/i0.wp.com\/larevistadigital.com.ar\/blog\/wp-content\/uploads\/20241030164438_pymes-apagon-tarifazos.jpg?fit=880%2C512&ssl=1&resize=350%2C200","width":350,"height":200,"srcset":"https:\/\/i0.wp.com\/larevistadigital.com.ar\/blog\/wp-content\/uploads\/20241030164438_pymes-apagon-tarifazos.jpg?fit=880%2C512&ssl=1&resize=350%2C200 1x, https:\/\/i0.wp.com\/larevistadigital.com.ar\/blog\/wp-content\/uploads\/20241030164438_pymes-apagon-tarifazos.jpg?fit=880%2C512&ssl=1&resize=525%2C300 1.5x, https:\/\/i0.wp.com\/larevistadigital.com.ar\/blog\/wp-content\/uploads\/20241030164438_pymes-apagon-tarifazos.jpg?fit=880%2C512&ssl=1&resize=700%2C400 2x"},"classes":[]},{"id":35679,"url":"https:\/\/larevistadigital.com.ar\/blog\/convocan-a-las-pymes-a-la-marcha-del-24-en-defensa-de-la-patria\/","url_meta":{"origin":43561,"position":3},"title":"CONVOCAN A LAS PYMES A LA MARCHA DEL 24 EN DEFENSA DE LA PATRIA","author":"Alejandro Sosa Ruda","date":"23 marzo, 2024","format":false,"excerpt":"A 100 d\u00edas del actual Gobierno de Milei y Caputo la Asociaci\u00f3n de Empresarios y Empresarias Nacionales Para el Desarrollo Argentino (ENAC), convoc\u00f3 a las pymes de la industria, del comercio y la agricultura a la marcha del 24 de Marzo a \u201cdefender a la Patria y para que nunca\u2026","rel":"","context":"En \u00abINTERES GENERAL\u00bb","block_context":{"text":"INTERES GENERAL","link":"https:\/\/larevistadigital.com.ar\/blog\/category\/interes-general\/"},"img":{"alt_text":"","src":"https:\/\/i0.wp.com\/larevistadigital.com.ar\/blog\/wp-content\/uploads\/20240322153305_leo-bilanski-enac.jpg?fit=880%2C512&ssl=1&resize=350%2C200","width":350,"height":200,"srcset":"https:\/\/i0.wp.com\/larevistadigital.com.ar\/blog\/wp-content\/uploads\/20240322153305_leo-bilanski-enac.jpg?fit=880%2C512&ssl=1&resize=350%2C200 1x, https:\/\/i0.wp.com\/larevistadigital.com.ar\/blog\/wp-content\/uploads\/20240322153305_leo-bilanski-enac.jpg?fit=880%2C512&ssl=1&resize=525%2C300 1.5x, https:\/\/i0.wp.com\/larevistadigital.com.ar\/blog\/wp-content\/uploads\/20240322153305_leo-bilanski-enac.jpg?fit=880%2C512&ssl=1&resize=700%2C400 2x"},"classes":[]},{"id":3993,"url":"https:\/\/larevistadigital.com.ar\/blog\/charla-los-trenes-la-region-del-salado\/","url_meta":{"origin":43561,"position":4},"title":"Charla sobre los trenes en la regi\u00f3n del Salado","author":"admin","date":"23 noviembre, 2017","format":false,"excerpt":"El pr\u00f3ximo s\u00e1bado 25 del corriente tendr\u00e1 lugar en la ciudad de General Belgrano\u00a0 la charla \u201cLa conquista ferroviaria de la regi\u00f3n del r\u00edo Salado\u201d Los ferrocarriles Sud y Oeste de Buenos Aires. La llegada de los rieles a Ca\u00f1uelas, Monte, Chascom\u00fas, Ranchos, General Belgrano y Las Flores. La disertaci\u00f3n\u2026","rel":"","context":"En \u00abGENERAL BELGRANO\u00bb","block_context":{"text":"GENERAL BELGRANO","link":"https:\/\/larevistadigital.com.ar\/blog\/category\/general-belgrano\/"},"img":{"alt_text":"","src":"https:\/\/i0.wp.com\/larevistadigital.com.ar\/blog\/wp-content\/uploads\/2017\/11\/general-belgrano.jpg?fit=1200%2C891&ssl=1&resize=350%2C200","width":350,"height":200,"srcset":"https:\/\/i0.wp.com\/larevistadigital.com.ar\/blog\/wp-content\/uploads\/2017\/11\/general-belgrano.jpg?fit=1200%2C891&ssl=1&resize=350%2C200 1x, https:\/\/i0.wp.com\/larevistadigital.com.ar\/blog\/wp-content\/uploads\/2017\/11\/general-belgrano.jpg?fit=1200%2C891&ssl=1&resize=525%2C300 1.5x, https:\/\/i0.wp.com\/larevistadigital.com.ar\/blog\/wp-content\/uploads\/2017\/11\/general-belgrano.jpg?fit=1200%2C891&ssl=1&resize=700%2C400 2x, https:\/\/i0.wp.com\/larevistadigital.com.ar\/blog\/wp-content\/uploads\/2017\/11\/general-belgrano.jpg?fit=1200%2C891&ssl=1&resize=1050%2C600 3x"},"classes":[]},{"id":44376,"url":"https:\/\/larevistadigital.com.ar\/blog\/ya-rige-la-reforma-laboral-claves-y-cambios-para-trabajadores\/","url_meta":{"origin":43561,"position":5},"title":"Ya rige la reforma laboral: claves y cambios para trabajadores","author":"Alejandro Sosa Ruda","date":"6 marzo, 2026","format":false,"excerpt":"La reforma laboral ya es ley y cambia reglas clave: indemnizaciones, vacaciones, banco de horas y despidos. Enterate qu\u00e9 cambia para trabajadores. 06 de marzo de 2026 El Gobierno nacional promulg\u00f3 este viernes la\u00a0Ley de Modernizaci\u00f3n Laboral, una de las reformas estructurales impulsadas por la administraci\u00f3n de\u00a0Javier Milei. La norma,\u2026","rel":"","context":"En \u00abINTERES GENERAL\u00bb","block_context":{"text":"INTERES GENERAL","link":"https:\/\/larevistadigital.com.ar\/blog\/category\/interes-general\/"},"img":{"alt_text":"","src":"https:\/\/i0.wp.com\/larevistadigital.com.ar\/blog\/wp-content\/uploads\/Captura-de-pantalla-2026-03-06-214533.jpg?fit=841%2C489&ssl=1&resize=350%2C200","width":350,"height":200,"srcset":"https:\/\/i0.wp.com\/larevistadigital.com.ar\/blog\/wp-content\/uploads\/Captura-de-pantalla-2026-03-06-214533.jpg?fit=841%2C489&ssl=1&resize=350%2C200 1x, https:\/\/i0.wp.com\/larevistadigital.com.ar\/blog\/wp-content\/uploads\/Captura-de-pantalla-2026-03-06-214533.jpg?fit=841%2C489&ssl=1&resize=525%2C300 1.5x, https:\/\/i0.wp.com\/larevistadigital.com.ar\/blog\/wp-content\/uploads\/Captura-de-pantalla-2026-03-06-214533.jpg?fit=841%2C489&ssl=1&resize=700%2C400 2x"},"classes":[]}],"_links":{"self":[{"href":"https:\/\/larevistadigital.com.ar\/blog\/wp-json\/wp\/v2\/posts\/43561","targetHints":{"allow":["GET"]}}],"collection":[{"href":"https:\/\/larevistadigital.com.ar\/blog\/wp-json\/wp\/v2\/posts"}],"about":[{"href":"https:\/\/larevistadigital.com.ar\/blog\/wp-json\/wp\/v2\/types\/post"}],"author":[{"embeddable":true,"href":"https:\/\/larevistadigital.com.ar\/blog\/wp-json\/wp\/v2\/users\/3"}],"replies":[{"embeddable":true,"href":"https:\/\/larevistadigital.com.ar\/blog\/wp-json\/wp\/v2\/comments?post=43561"}],"version-history":[{"count":2,"href":"https:\/\/larevistadigital.com.ar\/blog\/wp-json\/wp\/v2\/posts\/43561\/revisions"}],"predecessor-version":[{"id":43567,"href":"https:\/\/larevistadigital.com.ar\/blog\/wp-json\/wp\/v2\/posts\/43561\/revisions\/43567"}],"wp:featuredmedia":[{"embeddable":true,"href":"https:\/\/larevistadigital.com.ar\/blog\/wp-json\/wp\/v2\/media\/43568"}],"wp:attachment":[{"href":"https:\/\/larevistadigital.com.ar\/blog\/wp-json\/wp\/v2\/media?parent=43561"}],"wp:term":[{"taxonomy":"category","embeddable":true,"href":"https:\/\/larevistadigital.com.ar\/blog\/wp-json\/wp\/v2\/categories?post=43561"},{"taxonomy":"post_tag","embeddable":true,"href":"https:\/\/larevistadigital.com.ar\/blog\/wp-json\/wp\/v2\/tags?post=43561"}],"curies":[{"name":"wp","href":"https:\/\/api.w.org\/{rel}","templated":true}]}}