{"id":43569,"date":"2026-01-23T18:05:05","date_gmt":"2026-01-23T21:05:05","guid":{"rendered":"https:\/\/larevistadigital.com.ar\/blog\/?p=43569"},"modified":"2026-01-23T18:05:05","modified_gmt":"2026-01-23T21:05:05","slug":"chascomus-intentaron-robar-en-la-pulperia-adela-pero-fueron-aprehendidos-tras-un-operativo-policial","status":"publish","type":"post","link":"https:\/\/larevistadigital.com.ar\/blog\/chascomus-intentaron-robar-en-la-pulperia-adela-pero-fueron-aprehendidos-tras-un-operativo-policial\/","title":{"rendered":"Chascom\u00fas: Intentaron robar en la Pulper\u00eda \u201cAdela\u201d, pero fueron aprehendidos tras un operativo policial"},"content":{"rendered":"<h3>Los sospechosos provocaron da\u00f1os para ingresar al comercio, pero huyeron al activarse la alarma. Fueron interceptados minutos despu\u00e9s sobre la Ruta 2.<\/h3>\n<p>23 de enero de 2026<\/p>\n<p data-start=\"401\" data-end=\"587\"><strong>CHASCOM\u00daS &#8211;\u00a0<\/strong> \u00a0Un <strong data-start=\"404\" data-end=\"423\">intento de robo<\/strong> se registr\u00f3 en las \u00faltimas horas en la reconocida Pulper\u00eda <strong data-start=\"483\" data-end=\"494\">\u201cAdela\u201d<\/strong>, ubicada sobre la <strong data-start=\"513\" data-end=\"556\">Ruta 2, kil\u00f3metro 136, mano descendente<\/strong>, en jurisdicci\u00f3n de Chascom\u00fas.<\/p>\n<p data-start=\"589\" data-end=\"936\">Seg\u00fan informaron fuentes policiales, a ra\u00edz de un <strong data-start=\"639\" data-end=\"657\">llamado al 911<\/strong> que alertaba sobre da\u00f1os en el lugar, se constat\u00f3 que <strong data-start=\"712\" data-end=\"766\">dos masculinos hab\u00edan roto el vidrio de una puerta<\/strong> con intenciones de ingresar al comercio. Sin embargo, <strong data-start=\"821\" data-end=\"871\">no lograron sustraer dinero ni otros elementos<\/strong>, ya que el <strong data-start=\"883\" data-end=\"914\">sistema de alarma se activ\u00f3<\/strong>, provocando su huida.<\/p>\n<p data-start=\"938\" data-end=\"1267\">Tras el hecho, personal policial analiz\u00f3 <strong data-start=\"979\" data-end=\"1012\">c\u00e1maras de seguridad privadas<\/strong>, logrando obtener las <strong data-start=\"1035\" data-end=\"1078\">caracter\u00edsticas f\u00edsicas y de vestimenta<\/strong> de los sospechosos. Con esos datos, se inici\u00f3 un operativo de b\u00fasqueda que permiti\u00f3 localizarlos sobre la <strong data-start=\"1185\" data-end=\"1230\">Ruta 2, a la altura del kil\u00f3metro 137\/138<\/strong>, aunque ya no vest\u00edan la misma ropa.<\/p>\n<blockquote>\n<h3 data-start=\"1269\" data-end=\"1476\">Por razones de <strong data-start=\"1284\" data-end=\"1308\">urgencia y necesidad<\/strong>, se procedi\u00f3 a la <strong data-start=\"1327\" data-end=\"1349\">revisi\u00f3n de bolsos<\/strong>, donde se hall\u00f3 la <strong data-start=\"1369\" data-end=\"1437\">vestimenta coincidente con la observada en las im\u00e1genes f\u00edlmicas<\/strong>, lo que permiti\u00f3 avanzar con la causa.<\/h3>\n<\/blockquote>\n<p data-start=\"1478\" data-end=\"1674\">Como resultado, se concret\u00f3 la <strong data-start=\"1509\" data-end=\"1539\">aprehensi\u00f3n de dos hombres<\/strong>, ambos oriundos del partido de Quilmes, quienes fueron notificados de la <strong data-start=\"1613\" data-end=\"1673\">formaci\u00f3n de la causa por el delito de tentativa de robo<\/strong>.<\/p>\n<p data-start=\"1676\" data-end=\"1791\">Intervino la <strong data-start=\"1689\" data-end=\"1716\">UFID N\u00b0 10 de Chascom\u00fas<\/strong>, cuyo titular <strong data-start=\"1731\" data-end=\"1751\">aval\u00f3 lo actuado<\/strong> y dispuso las <strong data-start=\"1766\" data-end=\"1790\">diligencias de rigor<\/strong>.<\/p>\n","protected":false},"excerpt":{"rendered":"<div class=\"mh-excerpt\"><p>Los sospechosos provocaron da\u00f1os para ingresar al comercio, pero huyeron al activarse la alarma. Fueron interceptados minutos despu\u00e9s sobre la Ruta 2. 23 de enero de 2026 CHASCOM\u00daS &#8211;\u00a0 \u00a0Un intento de robo se registr\u00f3 <a class=\"mh-excerpt-more\" href=\"https:\/\/larevistadigital.com.ar\/blog\/chascomus-intentaron-robar-en-la-pulperia-adela-pero-fueron-aprehendidos-tras-un-operativo-policial\/\" title=\"Chascom\u00fas: Intentaron robar en la Pulper\u00eda \u201cAdela\u201d, pero fueron aprehendidos tras un operativo policial\">[Leer M\u00e1s]<\/a><\/p>\n<\/div>","protected":false},"author":3,"featured_media":43570,"comment_status":"open","ping_status":"open","sticky":false,"template":"","format":"standard","meta":{"_jetpack_memberships_contains_paid_content":false,"footnotes":"","jetpack_publicize_message":"","jetpack_publicize_feature_enabled":true,"jetpack_social_post_already_shared":true,"jetpack_social_options":{"image_generator_settings":{"template":"highway","default_image_id":0,"font":"","enabled":false},"version":2}},"categories":[41,23],"tags":[],"class_list":{"0":"post-43569","1":"post","2":"type-post","3":"status-publish","4":"format-standard","5":"has-post-thumbnail","7":"category-destacadas","8":"category-politica-local"},"jetpack_publicize_connections":[],"jetpack_featured_media_url":"https:\/\/i0.wp.com\/larevistadigital.com.ar\/blog\/wp-content\/uploads\/WhatsApp-Image-2026-01-23-at-07.19.05-e1769202295393.jpeg?fit=720%2C826&ssl=1","jetpack_sharing_enabled":true,"jetpack_shortlink":"https:\/\/wp.me\/p8qtrQ-bkJ","jetpack-related-posts":[{"id":37175,"url":"https:\/\/larevistadigital.com.ar\/blog\/apertura-de-emprendimiento-cultural-y-gastronomico-en-adela\/","url_meta":{"origin":43569,"position":0},"title":"Apertura de emprendimiento cultural y gastron\u00f3mico en Adela","author":"Alejandro Sosa Ruda","date":"10 septiembre, 2024","format":false,"excerpt":"Con gran \u00e9xito, se inaugur\u00f3 el s\u00e1bado pasado la Pulper\u00eda del paraje Adela, ubicada en Ruta 2 Km 134. 10 de Septiembre de 2024 La \u201cPulper\u00eda de Adela\u201d es un espacio gastron\u00f3mico y cultural para difundir la cultura criolla y tradicional, a trav\u00e9s de la comida, la m\u00fasica, el arte\u2026","rel":"","context":"En \u00abREGIONALES\u00bb","block_context":{"text":"REGIONALES","link":"https:\/\/larevistadigital.com.ar\/blog\/category\/regionales\/"},"img":{"alt_text":"","src":"https:\/\/i0.wp.com\/larevistadigital.com.ar\/blog\/wp-content\/uploads\/66df39f135189.png?fit=668%2C445&ssl=1&resize=350%2C200","width":350,"height":200,"srcset":"https:\/\/i0.wp.com\/larevistadigital.com.ar\/blog\/wp-content\/uploads\/66df39f135189.png?fit=668%2C445&ssl=1&resize=350%2C200 1x, https:\/\/i0.wp.com\/larevistadigital.com.ar\/blog\/wp-content\/uploads\/66df39f135189.png?fit=668%2C445&ssl=1&resize=525%2C300 1.5x"},"classes":[]},{"id":38593,"url":"https:\/\/larevistadigital.com.ar\/blog\/chascomus-accidente-entre-un-tren-y-un-auto-con-el-saldo-de-un-muerto\/","url_meta":{"origin":43569,"position":1},"title":"Chascom\u00fas: Accidente entre un tren y un auto con el saldo de un muerto","author":"Alejandro Sosa Ruda","date":"4 febrero, 2025","format":false,"excerpt":"Sucedi\u00f3 cerca de las 14 hs. Falleci\u00f3 una persona. 4 de Febrero de 2025 CHASCOM\u00daS -\u00a0 Un tr\u00e1gico accidente ferroviario en Adela, partido de Chascom\u00fas, dej\u00f3 como saldo una persona fallecida y dos gravemente heridas. El siniestro ocurri\u00f3 el domingo alrededor de las 14 en un paso a nivel ubicado\u2026","rel":"","context":"En \u00abDESTACADAS\u00bb","block_context":{"text":"DESTACADAS","link":"https:\/\/larevistadigital.com.ar\/blog\/category\/destacadas\/"},"img":{"alt_text":"tREN ARROLLA AUTO EN ADELA","src":"https:\/\/i0.wp.com\/larevistadigital.com.ar\/blog\/wp-content\/uploads\/Captura-de-pantalla-2025-02-04-091649.jpg?fit=733%2C404&ssl=1&resize=350%2C200","width":350,"height":200,"srcset":"https:\/\/i0.wp.com\/larevistadigital.com.ar\/blog\/wp-content\/uploads\/Captura-de-pantalla-2025-02-04-091649.jpg?fit=733%2C404&ssl=1&resize=350%2C200 1x, https:\/\/i0.wp.com\/larevistadigital.com.ar\/blog\/wp-content\/uploads\/Captura-de-pantalla-2025-02-04-091649.jpg?fit=733%2C404&ssl=1&resize=525%2C300 1.5x, https:\/\/i0.wp.com\/larevistadigital.com.ar\/blog\/wp-content\/uploads\/Captura-de-pantalla-2025-02-04-091649.jpg?fit=733%2C404&ssl=1&resize=700%2C400 2x"},"classes":[]},{"id":34972,"url":"https:\/\/larevistadigital.com.ar\/blog\/ruta-2-despiste-y-vuelco-de-un-camion-cerca-de-chascomus\/","url_meta":{"origin":43569,"position":2},"title":"RUTA 2: DESPISTE Y VUELCO DE UN CAMI\u00d3N CERCA DE CHASCOM\u00daS","author":"Alejandro Sosa Ruda","date":"3 enero, 2024","format":false,"excerpt":"A\u00fan se desconocen las razones por las cuales perdi\u00f3 el control de su enorme veh\u00edculo en plena Ruta 2, a la altura de Chascom\u00fas. 03 de diciembre de 2023 CHASCOM\u00daS -\u00a0 \u00a0Un tremendo accidente de tr\u00e1nsito se produjo durante las \u00faltimas horas en la Ruta 2 a la altura de\u2026","rel":"","context":"En \u00abPOLICIALES\u00bb","block_context":{"text":"POLICIALES","link":"https:\/\/larevistadigital.com.ar\/blog\/category\/policiales\/"},"img":{"alt_text":"","src":"https:\/\/i0.wp.com\/larevistadigital.com.ar\/blog\/wp-content\/uploads\/Captura-de-pantalla-2024-01-03-122301.png?fit=888%2C440&ssl=1&resize=350%2C200","width":350,"height":200,"srcset":"https:\/\/i0.wp.com\/larevistadigital.com.ar\/blog\/wp-content\/uploads\/Captura-de-pantalla-2024-01-03-122301.png?fit=888%2C440&ssl=1&resize=350%2C200 1x, https:\/\/i0.wp.com\/larevistadigital.com.ar\/blog\/wp-content\/uploads\/Captura-de-pantalla-2024-01-03-122301.png?fit=888%2C440&ssl=1&resize=525%2C300 1.5x, https:\/\/i0.wp.com\/larevistadigital.com.ar\/blog\/wp-content\/uploads\/Captura-de-pantalla-2024-01-03-122301.png?fit=888%2C440&ssl=1&resize=700%2C400 2x"},"classes":[]},{"id":39195,"url":"https:\/\/larevistadigital.com.ar\/blog\/megaoperativo-en-chascomus-incautan-800-plantas-de-marihuana-y-detienen-a-dos-personas\/","url_meta":{"origin":43569,"position":3},"title":"Megaoperativo en Chascom\u00fas: incautan 800 plantas de marihuana y detienen a dos personas","author":"Alejandro Sosa Ruda","date":"29 marzo, 2025","format":false,"excerpt":"Un impactante operativo policial en Chascom\u00fas dej\u00f3 como saldo el decomiso de 800 plantas de marihuana y la detenci\u00f3n de dos personas, en el marco de una investigaci\u00f3n sobre narcotr\u00e1fico en la regi\u00f3n. 29 de Marzo de 2025 Adela.- CHASCOM\u00daS -\u00a0 El allanamiento se llev\u00f3 a cabo en una propiedad\u2026","rel":"","context":"En \u00abPOLICIALES\u00bb","block_context":{"text":"POLICIALES","link":"https:\/\/larevistadigital.com.ar\/blog\/category\/policiales\/"},"img":{"alt_text":"","src":"https:\/\/i0.wp.com\/larevistadigital.com.ar\/blog\/wp-content\/uploads\/185a8297e4cad8439682dc60238f40a1ba07ab00.jpg?fit=1140%2C662&ssl=1&resize=350%2C200","width":350,"height":200,"srcset":"https:\/\/i0.wp.com\/larevistadigital.com.ar\/blog\/wp-content\/uploads\/185a8297e4cad8439682dc60238f40a1ba07ab00.jpg?fit=1140%2C662&ssl=1&resize=350%2C200 1x, https:\/\/i0.wp.com\/larevistadigital.com.ar\/blog\/wp-content\/uploads\/185a8297e4cad8439682dc60238f40a1ba07ab00.jpg?fit=1140%2C662&ssl=1&resize=525%2C300 1.5x, https:\/\/i0.wp.com\/larevistadigital.com.ar\/blog\/wp-content\/uploads\/185a8297e4cad8439682dc60238f40a1ba07ab00.jpg?fit=1140%2C662&ssl=1&resize=700%2C400 2x, https:\/\/i0.wp.com\/larevistadigital.com.ar\/blog\/wp-content\/uploads\/185a8297e4cad8439682dc60238f40a1ba07ab00.jpg?fit=1140%2C662&ssl=1&resize=1050%2C600 3x"},"classes":[]},{"id":26872,"url":"https:\/\/larevistadigital.com.ar\/blog\/chascomus-a-raiz-de-una-denuncia-la-policia-detuvo-a-tres-individuos-que-provocaron-danos-en-un-establecimiento-rural\/","url_meta":{"origin":43569,"position":4},"title":"CHASCOM\u00daS: A RA\u00cdZ DE UNA DENUNCIA, LA POLIC\u00cdA DETUVO A TRES INDIVIDUOS QUE PROVOCARON DA\u00d1OS EN UN ESTABLECIMIENTO RURAL","author":"Alejandro Sosa Ruda","date":"29 julio, 2022","format":false,"excerpt":"Otra r\u00e1pida intervenci\u00f3n del CPR que se encuentra enfocado y trabajando por la seguridad en el \u00e1mbito rural. CHASCOM\u00daS -\u00a0 A ra\u00edz de un llamado telef\u00f3nico a la polic\u00eda, informando que en un establecimiento rural, ubicado en Ruta 2, pasando el kil\u00f3metro 130 se encuentran tres sujetos dentro del campo\u2026","rel":"","context":"En \u00abCHASCOM\u00daS\u00bb","block_context":{"text":"CHASCOM\u00daS","link":"https:\/\/larevistadigital.com.ar\/blog\/category\/chascomus\/"},"img":{"alt_text":"","src":"https:\/\/i0.wp.com\/larevistadigital.com.ar\/blog\/wp-content\/uploads\/cpr-600x337-1.jpg?fit=600%2C337&ssl=1&resize=350%2C200","width":350,"height":200,"srcset":"https:\/\/i0.wp.com\/larevistadigital.com.ar\/blog\/wp-content\/uploads\/cpr-600x337-1.jpg?fit=600%2C337&ssl=1&resize=350%2C200 1x, https:\/\/i0.wp.com\/larevistadigital.com.ar\/blog\/wp-content\/uploads\/cpr-600x337-1.jpg?fit=600%2C337&ssl=1&resize=525%2C300 1.5x"},"classes":[]},{"id":44381,"url":"https:\/\/larevistadigital.com.ar\/blog\/chascomus-intento-robar-en-un-comercio-rompio-un-ventanal-y-termino-aprehendido\/","url_meta":{"origin":43569,"position":5},"title":"Chascom\u00fas: Intent\u00f3 robar en un comercio, rompi\u00f3 un ventanal y termin\u00f3 aprehendido","author":"Alejandro Sosa Ruda","date":"7 marzo, 2026","format":false,"excerpt":"El hecho ocurri\u00f3 durante la madrugada. Serenos del lugar advirtieron la situaci\u00f3n y el sospechoso fue localizado con las c\u00e1maras de monitoreo a pocos metros tras un operativo policial. 07 de marzo de 2026 CHASCOM\u00daS -\u00a0 \u00a0Un hombre fue aprehendido luego de intentar ingresar a robar en un comercio ubicado\u2026","rel":"","context":"En \u00abDESTACADAS\u00bb","block_context":{"text":"DESTACADAS","link":"https:\/\/larevistadigital.com.ar\/blog\/category\/destacadas\/"},"img":{"alt_text":"","src":"https:\/\/i0.wp.com\/larevistadigital.com.ar\/blog\/wp-content\/uploads\/INTENTO-DE-ROBO.jpg?fit=675%2C1200&ssl=1&resize=350%2C200","width":350,"height":200,"srcset":"https:\/\/i0.wp.com\/larevistadigital.com.ar\/blog\/wp-content\/uploads\/INTENTO-DE-ROBO.jpg?fit=675%2C1200&ssl=1&resize=350%2C200 1x, https:\/\/i0.wp.com\/larevistadigital.com.ar\/blog\/wp-content\/uploads\/INTENTO-DE-ROBO.jpg?fit=675%2C1200&ssl=1&resize=525%2C300 1.5x"},"classes":[]}],"_links":{"self":[{"href":"https:\/\/larevistadigital.com.ar\/blog\/wp-json\/wp\/v2\/posts\/43569","targetHints":{"allow":["GET"]}}],"collection":[{"href":"https:\/\/larevistadigital.com.ar\/blog\/wp-json\/wp\/v2\/posts"}],"about":[{"href":"https:\/\/larevistadigital.com.ar\/blog\/wp-json\/wp\/v2\/types\/post"}],"author":[{"embeddable":true,"href":"https:\/\/larevistadigital.com.ar\/blog\/wp-json\/wp\/v2\/users\/3"}],"replies":[{"embeddable":true,"href":"https:\/\/larevistadigital.com.ar\/blog\/wp-json\/wp\/v2\/comments?post=43569"}],"version-history":[{"count":1,"href":"https:\/\/larevistadigital.com.ar\/blog\/wp-json\/wp\/v2\/posts\/43569\/revisions"}],"predecessor-version":[{"id":43571,"href":"https:\/\/larevistadigital.com.ar\/blog\/wp-json\/wp\/v2\/posts\/43569\/revisions\/43571"}],"wp:featuredmedia":[{"embeddable":true,"href":"https:\/\/larevistadigital.com.ar\/blog\/wp-json\/wp\/v2\/media\/43570"}],"wp:attachment":[{"href":"https:\/\/larevistadigital.com.ar\/blog\/wp-json\/wp\/v2\/media?parent=43569"}],"wp:term":[{"taxonomy":"category","embeddable":true,"href":"https:\/\/larevistadigital.com.ar\/blog\/wp-json\/wp\/v2\/categories?post=43569"},{"taxonomy":"post_tag","embeddable":true,"href":"https:\/\/larevistadigital.com.ar\/blog\/wp-json\/wp\/v2\/tags?post=43569"}],"curies":[{"name":"wp","href":"https:\/\/api.w.org\/{rel}","templated":true}]}}