{"id":43581,"date":"2026-01-24T11:58:05","date_gmt":"2026-01-24T14:58:05","guid":{"rendered":"https:\/\/larevistadigital.com.ar\/blog\/?p=43581"},"modified":"2026-01-25T01:22:54","modified_gmt":"2026-01-25T04:22:54","slug":"allanamiento-por-drogas-en-chascomus-una-mujer-aprehendida-y-secuestro-de-cocaina","status":"publish","type":"post","link":"https:\/\/larevistadigital.com.ar\/blog\/allanamiento-por-drogas-en-chascomus-una-mujer-aprehendida-y-secuestro-de-cocaina\/","title":{"rendered":"Allanamiento por drogas en Chascom\u00fas: una mujer aprehendida y secuestro de coca\u00edna"},"content":{"rendered":"<h3>El procedimiento fue realizado por la Subdelegaci\u00f3n local de Investigaciones del Tr\u00e1fico de Drogas Il\u00edcitas. Colabor\u00f3 la patrulla de prevenci\u00f3n municipal. Interviene la Justicia de Dolores.<\/h3>\n<p>24 de enero de 2026<\/p>\n<p data-start=\"397\" data-end=\"722\"><strong>CHASCOM\u00daS\u00a0 &#8211;\u00a0<\/strong> \u00a0 En el marco de una <strong data-start=\"416\" data-end=\"464\">investigaci\u00f3n por infracci\u00f3n a la Ley 23.737<\/strong>, personal de la <strong data-start=\"481\" data-end=\"577\">Superintendencia de Investigaciones del Tr\u00e1fico de Drogas Il\u00edcitas \u2013 Subdelegaci\u00f3n Chascom\u00fas<\/strong> llev\u00f3 adelante un <strong data-start=\"596\" data-end=\"627\">allanamiento en esta ciudad<\/strong>, que culmin\u00f3 con la <strong data-start=\"648\" data-end=\"687\">aprehensi\u00f3n de una mujer de 22 a\u00f1os<\/strong> y el secuestro de estupefacientes.<\/p>\n<p data-start=\"724\" data-end=\"1067\">El procedimiento se realiz\u00f3 en el marco de la <strong data-start=\"770\" data-end=\"799\">IPP N\u00b0 03-01-002676-25\/00<\/strong>, con intervenci\u00f3n de la <strong data-start=\"824\" data-end=\"838\">UFIyJ N\u00b0 3<\/strong>, a cargo del fiscal <strong data-start=\"859\" data-end=\"881\">Marcos Scoccimarro<\/strong>, y del <strong data-start=\"889\" data-end=\"918\">Juzgado de Garant\u00edas N\u00b0 5<\/strong>, a cargo del juez <strong data-start=\"937\" data-end=\"968\">Christian Sebasti\u00e1n Gasquet<\/strong>, del Departamento Judicial Dolores.<br data-start=\"1004\" data-end=\"1007\" \/>La investigaci\u00f3n se hab\u00eda iniciado en <strong data-start=\"1045\" data-end=\"1066\">noviembre de 2025<\/strong>.<\/p>\n<blockquote>\n<h3 data-start=\"1069\" data-end=\"1353\">Como resultado del allanamiento, fue <strong data-start=\"1106\" data-end=\"1145\">aprehendida una mujer mayor de edad<\/strong>, domiciliada en Chascom\u00fas. Durante la diligencia judicial se logr\u00f3 el <strong data-start=\"1216\" data-end=\"1255\">secuestro de 9,64 gramos de coca\u00edna<\/strong>, distribuidos en <strong data-start=\"1273\" data-end=\"1300\">26 envoltorios de nylon<\/strong>, adem\u00e1s de otros elementos de inter\u00e9s para la causa.<\/h3>\n<\/blockquote>\n<p data-start=\"1355\" data-end=\"1562\">Tambi\u00e9n se incautaron $<strong data-start=\"1377\" data-end=\"1406\">104.520 en efectivo<\/strong>, <strong data-start=\"1408\" data-end=\"1436\">tres tel\u00e9fonos celulares<\/strong>, <strong data-start=\"1438\" data-end=\"1457\">recortes varios<\/strong> y <strong data-start=\"1460\" data-end=\"1489\">un cuchillo tipo serrucho<\/strong>.<br data-start=\"1490\" data-end=\"1493\" \/>Seg\u00fan se inform\u00f3 oficialmente, <strong data-start=\"1524\" data-end=\"1561\">no se secuestraron armas de fuego<\/strong>.<\/p>\n<p data-start=\"1564\" data-end=\"1706\">La persona aprehendida qued\u00f3 a disposici\u00f3n de la Justicia interviniente, continuando las actuaciones correspondientes en el marco de la causa.<\/p>\n","protected":false},"excerpt":{"rendered":"<div class=\"mh-excerpt\"><p>El procedimiento fue realizado por la Subdelegaci\u00f3n local de Investigaciones del Tr\u00e1fico de Drogas Il\u00edcitas. Colabor\u00f3 la patrulla de prevenci\u00f3n municipal. Interviene la Justicia de Dolores. 24 de enero de 2026 CHASCOM\u00daS\u00a0 &#8211;\u00a0 \u00a0 En <a class=\"mh-excerpt-more\" href=\"https:\/\/larevistadigital.com.ar\/blog\/allanamiento-por-drogas-en-chascomus-una-mujer-aprehendida-y-secuestro-de-cocaina\/\" title=\"Allanamiento por drogas en Chascom\u00fas: una mujer aprehendida y secuestro de coca\u00edna\">[Leer M\u00e1s]<\/a><\/p>\n<\/div>","protected":false},"author":3,"featured_media":43590,"comment_status":"open","ping_status":"open","sticky":false,"template":"","format":"standard","meta":{"_jetpack_memberships_contains_paid_content":false,"footnotes":"","jetpack_publicize_message":"","jetpack_publicize_feature_enabled":true,"jetpack_social_post_already_shared":true,"jetpack_social_options":{"image_generator_settings":{"template":"highway","default_image_id":0,"font":"","enabled":false},"version":2}},"categories":[50,44],"tags":[],"class_list":{"0":"post-43581","1":"post","2":"type-post","3":"status-publish","4":"format-standard","5":"has-post-thumbnail","7":"category-interes-general","8":"category-policiales"},"jetpack_publicize_connections":[],"jetpack_featured_media_url":"https:\/\/i0.wp.com\/larevistadigital.com.ar\/blog\/wp-content\/uploads\/WhatsApp-Image-2026-01-23-at-22.42.06-1.jpeg?fit=1200%2C1600&ssl=1","jetpack_sharing_enabled":true,"jetpack_shortlink":"https:\/\/wp.me\/p8qtrQ-bkV","jetpack-related-posts":[{"id":41404,"url":"https:\/\/larevistadigital.com.ar\/blog\/allanamiento-en-chascomus-detienen-a-un-hombre-acusado-de-venta-de-drogas\/","url_meta":{"origin":43581,"position":0},"title":"Allanamiento en Chascom\u00fas: detienen a un hombre acusado de venta de drogas","author":"Alejandro Sosa Ruda","date":"11 septiembre, 2025","format":false,"excerpt":"La Polic\u00eda secuestr\u00f3 estupefacientes fraccionados para la venta y una moto con pedido de secuestro activo. 11 de Septiembre de 2025 CHASCOM\u00daS\u00a0 -\u00a0 \u00a0Un operativo policial llevado a cabo en Chascom\u00fas termin\u00f3 con la detenci\u00f3n de un hombre acusado de comercializar drogas al menudeo en un barrio de la ciudad.\u2026","rel":"","context":"En \u00abDESTACADAS\u00bb","block_context":{"text":"DESTACADAS","link":"https:\/\/larevistadigital.com.ar\/blog\/category\/destacadas\/"},"img":{"alt_text":"","src":"https:\/\/i0.wp.com\/larevistadigital.com.ar\/blog\/wp-content\/uploads\/WhatsApp-Image-2025-09-11-at-09.20.11.jpeg?fit=1200%2C675&ssl=1&resize=350%2C200","width":350,"height":200,"srcset":"https:\/\/i0.wp.com\/larevistadigital.com.ar\/blog\/wp-content\/uploads\/WhatsApp-Image-2025-09-11-at-09.20.11.jpeg?fit=1200%2C675&ssl=1&resize=350%2C200 1x, https:\/\/i0.wp.com\/larevistadigital.com.ar\/blog\/wp-content\/uploads\/WhatsApp-Image-2025-09-11-at-09.20.11.jpeg?fit=1200%2C675&ssl=1&resize=525%2C300 1.5x, https:\/\/i0.wp.com\/larevistadigital.com.ar\/blog\/wp-content\/uploads\/WhatsApp-Image-2025-09-11-at-09.20.11.jpeg?fit=1200%2C675&ssl=1&resize=700%2C400 2x, https:\/\/i0.wp.com\/larevistadigital.com.ar\/blog\/wp-content\/uploads\/WhatsApp-Image-2025-09-11-at-09.20.11.jpeg?fit=1200%2C675&ssl=1&resize=1050%2C600 3x"},"classes":[]},{"id":34340,"url":"https:\/\/larevistadigital.com.ar\/blog\/chascomus-la-subdelegacion-de-trafico-de-drogas-ilicitas-allano-y-secuestro-cocaina-con-ayuda-de-monitoreo\/","url_meta":{"origin":43581,"position":1},"title":"CHASCOM\u00daS: LA SUBDELEGACI\u00d3N DE TR\u00c1FICO DE DROGAS IL\u00cdCITAS ALLAN\u00d3 Y SECUESTR\u00d3 COCA\u00cdNA CON AYUDA DE MONITOREO","author":"Alejandro Sosa Ruda","date":"2 noviembre, 2023","format":false,"excerpt":"Otra investigaci\u00f3n con resultados positivos. 2 de noviembre de 2023 CHASCOM\u00daS -\u00a0 Personal de la Subdelegaci\u00f3n Chascom\u00fas de Investigaciones del Tr\u00e1fico de Drogas Il\u00edcitas, bajo el mando del Comisario Abel De La Cruz cumpli\u00f3 una orden de registro en el barrio San Luis,\u00a0 mas precisamente frente a la del barrio\u2026","rel":"","context":"En \u00abCHASCOM\u00daS\u00bb","block_context":{"text":"CHASCOM\u00daS","link":"https:\/\/larevistadigital.com.ar\/blog\/category\/chascomus\/"},"img":{"alt_text":"","src":"https:\/\/i0.wp.com\/larevistadigital.com.ar\/blog\/wp-content\/uploads\/2018\/03\/Policia-allanamiento-noche.jpg?fit=777%2C498&ssl=1&resize=350%2C200","width":350,"height":200,"srcset":"https:\/\/i0.wp.com\/larevistadigital.com.ar\/blog\/wp-content\/uploads\/2018\/03\/Policia-allanamiento-noche.jpg?fit=777%2C498&ssl=1&resize=350%2C200 1x, https:\/\/i0.wp.com\/larevistadigital.com.ar\/blog\/wp-content\/uploads\/2018\/03\/Policia-allanamiento-noche.jpg?fit=777%2C498&ssl=1&resize=525%2C300 1.5x, https:\/\/i0.wp.com\/larevistadigital.com.ar\/blog\/wp-content\/uploads\/2018\/03\/Policia-allanamiento-noche.jpg?fit=777%2C498&ssl=1&resize=700%2C400 2x"},"classes":[]},{"id":28778,"url":"https:\/\/larevistadigital.com.ar\/blog\/chascomus-incautan-cocaina-en-un-allanamiento\/","url_meta":{"origin":43581,"position":2},"title":"CHASCOM\u00daS: INCAUTAN COCA\u00cdNA EN UN ALLANAMIENTO.","author":"Alejandro Sosa Ruda","date":"4 noviembre, 2022","format":false,"excerpt":"La cantidad secuestrada no fue suficiente para detener a la persona, seg\u00fan dispuso el Juez Gasquet. 4 de noviembre de 2022 CHASCOM\u00daS -\u00a0\u00a0Durante el d\u00eda de ayer y en horas de la tarde, se efectiviz\u00f3 un importante allanamiento para con una vivienda ubicada en la calle Saturnino Justo de la\u2026","rel":"","context":"En \u00abINTERES GENERAL\u00bb","block_context":{"text":"INTERES GENERAL","link":"https:\/\/larevistadigital.com.ar\/blog\/category\/interes-general\/"},"img":{"alt_text":"","src":"https:\/\/i0.wp.com\/larevistadigital.com.ar\/blog\/wp-content\/uploads\/WhatsApp-Image-2022-11-03-at-21.16.28-e1667570805685.jpeg?fit=821%2C1200&ssl=1&resize=350%2C200","width":350,"height":200,"srcset":"https:\/\/i0.wp.com\/larevistadigital.com.ar\/blog\/wp-content\/uploads\/WhatsApp-Image-2022-11-03-at-21.16.28-e1667570805685.jpeg?fit=821%2C1200&ssl=1&resize=350%2C200 1x, https:\/\/i0.wp.com\/larevistadigital.com.ar\/blog\/wp-content\/uploads\/WhatsApp-Image-2022-11-03-at-21.16.28-e1667570805685.jpeg?fit=821%2C1200&ssl=1&resize=525%2C300 1.5x, https:\/\/i0.wp.com\/larevistadigital.com.ar\/blog\/wp-content\/uploads\/WhatsApp-Image-2022-11-03-at-21.16.28-e1667570805685.jpeg?fit=821%2C1200&ssl=1&resize=700%2C400 2x"},"classes":[]},{"id":41327,"url":"https:\/\/larevistadigital.com.ar\/blog\/chascomus-detuvieron-a-un-hombre-acusado-de-vender-drogas-al-menudeo\/","url_meta":{"origin":43581,"position":3},"title":"Chascom\u00fas: detuvieron a un hombre acusado de vender drogas al menudeo","author":"Alejandro Sosa Ruda","date":"6 septiembre, 2025","format":false,"excerpt":"La investigaci\u00f3n estuvo a cargo de la Subdelegaci\u00f3n de Drogas Il\u00edcitas y deriv\u00f3 en un allanamiento en el que se secuestraron dosis listas para la venta, celulares y elementos de fraccionamiento. 06 de septiembre de 2025 CHASCOM\u00daS -\u00a0 Un operativo realizado por la Subdelegaci\u00f3n Chascom\u00fas de Drogas Il\u00edcitas termin\u00f3 con\u2026","rel":"","context":"En \u00abCHASCOM\u00daS\u00bb","block_context":{"text":"CHASCOM\u00daS","link":"https:\/\/larevistadigital.com.ar\/blog\/category\/chascomus\/"},"img":{"alt_text":"","src":"https:\/\/i0.wp.com\/larevistadigital.com.ar\/blog\/wp-content\/uploads\/WhatsApp-Image-2025-09-06-at-11.53.38.jpeg?fit=900%2C1200&ssl=1&resize=350%2C200","width":350,"height":200,"srcset":"https:\/\/i0.wp.com\/larevistadigital.com.ar\/blog\/wp-content\/uploads\/WhatsApp-Image-2025-09-06-at-11.53.38.jpeg?fit=900%2C1200&ssl=1&resize=350%2C200 1x, https:\/\/i0.wp.com\/larevistadigital.com.ar\/blog\/wp-content\/uploads\/WhatsApp-Image-2025-09-06-at-11.53.38.jpeg?fit=900%2C1200&ssl=1&resize=525%2C300 1.5x, https:\/\/i0.wp.com\/larevistadigital.com.ar\/blog\/wp-content\/uploads\/WhatsApp-Image-2025-09-06-at-11.53.38.jpeg?fit=900%2C1200&ssl=1&resize=700%2C400 2x"},"classes":[]},{"id":25409,"url":"https:\/\/larevistadigital.com.ar\/blog\/chascomus-tercer-procedimiento-importante-de-drogas-en-los-ultimos-tres-meses\/","url_meta":{"origin":43581,"position":4},"title":"CHASCOM\u00daS: TERCER PROCEDIMIENTO IMPORTANTE DE DROGAS EN LOS \u00daLTIMOS TRES MESES","author":"Alejandro Sosa Ruda","date":"26 mayo, 2022","format":false,"excerpt":"Se logr\u00f3 resultado positivo, en distintos allanamientos y se detuvo una persona por comercializaci\u00f3n de estupefacientes, consiguiendo otro buen resultado en la materia. La subdelegaci\u00f3n departamental de investigaciones del tr\u00e1fico de drogas il\u00edcitas de Chascom\u00fas, inform\u00f3 que se llevaron a cabo tres allanamientos por infracci\u00f3n a la ley 23.737. Tras\u2026","rel":"","context":"En \u00abDESTACADAS\u00bb","block_context":{"text":"DESTACADAS","link":"https:\/\/larevistadigital.com.ar\/blog\/category\/destacadas\/"},"img":{"alt_text":"","src":"https:\/\/i0.wp.com\/larevistadigital.com.ar\/blog\/wp-content\/uploads\/WhatsApp-Image-2022-05-26-at-8.02.24-AM-1.jpeg?fit=1200%2C900&ssl=1&resize=350%2C200","width":350,"height":200,"srcset":"https:\/\/i0.wp.com\/larevistadigital.com.ar\/blog\/wp-content\/uploads\/WhatsApp-Image-2022-05-26-at-8.02.24-AM-1.jpeg?fit=1200%2C900&ssl=1&resize=350%2C200 1x, https:\/\/i0.wp.com\/larevistadigital.com.ar\/blog\/wp-content\/uploads\/WhatsApp-Image-2022-05-26-at-8.02.24-AM-1.jpeg?fit=1200%2C900&ssl=1&resize=525%2C300 1.5x, https:\/\/i0.wp.com\/larevistadigital.com.ar\/blog\/wp-content\/uploads\/WhatsApp-Image-2022-05-26-at-8.02.24-AM-1.jpeg?fit=1200%2C900&ssl=1&resize=700%2C400 2x, https:\/\/i0.wp.com\/larevistadigital.com.ar\/blog\/wp-content\/uploads\/WhatsApp-Image-2022-05-26-at-8.02.24-AM-1.jpeg?fit=1200%2C900&ssl=1&resize=1050%2C600 3x"},"classes":[]},{"id":36978,"url":"https:\/\/larevistadigital.com.ar\/blog\/chascomus-otro-allanamiento-por-drogas-con-resultado-positivo\/","url_meta":{"origin":43581,"position":5},"title":"CHASCOM\u00daS: OTRO ALLANAMIENTO POR DROGAS CON RESULTADO POSITIVO","author":"Alejandro Sosa Ruda","date":"15 agosto, 2024","format":false,"excerpt":"La polic\u00eda logr\u00f3 nuevamente desarticular una organizaci\u00f3n dedicada al narcotr\u00e1fico. 15 de Agosto de 2024 CHASCOM\u00daS -\u00a0 \u00a0Luego de que personal de la Subdelegaci\u00f3n Chascom\u00fas de Investigaciones del Tr\u00e1fico de Drogas Il\u00edcitas logr\u00f3 reunir pruebas acerca de la comisi\u00f3n de un delito, se realiz\u00f3 un allanamiento dictado por el fiscal\u2026","rel":"","context":"En \u00abDESTACADAS\u00bb","block_context":{"text":"DESTACADAS","link":"https:\/\/larevistadigital.com.ar\/blog\/category\/destacadas\/"},"img":{"alt_text":"","src":"https:\/\/i0.wp.com\/larevistadigital.com.ar\/blog\/wp-content\/uploads\/Captura-de-pantalla-2024-08-15-201234.png?fit=969%2C575&ssl=1&resize=350%2C200","width":350,"height":200,"srcset":"https:\/\/i0.wp.com\/larevistadigital.com.ar\/blog\/wp-content\/uploads\/Captura-de-pantalla-2024-08-15-201234.png?fit=969%2C575&ssl=1&resize=350%2C200 1x, https:\/\/i0.wp.com\/larevistadigital.com.ar\/blog\/wp-content\/uploads\/Captura-de-pantalla-2024-08-15-201234.png?fit=969%2C575&ssl=1&resize=525%2C300 1.5x, https:\/\/i0.wp.com\/larevistadigital.com.ar\/blog\/wp-content\/uploads\/Captura-de-pantalla-2024-08-15-201234.png?fit=969%2C575&ssl=1&resize=700%2C400 2x"},"classes":[]}],"_links":{"self":[{"href":"https:\/\/larevistadigital.com.ar\/blog\/wp-json\/wp\/v2\/posts\/43581","targetHints":{"allow":["GET"]}}],"collection":[{"href":"https:\/\/larevistadigital.com.ar\/blog\/wp-json\/wp\/v2\/posts"}],"about":[{"href":"https:\/\/larevistadigital.com.ar\/blog\/wp-json\/wp\/v2\/types\/post"}],"author":[{"embeddable":true,"href":"https:\/\/larevistadigital.com.ar\/blog\/wp-json\/wp\/v2\/users\/3"}],"replies":[{"embeddable":true,"href":"https:\/\/larevistadigital.com.ar\/blog\/wp-json\/wp\/v2\/comments?post=43581"}],"version-history":[{"count":1,"href":"https:\/\/larevistadigital.com.ar\/blog\/wp-json\/wp\/v2\/posts\/43581\/revisions"}],"predecessor-version":[{"id":43583,"href":"https:\/\/larevistadigital.com.ar\/blog\/wp-json\/wp\/v2\/posts\/43581\/revisions\/43583"}],"wp:featuredmedia":[{"embeddable":true,"href":"https:\/\/larevistadigital.com.ar\/blog\/wp-json\/wp\/v2\/media\/43590"}],"wp:attachment":[{"href":"https:\/\/larevistadigital.com.ar\/blog\/wp-json\/wp\/v2\/media?parent=43581"}],"wp:term":[{"taxonomy":"category","embeddable":true,"href":"https:\/\/larevistadigital.com.ar\/blog\/wp-json\/wp\/v2\/categories?post=43581"},{"taxonomy":"post_tag","embeddable":true,"href":"https:\/\/larevistadigital.com.ar\/blog\/wp-json\/wp\/v2\/tags?post=43581"}],"curies":[{"name":"wp","href":"https:\/\/api.w.org\/{rel}","templated":true}]}}