{"id":43584,"date":"2026-01-24T12:40:50","date_gmt":"2026-01-24T15:40:50","guid":{"rendered":"https:\/\/larevistadigital.com.ar\/blog\/?p=43584"},"modified":"2026-01-24T12:40:50","modified_gmt":"2026-01-24T15:40:50","slug":"mar-del-plata-un-auto-atropello-a-un-turista-en-playa-chica-el-conductor-tiene-17-anos","status":"publish","type":"post","link":"https:\/\/larevistadigital.com.ar\/blog\/mar-del-plata-un-auto-atropello-a-un-turista-en-playa-chica-el-conductor-tiene-17-anos\/","title":{"rendered":"Mar del Plata: Un auto atropell\u00f3 a un turista en Playa Chica: el conductor tiene 17 a\u00f1os"},"content":{"rendered":"<p data-start=\"179\" data-end=\"355\"><strong data-start=\"179\" data-end=\"355\">El hecho ocurri\u00f3 durante la madrugada del s\u00e1bado en el paseo costero. La v\u00edctima, de 22 a\u00f1os y oriunda de Tucum\u00e1n, sufri\u00f3 una herida en la cabeza y debi\u00f3 ser hospitalizada.<\/strong><\/p>\n<p data-start=\"179\" data-end=\"355\">24 de enero de 2026<\/p>\n<p data-start=\"357\" data-end=\"577\"><strong>CHASCOM\u00daS &#8211;\u00a0 \u00a0<\/strong>Un violento siniestro vial se registr\u00f3 en la madrugada de este s\u00e1bado en la zona de <strong data-start=\"441\" data-end=\"456\">Playa Chica<\/strong>, en Mar del Plata, cuando un autom\u00f3vil atropell\u00f3 a un joven turista que caminaba por la vereda tras salir de un boliche.<\/p>\n<p data-start=\"579\" data-end=\"1079\">El hecho ocurri\u00f3 cerca de la <strong data-start=\"608\" data-end=\"632\">1.30 de la madrugada<\/strong>, en la intersecci\u00f3n de <strong data-start=\"656\" data-end=\"689\">Pe\u00f1a y Patricio Peralta Ramos<\/strong>, sobre el paseo Volpe. Seg\u00fan informaron fuentes policiales, un <strong data-start=\"753\" data-end=\"773\">menor de 17 a\u00f1os<\/strong>, que contaba con <strong data-start=\"791\" data-end=\"814\">licencia habilitada<\/strong>, circulaba en sentido norte al volante de un <strong data-start=\"860\" data-end=\"884\">Volkswagen Bora gris<\/strong> cuando, por motivos que a\u00fan se investigan, perdi\u00f3 el control del veh\u00edculo y embisti\u00f3 a un joven de <strong data-start=\"984\" data-end=\"995\">22 a\u00f1os<\/strong>, oriundo de la provincia de <strong data-start=\"1024\" data-end=\"1035\">Tucum\u00e1n<\/strong>, que se encontraba caminando por la vereda.<\/p>\n<blockquote>\n<h3 data-start=\"1081\" data-end=\"1325\">Una testigo del hecho relat\u00f3 lo ocurrido: <em data-start=\"1123\" data-end=\"1288\">\u201cEl auto choc\u00f3 a un chico que iba caminando por la costa y cay\u00f3 para el otro lado. Yo estaba por entrar a trabajar y escuch\u00e9 un ruido fuerte; el auto ven\u00eda r\u00e1pido\u201d<\/em>, cont\u00f3 Vera, lectora del medio 0223.<\/h3>\n<\/blockquote>\n<p data-start=\"1327\" data-end=\"1544\">Como consecuencia del impacto, la v\u00edctima sufri\u00f3 una <strong data-start=\"1380\" data-end=\"1412\">herida cortante en la cabeza<\/strong> y fue asistida en el lugar por una ambulancia del <strong data-start=\"1463\" data-end=\"1471\">SAME<\/strong>, que posteriormente lo traslad\u00f3 a un centro de salud para su evaluaci\u00f3n.<\/p>\n<p data-start=\"1546\" data-end=\"1829\">El conductor fue retenido por personal policial de la <strong data-start=\"1600\" data-end=\"1608\">UTOI<\/strong>. Durante el procedimiento se constat\u00f3 que <strong data-start=\"1651\" data-end=\"1692\">no ten\u00eda la c\u00e9dula verde del veh\u00edculo<\/strong>, el cual presentaba importantes da\u00f1os en el <strong data-start=\"1737\" data-end=\"1777\">parabrisas y el guardabarros derecho<\/strong>. El <strong data-start=\"1782\" data-end=\"1828\">test de alcoholemia dio resultado negativo<\/strong>.<\/p>\n<p data-start=\"1831\" data-end=\"1905\">La investigaci\u00f3n contin\u00faa para determinar las responsabilidades del hecho.<\/p>\n","protected":false},"excerpt":{"rendered":"<div class=\"mh-excerpt\"><p>El hecho ocurri\u00f3 durante la madrugada del s\u00e1bado en el paseo costero. La v\u00edctima, de 22 a\u00f1os y oriunda de Tucum\u00e1n, sufri\u00f3 una herida en la cabeza y debi\u00f3 ser hospitalizada. 24 de enero de <a class=\"mh-excerpt-more\" href=\"https:\/\/larevistadigital.com.ar\/blog\/mar-del-plata-un-auto-atropello-a-un-turista-en-playa-chica-el-conductor-tiene-17-anos\/\" title=\"Mar del Plata: Un auto atropell\u00f3 a un turista en Playa Chica: el conductor tiene 17 a\u00f1os\">[Leer M\u00e1s]<\/a><\/p>\n<\/div>","protected":false},"author":3,"featured_media":43585,"comment_status":"open","ping_status":"open","sticky":false,"template":"","format":"standard","meta":{"_jetpack_memberships_contains_paid_content":false,"footnotes":"","jetpack_publicize_message":"","jetpack_publicize_feature_enabled":true,"jetpack_social_post_already_shared":true,"jetpack_social_options":{"image_generator_settings":{"template":"highway","default_image_id":0,"font":"","enabled":false},"version":2}},"categories":[44,51],"tags":[],"class_list":{"0":"post-43584","1":"post","2":"type-post","3":"status-publish","4":"format-standard","5":"has-post-thumbnail","7":"category-policiales","8":"category-regionales"},"jetpack_publicize_connections":[],"jetpack_featured_media_url":"https:\/\/i0.wp.com\/larevistadigital.com.ar\/blog\/wp-content\/uploads\/Captura-de-pantalla-2026-01-24-123424.jpg?fit=821%2C339&ssl=1","jetpack_sharing_enabled":true,"jetpack_shortlink":"https:\/\/wp.me\/p8qtrQ-bkY","jetpack-related-posts":[{"id":10002,"url":"https:\/\/larevistadigital.com.ar\/blog\/mar-del-plata-un-muerto-en-tragico-accidente-en-playa-chica\/","url_meta":{"origin":43584,"position":0},"title":"MAR DEL PLATA: UN MUERTO EN TR\u00c1GICO ACCIDENTE EN PLAYA CHICA","author":"Alejandro Sosa Ruda","date":"5 mayo, 2019","format":false,"excerpt":"Un hombre falleci\u00f3 esta madrugada en el paseo costero luego de que la motocicleta en la que viajaba como acompa\u00f1ante se despistara y fuera impactada por al menos dos veh\u00edculos. Seg\u00fan inform\u00f3 el Diario La Capital, el siniestro se produjo a las 6.45 en la curva de la zona de\u2026","rel":"","context":"En \u00abPOLICIALES\u00bb","block_context":{"text":"POLICIALES","link":"https:\/\/larevistadigital.com.ar\/blog\/category\/policiales\/"},"img":{"alt_text":"","src":"https:\/\/i0.wp.com\/larevistadigital.com.ar\/blog\/wp-content\/uploads\/2019\/05\/Screenshot_1-4.jpg?fit=964%2C633&ssl=1&resize=350%2C200","width":350,"height":200,"srcset":"https:\/\/i0.wp.com\/larevistadigital.com.ar\/blog\/wp-content\/uploads\/2019\/05\/Screenshot_1-4.jpg?fit=964%2C633&ssl=1&resize=350%2C200 1x, https:\/\/i0.wp.com\/larevistadigital.com.ar\/blog\/wp-content\/uploads\/2019\/05\/Screenshot_1-4.jpg?fit=964%2C633&ssl=1&resize=525%2C300 1.5x, https:\/\/i0.wp.com\/larevistadigital.com.ar\/blog\/wp-content\/uploads\/2019\/05\/Screenshot_1-4.jpg?fit=964%2C633&ssl=1&resize=700%2C400 2x"},"classes":[]},{"id":43587,"url":"https:\/\/larevistadigital.com.ar\/blog\/hallaron-un-cadaver-flotando-en-una-playa-centrica-de-mar-del-plata-y-fue-identificado\/","url_meta":{"origin":43584,"position":1},"title":"Hallaron un cad\u00e1ver flotando en una playa c\u00e9ntrica de Mar del Plata y fue identificado","author":"Alejandro Sosa Ruda","date":"24 enero, 2026","format":false,"excerpt":"Se trata de un joven de 27 a\u00f1os. El cuerpo apareci\u00f3 durante la madrugada en la playa Bristol y la Justicia investiga las causas de la muerte. 24 de enero de 2026 MAR DEL PLATA -\u00a0 \u00a0 El avance de la investigaci\u00f3n permiti\u00f3 identificar al hombre cuyo cuerpo fue hallado\u2026","rel":"","context":"En \u00abPOLICIALES\u00bb","block_context":{"text":"POLICIALES","link":"https:\/\/larevistadigital.com.ar\/blog\/category\/policiales\/"},"img":{"alt_text":"","src":"https:\/\/i0.wp.com\/larevistadigital.com.ar\/blog\/wp-content\/uploads\/Captura-de-pantalla-2026-01-24-132009.jpg?fit=792%2C334&ssl=1&resize=350%2C200","width":350,"height":200,"srcset":"https:\/\/i0.wp.com\/larevistadigital.com.ar\/blog\/wp-content\/uploads\/Captura-de-pantalla-2026-01-24-132009.jpg?fit=792%2C334&ssl=1&resize=350%2C200 1x, https:\/\/i0.wp.com\/larevistadigital.com.ar\/blog\/wp-content\/uploads\/Captura-de-pantalla-2026-01-24-132009.jpg?fit=792%2C334&ssl=1&resize=525%2C300 1.5x, https:\/\/i0.wp.com\/larevistadigital.com.ar\/blog\/wp-content\/uploads\/Captura-de-pantalla-2026-01-24-132009.jpg?fit=792%2C334&ssl=1&resize=700%2C400 2x"},"classes":[]},{"id":30469,"url":"https:\/\/larevistadigital.com.ar\/blog\/mar-del-plata-un-jubilado-atropello-a-un-cuidacohes-en-el-centro\/","url_meta":{"origin":43584,"position":2},"title":"MAR DEL PLATA: UN JUBILADO ATROPELL\u00d3 A UN CUIDACOHES EN EL CENTRO","author":"Alejandro Sosa Ruda","date":"8 marzo, 2023","format":false,"excerpt":"Un autom\u00f3vil conducido por un jubilado de 84 a\u00f1os\u00a0pis\u00f3 a un cuidacoches\u00a0de 21 en el centro de la ciudad. 8 de marzo de 2023 MAR DEL PLATA -\u00a0 El hecho ocurri\u00f3 en Entre R\u00edos, entre Bol\u00edvar y Moreno, y la v\u00edctima sufri\u00f3 lesiones leves, producto de las cuales recibi\u00f3 atenci\u00f3n\u2026","rel":"","context":"En \u00abPOLICIALES\u00bb","block_context":{"text":"POLICIALES","link":"https:\/\/larevistadigital.com.ar\/blog\/category\/policiales\/"},"img":{"alt_text":"","src":"https:\/\/i0.wp.com\/larevistadigital.com.ar\/blog\/wp-content\/uploads\/Captura-de-pantalla-2023-03-08-130303.png?fit=798%2C446&ssl=1&resize=350%2C200","width":350,"height":200,"srcset":"https:\/\/i0.wp.com\/larevistadigital.com.ar\/blog\/wp-content\/uploads\/Captura-de-pantalla-2023-03-08-130303.png?fit=798%2C446&ssl=1&resize=350%2C200 1x, https:\/\/i0.wp.com\/larevistadigital.com.ar\/blog\/wp-content\/uploads\/Captura-de-pantalla-2023-03-08-130303.png?fit=798%2C446&ssl=1&resize=525%2C300 1.5x, https:\/\/i0.wp.com\/larevistadigital.com.ar\/blog\/wp-content\/uploads\/Captura-de-pantalla-2023-03-08-130303.png?fit=798%2C446&ssl=1&resize=700%2C400 2x"},"classes":[]},{"id":31000,"url":"https:\/\/larevistadigital.com.ar\/blog\/mar-del-plata-turistas-encontraron-el-cadaver-de-un-hombre-que-se-habia-tirado-al-mar\/","url_meta":{"origin":43584,"position":3},"title":"MAR DEL PLATA: TURISTAS ENCONTRARON EL CADAVER DE UN HOMBRE QUE SE HAB\u00cdA TIRADO AL MAR","author":"Alejandro Sosa Ruda","date":"12 abril, 2023","format":false,"excerpt":"MAR DEL PLATA -\u00a0 Luego de m\u00e1s de 24 hs. de b\u00fasqueda, finalmente encontraron en Mar del Plata el cuerpo de un hombre de 33 a\u00f1os de edad, que el d\u00eda viernes a la madrugada se arroj\u00f3 al mar para escapar de la polic\u00eda, que lo persegu\u00eda por el robo\u2026","rel":"","context":"En \u00abPOLICIALES\u00bb","block_context":{"text":"POLICIALES","link":"https:\/\/larevistadigital.com.ar\/blog\/category\/policiales\/"},"img":{"alt_text":"","src":"https:\/\/i0.wp.com\/larevistadigital.com.ar\/blog\/wp-content\/uploads\/fotojet_x98x_1.jpg_1833193316.jpg?fit=720%2C406&ssl=1&resize=350%2C200","width":350,"height":200,"srcset":"https:\/\/i0.wp.com\/larevistadigital.com.ar\/blog\/wp-content\/uploads\/fotojet_x98x_1.jpg_1833193316.jpg?fit=720%2C406&ssl=1&resize=350%2C200 1x, https:\/\/i0.wp.com\/larevistadigital.com.ar\/blog\/wp-content\/uploads\/fotojet_x98x_1.jpg_1833193316.jpg?fit=720%2C406&ssl=1&resize=525%2C300 1.5x, https:\/\/i0.wp.com\/larevistadigital.com.ar\/blog\/wp-content\/uploads\/fotojet_x98x_1.jpg_1833193316.jpg?fit=720%2C406&ssl=1&resize=700%2C400 2x"},"classes":[]},{"id":43332,"url":"https:\/\/larevistadigital.com.ar\/blog\/tragedia-un-colectivero-de-19-anos-atropello-y-mato-a-un-companero\/","url_meta":{"origin":43584,"position":4},"title":"Tragedia: un colectivero de 19 a\u00f1os atropell\u00f3 y mat\u00f3 a un compa\u00f1ero","author":"Alejandro Sosa Ruda","date":"14 enero, 2026","format":false,"excerpt":"El hecho ocurri\u00f3 en horas de la noche dentro del predio de la firma, en la zona sur de Mar del Plata. La Justicia investiga las circunstancias del siniestro. 14 de enero de 2026 MAR DEL PLATA -\u00a0 \u00a0Un tr\u00e1gico accidente laboral ocurri\u00f3 este martes por la noche en el\u2026","rel":"","context":"En \u00abPOLICIALES\u00bb","block_context":{"text":"POLICIALES","link":"https:\/\/larevistadigital.com.ar\/blog\/category\/policiales\/"},"img":{"alt_text":"","src":"https:\/\/i0.wp.com\/larevistadigital.com.ar\/blog\/wp-content\/uploads\/Captura-de-pantalla-2026-01-14-145250.jpg?fit=756%2C433&ssl=1&resize=350%2C200","width":350,"height":200,"srcset":"https:\/\/i0.wp.com\/larevistadigital.com.ar\/blog\/wp-content\/uploads\/Captura-de-pantalla-2026-01-14-145250.jpg?fit=756%2C433&ssl=1&resize=350%2C200 1x, https:\/\/i0.wp.com\/larevistadigital.com.ar\/blog\/wp-content\/uploads\/Captura-de-pantalla-2026-01-14-145250.jpg?fit=756%2C433&ssl=1&resize=525%2C300 1.5x, https:\/\/i0.wp.com\/larevistadigital.com.ar\/blog\/wp-content\/uploads\/Captura-de-pantalla-2026-01-14-145250.jpg?fit=756%2C433&ssl=1&resize=700%2C400 2x"},"classes":[]},{"id":24232,"url":"https:\/\/larevistadigital.com.ar\/blog\/mar-del-plata-un-motociclista-en-grave-estado-luego-de-chocar-contra-un-auto\/","url_meta":{"origin":43584,"position":5},"title":"MAR DEL PLATA: UN MOTOCICLISTA EN GRAVE ESTADO LUEGO DE CHOCAR CONTRA UN AUTO","author":"Alejandro Sosa Ruda","date":"27 febrero, 2022","format":false,"excerpt":"El joven, de 22 a\u00f1os se encuentra en terapia intensiva del Hospital Interzonal, mientras que su acompa\u00f1ante, una mujer de 24 a\u00f1os, tambi\u00e9n est\u00e1 internada, pero estable. El hecho ocurri\u00f3 esta madrugada en Independencia y Garay. MAR DEL PLATA -\u00a0 Un\u00a0motociclista de 22 a\u00f1os\u00a0se encuentra internado en grave estado en\u2026","rel":"","context":"En \u00abPOLICIALES\u00bb","block_context":{"text":"POLICIALES","link":"https:\/\/larevistadigital.com.ar\/blog\/category\/policiales\/"},"img":{"alt_text":"","src":"https:\/\/i0.wp.com\/larevistadigital.com.ar\/blog\/wp-content\/uploads\/Captura-de-pantalla-2022-02-27-122414.jpg?fit=1011%2C490&ssl=1&resize=350%2C200","width":350,"height":200,"srcset":"https:\/\/i0.wp.com\/larevistadigital.com.ar\/blog\/wp-content\/uploads\/Captura-de-pantalla-2022-02-27-122414.jpg?fit=1011%2C490&ssl=1&resize=350%2C200 1x, https:\/\/i0.wp.com\/larevistadigital.com.ar\/blog\/wp-content\/uploads\/Captura-de-pantalla-2022-02-27-122414.jpg?fit=1011%2C490&ssl=1&resize=525%2C300 1.5x, https:\/\/i0.wp.com\/larevistadigital.com.ar\/blog\/wp-content\/uploads\/Captura-de-pantalla-2022-02-27-122414.jpg?fit=1011%2C490&ssl=1&resize=700%2C400 2x"},"classes":[]}],"_links":{"self":[{"href":"https:\/\/larevistadigital.com.ar\/blog\/wp-json\/wp\/v2\/posts\/43584","targetHints":{"allow":["GET"]}}],"collection":[{"href":"https:\/\/larevistadigital.com.ar\/blog\/wp-json\/wp\/v2\/posts"}],"about":[{"href":"https:\/\/larevistadigital.com.ar\/blog\/wp-json\/wp\/v2\/types\/post"}],"author":[{"embeddable":true,"href":"https:\/\/larevistadigital.com.ar\/blog\/wp-json\/wp\/v2\/users\/3"}],"replies":[{"embeddable":true,"href":"https:\/\/larevistadigital.com.ar\/blog\/wp-json\/wp\/v2\/comments?post=43584"}],"version-history":[{"count":1,"href":"https:\/\/larevistadigital.com.ar\/blog\/wp-json\/wp\/v2\/posts\/43584\/revisions"}],"predecessor-version":[{"id":43586,"href":"https:\/\/larevistadigital.com.ar\/blog\/wp-json\/wp\/v2\/posts\/43584\/revisions\/43586"}],"wp:featuredmedia":[{"embeddable":true,"href":"https:\/\/larevistadigital.com.ar\/blog\/wp-json\/wp\/v2\/media\/43585"}],"wp:attachment":[{"href":"https:\/\/larevistadigital.com.ar\/blog\/wp-json\/wp\/v2\/media?parent=43584"}],"wp:term":[{"taxonomy":"category","embeddable":true,"href":"https:\/\/larevistadigital.com.ar\/blog\/wp-json\/wp\/v2\/categories?post=43584"},{"taxonomy":"post_tag","embeddable":true,"href":"https:\/\/larevistadigital.com.ar\/blog\/wp-json\/wp\/v2\/tags?post=43584"}],"curies":[{"name":"wp","href":"https:\/\/api.w.org\/{rel}","templated":true}]}}