{"id":44024,"date":"2026-02-15T23:09:23","date_gmt":"2026-02-16T02:09:23","guid":{"rendered":"https:\/\/larevistadigital.com.ar\/blog\/?p=44024"},"modified":"2026-02-15T23:09:23","modified_gmt":"2026-02-16T02:09:23","slug":"conmocion-en-mar-del-plata-por-el-hallazgo-del-cuerpo-de-una-mujer-en-la-via-publica","status":"publish","type":"post","link":"https:\/\/larevistadigital.com.ar\/blog\/conmocion-en-mar-del-plata-por-el-hallazgo-del-cuerpo-de-una-mujer-en-la-via-publica\/","title":{"rendered":"Conmoci\u00f3n en Mar del Plata por el hallazgo del cuerpo de una mujer en la v\u00eda p\u00fablica"},"content":{"rendered":"<h3 data-start=\"90\" data-end=\"289\"><em data-start=\"90\" data-end=\"289\">El hecho ocurri\u00f3 en la intersecci\u00f3n de 196 y San Mart\u00edn. Intervino Polic\u00eda Cient\u00edfica y la Justicia investiga las causas del fallecimiento. La principal hip\u00f3tesis es que se tratar\u00eda de un suicidio.<\/em><\/h3>\n<p data-start=\"291\" data-end=\"430\">El hallazgo del cuerpo sin vida de una mujer durante la jornada del domingo gener\u00f3 fuerte impacto en <span class=\"hover:entity-accent entity-underline inline cursor-pointer align-baseline\"><span class=\"whitespace-normal\">Mar del Plata<\/span><\/span>.<\/p>\n<p data-start=\"432\" data-end=\"734\">Vecinos de la zona de calles 196 y San Mart\u00edn advirtieron la presencia del cuerpo y dieron aviso a las autoridades. Minutos despu\u00e9s arribaron efectivos policiales y personal de Polic\u00eda Cient\u00edfica, quienes constataron el fallecimiento y preservaron la escena para realizar las pericias correspondientes.<\/p>\n<p data-start=\"736\" data-end=\"1000\">La investigaci\u00f3n qued\u00f3 en manos de la Justicia, que busca establecer con precisi\u00f3n las circunstancias del hecho. Seg\u00fan trascendi\u00f3, la principal hip\u00f3tesis que manejan los investigadores es que la muerte habr\u00eda sido causada de manera intencional por la propia mujer.<\/p>\n<p data-start=\"1002\" data-end=\"1152\" data-is-last-node=\"\" data-is-only-node=\"\">En ese marco, se trabaja en el cruce de informaci\u00f3n con familiares para confirmar la identidad y reunir elementos que permitan esclarecer lo sucedido.<\/p>\n","protected":false},"excerpt":{"rendered":"<div class=\"mh-excerpt\"><p>El hecho ocurri\u00f3 en la intersecci\u00f3n de 196 y San Mart\u00edn. Intervino Polic\u00eda Cient\u00edfica y la Justicia investiga las causas del fallecimiento. La principal hip\u00f3tesis es que se tratar\u00eda de un suicidio. El hallazgo del <a class=\"mh-excerpt-more\" href=\"https:\/\/larevistadigital.com.ar\/blog\/conmocion-en-mar-del-plata-por-el-hallazgo-del-cuerpo-de-una-mujer-en-la-via-publica\/\" title=\"Conmoci\u00f3n en Mar del Plata por el hallazgo del cuerpo de una mujer en la v\u00eda p\u00fablica\">[Leer M\u00e1s]<\/a><\/p>\n<\/div>","protected":false},"author":3,"featured_media":44025,"comment_status":"open","ping_status":"open","sticky":false,"template":"","format":"standard","meta":{"_jetpack_memberships_contains_paid_content":false,"footnotes":"","jetpack_publicize_message":"","jetpack_publicize_feature_enabled":true,"jetpack_social_post_already_shared":true,"jetpack_social_options":{"image_generator_settings":{"template":"highway","default_image_id":0,"font":"","enabled":false},"version":2}},"categories":[50,44],"tags":[],"class_list":{"0":"post-44024","1":"post","2":"type-post","3":"status-publish","4":"format-standard","5":"has-post-thumbnail","7":"category-interes-general","8":"category-policiales"},"jetpack_publicize_connections":[],"jetpack_featured_media_url":"https:\/\/i0.wp.com\/larevistadigital.com.ar\/blog\/wp-content\/uploads\/Captura-de-pantalla-2026-02-15-230750.jpg?fit=803%2C413&ssl=1","jetpack_sharing_enabled":true,"jetpack_shortlink":"https:\/\/wp.me\/p8qtrQ-bs4","jetpack-related-posts":[{"id":46805,"url":"https:\/\/larevistadigital.com.ar\/blog\/hallaron-el-cuerpo-de-una-mujer-en-una-zona-rural-de-vivorata-e-investigan-las-causas-de-su-muerte\/","url_meta":{"origin":44024,"position":0},"title":"Hallaron el cuerpo de una mujer en una zona rural de Vivorat\u00e1 e investigan las causas de su muerte","author":"Alejandro Sosa Ruda","date":"1 agosto, 2026","format":false,"excerpt":"El hallazgo se produjo este viernes en un establecimiento rural de Vivorat\u00e1, partido de Mar Chiquita. La Justicia trabaja para establecer la identidad de la v\u00edctima y determinar en qu\u00e9 circunstancias ocurri\u00f3 el hecho. 01 de agosto de 2026 Vivorat\u00e1, MAR CHIQUITA\u00a0 -\u00a0 \u00a0Un macabro hallazgo conmocion\u00f3 este viernes a\u2026","rel":"","context":"En \u00abPOLICIALES\u00bb","block_context":{"text":"POLICIALES","link":"https:\/\/larevistadigital.com.ar\/blog\/category\/policiales\/"},"img":{"alt_text":"","src":"https:\/\/i0.wp.com\/larevistadigital.com.ar\/blog\/wp-content\/uploads\/policia-mardelplata.jpg?fit=1200%2C800&ssl=1&resize=350%2C200","width":350,"height":200,"srcset":"https:\/\/i0.wp.com\/larevistadigital.com.ar\/blog\/wp-content\/uploads\/policia-mardelplata.jpg?fit=1200%2C800&ssl=1&resize=350%2C200 1x, https:\/\/i0.wp.com\/larevistadigital.com.ar\/blog\/wp-content\/uploads\/policia-mardelplata.jpg?fit=1200%2C800&ssl=1&resize=525%2C300 1.5x, https:\/\/i0.wp.com\/larevistadigital.com.ar\/blog\/wp-content\/uploads\/policia-mardelplata.jpg?fit=1200%2C800&ssl=1&resize=700%2C400 2x, https:\/\/i0.wp.com\/larevistadigital.com.ar\/blog\/wp-content\/uploads\/policia-mardelplata.jpg?fit=1200%2C800&ssl=1&resize=1050%2C600 3x"},"classes":[]},{"id":24685,"url":"https:\/\/larevistadigital.com.ar\/blog\/mar-de-plata-ultimo-momento-identificaron-a-la-persona-hallada-en-la-escollera-norte\/","url_meta":{"origin":44024,"position":1},"title":"MAR DE PLATA ULTIMO MOMENTO: IDENTIFICARON A LA PERSONA HALLADA EN LA ESCOLLERA NORTE","author":"Alejandro Sosa Ruda","date":"20 marzo, 2022","format":false,"excerpt":"Su cuerpo fue encontrado esta ma\u00f1ana entre las piedras, a la altura de R\u00edo Negro y la costa. La v\u00edctima, de 65 a\u00f1os, se habr\u00eda dirigido hacia ese punto de la playa para quitarse la vida. MAR DEL PLATA -\u00a0 El cuerpo sin vida hallado en horas de la ma\u00f1ana\u2026","rel":"","context":"En \u00abPOLICIALES\u00bb","block_context":{"text":"POLICIALES","link":"https:\/\/larevistadigital.com.ar\/blog\/category\/policiales\/"},"img":{"alt_text":"","src":"https:\/\/i0.wp.com\/larevistadigital.com.ar\/blog\/wp-content\/uploads\/Captura-de-pantalla-2022-03-20-125203.jpg?fit=738%2C483&ssl=1&resize=350%2C200","width":350,"height":200,"srcset":"https:\/\/i0.wp.com\/larevistadigital.com.ar\/blog\/wp-content\/uploads\/Captura-de-pantalla-2022-03-20-125203.jpg?fit=738%2C483&ssl=1&resize=350%2C200 1x, https:\/\/i0.wp.com\/larevistadigital.com.ar\/blog\/wp-content\/uploads\/Captura-de-pantalla-2022-03-20-125203.jpg?fit=738%2C483&ssl=1&resize=525%2C300 1.5x, https:\/\/i0.wp.com\/larevistadigital.com.ar\/blog\/wp-content\/uploads\/Captura-de-pantalla-2022-03-20-125203.jpg?fit=738%2C483&ssl=1&resize=700%2C400 2x"},"classes":[]},{"id":46646,"url":"https:\/\/larevistadigital.com.ar\/blog\/investigan-la-muerte-de-un-enfermero-hallado-en-el-shock-room-de-un-hospital\/","url_meta":{"origin":44024,"position":2},"title":"Investigan la muerte de un enfermero hallado en el shock room de un hospital","author":"Alejandro Sosa Ruda","date":"23 julio, 2026","format":false,"excerpt":"El trabajador de la salud, de 51 a\u00f1os, fue encontrado sin vida dentro del Hospital Interzonal General de Agudos (HIGA) de Mar del Plata. La Justicia investiga las causas del fallecimiento y orden\u00f3 la realizaci\u00f3n de una autopsia. 23 de julio de 2026 MAR DEL PLATA -\u00a0 \u00a0La Justicia investiga\u2026","rel":"","context":"En \u00abPOLICIALES\u00bb","block_context":{"text":"POLICIALES","link":"https:\/\/larevistadigital.com.ar\/blog\/category\/policiales\/"},"img":{"alt_text":"","src":"https:\/\/i0.wp.com\/larevistadigital.com.ar\/blog\/wp-content\/uploads\/Captura-de-pantalla-2026-07-23-105417.jpg?fit=759%2C416&ssl=1&resize=350%2C200","width":350,"height":200,"srcset":"https:\/\/i0.wp.com\/larevistadigital.com.ar\/blog\/wp-content\/uploads\/Captura-de-pantalla-2026-07-23-105417.jpg?fit=759%2C416&ssl=1&resize=350%2C200 1x, https:\/\/i0.wp.com\/larevistadigital.com.ar\/blog\/wp-content\/uploads\/Captura-de-pantalla-2026-07-23-105417.jpg?fit=759%2C416&ssl=1&resize=525%2C300 1.5x, https:\/\/i0.wp.com\/larevistadigital.com.ar\/blog\/wp-content\/uploads\/Captura-de-pantalla-2026-07-23-105417.jpg?fit=759%2C416&ssl=1&resize=700%2C400 2x"},"classes":[]},{"id":43573,"url":"https:\/\/larevistadigital.com.ar\/blog\/mar-del-plata-hallaron-muerto-a-un-turista-en-el-techo-de-un-hotel\/","url_meta":{"origin":44024,"position":3},"title":"Mar del Plata: Hallaron muerto a un turista en el techo de un hotel","author":"Alejandro Sosa Ruda","date":"23 enero, 2026","format":false,"excerpt":"El hombre ten\u00eda 79 a\u00f1os y hab\u00eda llegado desde Mendoza junto a su esposa. La Justicia investiga las circunstancias del fallecimiento. 23 de enero de 2026 MAR DEL PLATA -\u00a0 \u00a0 El cuerpo de un turista de 79 a\u00f1os fue hallado este jueves al mediod\u00eda en el techo de un\u2026","rel":"","context":"En \u00abPOLICIALES\u00bb","block_context":{"text":"POLICIALES","link":"https:\/\/larevistadigital.com.ar\/blog\/category\/policiales\/"},"img":{"alt_text":"","src":"https:\/\/i0.wp.com\/larevistadigital.com.ar\/blog\/wp-content\/uploads\/db4e9d9af51f8cb3349157ea40f2d8a5a1bb35d9.png?fit=1140%2C700&ssl=1&resize=350%2C200","width":350,"height":200,"srcset":"https:\/\/i0.wp.com\/larevistadigital.com.ar\/blog\/wp-content\/uploads\/db4e9d9af51f8cb3349157ea40f2d8a5a1bb35d9.png?fit=1140%2C700&ssl=1&resize=350%2C200 1x, https:\/\/i0.wp.com\/larevistadigital.com.ar\/blog\/wp-content\/uploads\/db4e9d9af51f8cb3349157ea40f2d8a5a1bb35d9.png?fit=1140%2C700&ssl=1&resize=525%2C300 1.5x, https:\/\/i0.wp.com\/larevistadigital.com.ar\/blog\/wp-content\/uploads\/db4e9d9af51f8cb3349157ea40f2d8a5a1bb35d9.png?fit=1140%2C700&ssl=1&resize=700%2C400 2x, https:\/\/i0.wp.com\/larevistadigital.com.ar\/blog\/wp-content\/uploads\/db4e9d9af51f8cb3349157ea40f2d8a5a1bb35d9.png?fit=1140%2C700&ssl=1&resize=1050%2C600 3x"},"classes":[]},{"id":27057,"url":"https:\/\/larevistadigital.com.ar\/blog\/27057-2\/","url_meta":{"origin":44024,"position":4},"title":"LA PLATA: ENCUENTRAN UN CUERPO EN UNA OBRA EN CONSTRUCCI\u00d3N ABANDONADA","author":"Alejandro Sosa Ruda","date":"7 agosto, 2022","format":false,"excerpt":"El cuerpo fue encontrado este domingo al mediod\u00eda en una propiedad de 7 y 60. Se trata de una persona que viv\u00eda en situaci\u00f3n de calle. Investigan las causas. 07 de agosto de 2022 Sigue la conmoci\u00f3n en la zona de\u00a0Plaza Rocha, luego de que la Polic\u00eda hallara este domingo\u2026","rel":"","context":"En \u00abPOLICIALES\u00bb","block_context":{"text":"POLICIALES","link":"https:\/\/larevistadigital.com.ar\/blog\/category\/policiales\/"},"img":{"alt_text":"","src":"https:\/\/i0.wp.com\/larevistadigital.com.ar\/blog\/wp-content\/uploads\/1659898403854.jpeg?fit=1200%2C594&ssl=1&resize=350%2C200","width":350,"height":200,"srcset":"https:\/\/i0.wp.com\/larevistadigital.com.ar\/blog\/wp-content\/uploads\/1659898403854.jpeg?fit=1200%2C594&ssl=1&resize=350%2C200 1x, https:\/\/i0.wp.com\/larevistadigital.com.ar\/blog\/wp-content\/uploads\/1659898403854.jpeg?fit=1200%2C594&ssl=1&resize=525%2C300 1.5x, https:\/\/i0.wp.com\/larevistadigital.com.ar\/blog\/wp-content\/uploads\/1659898403854.jpeg?fit=1200%2C594&ssl=1&resize=700%2C400 2x, https:\/\/i0.wp.com\/larevistadigital.com.ar\/blog\/wp-content\/uploads\/1659898403854.jpeg?fit=1200%2C594&ssl=1&resize=1050%2C600 3x"},"classes":[]},{"id":25479,"url":"https:\/\/larevistadigital.com.ar\/blog\/mar-del-plata-hallaron-un-cadaver-desnudo-en-el-arroyo-la-tapera\/","url_meta":{"origin":44024,"position":5},"title":"MAR DEL PLATA: HALLARON UN CADAVER DESNUDO EN EL ARROYO \u00abLA TAPERA\u00bb","author":"Alejandro Sosa Ruda","date":"30 mayo, 2022","format":false,"excerpt":"Personal policial trabaja en el lugar del hecho, en las inmediaciones de Constituci\u00f3n y Ferm\u00edn Errea. A\u00fan se desconoce el sexo de la persona fallecida, debido a que el cuerpo se encontraba en avanzado estado de descomposici\u00f3n. MAR DEL PLATA -\u00a0 Un cad\u00e1ver fue\u00a0encontrado\u00a0desnudo\u00a0este lunes a la tarde en avanzado\u2026","rel":"","context":"En \u00abPOLICIALES\u00bb","block_context":{"text":"POLICIALES","link":"https:\/\/larevistadigital.com.ar\/blog\/category\/policiales\/"},"img":{"alt_text":"","src":"https:\/\/i0.wp.com\/larevistadigital.com.ar\/blog\/wp-content\/uploads\/CADAVER-EN-ARROYO.png?fit=807%2C447&ssl=1&resize=350%2C200","width":350,"height":200,"srcset":"https:\/\/i0.wp.com\/larevistadigital.com.ar\/blog\/wp-content\/uploads\/CADAVER-EN-ARROYO.png?fit=807%2C447&ssl=1&resize=350%2C200 1x, https:\/\/i0.wp.com\/larevistadigital.com.ar\/blog\/wp-content\/uploads\/CADAVER-EN-ARROYO.png?fit=807%2C447&ssl=1&resize=525%2C300 1.5x, https:\/\/i0.wp.com\/larevistadigital.com.ar\/blog\/wp-content\/uploads\/CADAVER-EN-ARROYO.png?fit=807%2C447&ssl=1&resize=700%2C400 2x"},"classes":[]}],"_links":{"self":[{"href":"https:\/\/larevistadigital.com.ar\/blog\/wp-json\/wp\/v2\/posts\/44024","targetHints":{"allow":["GET"]}}],"collection":[{"href":"https:\/\/larevistadigital.com.ar\/blog\/wp-json\/wp\/v2\/posts"}],"about":[{"href":"https:\/\/larevistadigital.com.ar\/blog\/wp-json\/wp\/v2\/types\/post"}],"author":[{"embeddable":true,"href":"https:\/\/larevistadigital.com.ar\/blog\/wp-json\/wp\/v2\/users\/3"}],"replies":[{"embeddable":true,"href":"https:\/\/larevistadigital.com.ar\/blog\/wp-json\/wp\/v2\/comments?post=44024"}],"version-history":[{"count":2,"href":"https:\/\/larevistadigital.com.ar\/blog\/wp-json\/wp\/v2\/posts\/44024\/revisions"}],"predecessor-version":[{"id":44027,"href":"https:\/\/larevistadigital.com.ar\/blog\/wp-json\/wp\/v2\/posts\/44024\/revisions\/44027"}],"wp:featuredmedia":[{"embeddable":true,"href":"https:\/\/larevistadigital.com.ar\/blog\/wp-json\/wp\/v2\/media\/44025"}],"wp:attachment":[{"href":"https:\/\/larevistadigital.com.ar\/blog\/wp-json\/wp\/v2\/media?parent=44024"}],"wp:term":[{"taxonomy":"category","embeddable":true,"href":"https:\/\/larevistadigital.com.ar\/blog\/wp-json\/wp\/v2\/categories?post=44024"},{"taxonomy":"post_tag","embeddable":true,"href":"https:\/\/larevistadigital.com.ar\/blog\/wp-json\/wp\/v2\/tags?post=44024"}],"curies":[{"name":"wp","href":"https:\/\/api.w.org\/{rel}","templated":true}]}}