{"id":4421,"date":"2018-01-08T11:49:17","date_gmt":"2018-01-08T11:49:17","guid":{"rendered":"https:\/\/larevistadigital.com.ar\/blog\/?p=4421"},"modified":"2018-01-08T11:49:17","modified_gmt":"2018-01-08T11:49:17","slug":"dolores-dos-jovenes-graves-luego-chocar-moto-auto","status":"publish","type":"post","link":"https:\/\/larevistadigital.com.ar\/blog\/dolores-dos-jovenes-graves-luego-chocar-moto-auto\/","title":{"rendered":"DOLORES: DOS JOVENES GRAVES LUEGO DE CHOCAR CON SU MOTO CONTRA UN AUTO"},"content":{"rendered":"<p>El hecho ocurri\u00f3 durante la madrugada en el kil\u00f3metro en el kil\u00f3metro 205 de la ruta 2, cuando dos j\u00f3venes que viajaban a bordo de su motocicleta Gilera 110, impactaron contra un autom\u00f3vil marca Torino que hab\u00eda sufrido un desperfecto y estaba estacionado sobre el puente del canal 9.<\/p>\n<blockquote>\n<h3>Extra\u00f1amente, los muchachos no percibieron que el Torino estaba detenido, o se distrajeron por alguna raz\u00f3n, ya que el titular del autom\u00f3vil ten\u00eda las balizas encendidas, adem\u00e1s de haber colocado la baliza \u201ctri\u00e1ngulo\u201d a unos metros, y seg\u00fan se dijo, habr\u00eda estado haciendo se\u00f1as con una linterna.<\/h3>\n<\/blockquote>\n<p>La moto impact\u00f3 de lleno en la parte trasera del autom\u00f3vil, saliendo despedido uno de los muchachos, mientras que el otro qued\u00f3 debajo del veh\u00edculo, seg\u00fan informa el portal COL.<\/p>\n<p>&nbsp;<\/p>\n<p><a href=\"https:\/\/i0.wp.com\/larevistadigital.com.ar\/blog\/wp-content\/uploads\/2018\/01\/choque-dolores.jpg?ssl=1\"><img data-recalc-dims=\"1\" loading=\"lazy\" decoding=\"async\" class=\"alignnone size-full wp-image-4423\" src=\"https:\/\/i0.wp.com\/larevistadigital.com.ar\/blog\/wp-content\/uploads\/2018\/01\/choque-dolores.jpg?resize=992%2C694&#038;ssl=1\" alt=\"\" width=\"992\" height=\"694\" srcset=\"https:\/\/i0.wp.com\/larevistadigital.com.ar\/blog\/wp-content\/uploads\/2018\/01\/choque-dolores.jpg?w=992&amp;ssl=1 992w, https:\/\/i0.wp.com\/larevistadigital.com.ar\/blog\/wp-content\/uploads\/2018\/01\/choque-dolores.jpg?resize=300%2C210&amp;ssl=1 300w, https:\/\/i0.wp.com\/larevistadigital.com.ar\/blog\/wp-content\/uploads\/2018\/01\/choque-dolores.jpg?resize=768%2C537&amp;ssl=1 768w\" sizes=\"auto, (max-width: 992px) 100vw, 992px\" \/><\/a><\/p>\n<p>El conductor del auto, oriundo de Berazategui, no sufri\u00f3 lesiones, mientras que uno de los muchachos habr\u00eda sido intervenido quir\u00fargicamente con estado reservado, presentando ambos m\u00faltiples fracturas.<\/p>\n<p>Son atendidos en el Hospital San Roque de Dolores.<\/p>\n<p>FUENTE E IM\u00c1GENES:CRITERIO ONLINE<\/p>\n","protected":false},"excerpt":{"rendered":"<div class=\"mh-excerpt\"><p>El hecho ocurri\u00f3 durante la madrugada en el kil\u00f3metro en el kil\u00f3metro 205 de la ruta 2, cuando dos j\u00f3venes que viajaban a bordo de su motocicleta Gilera 110, impactaron contra un autom\u00f3vil marca Torino <a class=\"mh-excerpt-more\" href=\"https:\/\/larevistadigital.com.ar\/blog\/dolores-dos-jovenes-graves-luego-chocar-moto-auto\/\" title=\"DOLORES: DOS JOVENES GRAVES LUEGO DE CHOCAR CON SU MOTO CONTRA UN AUTO\">[Leer M\u00e1s]<\/a><\/p>\n<\/div>","protected":false},"author":3,"featured_media":4422,"comment_status":"open","ping_status":"open","sticky":false,"template":"","format":"standard","meta":{"_jetpack_memberships_contains_paid_content":false,"footnotes":"","jetpack_publicize_message":"","jetpack_publicize_feature_enabled":true,"jetpack_social_post_already_shared":true,"jetpack_social_options":{"image_generator_settings":{"template":"highway","default_image_id":0,"font":"","enabled":false},"version":2}},"categories":[43,12],"tags":[],"class_list":{"0":"post-4421","1":"post","2":"type-post","3":"status-publish","4":"format-standard","5":"has-post-thumbnail","7":"category-dolores","8":"category-politica"},"jetpack_publicize_connections":[],"jetpack_featured_media_url":"https:\/\/i0.wp.com\/larevistadigital.com.ar\/blog\/wp-content\/uploads\/2018\/01\/Screenshot_1-1.jpg?fit=1004%2C674&ssl=1","jetpack_sharing_enabled":true,"jetpack_shortlink":"https:\/\/wp.me\/p8qtrQ-19j","jetpack-related-posts":[{"id":43396,"url":"https:\/\/larevistadigital.com.ar\/blog\/choque-entre-un-auto-y-una-moto-en-la-ruta-2-dos-personas-hospitalizadas\/","url_meta":{"origin":4421,"position":0},"title":"Choque entre un auto y una moto en la Ruta 2: dos personas hospitalizadas","author":"Alejandro Sosa Ruda","date":"16 enero, 2026","format":false,"excerpt":"El siniestro ocurri\u00f3 a la altura del kil\u00f3metro 203, en el carril ascendente. Los ocupantes de la motocicleta fueron trasladados al Hospital de Dolores. 16 de enero de 2026 DOLORES -\u00a0 \u00a0Un accidente de tr\u00e1nsito se registr\u00f3 este jueves en la Ruta 2, a la altura del kil\u00f3metro 203, en\u2026","rel":"","context":"En \u00abDOLORES\u00bb","block_context":{"text":"DOLORES","link":"https:\/\/larevistadigital.com.ar\/blog\/category\/dolores\/"},"img":{"alt_text":"","src":"https:\/\/i0.wp.com\/larevistadigital.com.ar\/blog\/wp-content\/uploads\/choque-r2-15-1-26.jpeg?fit=800%2C360&ssl=1&resize=350%2C200","width":350,"height":200,"srcset":"https:\/\/i0.wp.com\/larevistadigital.com.ar\/blog\/wp-content\/uploads\/choque-r2-15-1-26.jpeg?fit=800%2C360&ssl=1&resize=350%2C200 1x, https:\/\/i0.wp.com\/larevistadigital.com.ar\/blog\/wp-content\/uploads\/choque-r2-15-1-26.jpeg?fit=800%2C360&ssl=1&resize=525%2C300 1.5x, https:\/\/i0.wp.com\/larevistadigital.com.ar\/blog\/wp-content\/uploads\/choque-r2-15-1-26.jpeg?fit=800%2C360&ssl=1&resize=700%2C400 2x"},"classes":[]},{"id":42548,"url":"https:\/\/larevistadigital.com.ar\/blog\/un-motociclista-de-30-anos-murio-tras-un-choque-en-la-ruta-2-a-la-altura-de-sevigne\/","url_meta":{"origin":4421,"position":1},"title":"Un motociclista de 30 a\u00f1os muri\u00f3 tras un choque en la Ruta 2, a la altura de Sevign\u00e9","author":"Alejandro Sosa Ruda","date":"20 noviembre, 2025","format":false,"excerpt":"Un joven de 30 a\u00f1os, vecino de Pila, falleci\u00f3 anoche tras un violento choque ocurrido en el kil\u00f3metro 195 de la Ruta Provincial N\u00ba 2, en el paraje Sevign\u00e9, partido de Dolores. 20 de Noviembre de 2025 DOLORES -\u00a0 \u00a0El accidente involucr\u00f3 a un Peugeot 408 y una motocicleta Gilera\u2026","rel":"","context":"En \u00abDOLORES\u00bb","block_context":{"text":"DOLORES","link":"https:\/\/larevistadigital.com.ar\/blog\/category\/dolores\/"},"img":{"alt_text":"","src":"https:\/\/i0.wp.com\/larevistadigital.com.ar\/blog\/wp-content\/uploads\/031754340eec706fd6cfa157f884c5626edb260a.jpg?fit=1140%2C716&ssl=1&resize=350%2C200","width":350,"height":200,"srcset":"https:\/\/i0.wp.com\/larevistadigital.com.ar\/blog\/wp-content\/uploads\/031754340eec706fd6cfa157f884c5626edb260a.jpg?fit=1140%2C716&ssl=1&resize=350%2C200 1x, https:\/\/i0.wp.com\/larevistadigital.com.ar\/blog\/wp-content\/uploads\/031754340eec706fd6cfa157f884c5626edb260a.jpg?fit=1140%2C716&ssl=1&resize=525%2C300 1.5x, https:\/\/i0.wp.com\/larevistadigital.com.ar\/blog\/wp-content\/uploads\/031754340eec706fd6cfa157f884c5626edb260a.jpg?fit=1140%2C716&ssl=1&resize=700%2C400 2x, https:\/\/i0.wp.com\/larevistadigital.com.ar\/blog\/wp-content\/uploads\/031754340eec706fd6cfa157f884c5626edb260a.jpg?fit=1140%2C716&ssl=1&resize=1050%2C600 3x"},"classes":[]},{"id":23703,"url":"https:\/\/larevistadigital.com.ar\/blog\/chascomus-choque-en-la-costanera-entre-un-automovil-y-una-moto\/","url_meta":{"origin":4421,"position":2},"title":"CHASCOM\u00daS: CHOQUE EN LA COSTANERA ENTRE UN AUTOM\u00d3VIL Y UNA MOTO","author":"Alejandro Sosa Ruda","date":"31 enero, 2022","format":false,"excerpt":"CHASCOM\u00daS -\u00a0 Pasadas las 20 hs, se produjo un accidente entre un autom\u00f3vil y una motocicleta que lo embisti\u00f3 en la intersecci\u00f3n de calles Varela y Costanera Espa\u00f1a de la ciudad de Chascom\u00fas, a unos 50 metros del \"Monolito\". En el autom\u00f3vil viajaba una pareja mayor de turistas, y en\u2026","rel":"","context":"En \u00abDESTACADAS\u00bb","block_context":{"text":"DESTACADAS","link":"https:\/\/larevistadigital.com.ar\/blog\/category\/destacadas\/"},"img":{"alt_text":"","src":"https:\/\/i0.wp.com\/larevistadigital.com.ar\/blog\/wp-content\/uploads\/foto-accidente-2.jpg?fit=1200%2C900&ssl=1&resize=350%2C200","width":350,"height":200,"srcset":"https:\/\/i0.wp.com\/larevistadigital.com.ar\/blog\/wp-content\/uploads\/foto-accidente-2.jpg?fit=1200%2C900&ssl=1&resize=350%2C200 1x, https:\/\/i0.wp.com\/larevistadigital.com.ar\/blog\/wp-content\/uploads\/foto-accidente-2.jpg?fit=1200%2C900&ssl=1&resize=525%2C300 1.5x, https:\/\/i0.wp.com\/larevistadigital.com.ar\/blog\/wp-content\/uploads\/foto-accidente-2.jpg?fit=1200%2C900&ssl=1&resize=700%2C400 2x, https:\/\/i0.wp.com\/larevistadigital.com.ar\/blog\/wp-content\/uploads\/foto-accidente-2.jpg?fit=1200%2C900&ssl=1&resize=1050%2C600 3x"},"classes":[]},{"id":6495,"url":"https:\/\/larevistadigital.com.ar\/blog\/dolores-dos-accidentes-de-transito-se-registraron-durante-la-madrugada\/","url_meta":{"origin":4421,"position":3},"title":"DOLORES: DOS ACCIDENTES DE TR\u00c1NSITO SE REGISTRARON DURANTE LA MADRUGADA","author":"Alejandro Sosa Ruda","date":"16 septiembre, 2018","format":false,"excerpt":"Un accidente de tr\u00e1nsito protagonizado por un autom\u00f3vil y una moto se registr\u00f3 durante la madrugada en la intersecci\u00f3n de las calles Buenos Aires y Vucetich. A ra\u00edz del siniestro, cuyas causas a\u00fan se intentan determinar, uno de los ocupantes del motoveh\u00edculo fue trasladado al hospital, no as\u00ed su acompa\u00f1ante.\u2026","rel":"","context":"En \u00abDOLORES\u00bb","block_context":{"text":"DOLORES","link":"https:\/\/larevistadigital.com.ar\/blog\/category\/dolores\/"},"img":{"alt_text":"","src":"https:\/\/i0.wp.com\/larevistadigital.com.ar\/blog\/wp-content\/uploads\/2018\/09\/Screenshot_4.jpg?fit=865%2C519&ssl=1&resize=350%2C200","width":350,"height":200,"srcset":"https:\/\/i0.wp.com\/larevistadigital.com.ar\/blog\/wp-content\/uploads\/2018\/09\/Screenshot_4.jpg?fit=865%2C519&ssl=1&resize=350%2C200 1x, https:\/\/i0.wp.com\/larevistadigital.com.ar\/blog\/wp-content\/uploads\/2018\/09\/Screenshot_4.jpg?fit=865%2C519&ssl=1&resize=525%2C300 1.5x, https:\/\/i0.wp.com\/larevistadigital.com.ar\/blog\/wp-content\/uploads\/2018\/09\/Screenshot_4.jpg?fit=865%2C519&ssl=1&resize=700%2C400 2x"},"classes":[]},{"id":44537,"url":"https:\/\/larevistadigital.com.ar\/blog\/choque-contra-una-vaca-en-la-ruta-2-ocho-personas-involucradas-y-una-nina-hospitalizada\/","url_meta":{"origin":4421,"position":4},"title":"Choque contra una vaca en la Ruta 2: ocho personas involucradas y una ni\u00f1a hospitalizada","author":"Alejandro Sosa Ruda","date":"16 marzo, 2026","format":false,"excerpt":"El siniestro ocurri\u00f3 en el kil\u00f3metro 231, en jurisdicci\u00f3n de Dolores. Dos veh\u00edculos impactaron contra un animal que se encontraba sobre la calzada. 16 de Marzo de 2026 DOLORES -\u00a0 \u00a0Un siniestro vial se registr\u00f3 durante la madrugada en la Ruta Provincial 2, a la altura del kil\u00f3metro 231, dentro\u2026","rel":"","context":"En \u00abDOLORES\u00bb","block_context":{"text":"DOLORES","link":"https:\/\/larevistadigital.com.ar\/blog\/category\/dolores\/"},"img":{"alt_text":"","src":"https:\/\/i0.wp.com\/larevistadigital.com.ar\/blog\/wp-content\/uploads\/8f7ef8ee2bf9e3f20fdedec1779697add096fd42.jpeg?fit=1140%2C714&ssl=1&resize=350%2C200","width":350,"height":200,"srcset":"https:\/\/i0.wp.com\/larevistadigital.com.ar\/blog\/wp-content\/uploads\/8f7ef8ee2bf9e3f20fdedec1779697add096fd42.jpeg?fit=1140%2C714&ssl=1&resize=350%2C200 1x, https:\/\/i0.wp.com\/larevistadigital.com.ar\/blog\/wp-content\/uploads\/8f7ef8ee2bf9e3f20fdedec1779697add096fd42.jpeg?fit=1140%2C714&ssl=1&resize=525%2C300 1.5x, https:\/\/i0.wp.com\/larevistadigital.com.ar\/blog\/wp-content\/uploads\/8f7ef8ee2bf9e3f20fdedec1779697add096fd42.jpeg?fit=1140%2C714&ssl=1&resize=700%2C400 2x, https:\/\/i0.wp.com\/larevistadigital.com.ar\/blog\/wp-content\/uploads\/8f7ef8ee2bf9e3f20fdedec1779697add096fd42.jpeg?fit=1140%2C714&ssl=1&resize=1050%2C600 3x"},"classes":[]},{"id":9357,"url":"https:\/\/larevistadigital.com.ar\/blog\/dolores-automovil-pierde-el-control-y-choca-contra-vivienda\/","url_meta":{"origin":4421,"position":5},"title":"DOLORES: AUTOM\u00d3VIL PIERDE EL CONTROL Y CHOCA CONTRA VIVIENDA","author":"Alejandro Sosa Ruda","date":"25 marzo, 2019","format":false,"excerpt":"El hecho ocurri\u00f3 el d\u00eda domingo, poco despu\u00e9s de las 14 horas en calle Espora altura 850. Por motivos que se tratan de establecer, el conductor de un fiat 147 perdi\u00f3 el control del mismo y termin\u00f3 incrustado en el garage de una vivienda. Quien conduc\u00eda el autom\u00f3vil, fue trasladado\u2026","rel":"","context":"En \u00abDOLORES\u00bb","block_context":{"text":"DOLORES","link":"https:\/\/larevistadigital.com.ar\/blog\/category\/dolores\/"},"img":{"alt_text":"","src":"https:\/\/i0.wp.com\/larevistadigital.com.ar\/blog\/wp-content\/uploads\/2019\/03\/Screenshot_4-2.jpg?fit=864%2C643&ssl=1&resize=350%2C200","width":350,"height":200,"srcset":"https:\/\/i0.wp.com\/larevistadigital.com.ar\/blog\/wp-content\/uploads\/2019\/03\/Screenshot_4-2.jpg?fit=864%2C643&ssl=1&resize=350%2C200 1x, https:\/\/i0.wp.com\/larevistadigital.com.ar\/blog\/wp-content\/uploads\/2019\/03\/Screenshot_4-2.jpg?fit=864%2C643&ssl=1&resize=525%2C300 1.5x, https:\/\/i0.wp.com\/larevistadigital.com.ar\/blog\/wp-content\/uploads\/2019\/03\/Screenshot_4-2.jpg?fit=864%2C643&ssl=1&resize=700%2C400 2x"},"classes":[]}],"_links":{"self":[{"href":"https:\/\/larevistadigital.com.ar\/blog\/wp-json\/wp\/v2\/posts\/4421","targetHints":{"allow":["GET"]}}],"collection":[{"href":"https:\/\/larevistadigital.com.ar\/blog\/wp-json\/wp\/v2\/posts"}],"about":[{"href":"https:\/\/larevistadigital.com.ar\/blog\/wp-json\/wp\/v2\/types\/post"}],"author":[{"embeddable":true,"href":"https:\/\/larevistadigital.com.ar\/blog\/wp-json\/wp\/v2\/users\/3"}],"replies":[{"embeddable":true,"href":"https:\/\/larevistadigital.com.ar\/blog\/wp-json\/wp\/v2\/comments?post=4421"}],"version-history":[{"count":1,"href":"https:\/\/larevistadigital.com.ar\/blog\/wp-json\/wp\/v2\/posts\/4421\/revisions"}],"predecessor-version":[{"id":4424,"href":"https:\/\/larevistadigital.com.ar\/blog\/wp-json\/wp\/v2\/posts\/4421\/revisions\/4424"}],"wp:featuredmedia":[{"embeddable":true,"href":"https:\/\/larevistadigital.com.ar\/blog\/wp-json\/wp\/v2\/media\/4422"}],"wp:attachment":[{"href":"https:\/\/larevistadigital.com.ar\/blog\/wp-json\/wp\/v2\/media?parent=4421"}],"wp:term":[{"taxonomy":"category","embeddable":true,"href":"https:\/\/larevistadigital.com.ar\/blog\/wp-json\/wp\/v2\/categories?post=4421"},{"taxonomy":"post_tag","embeddable":true,"href":"https:\/\/larevistadigital.com.ar\/blog\/wp-json\/wp\/v2\/tags?post=4421"}],"curies":[{"name":"wp","href":"https:\/\/api.w.org\/{rel}","templated":true}]}}