{"id":44248,"date":"2026-03-03T12:36:39","date_gmt":"2026-03-03T15:36:39","guid":{"rendered":"https:\/\/larevistadigital.com.ar\/blog\/?p=44248"},"modified":"2026-03-03T12:36:39","modified_gmt":"2026-03-03T15:36:39","slug":"chascomus-la-residencia-municipal-de-larga-estadia-se-vistio-de-carnaval","status":"publish","type":"post","link":"https:\/\/larevistadigital.com.ar\/blog\/chascomus-la-residencia-municipal-de-larga-estadia-se-vistio-de-carnaval\/","title":{"rendered":"Chascom\u00fas: La Residencia Municipal de Larga Estad\u00eda se visti\u00f3 de carnaval"},"content":{"rendered":"<h3 class=\"excerpt\">Una gran cantidad de vecinos y familiares se acercaron con mate y reposeras para disfrutar de la jornada, que comenz\u00f3 a media tarde y se extendi\u00f3 hasta entrada la noche.<\/h3>\n<p>03 de Marzo de 2026<\/p>\n<div id=\"miDiv1\" class=\"text\">\n<p><strong>CHASCOM\u00daS\u00a0 &#8211;\u00a0 \u00a0<\/strong>El viernes por la tarde, comparsas y agrupaciones que desfilaron en el \u00faltimo Carnaval Infantil participaron del Carnaval de la Residencia Municipal de Larga Estad\u00eda.<\/p>\n<blockquote>\n<h3>Para la ocasi\u00f3n, la calle Los Cedros, entre Alvear y Juli\u00e1n Quintana, frente al edificio del antiguo Hogar de Ancianos, se transform\u00f3 en un cors\u00f3dromo con luces y guirnaldas.<\/h3>\n<\/blockquote>\n<p>La celebraci\u00f3n comenz\u00f3 con el paso de la Comparsa de los Residentes, integrada por personas que viven en la instituci\u00f3n y que durante dos meses trabajaron en la preparaci\u00f3n de su vestuario junto al equipo de cuidadoras. El estandarte fue portado por Dorita y Pablo, elegidos como rey y reina de la primavera 2025.<\/p>\n<blockquote>\n<h3>El desfile continu\u00f3 con los integrantes de PAMI Lezama, con su tem\u00e1tica \u201cNoche Veneciana\u201d; y los adolescentes y j\u00f3venes del programa municipal Envi\u00f3n y de los Centros Vespertinos de distintos barrios de la ciudad.<\/h3>\n<\/blockquote>\n<p>Tambi\u00e9n se sumaron Carum Ver\u00e1 del barrio San Luis, La Bajadita Candombe con sus tambores y la Comparsa del Aero, formada por miembros de la Escuela de Vuelo del Aeroclub Chascom\u00fas.<\/p>\n<blockquote>\n<h3>Para el cierre, el Ensamble Samba Reggae dirigido por Lucas Ponce de Le\u00f3n y la agrupaci\u00f3n Carnaval Juje\u00f1o, que llen\u00f3 de colorido y alegr\u00eda el \u201ccors\u00f3dromo\u201d de la Residencia.<\/h3>\n<\/blockquote>\n<p>Tambi\u00e9n estuvo presente la Asociaci\u00f3n Civil Picatejo Chascom\u00fas, que colabora con la instituci\u00f3n y particip\u00f3 en la recuperaci\u00f3n de la cancha de tejo del edificio.<\/p>\n<blockquote>\n<h3>De la jornada participaron el intendente Javier Gast\u00f3n, el secretario de Desarrollo Social, Leandro Bordalecou, y la directora de la Residencia Municipal de Larga Estad\u00eda, Eliana Maggi.<\/h3>\n<\/blockquote>\n<p>Gast\u00f3n agradeci\u00f3 a los presentes por compartir la tarde y destac\u00f3 el trabajo que se realiza diariamente para acompa\u00f1ar y promover la recreaci\u00f3n y la participaci\u00f3n de quienes viven en la dependencia municipal para personas mayores.<\/p>\n<p>Entre ellas se encuentran talleres de cocina, arreglo personal, clases con docente de la escuela de adultos, estimulaci\u00f3n cognitiva, el espacio \u201cHilvanando historias\u201d, educaci\u00f3n f\u00edsica, actividades recreativas a cargo de las cuidadoras y carpinter\u00eda en articulaci\u00f3n con la Escuela 502. Este a\u00f1o, adem\u00e1s, se sumar\u00e1 un taller de costura.<\/p>\n<\/div>\n","protected":false},"excerpt":{"rendered":"<div class=\"mh-excerpt\"><p>Una gran cantidad de vecinos y familiares se acercaron con mate y reposeras para disfrutar de la jornada, que comenz\u00f3 a media tarde y se extendi\u00f3 hasta entrada la noche. 03 de Marzo de 2026 <a class=\"mh-excerpt-more\" href=\"https:\/\/larevistadigital.com.ar\/blog\/chascomus-la-residencia-municipal-de-larga-estadia-se-vistio-de-carnaval\/\" title=\"Chascom\u00fas: La Residencia Municipal de Larga Estad\u00eda se visti\u00f3 de carnaval\">[Leer M\u00e1s]<\/a><\/p>\n<\/div>","protected":false},"author":3,"featured_media":44249,"comment_status":"open","ping_status":"open","sticky":false,"template":"","format":"standard","meta":{"_jetpack_memberships_contains_paid_content":false,"footnotes":"","jetpack_publicize_message":"","jetpack_publicize_feature_enabled":true,"jetpack_social_post_already_shared":true,"jetpack_social_options":{"image_generator_settings":{"template":"highway","default_image_id":0,"font":"","enabled":false},"version":2}},"categories":[6],"tags":[],"class_list":{"0":"post-44248","1":"post","2":"type-post","3":"status-publish","4":"format-standard","5":"has-post-thumbnail","7":"category-chascomus"},"jetpack_publicize_connections":[],"jetpack_featured_media_url":"https:\/\/i0.wp.com\/larevistadigital.com.ar\/blog\/wp-content\/uploads\/69a5e341cc8b5.png?fit=668%2C445&ssl=1","jetpack_sharing_enabled":true,"jetpack_shortlink":"https:\/\/wp.me\/p8qtrQ-bvG","jetpack-related-posts":[{"id":44845,"url":"https:\/\/larevistadigital.com.ar\/blog\/chascomus-continuan-las-capacitaciones-en-la-residencia-municipal-de-larga-estadia\/","url_meta":{"origin":44248,"position":0},"title":"Chascom\u00fas: Contin\u00faan las capacitaciones en la Residencia Municipal de Larga Estad\u00eda","author":"Alejandro Sosa Ruda","date":"31 marzo, 2026","format":false,"excerpt":"A trav\u00e9s de encuentros mensuales de todo el equipo encuentros mensuales para fortalecer el trabajo interdisciplinario La Municipalidad de Chascom\u00fas, en la Residencia de Larga Estad\u00eda \"Elena Hebert de Estefanell\", sostiene una modalidad de trabajo basada en encuentros mensuales destinados a todo el personal, con el objetivo de mejorar la\u2026","rel":"","context":"En \u00abCHASCOM\u00daS\u00bb","block_context":{"text":"CHASCOM\u00daS","link":"https:\/\/larevistadigital.com.ar\/blog\/category\/chascomus\/"},"img":{"alt_text":"","src":"https:\/\/i0.wp.com\/larevistadigital.com.ar\/blog\/wp-content\/uploads\/69cbfe4fcd86a.png?fit=668%2C445&ssl=1&resize=350%2C200","width":350,"height":200,"srcset":"https:\/\/i0.wp.com\/larevistadigital.com.ar\/blog\/wp-content\/uploads\/69cbfe4fcd86a.png?fit=668%2C445&ssl=1&resize=350%2C200 1x, https:\/\/i0.wp.com\/larevistadigital.com.ar\/blog\/wp-content\/uploads\/69cbfe4fcd86a.png?fit=668%2C445&ssl=1&resize=525%2C300 1.5x"},"classes":[]},{"id":39830,"url":"https:\/\/larevistadigital.com.ar\/blog\/chascomus-pena-boquense-dono-un-aire-acondicionado-para-el-hogar-de-ancianos\/","url_meta":{"origin":44248,"position":1},"title":"Chascom\u00fas: Pe\u00f1a boquense don\u00f3 un aire acondicionado para el Hogar de Ancianos","author":"Alejandro Sosa Ruda","date":"21 mayo, 2025","format":false,"excerpt":"La pe\u00f1a chascomunense de Boca Juniors coopera con la Residencia Municipal de larga estad\u00eda. 21 de Mayo de 2025 CHASCOM\u00daS -\u00a0 \u00a0La pe\u00f1a boquense \u201cChascom\u00fas Azul y Oro\u201d don\u00f3 un equipo de aire acondicionado a la Residencia Municipal donde se alojan personas adultas de manera permanente. El nuevo equipo seguramente\u2026","rel":"","context":"En \u00abCHASCOM\u00daS\u00bb","block_context":{"text":"CHASCOM\u00daS","link":"https:\/\/larevistadigital.com.ar\/blog\/category\/chascomus\/"},"img":{"alt_text":"","src":"https:\/\/i0.wp.com\/larevistadigital.com.ar\/blog\/wp-content\/uploads\/682e0b00bf76a.png?fit=668%2C445&ssl=1&resize=350%2C200","width":350,"height":200,"srcset":"https:\/\/i0.wp.com\/larevistadigital.com.ar\/blog\/wp-content\/uploads\/682e0b00bf76a.png?fit=668%2C445&ssl=1&resize=350%2C200 1x, https:\/\/i0.wp.com\/larevistadigital.com.ar\/blog\/wp-content\/uploads\/682e0b00bf76a.png?fit=668%2C445&ssl=1&resize=525%2C300 1.5x"},"classes":[]},{"id":24215,"url":"https:\/\/larevistadigital.com.ar\/blog\/chascomus-el-comite-radical-expresa-preocupacion-por-el-traslado-del-servicio-de-kinesiologia\/","url_meta":{"origin":44248,"position":2},"title":"CHASCOM\u00daS: EL COMIT\u00c9 RADICAL EXPRESA PREOCUPACI\u00d3N POR EL TRASLADO DEL SERVICIO DE KINESIOLOGIA.","author":"Alejandro Sosa Ruda","date":"26 febrero, 2022","format":false,"excerpt":"La comisi\u00f3n de salud de la UCR local que nuclea reconocidos profesionales realiz\u00f3 un estudio y an\u00e1lisis del problema. Aqu\u00ed reproducimos el comunicado que generaron. CHASCOM\u00daS -\u00a0La comisi\u00f3n de salud de la UCR local, hizo un estudio de la resoluci\u00f3n de las autoridades locales de dejar al Hospital Municipal San\u2026","rel":"","context":"En \u00abCHASCOM\u00daS\u00bb","block_context":{"text":"CHASCOM\u00daS","link":"https:\/\/larevistadigital.com.ar\/blog\/category\/chascomus\/"},"img":{"alt_text":"","src":"https:\/\/i0.wp.com\/larevistadigital.com.ar\/blog\/wp-content\/uploads\/hogar-elfuerte31demayode2020.jpg?fit=737%2C415&ssl=1&resize=350%2C200","width":350,"height":200,"srcset":"https:\/\/i0.wp.com\/larevistadigital.com.ar\/blog\/wp-content\/uploads\/hogar-elfuerte31demayode2020.jpg?fit=737%2C415&ssl=1&resize=350%2C200 1x, https:\/\/i0.wp.com\/larevistadigital.com.ar\/blog\/wp-content\/uploads\/hogar-elfuerte31demayode2020.jpg?fit=737%2C415&ssl=1&resize=525%2C300 1.5x, https:\/\/i0.wp.com\/larevistadigital.com.ar\/blog\/wp-content\/uploads\/hogar-elfuerte31demayode2020.jpg?fit=737%2C415&ssl=1&resize=700%2C400 2x"},"classes":[]},{"id":35316,"url":"https:\/\/larevistadigital.com.ar\/blog\/reconocimiento-y-agradecimiento-a-quienes-participaron-de-la-organizacion-del-carnaval-infantil\/","url_meta":{"origin":44248,"position":3},"title":"RECONOCIMIENTO Y AGRADECIMIENTO A QUIENES PARTICIPARON DE LA ORGANIZACI\u00d3N DEL CARNAVAL INFANTIL","author":"Alejandro Sosa Ruda","date":"22 febrero, 2024","format":false,"excerpt":"El martes, el intendente Javier Gast\u00f3n, junto al secretario de Desarrollo Tur\u00edstico, Productivo y Cultural, Pablo N\u00e1poli, se reuni\u00f3 con quienes participaron de la organizaci\u00f3n del Carnaval Infantil. 22 de febrero de 2024 CHASCOM\u00daS -\u00a0 El d\u00eda comenz\u00f3 con un desayuno con referentes municipales de diversas \u00e1reas, quienes tuvieron un\u2026","rel":"","context":"En \u00abCHASCOM\u00daS\u00bb","block_context":{"text":"CHASCOM\u00daS","link":"https:\/\/larevistadigital.com.ar\/blog\/category\/chascomus\/"},"img":{"alt_text":"","src":"https:\/\/i0.wp.com\/larevistadigital.com.ar\/blog\/wp-content\/uploads\/AGRADECIMIENTO-DE-GASTON-CORSOS.jpg?fit=700%2C467&ssl=1&resize=350%2C200","width":350,"height":200,"srcset":"https:\/\/i0.wp.com\/larevistadigital.com.ar\/blog\/wp-content\/uploads\/AGRADECIMIENTO-DE-GASTON-CORSOS.jpg?fit=700%2C467&ssl=1&resize=350%2C200 1x, https:\/\/i0.wp.com\/larevistadigital.com.ar\/blog\/wp-content\/uploads\/AGRADECIMIENTO-DE-GASTON-CORSOS.jpg?fit=700%2C467&ssl=1&resize=525%2C300 1.5x, https:\/\/i0.wp.com\/larevistadigital.com.ar\/blog\/wp-content\/uploads\/AGRADECIMIENTO-DE-GASTON-CORSOS.jpg?fit=700%2C467&ssl=1&resize=700%2C400 2x"},"classes":[]},{"id":8787,"url":"https:\/\/larevistadigital.com.ar\/blog\/chascomus-el-municipio-brindo-el-cronograma-de-recoleccion-para-el-fin-de-semana-de-carnaval\/","url_meta":{"origin":44248,"position":4},"title":"CHASCOM\u00daS: EL MUNICIPIO BRIND\u00d3 EL CRONOGRAMA DE RECOLECCI\u00d3N PARA EL FIN DE SEMANA DE CARNAVAL","author":"Alejandro Sosa Ruda","date":"27 febrero, 2019","format":false,"excerpt":"Desde el Municipio de Chascom\u00fas se brind\u00f3 el detalle del cronograma de recolecci\u00f3n de residuos durante el pr\u00f3ximo fin de semana largo por Carnaval. El detalle es el siguiente: SABADO 2: Servicio Normal (de 18 a 20) DOMINGO 3: Sin servicio, no sacar la basura. LUNES 4 Y MARTES 5:\u2026","rel":"","context":"En \u00abCHASCOM\u00daS\u00bb","block_context":{"text":"CHASCOM\u00daS","link":"https:\/\/larevistadigital.com.ar\/blog\/category\/chascomus\/"},"img":{"alt_text":"","src":"https:\/\/i0.wp.com\/larevistadigital.com.ar\/blog\/wp-content\/uploads\/2019\/02\/Screenshot_4-2.jpg?fit=786%2C510&ssl=1&resize=350%2C200","width":350,"height":200,"srcset":"https:\/\/i0.wp.com\/larevistadigital.com.ar\/blog\/wp-content\/uploads\/2019\/02\/Screenshot_4-2.jpg?fit=786%2C510&ssl=1&resize=350%2C200 1x, https:\/\/i0.wp.com\/larevistadigital.com.ar\/blog\/wp-content\/uploads\/2019\/02\/Screenshot_4-2.jpg?fit=786%2C510&ssl=1&resize=525%2C300 1.5x, https:\/\/i0.wp.com\/larevistadigital.com.ar\/blog\/wp-content\/uploads\/2019\/02\/Screenshot_4-2.jpg?fit=786%2C510&ssl=1&resize=700%2C400 2x"},"classes":[]},{"id":43038,"url":"https:\/\/larevistadigital.com.ar\/blog\/chascomus-el-concejo-deliberante-aprobo-el-presupuesto-2026\/","url_meta":{"origin":44248,"position":5},"title":"Chascom\u00fas: El Concejo Deliberante aprob\u00f3 el Presupuesto 2026","author":"Alejandro Sosa Ruda","date":"24 diciembre, 2025","format":false,"excerpt":"En una sesi\u00f3n extraordinaria realizada en la ma\u00f1ana de este martes, el deliberativo aprob\u00f3 en general el proyecto enviado por el Departamento Ejecutivo municipal. 24 de diciembre de 2025 CHASCOM\u00daS -\u00a0 \u00a0 El Presupuesto de Gastos y C\u00e1lculo de Recursos 2026 fue estimado en $59.405.821.072,92 y est\u00e1 marcado por la\u2026","rel":"","context":"En \u00abDESTACADAS\u00bb","block_context":{"text":"DESTACADAS","link":"https:\/\/larevistadigital.com.ar\/blog\/category\/destacadas\/"},"img":{"alt_text":"","src":"https:\/\/i0.wp.com\/larevistadigital.com.ar\/blog\/wp-content\/uploads\/2017\/11\/concejo-chascomus.jpg?fit=1024%2C768&ssl=1&resize=350%2C200","width":350,"height":200,"srcset":"https:\/\/i0.wp.com\/larevistadigital.com.ar\/blog\/wp-content\/uploads\/2017\/11\/concejo-chascomus.jpg?fit=1024%2C768&ssl=1&resize=350%2C200 1x, https:\/\/i0.wp.com\/larevistadigital.com.ar\/blog\/wp-content\/uploads\/2017\/11\/concejo-chascomus.jpg?fit=1024%2C768&ssl=1&resize=525%2C300 1.5x, https:\/\/i0.wp.com\/larevistadigital.com.ar\/blog\/wp-content\/uploads\/2017\/11\/concejo-chascomus.jpg?fit=1024%2C768&ssl=1&resize=700%2C400 2x"},"classes":[]}],"_links":{"self":[{"href":"https:\/\/larevistadigital.com.ar\/blog\/wp-json\/wp\/v2\/posts\/44248","targetHints":{"allow":["GET"]}}],"collection":[{"href":"https:\/\/larevistadigital.com.ar\/blog\/wp-json\/wp\/v2\/posts"}],"about":[{"href":"https:\/\/larevistadigital.com.ar\/blog\/wp-json\/wp\/v2\/types\/post"}],"author":[{"embeddable":true,"href":"https:\/\/larevistadigital.com.ar\/blog\/wp-json\/wp\/v2\/users\/3"}],"replies":[{"embeddable":true,"href":"https:\/\/larevistadigital.com.ar\/blog\/wp-json\/wp\/v2\/comments?post=44248"}],"version-history":[{"count":1,"href":"https:\/\/larevistadigital.com.ar\/blog\/wp-json\/wp\/v2\/posts\/44248\/revisions"}],"predecessor-version":[{"id":44250,"href":"https:\/\/larevistadigital.com.ar\/blog\/wp-json\/wp\/v2\/posts\/44248\/revisions\/44250"}],"wp:featuredmedia":[{"embeddable":true,"href":"https:\/\/larevistadigital.com.ar\/blog\/wp-json\/wp\/v2\/media\/44249"}],"wp:attachment":[{"href":"https:\/\/larevistadigital.com.ar\/blog\/wp-json\/wp\/v2\/media?parent=44248"}],"wp:term":[{"taxonomy":"category","embeddable":true,"href":"https:\/\/larevistadigital.com.ar\/blog\/wp-json\/wp\/v2\/categories?post=44248"},{"taxonomy":"post_tag","embeddable":true,"href":"https:\/\/larevistadigital.com.ar\/blog\/wp-json\/wp\/v2\/tags?post=44248"}],"curies":[{"name":"wp","href":"https:\/\/api.w.org\/{rel}","templated":true}]}}