{"id":4427,"date":"2018-01-08T18:26:02","date_gmt":"2018-01-08T18:26:02","guid":{"rendered":"https:\/\/larevistadigital.com.ar\/blog\/?p=4427"},"modified":"2018-01-08T18:26:02","modified_gmt":"2018-01-08T18:26:02","slug":"chascomus-buena-senal-del-intendente-javier-gaston","status":"publish","type":"post","link":"https:\/\/larevistadigital.com.ar\/blog\/chascomus-buena-senal-del-intendente-javier-gaston\/","title":{"rendered":"CHASCOM\u00daS: BUENA SE\u00d1AL DEL INTENDENTE JAVIER GAST\u00d3N"},"content":{"rendered":"<p>El municipio pidi\u00f3 de manera urgente una reuni\u00f3n con autoridades de la firma EDEA, por la gran cantidad de cortes a los que se ve sometida la poblaci\u00f3n, que, entre otras cosas, provoc\u00f3 que un grupo de vecinos saliera en algunos medios de comunicaci\u00f3n, y se reunieran con algunos concejales para pedir ayuda en esta lamentable situaci\u00f3n.<\/p>\n<p>En el transcurso de esta semana, estar\u00eda llegando a nuestra ciudad, <strong>Est\u00e9ban P\u00e9rez Elustondo<\/strong>, gerente de la empresa prestataria de energ\u00eda el\u00e9ctrica.<\/p>\n<blockquote>\n<h3>Por eso, el intendente <strong>Javier Gast\u00f3n<\/strong> recibir\u00eda al directivo de EDEA, para plantearle la necesidad de que se hagan inversiones a efectos de que no se repitan estos eventos que atentan contra la salud, y el bienestar de los vecinos de la ciudad, especialmente los adultos mayores y los ni\u00f1os.<\/h3>\n<\/blockquote>\n<p><strong><em>\u201cEsperamos que los inconvenientes sean solucionados a la brevedad y creemos que debido al gran crecimiento demogr\u00e1fico que presenta nuestra ciudad, es importante que EDEA realice las inversiones necesarias para garantizar el servicio de energ\u00eda el\u00e9ctrica\u201d<\/em><\/strong> dijo <strong>Gast\u00f3n<\/strong> se\u00f1alando estar <strong><em>\u201cpreocupado por la situaci\u00f3n ya que los cortes afectan considerablemente a comerciantes y vecinos, as\u00ed como tambi\u00e9n al servicio de agua potable y las obras en ejecuci\u00f3n\u201d<\/em><\/strong>.<\/p>\n<blockquote>\n<h3>Una buena noticia que el jefe comunal tome las riendas en un tema que desde hace bastante tiempo viene azotando a los vecinos. Esperemos que, dentro de sus posibilidades pueda conseguir alguna soluci\u00f3n a un problema que ciertamente afecta a todo el pa\u00eds, y Chascom\u00fas no est\u00e1 ajeno al mismo.<\/h3>\n<\/blockquote>\n<p>Igualmente, e independientemente de los resultados que pudiera llegar a obtener, destacamos la actitud de <strong>Gast\u00f3n<\/strong>, que por lo menos parece haber escuchado a los vecinos y obrado en consecuencia.<\/p>\n<p>FUENTE:DIARIO EL CRONISTA<\/p>\n","protected":false},"excerpt":{"rendered":"<div class=\"mh-excerpt\"><p>El municipio pidi\u00f3 de manera urgente una reuni\u00f3n con autoridades de la firma EDEA, por la gran cantidad de cortes a los que se ve sometida la poblaci\u00f3n, que, entre otras cosas, provoc\u00f3 que un <a class=\"mh-excerpt-more\" href=\"https:\/\/larevistadigital.com.ar\/blog\/chascomus-buena-senal-del-intendente-javier-gaston\/\" title=\"CHASCOM\u00daS: BUENA SE\u00d1AL DEL INTENDENTE JAVIER GAST\u00d3N\">[Leer M\u00e1s]<\/a><\/p>\n<\/div>","protected":false},"author":3,"featured_media":4428,"comment_status":"open","ping_status":"open","sticky":false,"template":"","format":"standard","meta":{"_jetpack_memberships_contains_paid_content":false,"footnotes":"","jetpack_publicize_message":"","jetpack_publicize_feature_enabled":true,"jetpack_social_post_already_shared":true,"jetpack_social_options":{"image_generator_settings":{"template":"highway","default_image_id":0,"font":"","enabled":false},"version":2}},"categories":[41],"tags":[],"class_list":{"0":"post-4427","1":"post","2":"type-post","3":"status-publish","4":"format-standard","5":"has-post-thumbnail","7":"category-destacadas"},"jetpack_publicize_connections":[],"jetpack_featured_media_url":"https:\/\/i0.wp.com\/larevistadigital.com.ar\/blog\/wp-content\/uploads\/2018\/01\/chascomus.jpg?fit=960%2C640&ssl=1","jetpack_sharing_enabled":true,"jetpack_shortlink":"https:\/\/wp.me\/p8qtrQ-19p","jetpack-related-posts":[{"id":4455,"url":"https:\/\/larevistadigital.com.ar\/blog\/4455-2\/","url_meta":{"origin":4427,"position":0},"title":"CHASCOM\u00daS: EL INTENDENTE SE REUNI\u00d3 CON EL GERENTE GENERAL DE EDEA PARA EXIGIR SOLUCIONES PARA LOS VECINOS","author":"Alejandro Sosa Ruda","date":"10 enero, 2018","format":false,"excerpt":"Finalmente, y como se hab\u00eda anunciado, el Intendente Municipal Javier Gast\u00f3n se reuni\u00f3 con el Gerente General de EDEA, Est\u00e9ban Elustondo, para manifestarle su preocupaci\u00f3n por los continuos cortes e inconvenientes en el servicio que sufren los vecinos de Chascom\u00fas. Muy buena iniciativa del Intendente, ya que, aunque es su\u2026","rel":"","context":"En \u00abCHASCOM\u00daS\u00bb","block_context":{"text":"CHASCOM\u00daS","link":"https:\/\/larevistadigital.com.ar\/blog\/category\/chascomus\/"},"img":{"alt_text":"","src":"https:\/\/i0.wp.com\/larevistadigital.com.ar\/blog\/wp-content\/uploads\/2018\/01\/2018_01_10_15_10_05_9168396.jpg?fit=600%2C363&ssl=1&resize=350%2C200","width":350,"height":200,"srcset":"https:\/\/i0.wp.com\/larevistadigital.com.ar\/blog\/wp-content\/uploads\/2018\/01\/2018_01_10_15_10_05_9168396.jpg?fit=600%2C363&ssl=1&resize=350%2C200 1x, https:\/\/i0.wp.com\/larevistadigital.com.ar\/blog\/wp-content\/uploads\/2018\/01\/2018_01_10_15_10_05_9168396.jpg?fit=600%2C363&ssl=1&resize=525%2C300 1.5x"},"classes":[]},{"id":12881,"url":"https:\/\/larevistadigital.com.ar\/blog\/javier-gaston-fue-reelecto-como-intendente-de-chascomus\/","url_meta":{"origin":4427,"position":1},"title":"JAVIER GAST\u00d3N FUE REELECTO COMO INTENDENTE DE CHASCOM\u00daS","author":"Alejandro Sosa Ruda","date":"28 octubre, 2019","format":false,"excerpt":"El Intendente de Chascom\u00fas, y candidato por el Frente de Todos, Javier Gast\u00f3n, gan\u00f3 la elecci\u00f3n por amplio margen como hab\u00eda ocurrido en las PASO de agosto pasado, y gobernar\u00e1 la ciudad por cuatro a\u00f1os m\u00e1s a partir de diciembre. Con un gran porcentaje de adhesi\u00f3n de los vecinos, el\u2026","rel":"","context":"En \u00abCHASCOM\u00daS\u00bb","block_context":{"text":"CHASCOM\u00daS","link":"https:\/\/larevistadigital.com.ar\/blog\/category\/chascomus\/"},"img":{"alt_text":"","src":"https:\/\/i0.wp.com\/larevistadigital.com.ar\/blog\/wp-content\/uploads\/Screenshot_1-55.jpg?fit=712%2C597&ssl=1&resize=350%2C200","width":350,"height":200,"srcset":"https:\/\/i0.wp.com\/larevistadigital.com.ar\/blog\/wp-content\/uploads\/Screenshot_1-55.jpg?fit=712%2C597&ssl=1&resize=350%2C200 1x, https:\/\/i0.wp.com\/larevistadigital.com.ar\/blog\/wp-content\/uploads\/Screenshot_1-55.jpg?fit=712%2C597&ssl=1&resize=525%2C300 1.5x, https:\/\/i0.wp.com\/larevistadigital.com.ar\/blog\/wp-content\/uploads\/Screenshot_1-55.jpg?fit=712%2C597&ssl=1&resize=700%2C400 2x"},"classes":[]},{"id":11600,"url":"https:\/\/larevistadigital.com.ar\/blog\/el-chapamovil-rodo-todo-el-fin-de-semana-en-chascomus-con-carteles-de-javier-gaston-junto-a-cristina-y-alberto\/","url_meta":{"origin":4427,"position":2},"title":"EL \u00abCHAPAM\u00d3VIL\u00bb ROD\u00d3 TODO EL FIN DE SEMANA EN CHASCOM\u00daS CON CARTELES DE JAVIER GASTON, JUNTO A CRISTINA Y ALBERTO","author":"Alejandro Sosa Ruda","date":"28 julio, 2019","format":false,"excerpt":"La campa\u00f1a arranc\u00f3 con mucha fuerza, y el Frente de Todos, comandado por el candidato a intendente Javier Gast\u00f3n y sobre todo la militancia de La Campora, han puesto de manifiesto en las calles de la ciudad de Chascom\u00fas que su arreglo de campa\u00f1a y posterior gobierno no se ha\u2026","rel":"","context":"En \u00abDESTACADAS\u00bb","block_context":{"text":"DESTACADAS","link":"https:\/\/larevistadigital.com.ar\/blog\/category\/destacadas\/"},"img":{"alt_text":"","src":"https:\/\/i0.wp.com\/larevistadigital.com.ar\/blog\/wp-content\/uploads\/chapamovil-chascomus.jpeg?fit=720%2C540&ssl=1&resize=350%2C200","width":350,"height":200,"srcset":"https:\/\/i0.wp.com\/larevistadigital.com.ar\/blog\/wp-content\/uploads\/chapamovil-chascomus.jpeg?fit=720%2C540&ssl=1&resize=350%2C200 1x, https:\/\/i0.wp.com\/larevistadigital.com.ar\/blog\/wp-content\/uploads\/chapamovil-chascomus.jpeg?fit=720%2C540&ssl=1&resize=525%2C300 1.5x, https:\/\/i0.wp.com\/larevistadigital.com.ar\/blog\/wp-content\/uploads\/chapamovil-chascomus.jpeg?fit=720%2C540&ssl=1&resize=700%2C400 2x"},"classes":[]},{"id":14630,"url":"https:\/\/larevistadigital.com.ar\/blog\/fuerte-respaldo-de-javier-gaston-a-axel-kicillof\/","url_meta":{"origin":4427,"position":3},"title":"FUERTE RESPALDO DE JAVIER GAST\u00d3N A AXEL KICILLOF","author":"Alejandro Sosa Ruda","date":"4 febrero, 2020","format":false,"excerpt":"Curiosamente, (o no tanto),\u00a0 el intendente Gast\u00f3n dej\u00f3 su perfil vecinalista para bancar fuertemente al kirchnerismo duro respaldando en sus redes sociales la situaci\u00f3n del gobierno provincial respecto de la deuda. De esta manera, Gast\u00f3n dio otro paso en su conversi\u00f3n al kirchner\u00edsmo, aunque algunos sostienen que siempre lo fue.\u2026","rel":"","context":"En \u00abINTERES GENERAL\u00bb","block_context":{"text":"INTERES GENERAL","link":"https:\/\/larevistadigital.com.ar\/blog\/category\/interes-general\/"},"img":{"alt_text":"","src":"https:\/\/i0.wp.com\/larevistadigital.com.ar\/blog\/wp-content\/uploads\/gaston_javier.jpg?fit=1200%2C665&ssl=1&resize=350%2C200","width":350,"height":200,"srcset":"https:\/\/i0.wp.com\/larevistadigital.com.ar\/blog\/wp-content\/uploads\/gaston_javier.jpg?fit=1200%2C665&ssl=1&resize=350%2C200 1x, https:\/\/i0.wp.com\/larevistadigital.com.ar\/blog\/wp-content\/uploads\/gaston_javier.jpg?fit=1200%2C665&ssl=1&resize=525%2C300 1.5x, https:\/\/i0.wp.com\/larevistadigital.com.ar\/blog\/wp-content\/uploads\/gaston_javier.jpg?fit=1200%2C665&ssl=1&resize=700%2C400 2x, https:\/\/i0.wp.com\/larevistadigital.com.ar\/blog\/wp-content\/uploads\/gaston_javier.jpg?fit=1200%2C665&ssl=1&resize=1050%2C600 3x"},"classes":[]},{"id":17825,"url":"https:\/\/larevistadigital.com.ar\/blog\/video-gaston-abandono-una-reunion-con-vecinos-del-porteno-porque-una-senora-le-pregunto-si-vio-el-estado-de-las-calles\/","url_meta":{"origin":4427,"position":4},"title":"[VIDEO] GASTON ABANDON\u00d3 UNA REUNI\u00d3N CON VECINOS DEL PORTE\u00d1O PORQUE UNA SE\u00d1ORA LE PREGUNT\u00d3 SI VIO EL ESTADO DE LAS CALLES","author":"Alejandro Sosa Ruda","date":"25 noviembre, 2020","format":false,"excerpt":"Los \u00faltimos d\u00edas no has sido calmos ni para el intendente Javier Gast\u00f3n, ni para los vecinos de Chascom\u00fas, que no quieren ser el deposito de la basura de nadie, y sobre todo los vecinos de El Porte\u00f1o, que piden (con todo derecho) que la planta de deposici\u00f3n final, sea\u2026","rel":"","context":"En \u00abDESTACADAS\u00bb","block_context":{"text":"DESTACADAS","link":"https:\/\/larevistadigital.com.ar\/blog\/category\/destacadas\/"},"img":{"alt_text":"","src":"https:\/\/i0.wp.com\/larevistadigital.com.ar\/blog\/wp-content\/uploads\/MOMENTO-EN-QUE-GASTON-SE-RETIRA-1.jpg?fit=1000%2C516&ssl=1&resize=350%2C200","width":350,"height":200,"srcset":"https:\/\/i0.wp.com\/larevistadigital.com.ar\/blog\/wp-content\/uploads\/MOMENTO-EN-QUE-GASTON-SE-RETIRA-1.jpg?fit=1000%2C516&ssl=1&resize=350%2C200 1x, https:\/\/i0.wp.com\/larevistadigital.com.ar\/blog\/wp-content\/uploads\/MOMENTO-EN-QUE-GASTON-SE-RETIRA-1.jpg?fit=1000%2C516&ssl=1&resize=525%2C300 1.5x, https:\/\/i0.wp.com\/larevistadigital.com.ar\/blog\/wp-content\/uploads\/MOMENTO-EN-QUE-GASTON-SE-RETIRA-1.jpg?fit=1000%2C516&ssl=1&resize=700%2C400 2x"},"classes":[]},{"id":10649,"url":"https:\/\/larevistadigital.com.ar\/blog\/finalmente-el-intendente-javier-gaston-solicito-la-solucion-inmediata-del-problema-en-el-sistema-de-barreras-del-acceso-norte\/","url_meta":{"origin":4427,"position":5},"title":"FINALMENTE EL INTENDENTE JAVIER GAST\u00d3N SOLICIT\u00d3 LA SOLUCI\u00d3N INMEDIATA DEL PROBLEMA EN EL SISTEMA DE BARRERAS DEL ACCESO NORTE","author":"Alejandro Sosa Ruda","date":"20 junio, 2019","format":false,"excerpt":"Desde hace varios d\u00edas, el sistema de barreras de las v\u00edas en la zona del acceso norte de nuestra ciudad presenta serias fallas que ponen en riesgo la integridad y seguridad de los vecinos. Y esto, lamentablemente por uno u otra raz\u00f3n no es la primera vez que ocurre. La\u2026","rel":"","context":"En \u00abDESTACADAS\u00bb","block_context":{"text":"DESTACADAS","link":"https:\/\/larevistadigital.com.ar\/blog\/category\/destacadas\/"},"img":{"alt_text":"","src":"https:\/\/i0.wp.com\/larevistadigital.com.ar\/blog\/wp-content\/uploads\/2019\/03\/50277561_2235056466733726_5893731913742417920_n.jpg?fit=650%2C381&ssl=1&resize=350%2C200","width":350,"height":200,"srcset":"https:\/\/i0.wp.com\/larevistadigital.com.ar\/blog\/wp-content\/uploads\/2019\/03\/50277561_2235056466733726_5893731913742417920_n.jpg?fit=650%2C381&ssl=1&resize=350%2C200 1x, https:\/\/i0.wp.com\/larevistadigital.com.ar\/blog\/wp-content\/uploads\/2019\/03\/50277561_2235056466733726_5893731913742417920_n.jpg?fit=650%2C381&ssl=1&resize=525%2C300 1.5x"},"classes":[]}],"_links":{"self":[{"href":"https:\/\/larevistadigital.com.ar\/blog\/wp-json\/wp\/v2\/posts\/4427","targetHints":{"allow":["GET"]}}],"collection":[{"href":"https:\/\/larevistadigital.com.ar\/blog\/wp-json\/wp\/v2\/posts"}],"about":[{"href":"https:\/\/larevistadigital.com.ar\/blog\/wp-json\/wp\/v2\/types\/post"}],"author":[{"embeddable":true,"href":"https:\/\/larevistadigital.com.ar\/blog\/wp-json\/wp\/v2\/users\/3"}],"replies":[{"embeddable":true,"href":"https:\/\/larevistadigital.com.ar\/blog\/wp-json\/wp\/v2\/comments?post=4427"}],"version-history":[{"count":1,"href":"https:\/\/larevistadigital.com.ar\/blog\/wp-json\/wp\/v2\/posts\/4427\/revisions"}],"predecessor-version":[{"id":4430,"href":"https:\/\/larevistadigital.com.ar\/blog\/wp-json\/wp\/v2\/posts\/4427\/revisions\/4430"}],"wp:featuredmedia":[{"embeddable":true,"href":"https:\/\/larevistadigital.com.ar\/blog\/wp-json\/wp\/v2\/media\/4428"}],"wp:attachment":[{"href":"https:\/\/larevistadigital.com.ar\/blog\/wp-json\/wp\/v2\/media?parent=4427"}],"wp:term":[{"taxonomy":"category","embeddable":true,"href":"https:\/\/larevistadigital.com.ar\/blog\/wp-json\/wp\/v2\/categories?post=4427"},{"taxonomy":"post_tag","embeddable":true,"href":"https:\/\/larevistadigital.com.ar\/blog\/wp-json\/wp\/v2\/tags?post=4427"}],"curies":[{"name":"wp","href":"https:\/\/api.w.org\/{rel}","templated":true}]}}