{"id":44433,"date":"2026-03-10T18:28:03","date_gmt":"2026-03-10T21:28:03","guid":{"rendered":"https:\/\/larevistadigital.com.ar\/blog\/?p=44433"},"modified":"2026-03-10T19:52:21","modified_gmt":"2026-03-10T22:52:21","slug":"confirmaron-que-el-cuerpo-hallado-en-costa-del-este-es-del-vecino-desaparecido-alejandro-stankevicius","status":"publish","type":"post","link":"https:\/\/larevistadigital.com.ar\/blog\/confirmaron-que-el-cuerpo-hallado-en-costa-del-este-es-del-vecino-desaparecido-alejandro-stankevicius\/","title":{"rendered":"Confirmaron que el cuerpo hallado en Costa del Este es del vecino desaparecido Alejandro Stankevicius"},"content":{"rendered":"<div class=\"flex flex-col text-sm pb-25\">\n<article class=\"text-token-text-primary w-full focus:outline-none [--shadow-height:45px] has-data-writing-block:pointer-events-none has-data-writing-block:-mt-(--shadow-height) has-data-writing-block:pt-(--shadow-height) [&amp;:has([data-writing-block])&gt;*]:pointer-events-auto scroll-mt-[calc(var(--header-height)+min(200px,max(70px,20svh)))]\" dir=\"auto\" data-turn-id=\"request-699e3443-eb78-8333-9b31-4ecb9f447d7a-0\" data-testid=\"conversation-turn-88\" data-scroll-anchor=\"true\" data-turn=\"assistant\">\n<div class=\"text-base my-auto mx-auto pb-10 [--thread-content-margin:var(--thread-content-margin-xs,calc(var(--spacing)*4))] @w-sm\/main:[--thread-content-margin:var(--thread-content-margin-sm,calc(var(--spacing)*6))] @w-lg\/main:[--thread-content-margin:var(--thread-content-margin-lg,calc(var(--spacing)*16))] px-(--thread-content-margin)\">\n<div class=\"[--thread-content-max-width:40rem] @w-lg\/main:[--thread-content-max-width:48rem] mx-auto max-w-(--thread-content-max-width) flex-1 group\/turn-messages focus-visible:outline-hidden relative flex w-full min-w-0 flex-col agent-turn\">\n<div class=\"flex max-w-full flex-col gap-4 grow\">\n<div class=\"min-h-8 text-message relative flex w-full flex-col items-end gap-2 text-start break-words whitespace-normal [.text-message+&amp;]:mt-1\" dir=\"auto\" data-message-author-role=\"assistant\" data-message-id=\"51df6617-4b3f-42e2-ad05-b7770ffa3770\" data-message-model-slug=\"gpt-5-3\">\n<div class=\"flex w-full flex-col gap-1 empty:hidden\">\n<div class=\"markdown prose dark:prose-invert w-full wrap-break-word light markdown-new-styling\">\n<p data-start=\"106\" data-end=\"272\"><strong data-start=\"106\" data-end=\"272\">La autopsia determin\u00f3 que el hombre de 78 a\u00f1os muri\u00f3 por causas card\u00edacas. Estaba desaparecido desde el 25 de febrero y padec\u00eda Parkinson y problemas del coraz\u00f3n.<\/strong><\/p>\n<p data-start=\"106\" data-end=\"272\">10 de Marzo de 2026<\/p>\n<p data-start=\"274\" data-end=\"592\"><strong>COSTA DEL ESTE &#8211;<\/strong>\u00a0 \u00a0La autopsia realizada en las \u00faltimas horas confirm\u00f3 que el cuerpo hallado el lunes a la vera de la <strong data-start=\"373\" data-end=\"414\"><span class=\"hover:entity-accent entity-underline inline cursor-pointer align-baseline\"><span class=\"whitespace-normal\">Ruta 11<\/span><\/span><\/strong>, en <strong data-start=\"419\" data-end=\"460\"><span class=\"hover:entity-accent entity-underline inline cursor-pointer align-baseline\"><span class=\"whitespace-normal\">Costa del Este<\/span><\/span><\/strong>, pertenece a <strong data-start=\"474\" data-end=\"515\"><span class=\"hover:entity-accent entity-underline inline cursor-pointer align-baseline\"><span class=\"whitespace-normal\">Alejandro Stankevicius<\/span><\/span><\/strong>, el hombre de 78 a\u00f1os que estaba desaparecido desde el pasado 25 de febrero.<\/p>\n<p data-start=\"594\" data-end=\"847\">El informe forense determin\u00f3 que <strong data-start=\"627\" data-end=\"658\">la muerte no fue traum\u00e1tica<\/strong>, sino que se produjo por <strong data-start=\"684\" data-end=\"704\">causas card\u00edacas<\/strong>. El hombre padec\u00eda problemas del coraz\u00f3n, utilizaba un <strong data-start=\"760\" data-end=\"788\">desfibrilador implantado<\/strong> y adem\u00e1s se encontraba bajo tratamiento por <strong data-start=\"833\" data-end=\"846\">Parkinson<\/strong>.<\/p>\n<h3 data-section-id=\"16at4ut\" data-start=\"849\" data-end=\"864\"><span style=\"color: #ff0000\">El hallazgo<\/span><\/h3>\n<p data-start=\"866\" data-end=\"1054\">El cuerpo fue encontrado el lunes por la ma\u00f1ana en un sector cercano al acceso a Costa del Este, dentro de un <strong data-start=\"976\" data-end=\"1018\">zanj\u00f3n sin agua cubierto por pajonales<\/strong>, en una zona de escasa visibilidad.<\/p>\n<blockquote>\n<h3 data-start=\"1056\" data-end=\"1228\">Seg\u00fan trascendi\u00f3, <strong data-start=\"1074\" data-end=\"1126\">dos vecinas que participaban de los rastrillajes<\/strong> percibieron un fuerte olor en el lugar y dieron aviso a las autoridades, lo que permiti\u00f3 el hallazgo.<\/h3>\n<\/blockquote>\n<p data-start=\"1230\" data-end=\"1468\">Durante los primeros d\u00edas de b\u00fasqueda ese sector ya hab\u00eda sido rastrillado con <strong data-start=\"1309\" data-end=\"1370\">drones, tecnolog\u00eda t\u00e9rmica, caballos y m\u00f3viles policiales<\/strong>, aunque los rastros del hombre terminaban metros antes del punto donde finalmente fue encontrado.<\/p>\n<h3 data-section-id=\"4ggmow\" data-start=\"1470\" data-end=\"1490\"><span style=\"color: #ff0000\">La investigaci\u00f3n<\/span><\/h3>\n<p data-start=\"1492\" data-end=\"1744\">El fiscal de la causa, <strong data-start=\"1515\" data-end=\"1556\"><span class=\"hover:entity-accent entity-underline inline cursor-pointer align-baseline\"><span class=\"whitespace-normal\">Gustavo Mascioli<\/span><\/span><\/strong>, titular de la Fiscal\u00eda N\u00ba1 descentralizada del distrito, hab\u00eda adelantado tras el hallazgo que se trataba de <em><strong>\u201cun masculino con caracter\u00edsticas acordes a la persona que estamos buscando\u201d<\/strong><\/em>.<\/p>\n<p data-start=\"1746\" data-end=\"1872\">Debido al estado del cuerpo, fue necesario <strong data-start=\"1789\" data-end=\"1830\">esperar los resultados de la autopsia<\/strong> para confirmar oficialmente la identidad.<\/p>\n<h3 data-section-id=\"11l2a73\" data-start=\"1874\" data-end=\"1902\"><span style=\"color: #ff0000\">El mensaje de la familia<\/span><\/h3>\n<p data-start=\"1904\" data-end=\"2037\">Tras conocerse la confirmaci\u00f3n, familiares del vecino expresaron su dolor y agradecieron a la comunidad que colabor\u00f3 con la b\u00fasqueda.<\/p>\n<p data-start=\"2039\" data-end=\"2375\"><em><strong>\u201cEn medio de este profundo dolor por el fallecimiento de mi esposo Alejandro, no puedo dejar pasar un minuto m\u00e1s sin agradecer a los vecinos de nuestra comunidad de Costa del Este que participaron del rastrillaje y gracias a dos vecinas se pudo dar con el cuerpo de mi esposo\u201d<\/strong><\/em>, expres\u00f3 su esposa, <strong data-start=\"2336\" data-end=\"2374\">Mar\u00eda Elena Arcuri de Stankevicius<\/strong>.<\/p>\n<blockquote>\n<h3 data-start=\"2377\" data-end=\"2562\">Por su parte, su hija <strong data-start=\"2399\" data-end=\"2423\">Natalia Stankevicius<\/strong> tambi\u00e9n lo despidi\u00f3 con un mensaje en redes sociales: <em>\u201cTe amo, papucho. Somos polvo de estrellas. Te voy a encontrar siempre en el cielo\u201d.<\/em><\/h3>\n<\/blockquote>\n<p data-start=\"2564\" data-end=\"2867\" data-is-last-node=\"\" data-is-only-node=\"\"><strong>Stankevicius<\/strong> se hab\u00eda ausentado de su vivienda en Costa del Este <strong data-start=\"2629\" data-end=\"2687\">alrededor de la 1:30 de la madrugada del 25 de febrero<\/strong>. Seg\u00fan los primeros datos de la investigaci\u00f3n, hab\u00eda salido de su casa <strong data-start=\"2759\" data-end=\"2816\">en un estado de alteraci\u00f3n y corriendo por las calles<\/strong>, por causas que a\u00fan contin\u00faan siendo investigadas.<\/p>\n<\/div>\n<\/div>\n<\/div>\n<\/div>\n<div class=\"z-0 flex min-h-[46px] justify-start\"><\/div>\n<div class=\"mt-3 w-full empty:hidden\">\n<div class=\"text-center\">FUENTE E IMAGEN: Entrel\u00edneas.info<\/div>\n<\/div>\n<\/div>\n<\/div>\n<\/article>\n<\/div>\n<div class=\"pointer-events-none h-px w-px absolute bottom-0\" aria-hidden=\"true\" data-edge=\"true\"><\/div>\n","protected":false},"excerpt":{"rendered":"<div class=\"mh-excerpt\"><p>La autopsia determin\u00f3 que el hombre de 78 a\u00f1os muri\u00f3 por causas card\u00edacas. Estaba desaparecido desde el 25 de febrero y padec\u00eda Parkinson y problemas del coraz\u00f3n. 10 de Marzo de 2026 COSTA DEL ESTE <a class=\"mh-excerpt-more\" href=\"https:\/\/larevistadigital.com.ar\/blog\/confirmaron-que-el-cuerpo-hallado-en-costa-del-este-es-del-vecino-desaparecido-alejandro-stankevicius\/\" title=\"Confirmaron que el cuerpo hallado en Costa del Este es del vecino desaparecido Alejandro Stankevicius\">[Leer M\u00e1s]<\/a><\/p>\n<\/div>","protected":false},"author":3,"featured_media":44434,"comment_status":"open","ping_status":"open","sticky":false,"template":"","format":"standard","meta":{"_jetpack_memberships_contains_paid_content":false,"footnotes":"","jetpack_publicize_message":"","jetpack_publicize_feature_enabled":true,"jetpack_social_post_already_shared":true,"jetpack_social_options":{"image_generator_settings":{"template":"highway","default_image_id":0,"font":"","enabled":false},"version":2}},"categories":[44,51],"tags":[],"class_list":{"0":"post-44433","1":"post","2":"type-post","3":"status-publish","4":"format-standard","5":"has-post-thumbnail","7":"category-policiales","8":"category-regionales"},"jetpack_publicize_connections":[],"jetpack_featured_media_url":"https:\/\/i0.wp.com\/larevistadigital.com.ar\/blog\/wp-content\/uploads\/b8a252a40b5cb1132baefd968e59094f9e433e17.jpg?fit=1140%2C719&ssl=1","jetpack_sharing_enabled":true,"jetpack_shortlink":"https:\/\/wp.me\/p8qtrQ-byF","jetpack-related-posts":[{"id":44397,"url":"https:\/\/larevistadigital.com.ar\/blog\/hallaron-un-cuerpo-en-un-zanjon-cerca-de-costa-del-este-y-podria-ser-el-hombre-desaparecido\/","url_meta":{"origin":44433,"position":0},"title":"Hallaron un cuerpo en un zanj\u00f3n cerca de Costa del Este y podr\u00eda ser el hombre desaparecido","author":"Alejandro Sosa Ruda","date":"9 marzo, 2026","format":false,"excerpt":"El hallazgo ocurri\u00f3 durante un rastrillaje por la b\u00fasqueda de un vecino de 78 a\u00f1os que falta de su casa desde el 25 de febrero. La Justicia espera los resultados de la autopsia para confirmar la identidad. Un cuerpo sin vida fue hallado este lunes por la ma\u00f1ana a la\u2026","rel":"","context":"En \u00abPOLICIALES\u00bb","block_context":{"text":"POLICIALES","link":"https:\/\/larevistadigital.com.ar\/blog\/category\/policiales\/"},"img":{"alt_text":"","src":"https:\/\/i0.wp.com\/larevistadigital.com.ar\/blog\/wp-content\/uploads\/67a04653b6ff7473aadbcfaf2b59732eb5ec6cd0.jpg?fit=1140%2C686&ssl=1&resize=350%2C200","width":350,"height":200,"srcset":"https:\/\/i0.wp.com\/larevistadigital.com.ar\/blog\/wp-content\/uploads\/67a04653b6ff7473aadbcfaf2b59732eb5ec6cd0.jpg?fit=1140%2C686&ssl=1&resize=350%2C200 1x, https:\/\/i0.wp.com\/larevistadigital.com.ar\/blog\/wp-content\/uploads\/67a04653b6ff7473aadbcfaf2b59732eb5ec6cd0.jpg?fit=1140%2C686&ssl=1&resize=525%2C300 1.5x, https:\/\/i0.wp.com\/larevistadigital.com.ar\/blog\/wp-content\/uploads\/67a04653b6ff7473aadbcfaf2b59732eb5ec6cd0.jpg?fit=1140%2C686&ssl=1&resize=700%2C400 2x, https:\/\/i0.wp.com\/larevistadigital.com.ar\/blog\/wp-content\/uploads\/67a04653b6ff7473aadbcfaf2b59732eb5ec6cd0.jpg?fit=1140%2C686&ssl=1&resize=1050%2C600 3x"},"classes":[]},{"id":35249,"url":"https:\/\/larevistadigital.com.ar\/blog\/monte-hermoso-aparecio-el-cuerpo-del-joven-desaparecido-en-el-mar\/","url_meta":{"origin":44433,"position":1},"title":"MONTE HERMOSO: APARECI\u00d3 EL CUERPO DEL JOVEN DESAPARECIDO EN EL MAR","author":"Alejandro Sosa Ruda","date":"14 febrero, 2024","format":false,"excerpt":"Alex Malvar (21), hab\u00eda ingresado al agua durante el amanecer del lunes. Fue hallado en la costa a la altura del Complejo Americano. 14 de febrero de 2024 MONTE HERMOSO -\u00a0 El cuerpo de Alex Malvar, el joven de 21 a\u00f1os que hab\u00eda ingresado al mar en Monte Hermoso durante\u2026","rel":"","context":"En \u00abPOLICIALES\u00bb","block_context":{"text":"POLICIALES","link":"https:\/\/larevistadigital.com.ar\/blog\/category\/policiales\/"},"img":{"alt_text":"","src":"https:\/\/i0.wp.com\/larevistadigital.com.ar\/blog\/wp-content\/uploads\/MONTE-HERMOSO.jpg?fit=800%2C418&ssl=1&resize=350%2C200","width":350,"height":200,"srcset":"https:\/\/i0.wp.com\/larevistadigital.com.ar\/blog\/wp-content\/uploads\/MONTE-HERMOSO.jpg?fit=800%2C418&ssl=1&resize=350%2C200 1x, https:\/\/i0.wp.com\/larevistadigital.com.ar\/blog\/wp-content\/uploads\/MONTE-HERMOSO.jpg?fit=800%2C418&ssl=1&resize=525%2C300 1.5x, https:\/\/i0.wp.com\/larevistadigital.com.ar\/blog\/wp-content\/uploads\/MONTE-HERMOSO.jpg?fit=800%2C418&ssl=1&resize=700%2C400 2x"},"classes":[]},{"id":31567,"url":"https:\/\/larevistadigital.com.ar\/blog\/mar-del-plata-confirmado-el-cuerpo-hallado-en-los-acantilados-era-tomas-montes-el-estudiante-buscado\/","url_meta":{"origin":44433,"position":2},"title":"MAR DEL PLATA: CONFIRMADO. EL CUERPO HALLADO EN LOS ACANTILADOS ERA TOM\u00c1S MONTES, EL ESTUDIANTE BUSCADO","author":"Alejandro Sosa Ruda","date":"15 mayo, 2023","format":false,"excerpt":"Se confirm\u00f3 que el cuerpo que se hall\u00f3 en Los Acantilados en avanzado estado de descomposici\u00f3n, se trababa de Tom\u00e1s Montes. 15 de mayo de 2023 MAR DEL PLATA -\u00a0 \u00a0Luego de la autopsia al cadaver encontrado en Los Acantilados, se confirm\u00f3 la sospecha: El cuerpo pertenec\u00eda al estudiante desaparecido\u2026","rel":"","context":"En \u00abPOLICIALES\u00bb","block_context":{"text":"POLICIALES","link":"https:\/\/larevistadigital.com.ar\/blog\/category\/policiales\/"},"img":{"alt_text":"","src":"https:\/\/i0.wp.com\/larevistadigital.com.ar\/blog\/wp-content\/uploads\/era-montes.png?fit=813%2C445&ssl=1&resize=350%2C200","width":350,"height":200,"srcset":"https:\/\/i0.wp.com\/larevistadigital.com.ar\/blog\/wp-content\/uploads\/era-montes.png?fit=813%2C445&ssl=1&resize=350%2C200 1x, https:\/\/i0.wp.com\/larevistadigital.com.ar\/blog\/wp-content\/uploads\/era-montes.png?fit=813%2C445&ssl=1&resize=525%2C300 1.5x, https:\/\/i0.wp.com\/larevistadigital.com.ar\/blog\/wp-content\/uploads\/era-montes.png?fit=813%2C445&ssl=1&resize=700%2C400 2x"},"classes":[]},{"id":12509,"url":"https:\/\/larevistadigital.com.ar\/blog\/la-autopsia-confirmo-que-el-hombre-muerto-hallado-en-la-ruta-88-fue-atropellado\/","url_meta":{"origin":44433,"position":3},"title":"LA AUTOPSIA CONFIRM\u00d3 QUE EL HOMBRE MUERTO HALLADO EN LA RUTA 88 FUE ATROPELLADO","author":"Alejandro Sosa Ruda","date":"8 octubre, 2019","format":false,"excerpt":"La v\u00edctima se hallaba en situaci\u00f3n de calle y sol\u00eda pernoctar varios de estos establecimientos. El conductor del auto a\u00fan no fue identificado. La autopsia realizada al cad\u00e1ver hallado el s\u00e1bado por la noche en la ruta 88 confirm\u00f3 que el hombre fallecido fue atropellado por un veh\u00edculo,\u00a0cuyo conductor a\u00fan\u2026","rel":"","context":"En \u00abREGIONALES\u00bb","block_context":{"text":"REGIONALES","link":"https:\/\/larevistadigital.com.ar\/blog\/category\/regionales\/"},"img":{"alt_text":"","src":"https:\/\/i0.wp.com\/larevistadigital.com.ar\/blog\/wp-content\/uploads\/capturagoogle.jpg?fit=754%2C431&ssl=1&resize=350%2C200","width":350,"height":200,"srcset":"https:\/\/i0.wp.com\/larevistadigital.com.ar\/blog\/wp-content\/uploads\/capturagoogle.jpg?fit=754%2C431&ssl=1&resize=350%2C200 1x, https:\/\/i0.wp.com\/larevistadigital.com.ar\/blog\/wp-content\/uploads\/capturagoogle.jpg?fit=754%2C431&ssl=1&resize=525%2C300 1.5x, https:\/\/i0.wp.com\/larevistadigital.com.ar\/blog\/wp-content\/uploads\/capturagoogle.jpg?fit=754%2C431&ssl=1&resize=700%2C400 2x"},"classes":[]},{"id":43587,"url":"https:\/\/larevistadigital.com.ar\/blog\/hallaron-un-cadaver-flotando-en-una-playa-centrica-de-mar-del-plata-y-fue-identificado\/","url_meta":{"origin":44433,"position":4},"title":"Hallaron un cad\u00e1ver flotando en una playa c\u00e9ntrica de Mar del Plata y fue identificado","author":"Alejandro Sosa Ruda","date":"24 enero, 2026","format":false,"excerpt":"Se trata de un joven de 27 a\u00f1os. El cuerpo apareci\u00f3 durante la madrugada en la playa Bristol y la Justicia investiga las causas de la muerte. 24 de enero de 2026 MAR DEL PLATA -\u00a0 \u00a0 El avance de la investigaci\u00f3n permiti\u00f3 identificar al hombre cuyo cuerpo fue hallado\u2026","rel":"","context":"En \u00abPOLICIALES\u00bb","block_context":{"text":"POLICIALES","link":"https:\/\/larevistadigital.com.ar\/blog\/category\/policiales\/"},"img":{"alt_text":"","src":"https:\/\/i0.wp.com\/larevistadigital.com.ar\/blog\/wp-content\/uploads\/Captura-de-pantalla-2026-01-24-132009.jpg?fit=792%2C334&ssl=1&resize=350%2C200","width":350,"height":200,"srcset":"https:\/\/i0.wp.com\/larevistadigital.com.ar\/blog\/wp-content\/uploads\/Captura-de-pantalla-2026-01-24-132009.jpg?fit=792%2C334&ssl=1&resize=350%2C200 1x, https:\/\/i0.wp.com\/larevistadigital.com.ar\/blog\/wp-content\/uploads\/Captura-de-pantalla-2026-01-24-132009.jpg?fit=792%2C334&ssl=1&resize=525%2C300 1.5x, https:\/\/i0.wp.com\/larevistadigital.com.ar\/blog\/wp-content\/uploads\/Captura-de-pantalla-2026-01-24-132009.jpg?fit=792%2C334&ssl=1&resize=700%2C400 2x"},"classes":[]},{"id":37700,"url":"https:\/\/larevistadigital.com.ar\/blog\/estudiante-tandilense-desaparecido-desde-el-13-de-octubre-fue-hallado-sin-vida\/","url_meta":{"origin":44433,"position":5},"title":"Estudiante tandilense desaparecido desde el 13 de octubre fue hallado sin vida","author":"Alejandro Sosa Ruda","date":"1 noviembre, 2024","format":false,"excerpt":"El estudiante de Tandil, quien estaba desaparecido desde el pasado 13 de octubre, fue identificado este martes por sus familiares. Su cuerpo fue encontrado hace algunos d\u00edas en las aguas del Riachuelo, en La Boca. 31 de Octubre de 2024 Este martes se confirm\u00f3 que el cad\u00e1ver recuperado en el\u2026","rel":"","context":"En \u00abPOLICIALES\u00bb","block_context":{"text":"POLICIALES","link":"https:\/\/larevistadigital.com.ar\/blog\/category\/policiales\/"},"img":{"alt_text":"","src":"https:\/\/i0.wp.com\/larevistadigital.com.ar\/blog\/wp-content\/uploads\/20241031162303_estudiante-tandilense-desaparecido.jpg?fit=880%2C512&ssl=1&resize=350%2C200","width":350,"height":200,"srcset":"https:\/\/i0.wp.com\/larevistadigital.com.ar\/blog\/wp-content\/uploads\/20241031162303_estudiante-tandilense-desaparecido.jpg?fit=880%2C512&ssl=1&resize=350%2C200 1x, https:\/\/i0.wp.com\/larevistadigital.com.ar\/blog\/wp-content\/uploads\/20241031162303_estudiante-tandilense-desaparecido.jpg?fit=880%2C512&ssl=1&resize=525%2C300 1.5x, https:\/\/i0.wp.com\/larevistadigital.com.ar\/blog\/wp-content\/uploads\/20241031162303_estudiante-tandilense-desaparecido.jpg?fit=880%2C512&ssl=1&resize=700%2C400 2x"},"classes":[]}],"_links":{"self":[{"href":"https:\/\/larevistadigital.com.ar\/blog\/wp-json\/wp\/v2\/posts\/44433","targetHints":{"allow":["GET"]}}],"collection":[{"href":"https:\/\/larevistadigital.com.ar\/blog\/wp-json\/wp\/v2\/posts"}],"about":[{"href":"https:\/\/larevistadigital.com.ar\/blog\/wp-json\/wp\/v2\/types\/post"}],"author":[{"embeddable":true,"href":"https:\/\/larevistadigital.com.ar\/blog\/wp-json\/wp\/v2\/users\/3"}],"replies":[{"embeddable":true,"href":"https:\/\/larevistadigital.com.ar\/blog\/wp-json\/wp\/v2\/comments?post=44433"}],"version-history":[{"count":3,"href":"https:\/\/larevistadigital.com.ar\/blog\/wp-json\/wp\/v2\/posts\/44433\/revisions"}],"predecessor-version":[{"id":44437,"href":"https:\/\/larevistadigital.com.ar\/blog\/wp-json\/wp\/v2\/posts\/44433\/revisions\/44437"}],"wp:featuredmedia":[{"embeddable":true,"href":"https:\/\/larevistadigital.com.ar\/blog\/wp-json\/wp\/v2\/media\/44434"}],"wp:attachment":[{"href":"https:\/\/larevistadigital.com.ar\/blog\/wp-json\/wp\/v2\/media?parent=44433"}],"wp:term":[{"taxonomy":"category","embeddable":true,"href":"https:\/\/larevistadigital.com.ar\/blog\/wp-json\/wp\/v2\/categories?post=44433"},{"taxonomy":"post_tag","embeddable":true,"href":"https:\/\/larevistadigital.com.ar\/blog\/wp-json\/wp\/v2\/tags?post=44433"}],"curies":[{"name":"wp","href":"https:\/\/api.w.org\/{rel}","templated":true}]}}