{"id":44438,"date":"2026-03-10T20:08:43","date_gmt":"2026-03-10T23:08:43","guid":{"rendered":"https:\/\/larevistadigital.com.ar\/blog\/?p=44438"},"modified":"2026-03-10T20:13:43","modified_gmt":"2026-03-10T23:13:43","slug":"violento-episodio-durante-el-upd-en-necochea-un-joven-fue-apunalado-en-plena-calle","status":"publish","type":"post","link":"https:\/\/larevistadigital.com.ar\/blog\/violento-episodio-durante-el-upd-en-necochea-un-joven-fue-apunalado-en-plena-calle\/","title":{"rendered":"Violento episodio durante el UPD en Necochea: un joven fue apu\u00f1alado en plena calle"},"content":{"rendered":"<div class=\"flex flex-col text-sm pb-25\">\n<article class=\"text-token-text-primary w-full focus:outline-none [--shadow-height:45px] has-data-writing-block:pointer-events-none has-data-writing-block:-mt-(--shadow-height) has-data-writing-block:pt-(--shadow-height) [&amp;:has([data-writing-block])&gt;*]:pointer-events-auto scroll-mt-[calc(var(--header-height)+min(200px,max(70px,20svh)))]\" dir=\"auto\" data-turn-id=\"request-699e3443-eb78-8333-9b31-4ecb9f447d7a-2\" data-testid=\"conversation-turn-90\" data-scroll-anchor=\"true\" data-turn=\"assistant\">\n<div class=\"text-base my-auto mx-auto pb-10 [--thread-content-margin:var(--thread-content-margin-xs,calc(var(--spacing)*4))] @w-sm\/main:[--thread-content-margin:var(--thread-content-margin-sm,calc(var(--spacing)*6))] @w-lg\/main:[--thread-content-margin:var(--thread-content-margin-lg,calc(var(--spacing)*16))] px-(--thread-content-margin)\">\n<div class=\"[--thread-content-max-width:40rem] @w-lg\/main:[--thread-content-max-width:48rem] mx-auto max-w-(--thread-content-max-width) flex-1 group\/turn-messages focus-visible:outline-hidden relative flex w-full min-w-0 flex-col agent-turn\">\n<div class=\"flex max-w-full flex-col gap-4 grow\">\n<div class=\"min-h-8 text-message relative flex w-full flex-col items-end gap-2 text-start break-words whitespace-normal [.text-message+&amp;]:mt-1\" dir=\"auto\" data-message-author-role=\"assistant\" data-message-id=\"43e5294e-fcdb-4d52-8bbf-56361351f384\" data-message-model-slug=\"gpt-5-3\">\n<div class=\"flex w-full flex-col gap-1 empty:hidden\">\n<div class=\"markdown prose dark:prose-invert w-full wrap-break-word light markdown-new-styling\">\n<p data-start=\"88\" data-end=\"247\"><strong data-start=\"88\" data-end=\"247\">El ataque ocurri\u00f3 en medio de los festejos del \u201c\u00daltimo Primer D\u00eda\u201d. La v\u00edctima sufri\u00f3 una herida en el muslo y un sospechoso fue detenido con una cuchilla.<\/strong><\/p>\n<p data-start=\"88\" data-end=\"247\">10 de marzo de 2026<\/p>\n<p data-start=\"249\" data-end=\"532\"><strong>NECOCHEA &#8211;\u00a0<\/strong> \u00a0La celebraci\u00f3n del <strong data-start=\"268\" data-end=\"309\"><span class=\"hover:entity-accent entity-underline inline cursor-pointer align-baseline\"><span class=\"whitespace-normal\">\u00daltimo Primer D\u00eda<\/span><\/span><\/strong> en <strong data-start=\"313\" data-end=\"354\"><span class=\"hover:entity-accent entity-underline inline cursor-pointer align-baseline\"><span class=\"whitespace-normal\">Necochea<\/span><\/span><\/strong> qued\u00f3 marcada por un hecho de violencia durante la madrugada de este lunes, cuando un joven fue <strong data-start=\"451\" data-end=\"485\">apu\u00f1alado en plena v\u00eda p\u00fablica<\/strong> y debi\u00f3 recibir asistencia m\u00e9dica de urgencia.<\/p>\n<blockquote>\n<h3 data-start=\"534\" data-end=\"654\">El episodio ocurri\u00f3 en la intersecci\u00f3n de <strong data-start=\"576\" data-end=\"600\">avenida 2 y calle 75<\/strong>, en medio de los festejos de estudiantes secundarios.<\/h3>\n<\/blockquote>\n<p data-start=\"656\" data-end=\"847\">La situaci\u00f3n fue advertida a partir de un <strong data-start=\"698\" data-end=\"716\">llamado al 911<\/strong>, lo que motiv\u00f3 un operativo en el que intervinieron efectivos policiales junto a personal de Tr\u00e1nsito, Transporte y Defensa Civil.<\/p>\n<h3 data-section-id=\"1h88hr3\" data-start=\"849\" data-end=\"878\"><span style=\"color: #ff0000\">La v\u00edctima y el operativo<\/span><\/h3>\n<p data-start=\"880\" data-end=\"1124\">Al llegar al lugar, las autoridades encontraron al joven <strong data-start=\"937\" data-end=\"986\">con una herida punzante en el muslo izquierdo<\/strong>. En ese momento se le practicaron <strong data-start=\"1021\" data-end=\"1047\">curaciones de urgencia<\/strong> hasta la llegada de la ambulancia que lo traslad\u00f3 para su evaluaci\u00f3n m\u00e9dica.<\/p>\n<p data-start=\"1126\" data-end=\"1337\">A partir de los testimonios de otros j\u00f3venes que participaban del festejo, personal del <strong data-start=\"1214\" data-end=\"1252\">Grupo de T\u00e1cticas Operativas (GTO)<\/strong> de la Comisar\u00eda Tercera inici\u00f3 un rastrillaje por la zona para localizar al agresor.<\/p>\n<h3 data-section-id=\"1qkojrr\" data-start=\"1339\" data-end=\"1368\"><span style=\"color: #ff0000\">Detenido con una cuchilla<\/span><\/h3>\n<p data-start=\"1370\" data-end=\"1503\">Minutos m\u00e1s tarde, agentes de Tr\u00e1nsito detectaron a un sospechoso en <strong data-start=\"1439\" data-end=\"1474\">avenida 59 entre calles 40 y 42<\/strong> y dieron aviso a la Polic\u00eda.<\/p>\n<p data-start=\"1505\" data-end=\"1701\">El joven fue finalmente interceptado cerca de las <strong data-start=\"1555\" data-end=\"1576\">6:30 de la ma\u00f1ana<\/strong> y durante el procedimiento los efectivos <strong data-start=\"1618\" data-end=\"1700\">secuestraron una cuchilla de aproximadamente 28 cent\u00edmetros con cabo de madera<\/strong>.<\/p>\n<blockquote>\n<h3 data-start=\"1703\" data-end=\"1909\">El sospechoso qued\u00f3 aprehendido e imputado por una presunta infracci\u00f3n al <strong data-start=\"1777\" data-end=\"1818\"><span class=\"hover:entity-accent entity-underline inline cursor-pointer align-baseline\"><span class=\"whitespace-normal\">Decreto Ley 8031\/73<\/span><\/span><\/strong>, que sanciona la <strong data-start=\"1836\" data-end=\"1908\">portaci\u00f3n de armas blancas en la v\u00eda p\u00fablica sin justificaci\u00f3n legal<\/strong>.<\/h3>\n<\/blockquote>\n<p data-start=\"1911\" data-end=\"2031\" data-is-last-node=\"\" data-is-only-node=\"\">El episodio volvi\u00f3 a encender las alarmas por la <strong data-start=\"1960\" data-end=\"2030\">seguridad durante los tradicionales festejos estudiantiles del UPD<\/strong>.<\/p>\n<\/div>\n<\/div>\n<\/div>\n<\/div>\n<div class=\"z-0 flex min-h-[46px] justify-start\">FUENTE E IMAGEN: Entrel\u00edneas.info<\/div>\n<div class=\"mt-3 w-full empty:hidden\">\n<div class=\"text-center\"><\/div>\n<\/div>\n<\/div>\n<\/div>\n<\/article>\n<\/div>\n<div class=\"pointer-events-none h-px w-px absolute bottom-0\" aria-hidden=\"true\" data-edge=\"true\"><\/div>\n","protected":false},"excerpt":{"rendered":"<div class=\"mh-excerpt\"><p>El ataque ocurri\u00f3 en medio de los festejos del \u201c\u00daltimo Primer D\u00eda\u201d. La v\u00edctima sufri\u00f3 una herida en el muslo y un sospechoso fue detenido con una cuchilla. 10 de marzo de 2026 NECOCHEA &#8211;\u00a0 <a class=\"mh-excerpt-more\" href=\"https:\/\/larevistadigital.com.ar\/blog\/violento-episodio-durante-el-upd-en-necochea-un-joven-fue-apunalado-en-plena-calle\/\" title=\"Violento episodio durante el UPD en Necochea: un joven fue apu\u00f1alado en plena calle\">[Leer M\u00e1s]<\/a><\/p>\n<\/div>","protected":false},"author":3,"featured_media":44439,"comment_status":"open","ping_status":"open","sticky":false,"template":"","format":"standard","meta":{"_jetpack_memberships_contains_paid_content":false,"footnotes":"","jetpack_publicize_message":"","jetpack_publicize_feature_enabled":true,"jetpack_social_post_already_shared":true,"jetpack_social_options":{"image_generator_settings":{"template":"highway","default_image_id":0,"font":"","enabled":false},"version":2}},"categories":[44,51],"tags":[],"class_list":{"0":"post-44438","1":"post","2":"type-post","3":"status-publish","4":"format-standard","5":"has-post-thumbnail","7":"category-policiales","8":"category-regionales"},"jetpack_publicize_connections":[],"jetpack_featured_media_url":"https:\/\/i0.wp.com\/larevistadigital.com.ar\/blog\/wp-content\/uploads\/792ced4dead932ac88be299ace583fe5f54a150a.jpg?fit=1140%2C633&ssl=1","jetpack_sharing_enabled":true,"jetpack_shortlink":"https:\/\/wp.me\/p8qtrQ-byK","jetpack-related-posts":[{"id":26910,"url":"https:\/\/larevistadigital.com.ar\/blog\/dolores-muere-un-joven-apunalado-por-su-vecino\/","url_meta":{"origin":44438,"position":0},"title":"DOLORES: MUERE UN J\u00d3VEN APU\u00d1ALADO POR SU VECINO","author":"Alejandro Sosa Ruda","date":"1 agosto, 2022","format":false,"excerpt":"La v\u00edctima ten\u00eda 23 a\u00f1os, y muri\u00f3 luego de que fuera trasladado al Hospital Municipal. DOLORES -\u00a0 Un hombre muri\u00f3 tras ser\u00a0apu\u00f1alado en\u00a0una pelea con un vecino que se gener\u00f3 en el Barrio \"Embarcadero\"\u00a0de la ciudad de Dolores. El hecho ocurri\u00f3 durante la noche del s\u00e1bado y si bien, el\u00a0herido\u2026","rel":"","context":"En \u00abDOLORES\u00bb","block_context":{"text":"DOLORES","link":"https:\/\/larevistadigital.com.ar\/blog\/category\/dolores\/"},"img":{"alt_text":"","src":"https:\/\/i0.wp.com\/larevistadigital.com.ar\/blog\/wp-content\/uploads\/73144f089b49837ea8d5d38df23886621ea58c4e.jpg?fit=1120%2C900&ssl=1&resize=350%2C200","width":350,"height":200,"srcset":"https:\/\/i0.wp.com\/larevistadigital.com.ar\/blog\/wp-content\/uploads\/73144f089b49837ea8d5d38df23886621ea58c4e.jpg?fit=1120%2C900&ssl=1&resize=350%2C200 1x, https:\/\/i0.wp.com\/larevistadigital.com.ar\/blog\/wp-content\/uploads\/73144f089b49837ea8d5d38df23886621ea58c4e.jpg?fit=1120%2C900&ssl=1&resize=525%2C300 1.5x, https:\/\/i0.wp.com\/larevistadigital.com.ar\/blog\/wp-content\/uploads\/73144f089b49837ea8d5d38df23886621ea58c4e.jpg?fit=1120%2C900&ssl=1&resize=700%2C400 2x, https:\/\/i0.wp.com\/larevistadigital.com.ar\/blog\/wp-content\/uploads\/73144f089b49837ea8d5d38df23886621ea58c4e.jpg?fit=1120%2C900&ssl=1&resize=1050%2C600 3x"},"classes":[]},{"id":41490,"url":"https:\/\/larevistadigital.com.ar\/blog\/violencia-familiar-en-cordoba-joven-aspirante-a-policia-fue-apunalado-por-su-padrastro\/","url_meta":{"origin":44438,"position":1},"title":"Violencia familiar en C\u00f3rdoba: joven aspirante a polic\u00eda fue apu\u00f1alado por su padrastro","author":"Alejandro Sosa Ruda","date":"16 septiembre, 2025","format":false,"excerpt":"Un estudiante de la Escuela de Suboficiales de la Polic\u00eda de C\u00f3rdoba, de 24 a\u00f1os, permanece internado tras ser herido con un arma blanca durante una discusi\u00f3n con su padrastro en Villa Sarmiento. El agresor, de 61 a\u00f1os, fue detenido minutos despu\u00e9s. 16 de septiembre de 2025 CORDOBA -\u00a0 \u00a0Un\u2026","rel":"","context":"En \u00abINTERES GENERAL\u00bb","block_context":{"text":"INTERES GENERAL","link":"https:\/\/larevistadigital.com.ar\/blog\/category\/interes-general\/"},"img":{"alt_text":"","src":"https:\/\/i0.wp.com\/larevistadigital.com.ar\/blog\/wp-content\/uploads\/1620734310362-1.jpg?fit=1200%2C594&ssl=1&resize=350%2C200","width":350,"height":200,"srcset":"https:\/\/i0.wp.com\/larevistadigital.com.ar\/blog\/wp-content\/uploads\/1620734310362-1.jpg?fit=1200%2C594&ssl=1&resize=350%2C200 1x, https:\/\/i0.wp.com\/larevistadigital.com.ar\/blog\/wp-content\/uploads\/1620734310362-1.jpg?fit=1200%2C594&ssl=1&resize=525%2C300 1.5x, https:\/\/i0.wp.com\/larevistadigital.com.ar\/blog\/wp-content\/uploads\/1620734310362-1.jpg?fit=1200%2C594&ssl=1&resize=700%2C400 2x, https:\/\/i0.wp.com\/larevistadigital.com.ar\/blog\/wp-content\/uploads\/1620734310362-1.jpg?fit=1200%2C594&ssl=1&resize=1050%2C600 3x"},"classes":[]},{"id":24750,"url":"https:\/\/larevistadigital.com.ar\/blog\/vecino-encontro-a-un-motociclista-muerto-en-plena-calle\/","url_meta":{"origin":44438,"position":2},"title":"VECINO ENCONTR\u00d3 A UN MOTOCICLISTA MUERTO EN PLENA CALLE","author":"Alejandro Sosa Ruda","date":"22 marzo, 2022","format":false,"excerpt":"El hecho ocurri\u00f3 durante la noche y constern\u00f3 a todo el barrio. \u00bfQu\u00e9 pas\u00f3? Un joven falleci\u00f3 anoche en City Bell tras accidentarse en 28 entre 470 y 471, City Bell.\u00a0 El personal policial de la\u00a0Comisaria 10\u00b0\u00a0de\u00a0City Bell\u00a0acudi\u00f3 tras un llamado del 911, donde denunciaban que\u00a0un hombre se hallaba tirado\u2026","rel":"","context":"En \u00abPOLICIALES\u00bb","block_context":{"text":"POLICIALES","link":"https:\/\/larevistadigital.com.ar\/blog\/category\/policiales\/"},"img":{"alt_text":"","src":"https:\/\/i0.wp.com\/larevistadigital.com.ar\/blog\/wp-content\/uploads\/WhatsApp-Image-2022-03-21-at-6.22.10-PM-800x400-1.jpeg?fit=800%2C400&ssl=1&resize=350%2C200","width":350,"height":200,"srcset":"https:\/\/i0.wp.com\/larevistadigital.com.ar\/blog\/wp-content\/uploads\/WhatsApp-Image-2022-03-21-at-6.22.10-PM-800x400-1.jpeg?fit=800%2C400&ssl=1&resize=350%2C200 1x, https:\/\/i0.wp.com\/larevistadigital.com.ar\/blog\/wp-content\/uploads\/WhatsApp-Image-2022-03-21-at-6.22.10-PM-800x400-1.jpeg?fit=800%2C400&ssl=1&resize=525%2C300 1.5x, https:\/\/i0.wp.com\/larevistadigital.com.ar\/blog\/wp-content\/uploads\/WhatsApp-Image-2022-03-21-at-6.22.10-PM-800x400-1.jpeg?fit=800%2C400&ssl=1&resize=700%2C400 2x"},"classes":[]},{"id":31194,"url":"https:\/\/larevistadigital.com.ar\/blog\/necochea-asaltaron-una-casa-de-cambio-en-el-microcentro\/","url_meta":{"origin":44438,"position":3},"title":"NECOCHEA: ASALTARON UNA CASA DE CAMBIO EN EL MICROCENTRO","author":"Alejandro Sosa Ruda","date":"23 abril, 2023","format":false,"excerpt":"El comercio atiende en horario bancario con el objetivo de brindar pr\u00e9stamos personales y cambio de moneda extranjera. No se difundi\u00f3 el monto robado. Las c\u00e1maras de seguridad de la financiera registraron el violento episodio y su material fue entregado a las autoridades policiales encargadas de la investigaci\u00f3n. 23 de\u2026","rel":"","context":"En \u00abPOLICIALES\u00bb","block_context":{"text":"POLICIALES","link":"https:\/\/larevistadigital.com.ar\/blog\/category\/policiales\/"},"img":{"alt_text":"","src":"https:\/\/i0.wp.com\/larevistadigital.com.ar\/blog\/wp-content\/uploads\/20230422171708_suma.jpg?fit=880%2C512&ssl=1&resize=350%2C200","width":350,"height":200,"srcset":"https:\/\/i0.wp.com\/larevistadigital.com.ar\/blog\/wp-content\/uploads\/20230422171708_suma.jpg?fit=880%2C512&ssl=1&resize=350%2C200 1x, https:\/\/i0.wp.com\/larevistadigital.com.ar\/blog\/wp-content\/uploads\/20230422171708_suma.jpg?fit=880%2C512&ssl=1&resize=525%2C300 1.5x, https:\/\/i0.wp.com\/larevistadigital.com.ar\/blog\/wp-content\/uploads\/20230422171708_suma.jpg?fit=880%2C512&ssl=1&resize=700%2C400 2x"},"classes":[]},{"id":41320,"url":"https:\/\/larevistadigital.com.ar\/blog\/polemico-accionar-de-la-utoi-obligaron-a-un-joven-a-hacer-flexiones-en-plena-calle\/","url_meta":{"origin":44438,"position":4},"title":"Pol\u00e9mico accionar de la UTOI: obligaron a un joven a hacer flexiones en plena calle","author":"Alejandro Sosa Ruda","date":"5 septiembre, 2025","format":false,"excerpt":"Lo pararon en el marco de un control preventivo de la Unidad T\u00e1ctica de Operaciones Inmediatas (UTOI), y le exigieron que hiciera ese ejercicio, mientras le pegaban en los pies. La situaci\u00f3n fue grabada por vecinos, que difundieron indignados lo ocurrido. 05 de septiembre de 2025 SAN PEDRO -\u00a0 Un\u2026","rel":"","context":"En \u00abPOLICIALES\u00bb","block_context":{"text":"POLICIALES","link":"https:\/\/larevistadigital.com.ar\/blog\/category\/policiales\/"},"img":{"alt_text":"","src":"https:\/\/i0.wp.com\/larevistadigital.com.ar\/blog\/wp-content\/uploads\/20250905122017_intervencion-de-utoi-san-pedro.jpg?fit=880%2C512&ssl=1&resize=350%2C200","width":350,"height":200,"srcset":"https:\/\/i0.wp.com\/larevistadigital.com.ar\/blog\/wp-content\/uploads\/20250905122017_intervencion-de-utoi-san-pedro.jpg?fit=880%2C512&ssl=1&resize=350%2C200 1x, https:\/\/i0.wp.com\/larevistadigital.com.ar\/blog\/wp-content\/uploads\/20250905122017_intervencion-de-utoi-san-pedro.jpg?fit=880%2C512&ssl=1&resize=525%2C300 1.5x, https:\/\/i0.wp.com\/larevistadigital.com.ar\/blog\/wp-content\/uploads\/20250905122017_intervencion-de-utoi-san-pedro.jpg?fit=880%2C512&ssl=1&resize=700%2C400 2x"},"classes":[]},{"id":16464,"url":"https:\/\/larevistadigital.com.ar\/blog\/la-plata-video-violento-robo-en-patota-a-un-joven\/","url_meta":{"origin":44438,"position":5},"title":"LA PLATA: [VIDEO] VIOLENTO ROBO EN PATOTA A UN JOVEN","author":"Alejandro Sosa Ruda","date":"22 septiembre, 2020","format":false,"excerpt":"Ocurri\u00f3 durante las \u00faltimas horas en el barrio El Mondongo. Actuaron al menos cuatro ladrones que lo interceptaron para llevarse sus pertenencias. Un vecino de\u00a0La Plata\u00a0sufri\u00f3 un violento robo durante las \u00faltimas horas,\u00a0luego de ser sorprendido por un grupo de delincuentes mientras caminaba por el barrio El Mondongo. La secuencia,\u2026","rel":"","context":"En \u00abPOLICIALES\u00bb","block_context":{"text":"POLICIALES","link":"https:\/\/larevistadigital.com.ar\/blog\/category\/policiales\/"},"img":{"alt_text":"","src":"https:\/\/i0.wp.com\/larevistadigital.com.ar\/blog\/wp-content\/uploads\/ROBO-EN-PATOTA.jpg?fit=1000%2C835&ssl=1&resize=350%2C200","width":350,"height":200,"srcset":"https:\/\/i0.wp.com\/larevistadigital.com.ar\/blog\/wp-content\/uploads\/ROBO-EN-PATOTA.jpg?fit=1000%2C835&ssl=1&resize=350%2C200 1x, https:\/\/i0.wp.com\/larevistadigital.com.ar\/blog\/wp-content\/uploads\/ROBO-EN-PATOTA.jpg?fit=1000%2C835&ssl=1&resize=525%2C300 1.5x, https:\/\/i0.wp.com\/larevistadigital.com.ar\/blog\/wp-content\/uploads\/ROBO-EN-PATOTA.jpg?fit=1000%2C835&ssl=1&resize=700%2C400 2x"},"classes":[]}],"_links":{"self":[{"href":"https:\/\/larevistadigital.com.ar\/blog\/wp-json\/wp\/v2\/posts\/44438","targetHints":{"allow":["GET"]}}],"collection":[{"href":"https:\/\/larevistadigital.com.ar\/blog\/wp-json\/wp\/v2\/posts"}],"about":[{"href":"https:\/\/larevistadigital.com.ar\/blog\/wp-json\/wp\/v2\/types\/post"}],"author":[{"embeddable":true,"href":"https:\/\/larevistadigital.com.ar\/blog\/wp-json\/wp\/v2\/users\/3"}],"replies":[{"embeddable":true,"href":"https:\/\/larevistadigital.com.ar\/blog\/wp-json\/wp\/v2\/comments?post=44438"}],"version-history":[{"count":2,"href":"https:\/\/larevistadigital.com.ar\/blog\/wp-json\/wp\/v2\/posts\/44438\/revisions"}],"predecessor-version":[{"id":44441,"href":"https:\/\/larevistadigital.com.ar\/blog\/wp-json\/wp\/v2\/posts\/44438\/revisions\/44441"}],"wp:featuredmedia":[{"embeddable":true,"href":"https:\/\/larevistadigital.com.ar\/blog\/wp-json\/wp\/v2\/media\/44439"}],"wp:attachment":[{"href":"https:\/\/larevistadigital.com.ar\/blog\/wp-json\/wp\/v2\/media?parent=44438"}],"wp:term":[{"taxonomy":"category","embeddable":true,"href":"https:\/\/larevistadigital.com.ar\/blog\/wp-json\/wp\/v2\/categories?post=44438"},{"taxonomy":"post_tag","embeddable":true,"href":"https:\/\/larevistadigital.com.ar\/blog\/wp-json\/wp\/v2\/tags?post=44438"}],"curies":[{"name":"wp","href":"https:\/\/api.w.org\/{rel}","templated":true}]}}