{"id":44442,"date":"2026-03-10T20:22:56","date_gmt":"2026-03-10T23:22:56","guid":{"rendered":"https:\/\/larevistadigital.com.ar\/blog\/?p=44442"},"modified":"2026-03-10T20:22:56","modified_gmt":"2026-03-10T23:22:56","slug":"jornada-record-en-ezeiza-kicillof-inauguro-seis-edificios-educativos-en-un-mismo-dia","status":"publish","type":"post","link":"https:\/\/larevistadigital.com.ar\/blog\/jornada-record-en-ezeiza-kicillof-inauguro-seis-edificios-educativos-en-un-mismo-dia\/","title":{"rendered":"Jornada r\u00e9cord: En Ezeiza, Kicillof inaugur\u00f3 seis edificios educativos en un mismo d\u00eda"},"content":{"rendered":"<h3 class=\"arial ctext fz16 lh22\">El gobernador bonaerense present\u00f3 diferentes edificios p\u00fablicos que tienen como objetivo beneficiar a m\u00e1s de 3.800 alumnos y alumnas de nivel secundario del distrito.<\/h3>\n<p>10 de marzo de 2026<\/p>\n<p>El gobernador de la\u00a0<strong>provincia de Buenos Aires<\/strong>,\u00a0<strong>Axel Kicillof<\/strong>, encabez\u00f3 este martes una jornada r\u00e9cord de inauguraciones en\u00a0<strong>Ezeiza<\/strong>, donde puso en funcionamiento seis nuevos edificios educativos que beneficiar\u00e1n a m\u00e1s de\u00a0<strong>3.800 estudiantes<\/strong>\u00a0del\u00a0<strong>nivel secundario<\/strong>. Fue junto a la directora general de\u00a0<strong>Cultura y Educaci\u00f3n<\/strong>,\u00a0<strong>Flavia Terigi<\/strong>; y el intendente local,\u00a0<strong>Gast\u00f3n Granados<\/strong>.<\/p>\n<p>En ese marco,\u00a0<strong>Kicillof\u00a0<\/strong>afirm\u00f3: \u201cHoy es un d\u00eda hist\u00f3rico para la\u00a0<strong>provincia de Buenos Aires<\/strong>: recorrimos e inauguramos seis nuevas escuelas que van a mejorar los procesos de aprendizaje de miles de pibes y pibas de\u00a0<strong>Ezeiza<\/strong>. Estamos alcanzando un verdadero r\u00e9cord en materia de\u00a0<strong>infraestructura educativa<\/strong>, y lo hacemos a pesar de un\u00a0<strong>Gobierno nacional<\/strong>\u00a0que paraliz\u00f3 la construcci\u00f3n de 80 edificios escolares en nuestro territorio\u201d.<\/p>\n<p><em><strong>\u201cEl\u00a0Presidente\u00a0busca instalar la mentira de que la libertad consiste en que cada uno pueda comprarse lo que quiera: parece una frase atractiva, pero es terriblemente cruel en una sociedad donde la mayor\u00eda no cuenta con los recursos necesarios\u201d<\/strong><\/em>, sostuvo el\u00a0<strong>Gobernador\u00a0<\/strong>y agreg\u00f3: <em><strong>\u201cFrente a ese modelo que excluye, nosotros respondemos con un\u00a0Estado presente, que se esfuerza el doble para terminar las obras que garantizan\u00a0dignidad e igualdad de oportunidades\u201d.<\/strong><\/em><\/p>\n<p>La inversi\u00f3n total por la\u00a0<strong>infraestructura\u00a0<\/strong>inaugurada en el distrito alcanza los\u00a0<strong>$14.769 millones<\/strong>. Incluye la nueva\u00a0<strong>Escuela Secundaria Especializada<\/strong>\u00a0en\u00a0<strong>Arte N\u00ba1<\/strong>\u00a0-la primera en el municipio- y el edificio para la\u00a0<strong>Escuela Secundaria N\u00ba16<\/strong>, que cuenta con una matr\u00edcula de\u00a0<strong>1.387 estudiantes<\/strong>. Ambas obras fueron retomadas por la\u00a0<strong>Provincia\u00a0<\/strong>tras haber sido paralizadas por el\u00a0<strong>Gobierno nacional<\/strong>.<\/p>\n<p>Por su parte,\u00a0<strong>Terigi\u00a0<\/strong>sostuvo: \u201cPara que estas obras se concreten fue imprescindible la\u00a0<strong>decisi\u00f3n pol\u00edtica<\/strong>\u00a0y el compromiso con la educaci\u00f3n p\u00fablica de la\u00a0<strong>Provincia<\/strong>: estas nuevas instituciones no son solo edificios, son espacios donde se crean oportunidades y se construyen proyectos de futuro\u201d. <em><strong>\u201cDesde el\u00a0Gobierno bonaerense\u00a0vamos a seguir trabajando para que todos nuestros j\u00f3venes tengan la posibilidad de acceder a una\u00a0educaci\u00f3n de calidad\u00bb<\/strong><\/em>, a\u00f1adi\u00f3.<\/p>\n<p>Adem\u00e1s, se inauguraron la nueva\u00a0<strong>Escuela T\u00e9cnica N\u00ba2<\/strong>\u00a0de\u00a0<strong>Trist\u00e1n Su\u00e1rez<\/strong>\u00a0y los edificios para las\u00a0<strong>secundarias N\u00ba11<\/strong>\u00a0del barrio\u00a0<strong>Santa Marta<\/strong>\u00a0y\u00a0<strong>N\u00ba14 de Carlos Spegazzini<\/strong>. En tanto, el\u00a0<strong>Gobernador\u00a0<\/strong>puso en funcionamiento la obra de ampliaci\u00f3n de la\u00a0<strong>Escuela Secundaria N\u00b09<\/strong>, donde se incorporaron ocho aulas y un SUM, y suscribi\u00f3 un convenio para impulsar la creaci\u00f3n de un Centro<strong>\u00a0de Formaci\u00f3n Profesional<\/strong>\u00a0Integral en el distrito.<\/p>\n<blockquote><p><strong><em>\u201cLas inauguraciones de hoy son una demostraci\u00f3n de que para nosotros la educaci\u00f3n p\u00fablica es una prioridad: gracias al trabajo conjunto desde que se inici\u00f3 la gesti\u00f3n del\u00a0Gobierno provincial,\u00a0Ezeiza\u00a0tiene\u00a018 nuevas escuelas\u00a0para mejorar las condiciones de aprendizaje de los pibes y pibas\u201d<\/em><\/strong>, subray\u00f3\u00a0<strong>Granados<\/strong>.<\/p><\/blockquote>\n<p>Por \u00faltimo,\u00a0<strong>Kicillof\u00a0<\/strong>subray\u00f3: <strong><em>\u201cCada obra de infraestructura escolar paralizada por el\u00a0Gobierno nacional\u00a0representa esperanzas y sue\u00f1os truncos. Por eso, en la\u00a0Provincia\u00a0tenemos una mirada totalmente diferente: la educaci\u00f3n de los y las\u00a0bonaerenses\u00a0no es un negocio ni una mercanc\u00eda, es una necesidad y, por lo tanto, un derecho que debe alcanzar a todos y todas\u201d.<\/em><\/strong><\/p>\n<blockquote>\n<h3>Durante la jornada, con la presencia del ministro de\u00a0<strong>Seguridad<\/strong>,\u00a0<strong>Javier Alonso<\/strong>, se firm\u00f3 un convenio de cooperaci\u00f3n con el municipio y la\u00a0<strong>Universidad Provincial<\/strong>\u00a0<strong>de Ezeiza<\/strong>\u00a0para la formaci\u00f3n profesional del cuerpo de agentes de\u00a0<strong>seguridad municipal<\/strong>.<\/h3>\n<\/blockquote>\n<p>Estuvieron presentes la subsecretaria de\u00a0<strong>Educaci\u00f3n<\/strong>,\u00a0<strong>Claudia Bracchi<\/strong>, y su par de\u00a0<strong>Infraestructura Escolar<\/strong>,\u00a0<strong>Ariel Lambezat<\/strong>; la secretaria de\u00a0<strong>Cultura municipal<\/strong>,\u00a0<strong>Dulce Granados<\/strong>; el secretario de\u00a0<strong>Educaci\u00f3n local<\/strong>,\u00a0<strong>Mario Calvella<\/strong>; el presidente del\u00a0<strong>Honorable Concejo Deliberante<\/strong>,\u00a0<strong>Fernando Amarilla<\/strong>; directores y directoras de los\u00a0<strong>establecimientos educativos<\/strong>.<\/p>\n","protected":false},"excerpt":{"rendered":"<div class=\"mh-excerpt\"><p>El gobernador bonaerense present\u00f3 diferentes edificios p\u00fablicos que tienen como objetivo beneficiar a m\u00e1s de 3.800 alumnos y alumnas de nivel secundario del distrito. 10 de marzo de 2026 El gobernador de la\u00a0provincia de Buenos <a class=\"mh-excerpt-more\" href=\"https:\/\/larevistadigital.com.ar\/blog\/jornada-record-en-ezeiza-kicillof-inauguro-seis-edificios-educativos-en-un-mismo-dia\/\" title=\"Jornada r\u00e9cord: En Ezeiza, Kicillof inaugur\u00f3 seis edificios educativos en un mismo d\u00eda\">[Leer M\u00e1s]<\/a><\/p>\n<\/div>","protected":false},"author":3,"featured_media":44443,"comment_status":"open","ping_status":"open","sticky":false,"template":"","format":"standard","meta":{"_jetpack_memberships_contains_paid_content":false,"footnotes":"","jetpack_publicize_message":"","jetpack_publicize_feature_enabled":true,"jetpack_social_post_already_shared":true,"jetpack_social_options":{"image_generator_settings":{"template":"highway","default_image_id":0,"font":"","enabled":false},"version":2}},"categories":[24,51],"tags":[],"class_list":{"0":"post-44442","1":"post","2":"type-post","3":"status-publish","4":"format-standard","5":"has-post-thumbnail","7":"category-politica-provincial","8":"category-regionales"},"jetpack_publicize_connections":[],"jetpack_featured_media_url":"https:\/\/i0.wp.com\/larevistadigital.com.ar\/blog\/wp-content\/uploads\/Captura-de-pantalla-2026-03-10-201934.jpg?fit=795%2C456&ssl=1","jetpack_sharing_enabled":true,"jetpack_shortlink":"https:\/\/wp.me\/p8qtrQ-byO","jetpack-related-posts":[{"id":39164,"url":"https:\/\/larevistadigital.com.ar\/blog\/kicillof-inauguro-el-edificio-educativo-n-250-en-cinco-anos-de-gestion\/","url_meta":{"origin":44442,"position":0},"title":"Kicillof inaugur\u00f3 el edificio educativo N\u00b0 250 en cinco a\u00f1os de gesti\u00f3n","author":"Alejandro Sosa Ruda","date":"27 marzo, 2025","format":false,"excerpt":"El gobernador de la provincia de Buenos Aires, Axel Kicillof, encabez\u00f3 la inauguraci\u00f3n del edificio educativo N\u00b0 250 construido durante su gesti\u00f3n. La ceremonia se llev\u00f3 a cabo en las nuevas instalaciones de la Escuela Secundaria N\u00b0 9 de Ezeiza, junto al director general de Cultura y Educaci\u00f3n, Alberto Sileoni;\u2026","rel":"","context":"En \u00abINTERES GENERAL\u00bb","block_context":{"text":"INTERES GENERAL","link":"https:\/\/larevistadigital.com.ar\/blog\/category\/interes-general\/"},"img":{"alt_text":"","src":"https:\/\/i0.wp.com\/larevistadigital.com.ar\/blog\/wp-content\/uploads\/20250327195419_kicillof-inauguracion-escuela-ezeiza.jpg?fit=880%2C512&ssl=1&resize=350%2C200","width":350,"height":200,"srcset":"https:\/\/i0.wp.com\/larevistadigital.com.ar\/blog\/wp-content\/uploads\/20250327195419_kicillof-inauguracion-escuela-ezeiza.jpg?fit=880%2C512&ssl=1&resize=350%2C200 1x, https:\/\/i0.wp.com\/larevistadigital.com.ar\/blog\/wp-content\/uploads\/20250327195419_kicillof-inauguracion-escuela-ezeiza.jpg?fit=880%2C512&ssl=1&resize=525%2C300 1.5x, https:\/\/i0.wp.com\/larevistadigital.com.ar\/blog\/wp-content\/uploads\/20250327195419_kicillof-inauguracion-escuela-ezeiza.jpg?fit=880%2C512&ssl=1&resize=700%2C400 2x"},"classes":[]},{"id":39008,"url":"https:\/\/larevistadigital.com.ar\/blog\/la-provincia-de-buenos-aires-puso-en-funcionamiento-un-nuevo-edificio-escolar-en-san-andres-de-giles\/","url_meta":{"origin":44442,"position":1},"title":"La Provincia de Buenos Aires puso en funcionamiento un nuevo edificio escolar en San Andr\u00e9s de Giles","author":"Alejandro Sosa Ruda","date":"14 marzo, 2025","format":false,"excerpt":"Fue en un acto encabezado por el gobernador Axel Kicillof, quien adem\u00e1s entreg\u00f3 una ambulancia de alta complejidad para fortalecer la atenci\u00f3n en el distrito. 14 de Marzo de 2025 El gobernador de la provincia de Buenos Aires, Axel Kicillof, encabez\u00f3 este jueves el acto de inauguraci\u00f3n del nuevo edificio\u2026","rel":"","context":"En \u00abDESTACADAS\u00bb","block_context":{"text":"DESTACADAS","link":"https:\/\/larevistadigital.com.ar\/blog\/category\/destacadas\/"},"img":{"alt_text":"","src":"https:\/\/i0.wp.com\/larevistadigital.com.ar\/blog\/wp-content\/uploads\/77A26362.jpg?fit=743%2C530&ssl=1&resize=350%2C200","width":350,"height":200,"srcset":"https:\/\/i0.wp.com\/larevistadigital.com.ar\/blog\/wp-content\/uploads\/77A26362.jpg?fit=743%2C530&ssl=1&resize=350%2C200 1x, https:\/\/i0.wp.com\/larevistadigital.com.ar\/blog\/wp-content\/uploads\/77A26362.jpg?fit=743%2C530&ssl=1&resize=525%2C300 1.5x, https:\/\/i0.wp.com\/larevistadigital.com.ar\/blog\/wp-content\/uploads\/77A26362.jpg?fit=743%2C530&ssl=1&resize=700%2C400 2x"},"classes":[]},{"id":34736,"url":"https:\/\/larevistadigital.com.ar\/blog\/el-gobernador-kicillof-da-un-paso-al-frente-por-la-coparticipacion-en-la-provincia-de-buenos-aires\/","url_meta":{"origin":44442,"position":2},"title":"EL GOBERNADOR KICILLOF DA UN PASO AL FRENTE POR LA COPARTICIPACI\u00d3N EN LA PROVINCIA DE BUENOS AIRES","author":"Alejandro Sosa Ruda","date":"4 diciembre, 2023","format":false,"excerpt":"El Gobernador de la Provincia de Buenos Aires, Axel Kicillof advirti\u00f3 el d\u00eda de hoy que se pondr\u00e1 en \"pi\u00e9 de guerra\" por los recursos coparticipables de la provincia. A trav\u00e9s de una publicaci\u00f3n en su cuenta de \"X\" (ex-Twitter), el mandatario asegur\u00f3 que \"va a continuar peleando por los\u2026","rel":"","context":"En \u00abPOLITICA\u00bb","block_context":{"text":"POLITICA","link":"https:\/\/larevistadigital.com.ar\/blog\/category\/politica\/"},"img":{"alt_text":"","src":"https:\/\/i0.wp.com\/larevistadigital.com.ar\/blog\/wp-content\/uploads\/1701645238273.jpg?fit=790%2C493&ssl=1&resize=350%2C200","width":350,"height":200,"srcset":"https:\/\/i0.wp.com\/larevistadigital.com.ar\/blog\/wp-content\/uploads\/1701645238273.jpg?fit=790%2C493&ssl=1&resize=350%2C200 1x, https:\/\/i0.wp.com\/larevistadigital.com.ar\/blog\/wp-content\/uploads\/1701645238273.jpg?fit=790%2C493&ssl=1&resize=525%2C300 1.5x, https:\/\/i0.wp.com\/larevistadigital.com.ar\/blog\/wp-content\/uploads\/1701645238273.jpg?fit=790%2C493&ssl=1&resize=700%2C400 2x"},"classes":[]},{"id":36851,"url":"https:\/\/larevistadigital.com.ar\/blog\/el-gobernador-kicillof-participo-de-la-apertura-del-10-congreso-mundial-de-educacion\/","url_meta":{"origin":44442,"position":3},"title":"EL GOBERNADOR KICILLOF, PARTICIP\u00d3 DE LA APERTURA DEL 10\u00b0 CONGRESO MUNDIAL DE EDUCACI\u00d3N","author":"Alejandro Sosa Ruda","date":"30 julio, 2024","format":false,"excerpt":"La jornada se desarroll\u00f3 en el Centro de Convenciones de la Ciudad Aut\u00f3noma de Buenos Aires. 30 de Julio de 2024 BUENOS AIRES\u00a0 -\u00a0 El gobernador de la provincia de Buenos Aires, Axel Kicillof, particip\u00f3 este lunes de la apertura del 10\u00b0 Congreso Mundial de la Internacional de Educaci\u00f3n (IE),\u2026","rel":"","context":"En \u00abDESTACADAS\u00bb","block_context":{"text":"DESTACADAS","link":"https:\/\/larevistadigital.com.ar\/blog\/category\/destacadas\/"},"img":{"alt_text":"","src":"https:\/\/i0.wp.com\/larevistadigital.com.ar\/blog\/wp-content\/uploads\/WhatsApp-Image-2024-07-29-at-12.52.07.jpeg?fit=743%2C530&ssl=1&resize=350%2C200","width":350,"height":200,"srcset":"https:\/\/i0.wp.com\/larevistadigital.com.ar\/blog\/wp-content\/uploads\/WhatsApp-Image-2024-07-29-at-12.52.07.jpeg?fit=743%2C530&ssl=1&resize=350%2C200 1x, https:\/\/i0.wp.com\/larevistadigital.com.ar\/blog\/wp-content\/uploads\/WhatsApp-Image-2024-07-29-at-12.52.07.jpeg?fit=743%2C530&ssl=1&resize=525%2C300 1.5x, https:\/\/i0.wp.com\/larevistadigital.com.ar\/blog\/wp-content\/uploads\/WhatsApp-Image-2024-07-29-at-12.52.07.jpeg?fit=743%2C530&ssl=1&resize=700%2C400 2x"},"classes":[]},{"id":44078,"url":"https:\/\/larevistadigital.com.ar\/blog\/mas-de-un-millon-de-estudiantes-comenzaron-el-periodo-de-intensificacion-de-ensenanza-en-la-provincia\/","url_meta":{"origin":44442,"position":4},"title":"M\u00e1s de un mill\u00f3n de estudiantes comenzaron el Per\u00edodo de Intensificaci\u00f3n de Ense\u00f1anza en la Provincia","author":"Alejandro Sosa Ruda","date":"20 febrero, 2026","format":false,"excerpt":"El gobernador de la provincia de Buenos Aires, Axel Kicillof, particip\u00f3 este viernes de una jornada del Per\u00edodo de Intensificaci\u00f3n de Ense\u00f1anza, durante el cual m\u00e1s de un mill\u00f3n de estudiantes bonaerenses reciben horas adicionales de contenidos educativos y acompa\u00f1amiento pedag\u00f3gico en toda la Provincia. Fue en la Escuela Secundaria\u2026","rel":"","context":"En \u00abPOLITICA PROVINCIAL\u00bb","block_context":{"text":"POLITICA PROVINCIAL","link":"https:\/\/larevistadigital.com.ar\/blog\/category\/politica\/politica-provincial\/"},"img":{"alt_text":"","src":"https:\/\/i0.wp.com\/larevistadigital.com.ar\/blog\/wp-content\/uploads\/AR12666.jpg-scaled.jpeg?fit=1200%2C800&ssl=1&resize=350%2C200","width":350,"height":200,"srcset":"https:\/\/i0.wp.com\/larevistadigital.com.ar\/blog\/wp-content\/uploads\/AR12666.jpg-scaled.jpeg?fit=1200%2C800&ssl=1&resize=350%2C200 1x, https:\/\/i0.wp.com\/larevistadigital.com.ar\/blog\/wp-content\/uploads\/AR12666.jpg-scaled.jpeg?fit=1200%2C800&ssl=1&resize=525%2C300 1.5x, https:\/\/i0.wp.com\/larevistadigital.com.ar\/blog\/wp-content\/uploads\/AR12666.jpg-scaled.jpeg?fit=1200%2C800&ssl=1&resize=700%2C400 2x, https:\/\/i0.wp.com\/larevistadigital.com.ar\/blog\/wp-content\/uploads\/AR12666.jpg-scaled.jpeg?fit=1200%2C800&ssl=1&resize=1050%2C600 3x"},"classes":[]},{"id":41401,"url":"https:\/\/larevistadigital.com.ar\/blog\/kicillof-tras-la-derrota-libertaria-milei-puso-todas-las-fichas-en-buenos-aires-y-perdio-en-mas-de-100-distritos\/","url_meta":{"origin":44442,"position":5},"title":"Kicillof tras la derrota libertaria: \u201cMilei puso todas las fichas en Buenos Aires y perdi\u00f3 en m\u00e1s de 100 distritos\u201d","author":"Alejandro Sosa Ruda","date":"10 septiembre, 2025","format":false,"excerpt":"El gobernador bonaerense celebr\u00f3 el triunfo del peronismo en las legislativas y calific\u00f3 la derrota de Javier Milei como un \u201csacud\u00f3n\u201d pol\u00edtico y econ\u00f3mico. Tambi\u00e9n apunt\u00f3 contra el FMI por el endeudamiento del pa\u00eds. 10 de Septiembre de 2025 BUENOS AIRES\u00a0 -\u00a0 \u00a0El gobernador de la provincia de Buenos Aires,\u2026","rel":"","context":"En \u00abINTERES GENERAL\u00bb","block_context":{"text":"INTERES GENERAL","link":"https:\/\/larevistadigital.com.ar\/blog\/category\/interes-general\/"},"img":{"alt_text":"","src":"https:\/\/i0.wp.com\/larevistadigital.com.ar\/blog\/wp-content\/uploads\/Captura-de-pantalla-2025-09-10-225347.jpg?fit=642%2C367&ssl=1&resize=350%2C200","width":350,"height":200,"srcset":"https:\/\/i0.wp.com\/larevistadigital.com.ar\/blog\/wp-content\/uploads\/Captura-de-pantalla-2025-09-10-225347.jpg?fit=642%2C367&ssl=1&resize=350%2C200 1x, https:\/\/i0.wp.com\/larevistadigital.com.ar\/blog\/wp-content\/uploads\/Captura-de-pantalla-2025-09-10-225347.jpg?fit=642%2C367&ssl=1&resize=525%2C300 1.5x"},"classes":[]}],"_links":{"self":[{"href":"https:\/\/larevistadigital.com.ar\/blog\/wp-json\/wp\/v2\/posts\/44442","targetHints":{"allow":["GET"]}}],"collection":[{"href":"https:\/\/larevistadigital.com.ar\/blog\/wp-json\/wp\/v2\/posts"}],"about":[{"href":"https:\/\/larevistadigital.com.ar\/blog\/wp-json\/wp\/v2\/types\/post"}],"author":[{"embeddable":true,"href":"https:\/\/larevistadigital.com.ar\/blog\/wp-json\/wp\/v2\/users\/3"}],"replies":[{"embeddable":true,"href":"https:\/\/larevistadigital.com.ar\/blog\/wp-json\/wp\/v2\/comments?post=44442"}],"version-history":[{"count":1,"href":"https:\/\/larevistadigital.com.ar\/blog\/wp-json\/wp\/v2\/posts\/44442\/revisions"}],"predecessor-version":[{"id":44444,"href":"https:\/\/larevistadigital.com.ar\/blog\/wp-json\/wp\/v2\/posts\/44442\/revisions\/44444"}],"wp:featuredmedia":[{"embeddable":true,"href":"https:\/\/larevistadigital.com.ar\/blog\/wp-json\/wp\/v2\/media\/44443"}],"wp:attachment":[{"href":"https:\/\/larevistadigital.com.ar\/blog\/wp-json\/wp\/v2\/media?parent=44442"}],"wp:term":[{"taxonomy":"category","embeddable":true,"href":"https:\/\/larevistadigital.com.ar\/blog\/wp-json\/wp\/v2\/categories?post=44442"},{"taxonomy":"post_tag","embeddable":true,"href":"https:\/\/larevistadigital.com.ar\/blog\/wp-json\/wp\/v2\/tags?post=44442"}],"curies":[{"name":"wp","href":"https:\/\/api.w.org\/{rel}","templated":true}]}}