{"id":44445,"date":"2026-03-10T20:34:30","date_gmt":"2026-03-10T23:34:30","guid":{"rendered":"https:\/\/larevistadigital.com.ar\/blog\/?p=44445"},"modified":"2026-03-10T20:34:30","modified_gmt":"2026-03-10T23:34:30","slug":"kicillof-participo-de-la-cena-de-expoagro-2026","status":"publish","type":"post","link":"https:\/\/larevistadigital.com.ar\/blog\/kicillof-participo-de-la-cena-de-expoagro-2026\/","title":{"rendered":"Kicillof particip\u00f3 de la cena de Expoagro 2026"},"content":{"rendered":"<p>El gobernador de la provincia de Buenos Aires, <strong>Axel Kicillof<\/strong>, particip\u00f3 este lunes en San Nicol\u00e1s de la cena de inauguraci\u00f3n de la 20\u00b0 edici\u00f3n de Expoagro, la mayor muestra agroindustrial a cielo abierto de la regi\u00f3n. Fue en el Hotel Colonial, junto a los ministros de Gobierno, <strong>Carlos Bianco<\/strong>; de Desarrollo Agrario, <strong>Javier Rodr\u00edguez<\/strong>; \u00a0de Producci\u00f3n, Ciencia e Innovaci\u00f3n Tecnol\u00f3gica,<strong> Augusto Costa<\/strong>; y de Seguridad, <strong>Javier Alonso<\/strong>; y el presidente del Banco Provincia, <strong>Juan Cuattromo<\/strong>.<\/p>\n<p>El evento reunir\u00e1 a productores, empresas y entidades financieras en rondas de negocios y exposiciones que dar\u00e1n cuenta de las \u00faltimas tendencias sobre maquinaria agr\u00edcola, insumos, servicios y ganader\u00eda. Durante la exposici\u00f3n, el Gobierno bonaerense desplegar\u00e1 un fuerte acompa\u00f1amiento al sector productivo mediante la participaci\u00f3n activa del Ministerio de Desarrollo Agrario y el Banco Provincia.<\/p>\n<p><em><strong>\u201cHemos venido a dialogar y a escuchar las inquietudes de todos los actores que forman parte de una provincia de Buenos Aires que es l\u00edder en la producci\u00f3n de los cinco cultivos m\u00e1s importantes\u201d<\/strong><\/em>, expres\u00f3 <strong>Kicillof<\/strong> y agreg\u00f3:<strong><em> \u201cNuestro Gobierno impulsa pol\u00edticas para acompa\u00f1ar al sector desde el primer momento y contin\u00faa haci\u00e9ndolo en estos momentos tan complejos: se trata de promover el trabajo y de facilitar a quienes producen el acceso a maquinaria y mejor tecnolog\u00eda\u201d<\/em><\/strong>.<\/p>\n<p>La banca p\u00fablica contar\u00e1 con un stand donde se ofrecer\u00e1n distintas l\u00edneas de cr\u00e9ditos para la adquisici\u00f3n de bienes de capital y de maquinaria agr\u00edcola. Entre otras, se destacan la l\u00ednea MAGRIBA para inversiones orientadas a reducir la huella de carbono y la plataforma PROCAMPO DIGITAL, que brindar\u00e1 la posibilidad de realizar operaciones en d\u00f3lares con beneficios exclusivos para los primeros clientes.<\/p>\n<p>Por su parte, en el stand del Ministerio de Desarrollo Agrario se realizar\u00e1n charlas informativas sobre las pol\u00edticas p\u00fablicas que se llevan adelante en la Provincia y se difundir\u00e1n productos regionales y el calendario de fiestas productivas destinadas a impulsar el arraigo local.<\/p>\n<p>Estuvieron presentes tambi\u00e9n el asesor general de Gobierno, Santiago P\u00e9rez Teruel; el subsecretario de Articulaci\u00f3n Institucional para la Seguridad, Eduardo Aparicio; el intendente local, Santiago Passaglia; los directores del Banco Provincia Javier Osuna, Alejandro Formento y Sergio Bordoni; y la s\u00edndica de la instituci\u00f3n, Laura Gonz\u00e1lez; y el CEO de Exponenciar, Martin Schvartzman.<\/p>\n","protected":false},"excerpt":{"rendered":"<div class=\"mh-excerpt\"><p>El gobernador de la provincia de Buenos Aires, Axel Kicillof, particip\u00f3 este lunes en San Nicol\u00e1s de la cena de inauguraci\u00f3n de la 20\u00b0 edici\u00f3n de Expoagro, la mayor muestra agroindustrial a cielo abierto de <a class=\"mh-excerpt-more\" href=\"https:\/\/larevistadigital.com.ar\/blog\/kicillof-participo-de-la-cena-de-expoagro-2026\/\" title=\"Kicillof particip\u00f3 de la cena de Expoagro 2026\">[Leer M\u00e1s]<\/a><\/p>\n<\/div>","protected":false},"author":3,"featured_media":44446,"comment_status":"open","ping_status":"open","sticky":false,"template":"","format":"standard","meta":{"_jetpack_memberships_contains_paid_content":false,"footnotes":"","jetpack_publicize_message":"","jetpack_publicize_feature_enabled":true,"jetpack_social_post_already_shared":true,"jetpack_social_options":{"image_generator_settings":{"template":"highway","default_image_id":0,"font":"","enabled":false},"version":2}},"categories":[24,51],"tags":[],"class_list":{"0":"post-44445","1":"post","2":"type-post","3":"status-publish","4":"format-standard","5":"has-post-thumbnail","7":"category-politica-provincial","8":"category-regionales"},"jetpack_publicize_connections":[],"jetpack_featured_media_url":"https:\/\/i0.wp.com\/larevistadigital.com.ar\/blog\/wp-content\/uploads\/DON_2243-scaled.jpg?fit=2560%2C1707&ssl=1","jetpack_sharing_enabled":true,"jetpack_shortlink":"https:\/\/wp.me\/p8qtrQ-byR","jetpack-related-posts":[{"id":39587,"url":"https:\/\/larevistadigital.com.ar\/blog\/javier-gaston-participo-del-congreso-provincial-de-salud-junto-a-autoridades-bonaerenses-en-salud30-04-2025-134343-javier-gaston-participo-del-congreso-provincial-de-salud-junto-a-autoridades-bonaer\/","url_meta":{"origin":44445,"position":0},"title":"Javier Gast\u00f3n particip\u00f3 del Congreso Provincial de Salud junto a autoridades bonaerenses En Salud30\/04\/2025 13:43:43 Javier Gast\u00f3n particip\u00f3 del Congreso Provincial de Salud junto a autoridades bonaerensesJavier Gast\u00f3n particip\u00f3 del Congreso Provincial de Salud junto a autoridades bonaerensesJavier Gast\u00f3n particip\u00f3 del Congreso Provincial de Salud junto a autoridades bonaerenses Javier Gast\u00f3n particip\u00f3 del Congreso Provincial de Salud junto a autoridades bonaerensesJavier Gast\u00f3n particip\u00f3 del Congreso Provincial de Salud junto a autoridades bonaerensesJavier Gast\u00f3n particip\u00f3 del Congreso Provincial de Salud junto a autoridades bonaerenses El intendente de Chascom\u00fas form\u00f3 parte del encuentro encabezado por el gobernador Axel Kicillof en Mar del Plata, acompa\u00f1ado por la secretaria de Salud P\u00fablica, Marcela Arias. El intendente Javier Gast\u00f3n particip\u00f3 este martes de la cuarta edici\u00f3n del Congreso Provincial de Salud (CO.SA.PRO), un espacio de encuentro e intercambio entre trabajadores del sistema sanitario, que tuvo lugar en el Gran Hotel Provincial de Mar del Plata.  El evento fue encabezado por el gobernador Axel Kicillof y el ministro de Salud bonaerense, Nicol\u00e1s Kreplak, quienes destacaron la importancia de sostener y fortalecer el sistema de salud p\u00fablico en un contexto de dificultades econ\u00f3micas y recorte de fondos nacionales.  En la oportunidad, Javier Gast\u00f3n estuvo acompa\u00f1ado por la secretaria de Salud P\u00fablica municipal, Marcela Arias, en una jornada que reuni\u00f3 a intendentes, secretarios de salud y funcionarios provinciales, con el objetivo de debatir pol\u00edticas p\u00fablicas en torno al sistema de salud.  El congreso es un espacio de discusi\u00f3n e intercambio entre trabajadores del sistema de salud donde se desarrollan paneles, rondas de debate y exposici\u00f3n de trabajos cient\u00edficos que se realiza todos los a\u00f1os desde 2022. En esta cuarta edici\u00f3n participan m\u00e1s de 12.000 profesionales provenientes de los 135 municipios bonaerenses y de 16 provincias del pa\u00eds, transform\u00e1ndolo en un encuentro federal.  Durante la jornada, Kicillof tambi\u00e9n particip\u00f3 de la Asamblea anual de la que formaron parte intendentes y secretarios de Salud de los 135 municipios as\u00ed como tambi\u00e9n autoridades provinciales de la cartera sanitaria, con el objetivo de debatir los lineamientos pol\u00edticos y de gesti\u00f3n del sistema sanitario y la implementaci\u00f3n del Plan Quinquenal de Salud provincial.  Escuchar Compartir:     Salud Destacadas","author":"Alejandro Sosa Ruda","date":"30 abril, 2025","format":false,"excerpt":"El intendente de Chascom\u00fas form\u00f3 parte del encuentro encabezado por el gobernador Axel Kicillof en Mar del Plata, acompa\u00f1ado por la secretaria de Salud P\u00fablica, Marcela Arias. 30 de Abril de 2025 CHASCOM\u00daS -\u00a0 El intendente Javier Gast\u00f3n particip\u00f3 este martes de la cuarta edici\u00f3n del Congreso Provincial de Salud\u2026","rel":"","context":"En \u00abINTERES GENERAL\u00bb","block_context":{"text":"INTERES GENERAL","link":"https:\/\/larevistadigital.com.ar\/blog\/category\/interes-general\/"},"img":{"alt_text":"","src":"https:\/\/i0.wp.com\/larevistadigital.com.ar\/blog\/wp-content\/uploads\/6812533fdd195.png?fit=668%2C445&ssl=1&resize=350%2C200","width":350,"height":200,"srcset":"https:\/\/i0.wp.com\/larevistadigital.com.ar\/blog\/wp-content\/uploads\/6812533fdd195.png?fit=668%2C445&ssl=1&resize=350%2C200 1x, https:\/\/i0.wp.com\/larevistadigital.com.ar\/blog\/wp-content\/uploads\/6812533fdd195.png?fit=668%2C445&ssl=1&resize=525%2C300 1.5x"},"classes":[]},{"id":11110,"url":"https:\/\/larevistadigital.com.ar\/blog\/javier-gaston-ya-ensaya-el-discurso-kirchnerista-y-critica-al-gobierno-que-lo-asistio-durante-cuatro-anos\/","url_meta":{"origin":44445,"position":1},"title":"JAVIER GAST\u00d3N YA ENSAYA EL DISCURSO KIRCHNERISTA, Y CRITICA AL GOBIERNO QUE LO ASISTI\u00d3 DURANTE CUATRO A\u00d1OS","author":"Alejandro Sosa Ruda","date":"7 julio, 2019","format":false,"excerpt":"Hace solamente unos d\u00edas atr\u00e1s, el Jefe Comunal particip\u00f3 junto con otros intendentes del Frente de Todos en un encuentro en La Plata con Axel Kicillof, Ver\u00f3nica Magario y Sergio Massa. Se reunieron Axel Kicillof y Sergio Massa luego de muchos a\u00f1os de fuertes cruces; esta vez juntos y en\u2026","rel":"","context":"En \u00abDESTACADAS\u00bb","block_context":{"text":"DESTACADAS","link":"https:\/\/larevistadigital.com.ar\/blog\/category\/destacadas\/"},"img":{"alt_text":"","src":"https:\/\/i0.wp.com\/larevistadigital.com.ar\/blog\/wp-content\/uploads\/gaston_07dejuliode2019_elfuerte.jpg?fit=737%2C415&ssl=1&resize=350%2C200","width":350,"height":200,"srcset":"https:\/\/i0.wp.com\/larevistadigital.com.ar\/blog\/wp-content\/uploads\/gaston_07dejuliode2019_elfuerte.jpg?fit=737%2C415&ssl=1&resize=350%2C200 1x, https:\/\/i0.wp.com\/larevistadigital.com.ar\/blog\/wp-content\/uploads\/gaston_07dejuliode2019_elfuerte.jpg?fit=737%2C415&ssl=1&resize=525%2C300 1.5x, https:\/\/i0.wp.com\/larevistadigital.com.ar\/blog\/wp-content\/uploads\/gaston_07dejuliode2019_elfuerte.jpg?fit=737%2C415&ssl=1&resize=700%2C400 2x"},"classes":[]},{"id":36229,"url":"https:\/\/larevistadigital.com.ar\/blog\/kicillof-participo-de-la-asuncion-de-las-nuevas-autoridades-del-colegio-de-abogados\/","url_meta":{"origin":44445,"position":2},"title":"KICILLOF PARTICIP\u00d3 DE LA ASUNCI\u00d3N DE LAS NUEVAS AUTORIDADES DEL COLEGIO DE ABOGADOS","author":"Alejandro Sosa Ruda","date":"5 junio, 2024","format":false,"excerpt":"5 DE JUNIO DE 2024 LA PLATA -\u00a0 El gobernador de la provincia de Buenos Aires, Axel Kicillof, particip\u00f3 este lunes de la ceremonia de asunci\u00f3n de la nueva presidenta del Colegio de la Abogac\u00eda de La Plata, Marina Mongiardino. Estuvieron presentes el intendente de La Plata, Julio Alak; el\u2026","rel":"","context":"En \u00abPOLITICA PROVINCIAL\u00bb","block_context":{"text":"POLITICA PROVINCIAL","link":"https:\/\/larevistadigital.com.ar\/blog\/category\/politica\/politica-provincial\/"},"img":{"alt_text":"","src":"https:\/\/i0.wp.com\/larevistadigital.com.ar\/blog\/wp-content\/uploads\/Captura-de-pantalla-2024-06-05-004142.png?fit=746%2C437&ssl=1&resize=350%2C200","width":350,"height":200,"srcset":"https:\/\/i0.wp.com\/larevistadigital.com.ar\/blog\/wp-content\/uploads\/Captura-de-pantalla-2024-06-05-004142.png?fit=746%2C437&ssl=1&resize=350%2C200 1x, https:\/\/i0.wp.com\/larevistadigital.com.ar\/blog\/wp-content\/uploads\/Captura-de-pantalla-2024-06-05-004142.png?fit=746%2C437&ssl=1&resize=525%2C300 1.5x, https:\/\/i0.wp.com\/larevistadigital.com.ar\/blog\/wp-content\/uploads\/Captura-de-pantalla-2024-06-05-004142.png?fit=746%2C437&ssl=1&resize=700%2C400 2x"},"classes":[]},{"id":38365,"url":"https:\/\/larevistadigital.com.ar\/blog\/presentacion-oficial-del-operativo-sol-y-la-temporada-2025\/","url_meta":{"origin":44445,"position":3},"title":"Presentaci\u00f3n oficial del Operativo Sol y la Temporada 2025","author":"Alejandro Sosa Ruda","date":"21 diciembre, 2024","format":false,"excerpt":"Leandro Bordalecou estuvo presente en el acto encabezado por el gobernador Kicillof 21 de Diciembre de 2024 CHASCOM\u00daS El intendente interino Leandro Bordalecou particip\u00f3 del acto realizado ayer en Miramar, donde el gobernador Axel Kicillof present\u00f3 la Temporada 2024\/25 y el Operativo de Sol a Sol, el dispositivo de seguridad,\u2026","rel":"","context":"En \u00abDESTACADAS\u00bb","block_context":{"text":"DESTACADAS","link":"https:\/\/larevistadigital.com.ar\/blog\/category\/destacadas\/"},"img":{"alt_text":"","src":"https:\/\/i0.wp.com\/larevistadigital.com.ar\/blog\/wp-content\/uploads\/6765b785549b7.png?fit=668%2C445&ssl=1&resize=350%2C200","width":350,"height":200,"srcset":"https:\/\/i0.wp.com\/larevistadigital.com.ar\/blog\/wp-content\/uploads\/6765b785549b7.png?fit=668%2C445&ssl=1&resize=350%2C200 1x, https:\/\/i0.wp.com\/larevistadigital.com.ar\/blog\/wp-content\/uploads\/6765b785549b7.png?fit=668%2C445&ssl=1&resize=525%2C300 1.5x"},"classes":[]},{"id":44884,"url":"https:\/\/larevistadigital.com.ar\/blog\/desde-berisso-kicillof-volvio-a-confrontar-con-milei-desfinancia-la-seguridad-y-niega-esta-problematica\/","url_meta":{"origin":44445,"position":4},"title":"Desde Berisso, Kicillof volvi\u00f3 a confrontar con Milei: \u201cDesfinancia la seguridad y niega esta problem\u00e1tica\u201d","author":"Alejandro Sosa Ruda","date":"2 abril, 2026","format":false,"excerpt":"El gobernador de la Provincia de Buenos Aires apunt\u00f3 contra el Gobierno Nacional, durante la presentaci\u00f3n de un nuevo play\u00f3n deportivo junto al intendente Cagliardi. Axel Kicillof, gobernador de la\u00a0provincia de Buenos Aires, apunt\u00f3 contra el\u00a0Gobierno Nacional\u00a0durante un encuentro realizado en el municipio de\u00a0Berisso. All\u00ed, el mandatario provincial carg\u00f3 conra\u00a0Javier\u2026","rel":"","context":"En \u00abINTERES GENERAL\u00bb","block_context":{"text":"INTERES GENERAL","link":"https:\/\/larevistadigital.com.ar\/blog\/category\/interes-general\/"},"img":{"alt_text":"","src":"https:\/\/i0.wp.com\/larevistadigital.com.ar\/blog\/wp-content\/uploads\/Captura-de-pantalla-2026-04-02-110756.jpg?fit=793%2C461&ssl=1&resize=350%2C200","width":350,"height":200,"srcset":"https:\/\/i0.wp.com\/larevistadigital.com.ar\/blog\/wp-content\/uploads\/Captura-de-pantalla-2026-04-02-110756.jpg?fit=793%2C461&ssl=1&resize=350%2C200 1x, https:\/\/i0.wp.com\/larevistadigital.com.ar\/blog\/wp-content\/uploads\/Captura-de-pantalla-2026-04-02-110756.jpg?fit=793%2C461&ssl=1&resize=525%2C300 1.5x, https:\/\/i0.wp.com\/larevistadigital.com.ar\/blog\/wp-content\/uploads\/Captura-de-pantalla-2026-04-02-110756.jpg?fit=793%2C461&ssl=1&resize=700%2C400 2x"},"classes":[]},{"id":38755,"url":"https:\/\/larevistadigital.com.ar\/blog\/axel-kicillof-visito-chascomus-y-entrego-escrituras-para-mas-de-300-familias\/","url_meta":{"origin":44445,"position":5},"title":"Axel Kicillof visit\u00f3 Chascom\u00fas y entreg\u00f3 escrituras para m\u00e1s de 300 familias","author":"Alejandro Sosa Ruda","date":"19 febrero, 2025","format":false,"excerpt":"El gobernador bonaerense encabez\u00f3 una jornada con diversas actividades, entre ellas, la entrega de 528 escrituras de viviendas, la apertura de la nueva Casa de la Provincia y el acompa\u00f1amiento a j\u00f3venes m\u00fasicos en el Festival de Orquestas. La jornada comenz\u00f3 con la entrega de escrituras de viviendas en la\u2026","rel":"","context":"En \u00abDESTACADAS\u00bb","block_context":{"text":"DESTACADAS","link":"https:\/\/larevistadigital.com.ar\/blog\/category\/destacadas\/"},"img":{"alt_text":"","src":"https:\/\/i0.wp.com\/larevistadigital.com.ar\/blog\/wp-content\/uploads\/67b68d493072e.png?fit=668%2C445&ssl=1&resize=350%2C200","width":350,"height":200,"srcset":"https:\/\/i0.wp.com\/larevistadigital.com.ar\/blog\/wp-content\/uploads\/67b68d493072e.png?fit=668%2C445&ssl=1&resize=350%2C200 1x, https:\/\/i0.wp.com\/larevistadigital.com.ar\/blog\/wp-content\/uploads\/67b68d493072e.png?fit=668%2C445&ssl=1&resize=525%2C300 1.5x"},"classes":[]}],"_links":{"self":[{"href":"https:\/\/larevistadigital.com.ar\/blog\/wp-json\/wp\/v2\/posts\/44445","targetHints":{"allow":["GET"]}}],"collection":[{"href":"https:\/\/larevistadigital.com.ar\/blog\/wp-json\/wp\/v2\/posts"}],"about":[{"href":"https:\/\/larevistadigital.com.ar\/blog\/wp-json\/wp\/v2\/types\/post"}],"author":[{"embeddable":true,"href":"https:\/\/larevistadigital.com.ar\/blog\/wp-json\/wp\/v2\/users\/3"}],"replies":[{"embeddable":true,"href":"https:\/\/larevistadigital.com.ar\/blog\/wp-json\/wp\/v2\/comments?post=44445"}],"version-history":[{"count":1,"href":"https:\/\/larevistadigital.com.ar\/blog\/wp-json\/wp\/v2\/posts\/44445\/revisions"}],"predecessor-version":[{"id":44447,"href":"https:\/\/larevistadigital.com.ar\/blog\/wp-json\/wp\/v2\/posts\/44445\/revisions\/44447"}],"wp:featuredmedia":[{"embeddable":true,"href":"https:\/\/larevistadigital.com.ar\/blog\/wp-json\/wp\/v2\/media\/44446"}],"wp:attachment":[{"href":"https:\/\/larevistadigital.com.ar\/blog\/wp-json\/wp\/v2\/media?parent=44445"}],"wp:term":[{"taxonomy":"category","embeddable":true,"href":"https:\/\/larevistadigital.com.ar\/blog\/wp-json\/wp\/v2\/categories?post=44445"},{"taxonomy":"post_tag","embeddable":true,"href":"https:\/\/larevistadigital.com.ar\/blog\/wp-json\/wp\/v2\/tags?post=44445"}],"curies":[{"name":"wp","href":"https:\/\/api.w.org\/{rel}","templated":true}]}}