{"id":44448,"date":"2026-03-10T20:36:19","date_gmt":"2026-03-10T23:36:19","guid":{"rendered":"https:\/\/larevistadigital.com.ar\/blog\/?p=44448"},"modified":"2026-03-10T20:36:19","modified_gmt":"2026-03-10T23:36:19","slug":"kicillof-se-reunio-con-las-autoridades-de-la-conferencia-episcopal-argentina","status":"publish","type":"post","link":"https:\/\/larevistadigital.com.ar\/blog\/kicillof-se-reunio-con-las-autoridades-de-la-conferencia-episcopal-argentina\/","title":{"rendered":"Kicillof se reuni\u00f3 con las autoridades de la Conferencia Episcopal Argentina"},"content":{"rendered":"<p>El gobernador de la provincia de Buenos Aires, Axel Kicillof, se reuni\u00f3 este martes en la sede de la Conferencia Episcopal Argentina con su presidente, arzobispo Marcelo Colombo, y el secretario general, obispo Ra\u00fal Pizarro.<\/p>\n<p>Durante el encuentro conversaron sobre los problemas sociales y econ\u00f3micos que atraviesa el pa\u00eds, y coincidieron en la necesidad de profundizar las pol\u00edticas que promuevan la inclusi\u00f3n de los j\u00f3venes y adolescentes.<\/p>\n<blockquote>\n<h3>Adem\u00e1s, recordaron el legado del Papa Francisco y expresaron su preocupaci\u00f3n por el avance de los discursos que pregonan el individualismo.<\/h3>\n<\/blockquote>\n<p>El Gobernador estuvo acompa\u00f1ado por el director de Cultos de la Provincia, <strong>Juan Ignacio Torreiro<\/strong>.<\/p>\n","protected":false},"excerpt":{"rendered":"<div class=\"mh-excerpt\"><p>El gobernador de la provincia de Buenos Aires, Axel Kicillof, se reuni\u00f3 este martes en la sede de la Conferencia Episcopal Argentina con su presidente, arzobispo Marcelo Colombo, y el secretario general, obispo Ra\u00fal Pizarro. <a class=\"mh-excerpt-more\" href=\"https:\/\/larevistadigital.com.ar\/blog\/kicillof-se-reunio-con-las-autoridades-de-la-conferencia-episcopal-argentina\/\" title=\"Kicillof se reuni\u00f3 con las autoridades de la Conferencia Episcopal Argentina\">[Leer M\u00e1s]<\/a><\/p>\n<\/div>","protected":false},"author":3,"featured_media":44449,"comment_status":"open","ping_status":"open","sticky":false,"template":"","format":"standard","meta":{"_jetpack_memberships_contains_paid_content":false,"footnotes":"","jetpack_publicize_message":"","jetpack_publicize_feature_enabled":true,"jetpack_social_post_already_shared":true,"jetpack_social_options":{"image_generator_settings":{"template":"highway","default_image_id":0,"font":"","enabled":false},"version":2}},"categories":[24,51],"tags":[],"class_list":{"0":"post-44448","1":"post","2":"type-post","3":"status-publish","4":"format-standard","5":"has-post-thumbnail","7":"category-politica-provincial","8":"category-regionales"},"jetpack_publicize_connections":[],"jetpack_featured_media_url":"https:\/\/i0.wp.com\/larevistadigital.com.ar\/blog\/wp-content\/uploads\/1000349653-scaled.jpg?fit=2560%2C1707&ssl=1","jetpack_sharing_enabled":true,"jetpack_shortlink":"https:\/\/wp.me\/p8qtrQ-byU","jetpack-related-posts":[{"id":38758,"url":"https:\/\/larevistadigital.com.ar\/blog\/el-gobernador-kicillof-aprovecho-su-paso-por-chascomusy-visito-a-los-participantes-en-el-festival-de-orquestas-infantiles-y-juveniles\/","url_meta":{"origin":44448,"position":0},"title":"El gobernador Kicillof, aprovech\u00f3 su paso por Chascom\u00fasy visit\u00f3 a los participantes en el Festival de Orquestas Infantiles y Juveniles","author":"Alejandro Sosa Ruda","date":"19 febrero, 2025","format":false,"excerpt":"Por la tarde, el gobernador Axel Kicillof y el intendente Javier Gast\u00f3n se trasladaron al Parque de los Libres del Sur, donde observaron los ensayos previos al Concierto al Atardecer, en el marco del 20\u00b0 Festival de Orquestas. 19 de Febrero de 2025 CHASCOM\u00daS -\u00a0 En este evento, que re\u00fane\u2026","rel":"","context":"En \u00abCHASCOM\u00daS\u00bb","block_context":{"text":"CHASCOM\u00daS","link":"https:\/\/larevistadigital.com.ar\/blog\/category\/chascomus\/"},"img":{"alt_text":"","src":"https:\/\/i0.wp.com\/larevistadigital.com.ar\/blog\/wp-content\/uploads\/67b67da8719d5.png?fit=668%2C445&ssl=1&resize=350%2C200","width":350,"height":200,"srcset":"https:\/\/i0.wp.com\/larevistadigital.com.ar\/blog\/wp-content\/uploads\/67b67da8719d5.png?fit=668%2C445&ssl=1&resize=350%2C200 1x, https:\/\/i0.wp.com\/larevistadigital.com.ar\/blog\/wp-content\/uploads\/67b67da8719d5.png?fit=668%2C445&ssl=1&resize=525%2C300 1.5x"},"classes":[]},{"id":43747,"url":"https:\/\/larevistadigital.com.ar\/blog\/con-un-plan-clave-bajo-el-brazo-kicillof-reunio-a-intendentes-peronistas-radicales-y-libertarios\/","url_meta":{"origin":44448,"position":1},"title":"Con un plan clave bajo el brazo, Kicillof reuni\u00f3 a intendentes peronistas, radicales y libertarios","author":"Alejandro Sosa Ruda","date":"3 febrero, 2026","format":false,"excerpt":"El gobernador bonaerense mantuvo un encuentro junto a 13 jefes comunales en la Casa de Gobierno para llevar adelante una firma de convenios, correspondientes a Provincia Leasing. 03 de febrero de 2026 El gobernador\u00a0Axel Kicillof\u00a0encabez\u00f3 este martes una reuni\u00f3n con 13\u00a0intendentes bonaerenses, con el objetivo de firmar convenios de leasing\u2026","rel":"","context":"En \u00abREGIONALES\u00bb","block_context":{"text":"REGIONALES","link":"https:\/\/larevistadigital.com.ar\/blog\/category\/regionales\/"},"img":{"alt_text":"","src":"https:\/\/i0.wp.com\/larevistadigital.com.ar\/blog\/wp-content\/uploads\/20260203175438_dae9764.webp?fit=1200%2C685&ssl=1&resize=350%2C200","width":350,"height":200,"srcset":"https:\/\/i0.wp.com\/larevistadigital.com.ar\/blog\/wp-content\/uploads\/20260203175438_dae9764.webp?fit=1200%2C685&ssl=1&resize=350%2C200 1x, https:\/\/i0.wp.com\/larevistadigital.com.ar\/blog\/wp-content\/uploads\/20260203175438_dae9764.webp?fit=1200%2C685&ssl=1&resize=525%2C300 1.5x, https:\/\/i0.wp.com\/larevistadigital.com.ar\/blog\/wp-content\/uploads\/20260203175438_dae9764.webp?fit=1200%2C685&ssl=1&resize=700%2C400 2x, https:\/\/i0.wp.com\/larevistadigital.com.ar\/blog\/wp-content\/uploads\/20260203175438_dae9764.webp?fit=1200%2C685&ssl=1&resize=1050%2C600 3x"},"classes":[]},{"id":37114,"url":"https:\/\/larevistadigital.com.ar\/blog\/kicillof-vamos-a-seguir-peleando-por-los-recursos-que-le-corresponden-al-pueblo-de-la-provincia\/","url_meta":{"origin":44448,"position":2},"title":"KICILLOF: \u00abVAMOS A SEGUIR PELEANDO POR LOS RECURSOS QUE LE CORRESPONDEN AL PUEBLO DE LA PROVINCIA","author":"Alejandro Sosa Ruda","date":"4 septiembre, 2024","format":false,"excerpt":"El Gobierno provincial recurri\u00f3 ante la Corte Suprema de Justicia de la Naci\u00f3n para reclamar por la eliminaci\u00f3n de parte del Gobierno nacional del programa Boleto Integrado del sistema de Red SUBE. Mi\u00e9rcoles 4 de Septiembre 2024 El gobernador Axel Kicillof anunci\u00f3 este mi\u00e9rcoles que la Provincia de Buenos Aires\u2026","rel":"","context":"En \u00abDESTACADAS\u00bb","block_context":{"text":"DESTACADAS","link":"https:\/\/larevistadigital.com.ar\/blog\/category\/destacadas\/"},"img":{"alt_text":"","src":"https:\/\/i0.wp.com\/larevistadigital.com.ar\/blog\/wp-content\/uploads\/Axel-Kicillof_49.jpg?fit=743%2C530&ssl=1&resize=350%2C200","width":350,"height":200,"srcset":"https:\/\/i0.wp.com\/larevistadigital.com.ar\/blog\/wp-content\/uploads\/Axel-Kicillof_49.jpg?fit=743%2C530&ssl=1&resize=350%2C200 1x, https:\/\/i0.wp.com\/larevistadigital.com.ar\/blog\/wp-content\/uploads\/Axel-Kicillof_49.jpg?fit=743%2C530&ssl=1&resize=525%2C300 1.5x, https:\/\/i0.wp.com\/larevistadigital.com.ar\/blog\/wp-content\/uploads\/Axel-Kicillof_49.jpg?fit=743%2C530&ssl=1&resize=700%2C400 2x"},"classes":[]},{"id":33860,"url":"https:\/\/larevistadigital.com.ar\/blog\/axel-kicillof-con-compromiso-la-eleccion-se-gana-o-se-gana-en-provincia-y-nacion\/","url_meta":{"origin":44448,"position":3},"title":"AXEL KICILLOF: \u00abCON COMPROMISO LA ELECCI\u00d3N SE GANA O SE GANA. EN PROVINCIA Y NACI\u00d3N\u00bb","author":"Alejandro Sosa Ruda","date":"5 octubre, 2023","format":false,"excerpt":"El gobernador Axel Kicillof cerr\u00f3 el acto que reuni\u00f3 a m\u00e1s de 10.000 trabajadores de la Salud en apoyo a su reelecci\u00f3n y al triunfo de Sergio Massa en Naci\u00f3n. 05 de Octubre de 2023 M\u00e1s de 10,000 profesionales de la salud se congregaron el jueves en el estadio Atenas\u2026","rel":"","context":"En \u00abPOLITICA PROVINCIAL\u00bb","block_context":{"text":"POLITICA PROVINCIAL","link":"https:\/\/larevistadigital.com.ar\/blog\/category\/politica\/politica-provincial\/"},"img":{"alt_text":"","src":"https:\/\/i0.wp.com\/larevistadigital.com.ar\/blog\/wp-content\/uploads\/Captura-de-pantalla-2023-10-05-192628.png?fit=892%2C427&ssl=1&resize=350%2C200","width":350,"height":200,"srcset":"https:\/\/i0.wp.com\/larevistadigital.com.ar\/blog\/wp-content\/uploads\/Captura-de-pantalla-2023-10-05-192628.png?fit=892%2C427&ssl=1&resize=350%2C200 1x, https:\/\/i0.wp.com\/larevistadigital.com.ar\/blog\/wp-content\/uploads\/Captura-de-pantalla-2023-10-05-192628.png?fit=892%2C427&ssl=1&resize=525%2C300 1.5x, https:\/\/i0.wp.com\/larevistadigital.com.ar\/blog\/wp-content\/uploads\/Captura-de-pantalla-2023-10-05-192628.png?fit=892%2C427&ssl=1&resize=700%2C400 2x"},"classes":[]},{"id":41676,"url":"https:\/\/larevistadigital.com.ar\/blog\/kicillof-para-combatir-al-narcotrafico-se-requiere-una-estrategia-nacional-con-inversion-en-agentes-y-tecnologia\/","url_meta":{"origin":44448,"position":4},"title":"Kicillof: \u201cPara combatir al narcotr\u00e1fico se requiere una estrategia nacional con inversi\u00f3n en agentes y tecnolog\u00eda\u201d","author":"Alejandro Sosa Ruda","date":"29 septiembre, 2025","format":false,"excerpt":"As\u00ed lo sostuvo el gobernador, en el marco de una conferencia de prensa. 29 de septiembre de 2025 BUENOS AIRES -\u00a0 \u00a0\u201cHemos sido testigos de un hecho realmente estremecedor por su nivel de violencia y sadismo: quiero expresar nuestro pesar y nuestro acompa\u00f1amiento a las familias y amigos de Lara,\u2026","rel":"","context":"En \u00abDESTACADAS\u00bb","block_context":{"text":"DESTACADAS","link":"https:\/\/larevistadigital.com.ar\/blog\/category\/destacadas\/"},"img":{"alt_text":"","src":"https:\/\/i0.wp.com\/larevistadigital.com.ar\/blog\/wp-content\/uploads\/25-09-29-09-34-32-4716-scaled.jpg?fit=1200%2C801&ssl=1&resize=350%2C200","width":350,"height":200,"srcset":"https:\/\/i0.wp.com\/larevistadigital.com.ar\/blog\/wp-content\/uploads\/25-09-29-09-34-32-4716-scaled.jpg?fit=1200%2C801&ssl=1&resize=350%2C200 1x, https:\/\/i0.wp.com\/larevistadigital.com.ar\/blog\/wp-content\/uploads\/25-09-29-09-34-32-4716-scaled.jpg?fit=1200%2C801&ssl=1&resize=525%2C300 1.5x, https:\/\/i0.wp.com\/larevistadigital.com.ar\/blog\/wp-content\/uploads\/25-09-29-09-34-32-4716-scaled.jpg?fit=1200%2C801&ssl=1&resize=700%2C400 2x, https:\/\/i0.wp.com\/larevistadigital.com.ar\/blog\/wp-content\/uploads\/25-09-29-09-34-32-4716-scaled.jpg?fit=1200%2C801&ssl=1&resize=1050%2C600 3x"},"classes":[]},{"id":39606,"url":"https:\/\/larevistadigital.com.ar\/blog\/kicillof-se-reunio-con-lideres-sindicales-en-la-previa-del-dia-del-trabajador\/","url_meta":{"origin":44448,"position":5},"title":"Kicillof se reuni\u00f3 con l\u00edderes sindicales en la previa del D\u00eda del Trabajador","author":"Alejandro Sosa Ruda","date":"1 mayo, 2025","format":false,"excerpt":"Con motivo del D\u00eda Internacional del Trabajador y la Trabajadora, el gobernador bonaerense Axel Kicillof mantuvo este mi\u00e9rcoles un encuentro con referentes de las principales centrales sindicales del pa\u00eds en la sede de la Confederaci\u00f3n General del Trabajo (CGT), ubicada en la calle Azopardo. 01 de Mayo de 2025 Durante\u2026","rel":"","context":"En \u00abPOLITICA PROVINCIAL\u00bb","block_context":{"text":"POLITICA PROVINCIAL","link":"https:\/\/larevistadigital.com.ar\/blog\/category\/politica\/politica-provincial\/"},"img":{"alt_text":"","src":"https:\/\/i0.wp.com\/larevistadigital.com.ar\/blog\/wp-content\/uploads\/20250430184722_kicillof-cgt.jpg?fit=880%2C512&ssl=1&resize=350%2C200","width":350,"height":200,"srcset":"https:\/\/i0.wp.com\/larevistadigital.com.ar\/blog\/wp-content\/uploads\/20250430184722_kicillof-cgt.jpg?fit=880%2C512&ssl=1&resize=350%2C200 1x, https:\/\/i0.wp.com\/larevistadigital.com.ar\/blog\/wp-content\/uploads\/20250430184722_kicillof-cgt.jpg?fit=880%2C512&ssl=1&resize=525%2C300 1.5x, https:\/\/i0.wp.com\/larevistadigital.com.ar\/blog\/wp-content\/uploads\/20250430184722_kicillof-cgt.jpg?fit=880%2C512&ssl=1&resize=700%2C400 2x"},"classes":[]}],"_links":{"self":[{"href":"https:\/\/larevistadigital.com.ar\/blog\/wp-json\/wp\/v2\/posts\/44448","targetHints":{"allow":["GET"]}}],"collection":[{"href":"https:\/\/larevistadigital.com.ar\/blog\/wp-json\/wp\/v2\/posts"}],"about":[{"href":"https:\/\/larevistadigital.com.ar\/blog\/wp-json\/wp\/v2\/types\/post"}],"author":[{"embeddable":true,"href":"https:\/\/larevistadigital.com.ar\/blog\/wp-json\/wp\/v2\/users\/3"}],"replies":[{"embeddable":true,"href":"https:\/\/larevistadigital.com.ar\/blog\/wp-json\/wp\/v2\/comments?post=44448"}],"version-history":[{"count":1,"href":"https:\/\/larevistadigital.com.ar\/blog\/wp-json\/wp\/v2\/posts\/44448\/revisions"}],"predecessor-version":[{"id":44450,"href":"https:\/\/larevistadigital.com.ar\/blog\/wp-json\/wp\/v2\/posts\/44448\/revisions\/44450"}],"wp:featuredmedia":[{"embeddable":true,"href":"https:\/\/larevistadigital.com.ar\/blog\/wp-json\/wp\/v2\/media\/44449"}],"wp:attachment":[{"href":"https:\/\/larevistadigital.com.ar\/blog\/wp-json\/wp\/v2\/media?parent=44448"}],"wp:term":[{"taxonomy":"category","embeddable":true,"href":"https:\/\/larevistadigital.com.ar\/blog\/wp-json\/wp\/v2\/categories?post=44448"},{"taxonomy":"post_tag","embeddable":true,"href":"https:\/\/larevistadigital.com.ar\/blog\/wp-json\/wp\/v2\/tags?post=44448"}],"curies":[{"name":"wp","href":"https:\/\/api.w.org\/{rel}","templated":true}]}}