{"id":44452,"date":"2026-03-10T23:12:22","date_gmt":"2026-03-11T02:12:22","guid":{"rendered":"https:\/\/larevistadigital.com.ar\/blog\/?p=44452"},"modified":"2026-03-10T23:13:31","modified_gmt":"2026-03-11T02:13:31","slug":"el-radicalismo-local-rendira-homenaje-a-raul-alfonin-en-el-inicio-del-centenario-de-su-nacimiento","status":"publish","type":"post","link":"https:\/\/larevistadigital.com.ar\/blog\/el-radicalismo-local-rendira-homenaje-a-raul-alfonin-en-el-inicio-del-centenario-de-su-nacimiento\/","title":{"rendered":"El radicalismo local rendir\u00e1 homenaje a Ra\u00fal Alfon\u00edn en el inicio del centenario de su nacimiento"},"content":{"rendered":"<h3>Se trata de una conmemoraci\u00f3n por cumplirse 99 a\u00f1os del natalicio del \u00abPadre de la Democracia\u00bb.<\/h3>\n<p>10 de marzo de 2026<\/p>\n<p><strong>CHASCOM\u00daS &#8211;\u00a0<\/strong> \u00a0 Este jueves a las 10,30 horas, el Comit\u00e9 de la Uni\u00f3n C\u00edvica Radical recordar\u00e1 la figura de <strong>Ra\u00fal Alfons\u00edn<\/strong>, al cumplirse 99 a\u00f1os de su nacimiento.<br \/>\nEl acto ser\u00e1 frente al monumento erigido en su memoria, en la esquina de Avda. Costanera Espa\u00f1a y calle Mu\u00f1iz, en el parque Libres del Sur.<br \/>\nCon este homenaje se inicia el centenario del nacimiento de quien siendo hijo de esta tierra fue elegido Presidente de la Naci\u00f3n tras la \u00faltima y sangrienta dictadura que sufri\u00f3 el pa\u00eds.<br \/>\nSu gobierno se caracteriz\u00f3 por la defensa a los derechos humanos y el enjuiciamiento a las Juntas Militares, consolidando la democracia y actuando en favor de los derechos sociales, la educaci\u00f3n, la salud y el trabajo.<br \/>\nUbic\u00f3 a la Argentina en un lugar respetado en el contexto mundial, siempre respetando el derecho de los pueblos a autogobernarse, levantado la paz y el di\u00e1logo, en una fuerte defensa de la soberan\u00eda de la Argentina.<br \/>\n<span style=\"color: #ff0000\"><strong>Misa en la Catedral<\/strong><\/span><br \/>\nCulminado el acto, las autoridades del radicalismo se dirigir\u00e1n a las 12 horas a la Iglesia Catedral de\u00a0 Nuestra Se\u00f1ora de la Merced, donde el Obispo de la Di\u00f3cesis de Chascom\u00fas, Monse\u00f1or Juan Ignacio Li\u00e9bana presidir\u00e1 una Misa en Acci\u00f3n de Gracias en memoria de Ra\u00fal Alfons\u00edn.<br \/>\nDesde el Comit\u00e9 Chascom\u00fas de la UCR, se invit\u00f3 a sus afiliados, simpatizantes y vecinos en general a concurr3r al santo oficio.<br \/>\n<strong><br \/>\n<span style=\"color: #ff0000\">Pe\u00f1a en la Casa Radical<\/span><\/strong><br \/>\nSe resalto desde el Comit\u00e9 Radical, que el en el a\u00f1o del inicio centenario del nacimiento de Ra\u00fal Alfons\u00edn, se llevar\u00e1n a cabo todas actividades partidarias en el marco de dicho recordatorio.<br \/>\nAs\u00ed se hizo el pasado domingo en la Casa Radical, Mazzini y Lincoln, con una feria de emprendedoras en el D\u00eda Internacional de la Mujer, y se har\u00e1 el pr\u00f3ximo viernes 13 en el mismo lugar con una Pe\u00f1a a partir de las 19,30 horas, festejando el D\u00eda del Militante que es el 12 (cumplea\u00f1os de Ra\u00fal Alfons\u00edn).<br \/>\nEn la misma se rendir\u00e1 un homenaje a quienes se afiliaron a la UCR a partir de 1983, a\u00f1o identificatorio del Partido Radical y s\u00edmbolo del renacer democr\u00e1tico en Argentina.<\/p>\n<p>fuente e imagen: elfuertediario.com.ar<\/p>\n","protected":false},"excerpt":{"rendered":"<div class=\"mh-excerpt\"><p>Se trata de una conmemoraci\u00f3n por cumplirse 99 a\u00f1os del natalicio del \u00abPadre de la Democracia\u00bb. 10 de marzo de 2026 CHASCOM\u00daS &#8211;\u00a0 \u00a0 Este jueves a las 10,30 horas, el Comit\u00e9 de la Uni\u00f3n <a class=\"mh-excerpt-more\" href=\"https:\/\/larevistadigital.com.ar\/blog\/el-radicalismo-local-rendira-homenaje-a-raul-alfonin-en-el-inicio-del-centenario-de-su-nacimiento\/\" title=\"El radicalismo local rendir\u00e1 homenaje a Ra\u00fal Alfon\u00edn en el inicio del centenario de su nacimiento\">[Leer M\u00e1s]<\/a><\/p>\n<\/div>","protected":false},"author":3,"featured_media":44454,"comment_status":"open","ping_status":"open","sticky":false,"template":"","format":"standard","meta":{"_jetpack_memberships_contains_paid_content":false,"footnotes":"","jetpack_publicize_message":"","jetpack_publicize_feature_enabled":true,"jetpack_social_post_already_shared":true,"jetpack_social_options":{"image_generator_settings":{"template":"highway","default_image_id":0,"font":"","enabled":false},"version":2}},"categories":[50,23],"tags":[],"class_list":{"0":"post-44452","1":"post","2":"type-post","3":"status-publish","4":"format-standard","5":"has-post-thumbnail","7":"category-interes-general","8":"category-politica-local"},"jetpack_publicize_connections":[],"jetpack_featured_media_url":"https:\/\/i0.wp.com\/larevistadigital.com.ar\/blog\/wp-content\/uploads\/Captura-de-pantalla-2026-03-10-230305.jpg?fit=650%2C498&ssl=1","jetpack_sharing_enabled":true,"jetpack_shortlink":"https:\/\/wp.me\/p8qtrQ-byY","jetpack-related-posts":[{"id":9476,"url":"https:\/\/larevistadigital.com.ar\/blog\/el-pj-de-la-provincia-de-buenos-aires-homenajeo-a-raul-alfonsin\/","url_meta":{"origin":44452,"position":0},"title":"EL PJ DE LA PROVINCIA DE BUENOS AIRES HOMENAJE\u00d3 A RA\u00daL ALFONS\u00cdN","author":"Alejandro Sosa Ruda","date":"1 abril, 2019","format":false,"excerpt":"El presidente del Pj de Chascom\u00fas, y jefe del Bloque de PJ Unidad Ciudadana, Gabriel Macchi, hizo una publicaci\u00f3n en su cuenta personal de Facebook en donde se refiri\u00f3 al homenaje que el Peronismo bonaerense hizo hoy a la tarde al ex presidente nativo de Chascom\u00fas, Don Ra\u00fal Alfons\u00edn, al\u2026","rel":"","context":"En \u00abPOLITICA\u00bb","block_context":{"text":"POLITICA","link":"https:\/\/larevistadigital.com.ar\/blog\/category\/politica\/"},"img":{"alt_text":"","src":"https:\/\/i0.wp.com\/larevistadigital.com.ar\/blog\/wp-content\/uploads\/2019\/03\/56328656_2438342616190203_7169636753148477440_n.jpg?fit=960%2C720&ssl=1&resize=350%2C200","width":350,"height":200,"srcset":"https:\/\/i0.wp.com\/larevistadigital.com.ar\/blog\/wp-content\/uploads\/2019\/03\/56328656_2438342616190203_7169636753148477440_n.jpg?fit=960%2C720&ssl=1&resize=350%2C200 1x, https:\/\/i0.wp.com\/larevistadigital.com.ar\/blog\/wp-content\/uploads\/2019\/03\/56328656_2438342616190203_7169636753148477440_n.jpg?fit=960%2C720&ssl=1&resize=525%2C300 1.5x, https:\/\/i0.wp.com\/larevistadigital.com.ar\/blog\/wp-content\/uploads\/2019\/03\/56328656_2438342616190203_7169636753148477440_n.jpg?fit=960%2C720&ssl=1&resize=700%2C400 2x"},"classes":[]},{"id":24538,"url":"https:\/\/larevistadigital.com.ar\/blog\/coinidiendo-con-el-nacimiento-de-raul-alfonsin-se-celebra-el-dia-del-militante-radical\/","url_meta":{"origin":44452,"position":1},"title":"COINIDIENDO CON EL NACIMIENTO DE RAUL ALFONS\u00cdN SE CELEBRA EL D\u00cdA DEL MILITANTE RADICAL","author":"Alejandro Sosa Ruda","date":"12 marzo, 2022","format":false,"excerpt":"Se realizar\u00e1 un homenaje a las 19 horas en el monumento a quien fuera Presidente de la Rep\u00fablica -\u00a0 \u2013 El Comit\u00e9 Radical invit\u00f3 a adherentes y vecinos en general a participar del acto Hoy, s\u00e1bado 12, coincidiendo con el d\u00eda del nacimiento de Ra\u00fal Alfons\u00edn, se celebra el D\u00eda\u2026","rel":"","context":"En \u00abDESTACADAS\u00bb","block_context":{"text":"DESTACADAS","link":"https:\/\/larevistadigital.com.ar\/blog\/category\/destacadas\/"},"img":{"alt_text":"","src":"https:\/\/i0.wp.com\/larevistadigital.com.ar\/blog\/wp-content\/uploads\/Captura-de-pantalla-2022-03-12-115138.jpg?fit=1007%2C653&ssl=1&resize=350%2C200","width":350,"height":200,"srcset":"https:\/\/i0.wp.com\/larevistadigital.com.ar\/blog\/wp-content\/uploads\/Captura-de-pantalla-2022-03-12-115138.jpg?fit=1007%2C653&ssl=1&resize=350%2C200 1x, https:\/\/i0.wp.com\/larevistadigital.com.ar\/blog\/wp-content\/uploads\/Captura-de-pantalla-2022-03-12-115138.jpg?fit=1007%2C653&ssl=1&resize=525%2C300 1.5x, https:\/\/i0.wp.com\/larevistadigital.com.ar\/blog\/wp-content\/uploads\/Captura-de-pantalla-2022-03-12-115138.jpg?fit=1007%2C653&ssl=1&resize=700%2C400 2x"},"classes":[]},{"id":29912,"url":"https:\/\/larevistadigital.com.ar\/blog\/comision-homenaje-permanente-raul-alfonsin-pedido-de-publicacion\/","url_meta":{"origin":44452,"position":2},"title":"COMISI\u00d3N HOMENAJE PERMANENTE RA\u00daL ALFONS\u00cdN (Pedido de publicaci\u00f3n)","author":"Alejandro Sosa Ruda","date":"2 febrero, 2023","format":false,"excerpt":"COMUNICADO La Comisi\u00f3n Homenaje Permanente Ra\u00fal Alfons\u00edn recibe en Chascom\u00fas, el homenaje a la figura del convecino y expresidente Ra\u00fal Alfons\u00edn en el a\u00f1o del 40 aniversario de la recuperaci\u00f3n de la democracia. Ra\u00fal Alfons\u00edn, un hombre cuya trayectoria y convicciones nos indica permanentemente el camino de la libertad, del\u2026","rel":"","context":"En \u00abCHASCOM\u00daS\u00bb","block_context":{"text":"CHASCOM\u00daS","link":"https:\/\/larevistadigital.com.ar\/blog\/category\/chascomus\/"},"img":{"alt_text":"","src":"https:\/\/i0.wp.com\/larevistadigital.com.ar\/blog\/wp-content\/uploads\/rrrrrr.jpg?fit=800%2C579&ssl=1&resize=350%2C200","width":350,"height":200,"srcset":"https:\/\/i0.wp.com\/larevistadigital.com.ar\/blog\/wp-content\/uploads\/rrrrrr.jpg?fit=800%2C579&ssl=1&resize=350%2C200 1x, https:\/\/i0.wp.com\/larevistadigital.com.ar\/blog\/wp-content\/uploads\/rrrrrr.jpg?fit=800%2C579&ssl=1&resize=525%2C300 1.5x, https:\/\/i0.wp.com\/larevistadigital.com.ar\/blog\/wp-content\/uploads\/rrrrrr.jpg?fit=800%2C579&ssl=1&resize=700%2C400 2x"},"classes":[]},{"id":22859,"url":"https:\/\/larevistadigital.com.ar\/blog\/el-proximo-viernes-10-habra-charla-debate-con-juan-manuel-casella-a-38-anos-del-retorno-de-la-democracia\/","url_meta":{"origin":44452,"position":3},"title":"EL PR\u00d3XIMO VIERNES 10 HABR\u00c1 CHARLA DEBATE CON JUAN MANUEL CASELLA, A 38 A\u00d1OS DEL RETORNO DE LA DEMOCRACIA","author":"Alejandro Sosa Ruda","date":"5 diciembre, 2021","format":false,"excerpt":"CHASCOM\u00daS -\u00a0 El pr\u00f3ximo viernes 10 de diciembre, se conmemoran 38 a\u00f1os de la hist\u00f3rica asunci\u00f3n de Ra\u00fal Alfons\u00edn, como presidente electo de todos los argentinos, dando comienzo a una nueva etapa democr\u00e1tica en el pa\u00eds, que lleg\u00f3 para no irse \"Nunca m\u00e1s\". En este contexto, desde la Comisi\u00f3n de\u2026","rel":"","context":"En \u00abCHASCOM\u00daS\u00bb","block_context":{"text":"CHASCOM\u00daS","link":"https:\/\/larevistadigital.com.ar\/blog\/category\/chascomus\/"},"img":{"alt_text":"","src":"https:\/\/i0.wp.com\/larevistadigital.com.ar\/blog\/wp-content\/uploads\/204731_0xp.jpg?fit=800%2C530&ssl=1&resize=350%2C200","width":350,"height":200,"srcset":"https:\/\/i0.wp.com\/larevistadigital.com.ar\/blog\/wp-content\/uploads\/204731_0xp.jpg?fit=800%2C530&ssl=1&resize=350%2C200 1x, https:\/\/i0.wp.com\/larevistadigital.com.ar\/blog\/wp-content\/uploads\/204731_0xp.jpg?fit=800%2C530&ssl=1&resize=525%2C300 1.5x, https:\/\/i0.wp.com\/larevistadigital.com.ar\/blog\/wp-content\/uploads\/204731_0xp.jpg?fit=800%2C530&ssl=1&resize=700%2C400 2x"},"classes":[]},{"id":2082,"url":"https:\/\/larevistadigital.com.ar\/blog\/emotivo-homenaje-a-raul-alfonsin-en-chascomus-en-el-octavo-aniversario-de-su-fallecimiento\/","url_meta":{"origin":44452,"position":4},"title":"EMOTIVO HOMENAJE A RA\u00daL ALFONS\u00cdN EN CHASCOM\u00daS, EN EL OCTAVO ANIVERSARIO DE SU FALLECIMIENTO","author":"Alejandro Sosa Ruda","date":"24 abril, 2017","format":false,"excerpt":"Finalmente y como estaba planificado, se realizaron los dos actos de homenaje al ex presidente conocido y recordado como el \u201cPadre de la Democracia\u201d, Dr. Ra\u00fal Ricardo Alfons\u00edn. La primera cita, fue a las 15 horas y a la vera de la ruta 2. Para ser m\u00e1s exactos en el\u2026","rel":"","context":"En \u00abCHASCOM\u00daS\u00bb","block_context":{"text":"CHASCOM\u00daS","link":"https:\/\/larevistadigital.com.ar\/blog\/category\/chascomus\/"},"img":{"alt_text":"","src":"https:\/\/i0.wp.com\/larevistadigital.com.ar\/blog\/wp-content\/uploads\/2017\/04\/WhatsApp-Image-2017-04-23-at-22.43.04-1.jpeg?fit=1152%2C864&ssl=1&resize=350%2C200","width":350,"height":200,"srcset":"https:\/\/i0.wp.com\/larevistadigital.com.ar\/blog\/wp-content\/uploads\/2017\/04\/WhatsApp-Image-2017-04-23-at-22.43.04-1.jpeg?fit=1152%2C864&ssl=1&resize=350%2C200 1x, https:\/\/i0.wp.com\/larevistadigital.com.ar\/blog\/wp-content\/uploads\/2017\/04\/WhatsApp-Image-2017-04-23-at-22.43.04-1.jpeg?fit=1152%2C864&ssl=1&resize=525%2C300 1.5x, https:\/\/i0.wp.com\/larevistadigital.com.ar\/blog\/wp-content\/uploads\/2017\/04\/WhatsApp-Image-2017-04-23-at-22.43.04-1.jpeg?fit=1152%2C864&ssl=1&resize=700%2C400 2x, https:\/\/i0.wp.com\/larevistadigital.com.ar\/blog\/wp-content\/uploads\/2017\/04\/WhatsApp-Image-2017-04-23-at-22.43.04-1.jpeg?fit=1152%2C864&ssl=1&resize=1050%2C600 3x"},"classes":[]},{"id":28645,"url":"https:\/\/larevistadigital.com.ar\/blog\/chascomus-se-conmemoran-39-anos-del-triunfo-en-las-elecciones-de-raul-alfonsin\/","url_meta":{"origin":44452,"position":5},"title":"CHASCOM\u00daS: SE CONMEMORAN 39 A\u00d1OS DEL TRIUNFO EN LAS ELECCIONES DE RAUL ALFONSIN","author":"Alejandro Sosa Ruda","date":"27 octubre, 2022","format":false,"excerpt":"En el encuentro a realizarse el s\u00e1bado a las 19 hs., estar\u00e1 presente el hist\u00f3rico dirigente Luis \"Changui\" C\u00e1ceres, entre otros. 27 de octubre de 2022 El s\u00e1bado a las 19 hs. se realizar\u00e1 en el Comit\u00e9 de la UCR de Chascom\u00fas, ubicado en Mazzini y Lincoln, un acto de\u2026","rel":"","context":"En \u00abCHASCOM\u00daS\u00bb","block_context":{"text":"CHASCOM\u00daS","link":"https:\/\/larevistadigital.com.ar\/blog\/category\/chascomus\/"},"img":{"alt_text":"","src":"https:\/\/i0.wp.com\/larevistadigital.com.ar\/blog\/wp-content\/uploads\/WhatsApp-Image-2022-10-27-at-11.21.13.jpeg?fit=1200%2C1200&ssl=1&resize=350%2C200","width":350,"height":200,"srcset":"https:\/\/i0.wp.com\/larevistadigital.com.ar\/blog\/wp-content\/uploads\/WhatsApp-Image-2022-10-27-at-11.21.13.jpeg?fit=1200%2C1200&ssl=1&resize=350%2C200 1x, https:\/\/i0.wp.com\/larevistadigital.com.ar\/blog\/wp-content\/uploads\/WhatsApp-Image-2022-10-27-at-11.21.13.jpeg?fit=1200%2C1200&ssl=1&resize=525%2C300 1.5x, https:\/\/i0.wp.com\/larevistadigital.com.ar\/blog\/wp-content\/uploads\/WhatsApp-Image-2022-10-27-at-11.21.13.jpeg?fit=1200%2C1200&ssl=1&resize=700%2C400 2x, https:\/\/i0.wp.com\/larevistadigital.com.ar\/blog\/wp-content\/uploads\/WhatsApp-Image-2022-10-27-at-11.21.13.jpeg?fit=1200%2C1200&ssl=1&resize=1050%2C600 3x"},"classes":[]}],"_links":{"self":[{"href":"https:\/\/larevistadigital.com.ar\/blog\/wp-json\/wp\/v2\/posts\/44452","targetHints":{"allow":["GET"]}}],"collection":[{"href":"https:\/\/larevistadigital.com.ar\/blog\/wp-json\/wp\/v2\/posts"}],"about":[{"href":"https:\/\/larevistadigital.com.ar\/blog\/wp-json\/wp\/v2\/types\/post"}],"author":[{"embeddable":true,"href":"https:\/\/larevistadigital.com.ar\/blog\/wp-json\/wp\/v2\/users\/3"}],"replies":[{"embeddable":true,"href":"https:\/\/larevistadigital.com.ar\/blog\/wp-json\/wp\/v2\/comments?post=44452"}],"version-history":[{"count":2,"href":"https:\/\/larevistadigital.com.ar\/blog\/wp-json\/wp\/v2\/posts\/44452\/revisions"}],"predecessor-version":[{"id":44456,"href":"https:\/\/larevistadigital.com.ar\/blog\/wp-json\/wp\/v2\/posts\/44452\/revisions\/44456"}],"wp:featuredmedia":[{"embeddable":true,"href":"https:\/\/larevistadigital.com.ar\/blog\/wp-json\/wp\/v2\/media\/44454"}],"wp:attachment":[{"href":"https:\/\/larevistadigital.com.ar\/blog\/wp-json\/wp\/v2\/media?parent=44452"}],"wp:term":[{"taxonomy":"category","embeddable":true,"href":"https:\/\/larevistadigital.com.ar\/blog\/wp-json\/wp\/v2\/categories?post=44452"},{"taxonomy":"post_tag","embeddable":true,"href":"https:\/\/larevistadigital.com.ar\/blog\/wp-json\/wp\/v2\/tags?post=44452"}],"curies":[{"name":"wp","href":"https:\/\/api.w.org\/{rel}","templated":true}]}}