{"id":44457,"date":"2026-03-10T23:21:52","date_gmt":"2026-03-11T02:21:52","guid":{"rendered":"https:\/\/larevistadigital.com.ar\/blog\/?p=44457"},"modified":"2026-03-10T23:21:52","modified_gmt":"2026-03-11T02:21:52","slug":"chascomus-la-mesa-de-zoonosis-analizo-medidas-preventivas-ante-la-deteccion-de-gripe-aviar","status":"publish","type":"post","link":"https:\/\/larevistadigital.com.ar\/blog\/chascomus-la-mesa-de-zoonosis-analizo-medidas-preventivas-ante-la-deteccion-de-gripe-aviar\/","title":{"rendered":"Chascom\u00fas: La Mesa de Zoonosis analiz\u00f3 medidas preventivas ante la detecci\u00f3n de gripe aviar"},"content":{"rendered":"<h3 class=\"excerpt\">Autoridades sanitarias evaluaron la situaci\u00f3n local y reforzaron recomendaciones para la cr\u00eda de aves de traspatio.<\/h3>\n<p>10 de marzo de 2026<\/p>\n<div id=\"miDiv1\" class=\"text\">\n<p><strong>CHASCOM\u00daS &#8211;<\/strong>\u00a0 \u00a0Este lunes, se llev\u00f3 a cabo una reuni\u00f3n de la Mesa Interinstitucional de Zoonosis con el fin de realizar un seguimiento de la situaci\u00f3n sanitaria local y coordinar medidas preventivas tras la detecci\u00f3n de un peque\u00f1o grupo de aves infectadas con influenza aviar la semana pasada.<\/p>\n<blockquote>\n<h3>Los ejemplares pertenecen a un n\u00famero reducido de aves de traspatio en una quinta privada que no se dedica a la comercializaci\u00f3n.<\/h3>\n<\/blockquote>\n<p>Participaron del encuentro la secretaria de Salud P\u00fablica, <strong>Marcela Arias<\/strong>; el secretario de Hacienda y Producci\u00f3n, <strong>Marcelo Teileche<\/strong>; la directora de Bromatolog\u00eda, <strong>Julia Francese<\/strong>; la responsable del \u00e1rea de Epidemiolog\u00eda, <strong>Eugenia Donato<\/strong>; el referente del SENASA (Servicio Nacional de Sanidad y Calidad Agroalimentaria), <strong>\u00c1ngel Ortega<\/strong>; y representantes de las \u00e1reas municipales de Habilitaciones y Producci\u00f3n.<\/p>\n<blockquote>\n<h3>Durante la reuni\u00f3n se analiz\u00f3 la situaci\u00f3n epidemiol\u00f3gica en el distrito y la regi\u00f3n, donde tambi\u00e9n se registraron casos en la localidad de Ranchos. Desde el \u00e1rea de Epidemiolog\u00eda municipal se indic\u00f3 que se tom\u00f3 contacto con las personas involucradas para brindar acompa\u00f1amiento y recomendaciones sanitarias.<\/h3>\n<\/blockquote>\n<p>Las autoridades coincidieron en la necesidad de <strong>reforzar las medidas de prevenci\u00f3n en establecimientos dedicados a la cr\u00eda y comercializaci\u00f3n av\u00edcola, as\u00ed como tambi\u00e9n entre vecinos que poseen aves de traspatio para consumo personal.<\/strong><\/p>\n<blockquote>\n<h3>En ese sentido, recordaron que la normativa vigente establece que la tenencia domiciliaria no debe superar los 15 ejemplares. En caso de exceder ese n\u00famero, la actividad se considera comercial y requiere contar con las habilitaciones correspondientes, en sectores fuera del radio urbano.<\/h3>\n<\/blockquote>\n<p>Adem\u00e1s, se recomienda mantener las aves en espacios protegidos con mallas o alambrados antip\u00e1jaros para evitar el contacto con aves silvestres y prevenir posibles contagios.<\/p>\n<blockquote>\n<h3>La influenza aviar es una enfermedad altamente contagiosa entre aves y est\u00e1 considerada una zoonosis, es decir, una enfermedad que puede transmitirse de animales a humanos, aunque de manera espor\u00e1dica.<\/h3>\n<\/blockquote>\n<p>La transmisi\u00f3n entre los animales de corral se produce principalmente por v\u00eda oral\u2013fecal, mientras que en humanos puede darse por la manipulaci\u00f3n de ejemplares infectados o el contacto con secreciones.<\/p>\n<blockquote>\n<h3><span style=\"color: #ff0000\">No obstante, se aclar\u00f3 que la enfermedad no se transmite a las personas a trav\u00e9s del consumo de carne aviar ni de subproductos como los huevos.<\/span><\/h3>\n<\/blockquote>\n<p>Entre los s\u00edntomas que pueden presentar las aves se encuentran erizamiento de plumas, elevada mortalidad, tos, secreci\u00f3n nasal, temblores, hinchaz\u00f3n de la cabeza y la cara, disminuci\u00f3n en la producci\u00f3n de huevos y reducci\u00f3n en la ingesta de agua y alimentos. En caso de detectar estos indicios, se debe consultar a un veterinario de confianza.<\/p>\n<p>Las autoridades sanitarias tambi\u00e9n difundieron recomendaciones para la comunidad, entre ellas evitar el contacto con animales enfermos o muertos, no manipular fauna silvestre y evitar tocar superficies que puedan estar contaminadas con secreciones o heces.<\/p>\n<blockquote>\n<h3>Para quienes poseen aves de traspatio, se aconseja mantenerlas en espacios protegidos, utilizar ropa exclusiva para su cuidado, desinfectar peri\u00f3dicamente las instalaciones y evitar que animales externos accedan a las fuentes de agua y alimento.<\/h3>\n<\/blockquote>\n<p>Desde la Secretar\u00eda de Salud P\u00fablica se continuar\u00e1 el monitoreo de la situaci\u00f3n y se brindar\u00e1n actualizaciones a la comunidad en caso de ser necesario.<\/p>\n<p>Asimismo, se indic\u00f3 que no existe una vacuna espec\u00edfica contra la influenza aviar. No obstante, quienes est\u00e9n en contacto con aves de corral ser\u00e1n incluidos en la campa\u00f1a antigripal gratuita que comienza esta semana y se aplicar\u00e1 desde el mi\u00e9rcoles 25 de marzo en el Vacunatorio del Hospital Municipal.<\/p>\n<\/div>\n","protected":false},"excerpt":{"rendered":"<div class=\"mh-excerpt\"><p>Autoridades sanitarias evaluaron la situaci\u00f3n local y reforzaron recomendaciones para la cr\u00eda de aves de traspatio. 10 de marzo de 2026 CHASCOM\u00daS &#8211;\u00a0 \u00a0Este lunes, se llev\u00f3 a cabo una reuni\u00f3n de la Mesa Interinstitucional <a class=\"mh-excerpt-more\" href=\"https:\/\/larevistadigital.com.ar\/blog\/chascomus-la-mesa-de-zoonosis-analizo-medidas-preventivas-ante-la-deteccion-de-gripe-aviar\/\" title=\"Chascom\u00fas: La Mesa de Zoonosis analiz\u00f3 medidas preventivas ante la detecci\u00f3n de gripe aviar\">[Leer M\u00e1s]<\/a><\/p>\n<\/div>","protected":false},"author":3,"featured_media":44458,"comment_status":"open","ping_status":"open","sticky":false,"template":"","format":"standard","meta":{"_jetpack_memberships_contains_paid_content":false,"footnotes":"","jetpack_publicize_message":"","jetpack_publicize_feature_enabled":true,"jetpack_social_post_already_shared":true,"jetpack_social_options":{"image_generator_settings":{"template":"highway","default_image_id":0,"font":"","enabled":false},"version":2}},"categories":[41],"tags":[],"class_list":{"0":"post-44457","1":"post","2":"type-post","3":"status-publish","4":"format-standard","5":"has-post-thumbnail","7":"category-destacadas"},"jetpack_publicize_connections":[],"jetpack_featured_media_url":"https:\/\/i0.wp.com\/larevistadigital.com.ar\/blog\/wp-content\/uploads\/69b053ec7ea56.png?fit=668%2C445&ssl=1","jetpack_sharing_enabled":true,"jetpack_shortlink":"https:\/\/wp.me\/p8qtrQ-bz3","jetpack-related-posts":[{"id":44336,"url":"https:\/\/larevistadigital.com.ar\/blog\/fueron-detectadas-en-chascomus-aves-con-gripe-aviar\/","url_meta":{"origin":44457,"position":0},"title":"Fueron detectadas en Chascom\u00fas aves con gripe aviar","author":"Alejandro Sosa Ruda","date":"5 marzo, 2026","format":false,"excerpt":"La Secretar\u00eda de Salud P\u00fablica municipal recibi\u00f3 la confirmaci\u00f3n diagn\u00f3stica sobre el primer caso local de influenza aviar. 05 de marzo de 2026 CHASCOM\u00daS -\u00a0 \u00a0Autoridades del SENASA (Servicio Nacional de Sanidad y Calidad Agroalimentaria) y la responsable de Epidemiologia de la regi\u00f3n Sanitaria XI confirmaron un caso de influenza\u2026","rel":"","context":"En \u00abINTERES GENERAL\u00bb","block_context":{"text":"INTERES GENERAL","link":"https:\/\/larevistadigital.com.ar\/blog\/category\/interes-general\/"},"img":{"alt_text":"","src":"https:\/\/i0.wp.com\/larevistadigital.com.ar\/blog\/wp-content\/uploads\/69a9c33ed2edc.png?fit=668%2C445&ssl=1&resize=350%2C200","width":350,"height":200,"srcset":"https:\/\/i0.wp.com\/larevistadigital.com.ar\/blog\/wp-content\/uploads\/69a9c33ed2edc.png?fit=668%2C445&ssl=1&resize=350%2C200 1x, https:\/\/i0.wp.com\/larevistadigital.com.ar\/blog\/wp-content\/uploads\/69a9c33ed2edc.png?fit=668%2C445&ssl=1&resize=525%2C300 1.5x"},"classes":[]},{"id":44351,"url":"https:\/\/larevistadigital.com.ar\/blog\/luego-de-ranchos-y-chascomus-detectan-un-caso-de-gripe-aviar-en-mar-del-plata-y-activan-medidas-sanitarias\/","url_meta":{"origin":44457,"position":1},"title":"Luego de Ranchos y Chascom\u00fas, detectan un caso de gripe aviar en Mar del Plata y activan medidas sanitarias","author":"Alejandro Sosa Ruda","date":"6 marzo, 2026","format":false,"excerpt":"El caso confirmado en Mar del Plata se suma a los focos detectados recientemente en Ranchos y Chascom\u00fas. El virus comenzar\u00eda a mostrar una expansi\u00f3n en la regi\u00f3n. 06 de Marzo de 2026 MAR DEL PLATA\u00a0 -\u00a0 \u00a0Un nuevo caso de influenza aviar altamente pat\u00f3gena (IAAP) H5 fue confirmado en\u2026","rel":"","context":"En \u00abDESTACADAS\u00bb","block_context":{"text":"DESTACADAS","link":"https:\/\/larevistadigital.com.ar\/blog\/category\/destacadas\/"},"img":{"alt_text":"","src":"https:\/\/i0.wp.com\/larevistadigital.com.ar\/blog\/wp-content\/uploads\/Captura-de-pantalla-2026-03-06-125609.jpg?fit=818%2C426&ssl=1&resize=350%2C200","width":350,"height":200,"srcset":"https:\/\/i0.wp.com\/larevistadigital.com.ar\/blog\/wp-content\/uploads\/Captura-de-pantalla-2026-03-06-125609.jpg?fit=818%2C426&ssl=1&resize=350%2C200 1x, https:\/\/i0.wp.com\/larevistadigital.com.ar\/blog\/wp-content\/uploads\/Captura-de-pantalla-2026-03-06-125609.jpg?fit=818%2C426&ssl=1&resize=525%2C300 1.5x, https:\/\/i0.wp.com\/larevistadigital.com.ar\/blog\/wp-content\/uploads\/Captura-de-pantalla-2026-03-06-125609.jpg?fit=818%2C426&ssl=1&resize=700%2C400 2x"},"classes":[]},{"id":30441,"url":"https:\/\/larevistadigital.com.ar\/blog\/detectan-el-primer-caso-de-gripe-aviar-en-mar-del-plata\/","url_meta":{"origin":44457,"position":2},"title":"DETECTAN EL PRIMER CASO DE GRIPE AVIAR EN MAR DEL PLATA","author":"Alejandro Sosa Ruda","date":"7 marzo, 2023","format":false,"excerpt":"Lo confirm\u00f3 el Senasa al informar los an\u00e1lisis diagnosticados por su laboratorio nacional a muestras enviadas desde las distintas provincias. 7 de marzo de 2023 MAR DEL PLATA -\u00a0 El Servicio Nacional de Sanidad y Calidad Agroalimentaria (Senasa) confirm\u00f3 tres casos positivos de influenza aviar (IA) H5, 2 en aves\u2026","rel":"","context":"En \u00abREGIONALES\u00bb","block_context":{"text":"REGIONALES","link":"https:\/\/larevistadigital.com.ar\/blog\/category\/regionales\/"},"img":{"alt_text":"","src":"https:\/\/i0.wp.com\/larevistadigital.com.ar\/blog\/wp-content\/uploads\/gallinitas.jpg?fit=700%2C524&ssl=1&resize=350%2C200","width":350,"height":200,"srcset":"https:\/\/i0.wp.com\/larevistadigital.com.ar\/blog\/wp-content\/uploads\/gallinitas.jpg?fit=700%2C524&ssl=1&resize=350%2C200 1x, https:\/\/i0.wp.com\/larevistadigital.com.ar\/blog\/wp-content\/uploads\/gallinitas.jpg?fit=700%2C524&ssl=1&resize=525%2C300 1.5x, https:\/\/i0.wp.com\/larevistadigital.com.ar\/blog\/wp-content\/uploads\/gallinitas.jpg?fit=700%2C524&ssl=1&resize=700%2C400 2x"},"classes":[]},{"id":44166,"url":"https:\/\/larevistadigital.com.ar\/blog\/detectan-influenza-aviar-en-ranchos-y-se-suspenden-exportaciones-de-carne-de-pollo\/","url_meta":{"origin":44457,"position":3},"title":"Detectan influenza aviar en Ranchos y se suspenden exportaciones de carne de pollo","author":"Alejandro Sosa Ruda","date":"24 febrero, 2026","format":false,"excerpt":"El Senasa confirm\u00f3 un caso de IAAP H5 en aves reproductoras en General Paz y activ\u00f3 el protocolo sanitario. Se cerraron temporalmente mercados que exigen estatus de pa\u00eds libre de la enfermedad. 24 de febrero de 2026 La confirmaci\u00f3n de un nuevo caso de influenza aviar altamente pat\u00f3gena (IAAP) H5\u2026","rel":"","context":"En \u00abREGIONALES\u00bb","block_context":{"text":"REGIONALES","link":"https:\/\/larevistadigital.com.ar\/blog\/category\/regionales\/"},"img":{"alt_text":"","src":"https:\/\/i0.wp.com\/larevistadigital.com.ar\/blog\/wp-content\/uploads\/Captura-de-pantalla-2026-02-24-204734.jpg?fit=719%2C402&ssl=1&resize=350%2C200","width":350,"height":200,"srcset":"https:\/\/i0.wp.com\/larevistadigital.com.ar\/blog\/wp-content\/uploads\/Captura-de-pantalla-2026-02-24-204734.jpg?fit=719%2C402&ssl=1&resize=350%2C200 1x, https:\/\/i0.wp.com\/larevistadigital.com.ar\/blog\/wp-content\/uploads\/Captura-de-pantalla-2026-02-24-204734.jpg?fit=719%2C402&ssl=1&resize=525%2C300 1.5x, https:\/\/i0.wp.com\/larevistadigital.com.ar\/blog\/wp-content\/uploads\/Captura-de-pantalla-2026-02-24-204734.jpg?fit=719%2C402&ssl=1&resize=700%2C400 2x"},"classes":[]},{"id":44178,"url":"https:\/\/larevistadigital.com.ar\/blog\/brote-de-gripe-aviar-en-ranchos-eliminaron-30-000-aves-y-activaron-un-protocolo-de-60-dias\/","url_meta":{"origin":44457,"position":4},"title":"Brote de gripe aviar en Ranchos: eliminaron 30.000 aves y activaron un protocolo de 60 d\u00edas","author":"Alejandro Sosa Ruda","date":"27 febrero, 2026","format":false,"excerpt":"El secretario de Producci\u00f3n de General Paz confirm\u00f3 que el foco se detect\u00f3 por mortandad reiterada en una \u201cgranja de madres\u201d. No hay contagios humanos y el consumo de pollo y huevos es seguro. 27 de febrero de 2026 \u00a0Tras la detecci\u00f3n de un brote de influenza aviar en un\u2026","rel":"","context":"En \u00abREGIONALES\u00bb","block_context":{"text":"REGIONALES","link":"https:\/\/larevistadigital.com.ar\/blog\/category\/regionales\/"},"img":{"alt_text":"","src":"https:\/\/i0.wp.com\/larevistadigital.com.ar\/blog\/wp-content\/uploads\/Captura-de-pantalla-2026-02-27-020536.jpg?fit=893%2C540&ssl=1&resize=350%2C200","width":350,"height":200,"srcset":"https:\/\/i0.wp.com\/larevistadigital.com.ar\/blog\/wp-content\/uploads\/Captura-de-pantalla-2026-02-27-020536.jpg?fit=893%2C540&ssl=1&resize=350%2C200 1x, https:\/\/i0.wp.com\/larevistadigital.com.ar\/blog\/wp-content\/uploads\/Captura-de-pantalla-2026-02-27-020536.jpg?fit=893%2C540&ssl=1&resize=525%2C300 1.5x, https:\/\/i0.wp.com\/larevistadigital.com.ar\/blog\/wp-content\/uploads\/Captura-de-pantalla-2026-02-27-020536.jpg?fit=893%2C540&ssl=1&resize=700%2C400 2x"},"classes":[]},{"id":33106,"url":"https:\/\/larevistadigital.com.ar\/blog\/ya-son-mas-de-cien-los-lobos-marinos-muertos-por-gripe-aviar-en-la-costa\/","url_meta":{"origin":44457,"position":5},"title":"YA SON M\u00c1S DE CIEN LOS LOBOS MARINOS MUERTOS POR GRIPE AVIAR EN LA COSTA","author":"Alejandro Sosa Ruda","date":"29 agosto, 2023","format":false,"excerpt":"Se brindaron recomendaciones a la comunidad, por los casos confirmados de \"gripe aviar\". 29 de agosto de 2023 A medida que transcurren los d\u00edas, se constata un aumento en el n\u00famero de lobos marinos fallecidos en la Costa Atl\u00e1ntica debido a la gripe aviar, lo cual ha impulsado a emitir\u2026","rel":"","context":"En \u00abREGIONALES\u00bb","block_context":{"text":"REGIONALES","link":"https:\/\/larevistadigital.com.ar\/blog\/category\/regionales\/"},"img":{"alt_text":"","src":"https:\/\/i0.wp.com\/larevistadigital.com.ar\/blog\/wp-content\/uploads\/11ad56a6c439aabfc4a0d4437629a3eb916ae13d.jpg?fit=1140%2C719&ssl=1&resize=350%2C200","width":350,"height":200,"srcset":"https:\/\/i0.wp.com\/larevistadigital.com.ar\/blog\/wp-content\/uploads\/11ad56a6c439aabfc4a0d4437629a3eb916ae13d.jpg?fit=1140%2C719&ssl=1&resize=350%2C200 1x, https:\/\/i0.wp.com\/larevistadigital.com.ar\/blog\/wp-content\/uploads\/11ad56a6c439aabfc4a0d4437629a3eb916ae13d.jpg?fit=1140%2C719&ssl=1&resize=525%2C300 1.5x, https:\/\/i0.wp.com\/larevistadigital.com.ar\/blog\/wp-content\/uploads\/11ad56a6c439aabfc4a0d4437629a3eb916ae13d.jpg?fit=1140%2C719&ssl=1&resize=700%2C400 2x, https:\/\/i0.wp.com\/larevistadigital.com.ar\/blog\/wp-content\/uploads\/11ad56a6c439aabfc4a0d4437629a3eb916ae13d.jpg?fit=1140%2C719&ssl=1&resize=1050%2C600 3x"},"classes":[]}],"_links":{"self":[{"href":"https:\/\/larevistadigital.com.ar\/blog\/wp-json\/wp\/v2\/posts\/44457","targetHints":{"allow":["GET"]}}],"collection":[{"href":"https:\/\/larevistadigital.com.ar\/blog\/wp-json\/wp\/v2\/posts"}],"about":[{"href":"https:\/\/larevistadigital.com.ar\/blog\/wp-json\/wp\/v2\/types\/post"}],"author":[{"embeddable":true,"href":"https:\/\/larevistadigital.com.ar\/blog\/wp-json\/wp\/v2\/users\/3"}],"replies":[{"embeddable":true,"href":"https:\/\/larevistadigital.com.ar\/blog\/wp-json\/wp\/v2\/comments?post=44457"}],"version-history":[{"count":1,"href":"https:\/\/larevistadigital.com.ar\/blog\/wp-json\/wp\/v2\/posts\/44457\/revisions"}],"predecessor-version":[{"id":44459,"href":"https:\/\/larevistadigital.com.ar\/blog\/wp-json\/wp\/v2\/posts\/44457\/revisions\/44459"}],"wp:featuredmedia":[{"embeddable":true,"href":"https:\/\/larevistadigital.com.ar\/blog\/wp-json\/wp\/v2\/media\/44458"}],"wp:attachment":[{"href":"https:\/\/larevistadigital.com.ar\/blog\/wp-json\/wp\/v2\/media?parent=44457"}],"wp:term":[{"taxonomy":"category","embeddable":true,"href":"https:\/\/larevistadigital.com.ar\/blog\/wp-json\/wp\/v2\/categories?post=44457"},{"taxonomy":"post_tag","embeddable":true,"href":"https:\/\/larevistadigital.com.ar\/blog\/wp-json\/wp\/v2\/tags?post=44457"}],"curies":[{"name":"wp","href":"https:\/\/api.w.org\/{rel}","templated":true}]}}