{"id":44463,"date":"2026-03-10T23:41:40","date_gmt":"2026-03-11T02:41:40","guid":{"rendered":"https:\/\/larevistadigital.com.ar\/blog\/?p=44463"},"modified":"2026-03-10T23:41:40","modified_gmt":"2026-03-11T02:41:40","slug":"chascomus-comienza-la-campana-de-vacunacion-antigripal","status":"publish","type":"post","link":"https:\/\/larevistadigital.com.ar\/blog\/chascomus-comienza-la-campana-de-vacunacion-antigripal\/","title":{"rendered":"Chascom\u00fas: Comienza la campa\u00f1a de vacunaci\u00f3n antigripal"},"content":{"rendered":"<h3 class=\"excerpt\">Se implementar\u00e1 en dos etapas dando prioridad a personas con mayor riesgo de contraer la enfermedad.<\/h3>\n<p>10 de marzo de 2026<\/p>\n<div id=\"miDiv1\" class=\"text\">\n<p><strong>CHASCOM\u00daS &#8211;<\/strong>\u00a0 \u00a0Este mi\u00e9rcoles comienza la campa\u00f1a anual de vacunaci\u00f3n antigripal promovida desde el gobierno provincial. La inmunizaci\u00f3n tiene por objetivo reducir las complicaciones, secuelas y muertes ocasionadas por el virus influenza, fundamentalmente en la poblaci\u00f3n de riesgo.<\/p>\n<p>De acuerdo con el calendario nacional de vacunaci\u00f3n, la aplicaci\u00f3n es gratuita y obligatoria, no requiere de orden m\u00e9dica y se puede aplicar junto a otras vacunas.<\/p>\n<blockquote>\n<h3>Los interesados deber\u00e1n acercarse, sin turno previo, al Vacunatorio ubicado en el Hospital Municipal San Vicente de Paul, de lunes a viernes en el horario de 8 a 15 hs.<\/h3>\n<\/blockquote>\n<p>La campa\u00f1a se realizar\u00e1 en dos etapas, de acuerdo al siguiente cronograma:<\/p>\n<p>Etapa 1, a partir del mi\u00e9rcoles 11 de marzo:<\/p>\n<p>-Personal de salud<\/p>\n<p>-Personas mayores de 65 a\u00f1os de edad.<\/p>\n<p>Etapa 2, a partir del mi\u00e9rcoles 25 de marzo:<\/p>\n<p>-Embarazadas (en cualquier trimestre)<\/p>\n<p>-Personas pu\u00e9rperas (dentro de los 10 d\u00edas posteriores al parto, preferentemente antes del egreso de la maternidad)<\/p>\n<p>-Ni\u00f1os entre 2 meses y 6 a\u00f1os de edad<\/p>\n<p>-Personas de 2 a 64 a\u00f1os con factores de riesgo<\/p>\n<p>-Personal estrat\u00e9gico<\/p>\n<p>-Personas en contacto con aves de corral (nuevo grupo por casos de influenza aviar)<\/p>\n<\/div>\n","protected":false},"excerpt":{"rendered":"<div class=\"mh-excerpt\"><p>Se implementar\u00e1 en dos etapas dando prioridad a personas con mayor riesgo de contraer la enfermedad. 10 de marzo de 2026 CHASCOM\u00daS &#8211;\u00a0 \u00a0Este mi\u00e9rcoles comienza la campa\u00f1a anual de vacunaci\u00f3n antigripal promovida desde el <a class=\"mh-excerpt-more\" href=\"https:\/\/larevistadigital.com.ar\/blog\/chascomus-comienza-la-campana-de-vacunacion-antigripal\/\" title=\"Chascom\u00fas: Comienza la campa\u00f1a de vacunaci\u00f3n antigripal\">[Leer M\u00e1s]<\/a><\/p>\n<\/div>","protected":false},"author":3,"featured_media":44464,"comment_status":"open","ping_status":"open","sticky":false,"template":"","format":"standard","meta":{"_jetpack_memberships_contains_paid_content":false,"footnotes":"","jetpack_publicize_message":"","jetpack_publicize_feature_enabled":true,"jetpack_social_post_already_shared":true,"jetpack_social_options":{"image_generator_settings":{"template":"highway","default_image_id":0,"font":"","enabled":false},"version":2}},"categories":[6],"tags":[],"class_list":{"0":"post-44463","1":"post","2":"type-post","3":"status-publish","4":"format-standard","5":"has-post-thumbnail","7":"category-chascomus"},"jetpack_publicize_connections":[],"jetpack_featured_media_url":"https:\/\/i0.wp.com\/larevistadigital.com.ar\/blog\/wp-content\/uploads\/69b0534e1ddfe.png?fit=668%2C445&ssl=1","jetpack_sharing_enabled":true,"jetpack_shortlink":"https:\/\/wp.me\/p8qtrQ-bz9","jetpack-related-posts":[{"id":35790,"url":"https:\/\/larevistadigital.com.ar\/blog\/comenzo-la-campana-de-vacunacion-antigripal-2024-2\/","url_meta":{"origin":44463,"position":0},"title":"COMENZ\u00d3 LA CAMPA\u00d1A DE VACUNACI\u00d3N ANTIGRIPAL 2024","author":"Alejandro Sosa Ruda","date":"9 abril, 2024","format":false,"excerpt":"Para una mejor organizaci\u00f3n, se habilitar\u00e1n dos sedes simult\u00e1neas de aplicaci\u00f3n . 9 de abril de 2024 CHASCOM\u00daS -\u00a0 Este lunes se inici\u00f3 la inoculaci\u00f3n de la vacuna antigripal para los grupos de riesgo, luego de haberse completado la inmunizaci\u00f3n para el personal de salud. Se administra de manera gratuita\u2026","rel":"","context":"En \u00abCHASCOM\u00daS\u00bb","block_context":{"text":"CHASCOM\u00daS","link":"https:\/\/larevistadigital.com.ar\/blog\/category\/chascomus\/"},"img":{"alt_text":"","src":"https:\/\/i0.wp.com\/larevistadigital.com.ar\/blog\/wp-content\/uploads\/2024_04_09_00_52_46_7413260.jpg?fit=600%2C400&ssl=1&resize=350%2C200","width":350,"height":200,"srcset":"https:\/\/i0.wp.com\/larevistadigital.com.ar\/blog\/wp-content\/uploads\/2024_04_09_00_52_46_7413260.jpg?fit=600%2C400&ssl=1&resize=350%2C200 1x, https:\/\/i0.wp.com\/larevistadigital.com.ar\/blog\/wp-content\/uploads\/2024_04_09_00_52_46_7413260.jpg?fit=600%2C400&ssl=1&resize=525%2C300 1.5x"},"classes":[]},{"id":39112,"url":"https:\/\/larevistadigital.com.ar\/blog\/la-provincia-comienza-a-aplicar-la-vacuna-antigripal-a-mayores-de-65\/","url_meta":{"origin":44463,"position":1},"title":"La Provincia comienza a aplicar la vacuna antigripal a mayores de 65","author":"Alejandro Sosa Ruda","date":"24 marzo, 2025","format":false,"excerpt":"La primera etapa est\u00e1 dirigida tambi\u00e9n al personal de salud. A partir del 7 de abril, se ampliar\u00e1 la convocatoria para todos los grupos poblacionales de riesgo. 24 de Marzo de 2025 BUENOS AIRES -\u00a0 El ministerio de Salud de la Provincia pone en marcha la Campa\u00f1a Nacional de Vacunaci\u00f3n\u2026","rel":"","context":"En \u00abREGIONALES\u00bb","block_context":{"text":"REGIONALES","link":"https:\/\/larevistadigital.com.ar\/blog\/category\/regionales\/"},"img":{"alt_text":"","src":"https:\/\/i0.wp.com\/larevistadigital.com.ar\/blog\/wp-content\/uploads\/vacuna-antigripal.jpg?fit=700%2C467&ssl=1&resize=350%2C200","width":350,"height":200,"srcset":"https:\/\/i0.wp.com\/larevistadigital.com.ar\/blog\/wp-content\/uploads\/vacuna-antigripal.jpg?fit=700%2C467&ssl=1&resize=350%2C200 1x, https:\/\/i0.wp.com\/larevistadigital.com.ar\/blog\/wp-content\/uploads\/vacuna-antigripal.jpg?fit=700%2C467&ssl=1&resize=525%2C300 1.5x, https:\/\/i0.wp.com\/larevistadigital.com.ar\/blog\/wp-content\/uploads\/vacuna-antigripal.jpg?fit=700%2C467&ssl=1&resize=700%2C400 2x"},"classes":[]},{"id":35672,"url":"https:\/\/larevistadigital.com.ar\/blog\/comenzo-la-campana-de-vacunacion-antigripal-2024\/","url_meta":{"origin":44463,"position":2},"title":"COMENZ\u00d3 LA CAMPA\u00d1A DE VACUNACI\u00d3N ANTIGRIPAL 2024","author":"Alejandro Sosa Ruda","date":"23 marzo, 2024","format":false,"excerpt":"La vacunaci\u00f3n antigripal estar\u00e1 disponible desde el 21 de marzo y estar\u00e1 disponible en todos los vacunatorios de la Provincia de Buenos Aires. 23 de marzo de 2024 BUENOS AIRES -\u00a0 Desde el 21 de marzo, la vacuna antigripal est\u00e1 disponible y su aplicaci\u00f3n gratuita se realizar\u00e1 en forma escalonada,\u2026","rel":"","context":"En \u00abPOLITICA PROVINCIAL\u00bb","block_context":{"text":"POLITICA PROVINCIAL","link":"https:\/\/larevistadigital.com.ar\/blog\/category\/politica\/politica-provincial\/"},"img":{"alt_text":"","src":"https:\/\/i0.wp.com\/larevistadigital.com.ar\/blog\/wp-content\/uploads\/Captura-de-pantalla-2024-03-23-115147.png?fit=800%2C256&ssl=1&resize=350%2C200","width":350,"height":200,"srcset":"https:\/\/i0.wp.com\/larevistadigital.com.ar\/blog\/wp-content\/uploads\/Captura-de-pantalla-2024-03-23-115147.png?fit=800%2C256&ssl=1&resize=350%2C200 1x, https:\/\/i0.wp.com\/larevistadigital.com.ar\/blog\/wp-content\/uploads\/Captura-de-pantalla-2024-03-23-115147.png?fit=800%2C256&ssl=1&resize=525%2C300 1.5x, https:\/\/i0.wp.com\/larevistadigital.com.ar\/blog\/wp-content\/uploads\/Captura-de-pantalla-2024-03-23-115147.png?fit=800%2C256&ssl=1&resize=700%2C400 2x"},"classes":[]},{"id":41374,"url":"https:\/\/larevistadigital.com.ar\/blog\/chascomus-te-informamos-en-detalle-sobre-la-campana-de-vacunacion-en-los-barrios\/","url_meta":{"origin":44463,"position":3},"title":"Chascom\u00fas: Te informamos en detalle sobre la campa\u00f1a de vacunaci\u00f3n en los barrios","author":"Alejandro Sosa Ruda","date":"10 septiembre, 2025","format":false,"excerpt":"Una nueva oportunidad para completar el calendario obligatorio para ni\u00f1os, adolescentes y adultos. 10 de Septiembre de 20254 CHASCOM\u00daS\u00a0 -\u00a0 \u00a0La campa\u00f1a de vacunaci\u00f3n masiva contin\u00faa en distintos Centros de Atenci\u00f3n Primaria, con el prop\u00f3sito de facilitar el acceso para que vecinos y vecinas completen el esquema obligatorio, fundamentalmente, ni\u00f1os\u2026","rel":"","context":"En \u00abCHASCOM\u00daS\u00bb","block_context":{"text":"CHASCOM\u00daS","link":"https:\/\/larevistadigital.com.ar\/blog\/category\/chascomus\/"},"img":{"alt_text":"","src":"https:\/\/i0.wp.com\/larevistadigital.com.ar\/blog\/wp-content\/uploads\/68c1a96eb024c.png?fit=668%2C445&ssl=1&resize=350%2C200","width":350,"height":200,"srcset":"https:\/\/i0.wp.com\/larevistadigital.com.ar\/blog\/wp-content\/uploads\/68c1a96eb024c.png?fit=668%2C445&ssl=1&resize=350%2C200 1x, https:\/\/i0.wp.com\/larevistadigital.com.ar\/blog\/wp-content\/uploads\/68c1a96eb024c.png?fit=668%2C445&ssl=1&resize=525%2C300 1.5x"},"classes":[]},{"id":20342,"url":"https:\/\/larevistadigital.com.ar\/blog\/chascomus-farmacias-con-vacunas-antigripales-para-afiliados-a-pami-con-turnos-asignados\/","url_meta":{"origin":44463,"position":4},"title":"CHASCOM\u00daS: FARMACIAS CON VACUNAS ANTIGRIPALES PARA AFILIADOS A PAMI CON TURNOS ASIGNADOS","author":"Alejandro Sosa Ruda","date":"18 mayo, 2021","format":false,"excerpt":"CHASCOM\u00daS - El Colegio de Farmac\u00e9uticos de Chascom\u00fas informa que las farmacias Batastini, Chascom\u00fas, Belgrano, Puyssegur, Malena, Del Norte y Farmasur ya tienen vacunas antigripales para afiliados de PAMI con turno asignado. Vale recordar que los turnos de vacunaci\u00f3n no se solicitan m\u00e1s en las farmacias, debiendo hacerlo en el\u2026","rel":"","context":"En \u00abDESTACADAS\u00bb","block_context":{"text":"DESTACADAS","link":"https:\/\/larevistadigital.com.ar\/blog\/category\/destacadas\/"},"img":{"alt_text":"","src":"https:\/\/i0.wp.com\/larevistadigital.com.ar\/blog\/wp-content\/uploads\/WhatsApp-Image-2021-05-18-at-11.35.03.jpeg?fit=800%2C800&ssl=1&resize=350%2C200","width":350,"height":200,"srcset":"https:\/\/i0.wp.com\/larevistadigital.com.ar\/blog\/wp-content\/uploads\/WhatsApp-Image-2021-05-18-at-11.35.03.jpeg?fit=800%2C800&ssl=1&resize=350%2C200 1x, https:\/\/i0.wp.com\/larevistadigital.com.ar\/blog\/wp-content\/uploads\/WhatsApp-Image-2021-05-18-at-11.35.03.jpeg?fit=800%2C800&ssl=1&resize=525%2C300 1.5x, https:\/\/i0.wp.com\/larevistadigital.com.ar\/blog\/wp-content\/uploads\/WhatsApp-Image-2021-05-18-at-11.35.03.jpeg?fit=800%2C800&ssl=1&resize=700%2C400 2x"},"classes":[]},{"id":40105,"url":"https:\/\/larevistadigital.com.ar\/blog\/enfermedades-respiratorias-prevencion-y-cuidados\/","url_meta":{"origin":44463,"position":5},"title":"Enfermedades respiratorias: Prevenci\u00f3n y cuidados","author":"Alejandro Sosa Ruda","date":"14 junio, 2025","format":false,"excerpt":"Con la baja de las temperaturas ante el inminente comienzo del invierno crece el riesgo de contraer estas enfermedades. 14 de Junio de 2025 CHASCOM\u00daS\u00a0 -\u00a0 Con el cambio de estaci\u00f3n y el descenso de las temperaturas t\u00edpico de la proximidad del per\u00edodo invernal, aumenta la circulaci\u00f3n de virus tipo\u2026","rel":"","context":"En \u00abINTERES GENERAL\u00bb","block_context":{"text":"INTERES GENERAL","link":"https:\/\/larevistadigital.com.ar\/blog\/category\/interes-general\/"},"img":{"alt_text":"","src":"https:\/\/i0.wp.com\/larevistadigital.com.ar\/blog\/wp-content\/uploads\/684c65d0427f4.png?fit=668%2C445&ssl=1&resize=350%2C200","width":350,"height":200,"srcset":"https:\/\/i0.wp.com\/larevistadigital.com.ar\/blog\/wp-content\/uploads\/684c65d0427f4.png?fit=668%2C445&ssl=1&resize=350%2C200 1x, https:\/\/i0.wp.com\/larevistadigital.com.ar\/blog\/wp-content\/uploads\/684c65d0427f4.png?fit=668%2C445&ssl=1&resize=525%2C300 1.5x"},"classes":[]}],"_links":{"self":[{"href":"https:\/\/larevistadigital.com.ar\/blog\/wp-json\/wp\/v2\/posts\/44463","targetHints":{"allow":["GET"]}}],"collection":[{"href":"https:\/\/larevistadigital.com.ar\/blog\/wp-json\/wp\/v2\/posts"}],"about":[{"href":"https:\/\/larevistadigital.com.ar\/blog\/wp-json\/wp\/v2\/types\/post"}],"author":[{"embeddable":true,"href":"https:\/\/larevistadigital.com.ar\/blog\/wp-json\/wp\/v2\/users\/3"}],"replies":[{"embeddable":true,"href":"https:\/\/larevistadigital.com.ar\/blog\/wp-json\/wp\/v2\/comments?post=44463"}],"version-history":[{"count":1,"href":"https:\/\/larevistadigital.com.ar\/blog\/wp-json\/wp\/v2\/posts\/44463\/revisions"}],"predecessor-version":[{"id":44465,"href":"https:\/\/larevistadigital.com.ar\/blog\/wp-json\/wp\/v2\/posts\/44463\/revisions\/44465"}],"wp:featuredmedia":[{"embeddable":true,"href":"https:\/\/larevistadigital.com.ar\/blog\/wp-json\/wp\/v2\/media\/44464"}],"wp:attachment":[{"href":"https:\/\/larevistadigital.com.ar\/blog\/wp-json\/wp\/v2\/media?parent=44463"}],"wp:term":[{"taxonomy":"category","embeddable":true,"href":"https:\/\/larevistadigital.com.ar\/blog\/wp-json\/wp\/v2\/categories?post=44463"},{"taxonomy":"post_tag","embeddable":true,"href":"https:\/\/larevistadigital.com.ar\/blog\/wp-json\/wp\/v2\/tags?post=44463"}],"curies":[{"name":"wp","href":"https:\/\/api.w.org\/{rel}","templated":true}]}}