{"id":44471,"date":"2026-03-12T12:06:45","date_gmt":"2026-03-12T15:06:45","guid":{"rendered":"https:\/\/larevistadigital.com.ar\/blog\/?p=44471"},"modified":"2026-03-12T12:06:45","modified_gmt":"2026-03-12T15:06:45","slug":"golpeo-al-vecino-que-le-reclamo-por-la-tala-de-un-arbol-ahora-debera-indemnizarlo-con-mas-de-cinco-millones-de-pesos","status":"publish","type":"post","link":"https:\/\/larevistadigital.com.ar\/blog\/golpeo-al-vecino-que-le-reclamo-por-la-tala-de-un-arbol-ahora-debera-indemnizarlo-con-mas-de-cinco-millones-de-pesos\/","title":{"rendered":"Golpe\u00f3 al vecino que le reclam\u00f3 por la tala de un \u00e1rbol: Ahora deber\u00e1 indemnizarlo con m\u00e1s de cinco millones de pesos"},"content":{"rendered":"<h3 data-start=\"100\" data-end=\"269\"><strong data-start=\"100\" data-end=\"269\"><span class=\"BZ_Pyq_fadeIn\">La <\/span><span class=\"BZ_Pyq_fadeIn\">agresi\u00f3n <\/span><span class=\"BZ_Pyq_fadeIn\">ocurri\u00f3 <\/span><span class=\"BZ_Pyq_fadeIn\">en <\/span><span class=\"BZ_Pyq_fadeIn\">2022 <\/span><span class=\"BZ_Pyq_fadeIn\">tras <\/span><span class=\"BZ_Pyq_fadeIn\">una <\/span><span class=\"BZ_Pyq_fadeIn\">discusi\u00f3n <\/span><span class=\"BZ_Pyq_fadeIn\">por <\/span><span class=\"BZ_Pyq_fadeIn\">la <\/span><span class=\"BZ_Pyq_fadeIn\">tala <\/span><span class=\"BZ_Pyq_fadeIn\">de <\/span><span class=\"BZ_Pyq_fadeIn\">\u00e1rboles. <\/span><span class=\"BZ_Pyq_fadeIn\">La <\/span><span class=\"BZ_Pyq_fadeIn\">Justicia <\/span><span class=\"BZ_Pyq_fadeIn\">determin\u00f3 <\/span><span class=\"BZ_Pyq_fadeIn\">que <\/span><span class=\"BZ_Pyq_fadeIn\">el <\/span><span class=\"BZ_Pyq_fadeIn\">acusado <\/span><span class=\"BZ_Pyq_fadeIn\">fue <\/span><span class=\"BZ_Pyq_fadeIn\">a <\/span><span class=\"BZ_Pyq_fadeIn\">buscar <\/span><span class=\"BZ_Pyq_fadeIn\">a <\/span><span class=\"BZ_Pyq_fadeIn\">la <\/span><span class=\"BZ_Pyq_fadeIn\">v\u00edctima <\/span><span class=\"BZ_Pyq_fadeIn\">y <\/span><span class=\"BZ_Pyq_fadeIn\">la <\/span><span class=\"BZ_Pyq_fadeIn\">atac\u00f3 <\/span><span class=\"BZ_Pyq_fadeIn\">de <\/span><span class=\"BZ_Pyq_fadeIn\">forma <\/span><span class=\"BZ_Pyq_fadeIn\">sorpresiva.<\/span><\/strong><\/h3>\n<p data-start=\"100\" data-end=\"269\">12 de marzo de 2026<\/p>\n<p data-start=\"271\" data-end=\"523\"><span class=\"BZ_Pyq_fadeIn\">Un <\/span><span class=\"BZ_Pyq_fadeIn\">hombre <\/span><span class=\"BZ_Pyq_fadeIn\">deber\u00e1 <\/span><span class=\"BZ_Pyq_fadeIn\">pagar <\/span><strong data-start=\"294\" data-end=\"328\"><span class=\"BZ_Pyq_fadeIn\">m\u00e1s <\/span><span class=\"BZ_Pyq_fadeIn\">de <\/span><span class=\"BZ_Pyq_fadeIn\">cinco <\/span><span class=\"BZ_Pyq_fadeIn\">millones <\/span><span class=\"BZ_Pyq_fadeIn\">de <\/span><span class=\"BZ_Pyq_fadeIn\">pesos<\/span><\/strong> <span class=\"BZ_Pyq_fadeIn\">tras <\/span><span class=\"BZ_Pyq_fadeIn\">ser <\/span><span class=\"BZ_Pyq_fadeIn\">condenado <\/span><span class=\"BZ_Pyq_fadeIn\">en <\/span><span class=\"BZ_Pyq_fadeIn\">una <\/span><span class=\"BZ_Pyq_fadeIn\">causa <\/span><span class=\"BZ_Pyq_fadeIn\">civil <\/span><span class=\"BZ_Pyq_fadeIn\">por <\/span><strong data-start=\"371\" data-end=\"413\"><span class=\"BZ_Pyq_fadeIn\">agredir <\/span><span class=\"BZ_Pyq_fadeIn\">a <\/span><span class=\"BZ_Pyq_fadeIn\">un <\/span><span class=\"BZ_Pyq_fadeIn\">vecino <\/span><span class=\"BZ_Pyq_fadeIn\">en <\/span><span class=\"BZ_Pyq_fadeIn\">la <\/span><span class=\"BZ_Pyq_fadeIn\">localidad <\/span><span class=\"BZ_Pyq_fadeIn\">de<\/span><\/strong> <span class=\"hover:entity-accent entity-underline inline cursor-pointer align-baseline\"><span class=\"whitespace-normal\">Sierra de los Padres<\/span><\/span><span class=\"BZ_Pyq_fadeIn\">. <\/span><span class=\"BZ_Pyq_fadeIn\">El <\/span><span class=\"BZ_Pyq_fadeIn\">fallo <\/span><span class=\"BZ_Pyq_fadeIn\">fue <\/span><span class=\"BZ_Pyq_fadeIn\">dictado <\/span><span class=\"BZ_Pyq_fadeIn\">por <\/span><span class=\"BZ_Pyq_fadeIn\">el <\/span><strong data-start=\"481\" data-end=\"522\"><span class=\"hover:entity-accent entity-underline inline cursor-pointer align-baseline\"><span class=\"whitespace-normal\">Juzgado Civil y Comercial N\u00b03 de Mar del Plata<\/span><\/span><\/strong><span class=\"BZ_Pyq_fadeIn\">.<\/span><\/p>\n<p data-start=\"525\" data-end=\"727\"><span class=\"BZ_Pyq_fadeIn\">La <\/span><span class=\"BZ_Pyq_fadeIn\">demanda <\/span><span class=\"BZ_Pyq_fadeIn\">fue <\/span><span class=\"BZ_Pyq_fadeIn\">presentada <\/span><span class=\"BZ_Pyq_fadeIn\">por <\/span><strong data-start=\"555\" data-end=\"596\"><span class=\"hover:entity-accent entity-underline inline cursor-pointer align-baseline\"><span class=\"whitespace-normal\">Luis Marcelo Climente<\/span><\/span><\/strong><span class=\"BZ_Pyq_fadeIn\">, <\/span><span class=\"BZ_Pyq_fadeIn\">quien <\/span><span class=\"BZ_Pyq_fadeIn\">acus\u00f3 <\/span><span class=\"BZ_Pyq_fadeIn\">a <\/span><strong data-start=\"612\" data-end=\"653\"><span class=\"hover:entity-accent entity-underline inline cursor-pointer align-baseline\"><span class=\"whitespace-normal\">Luciano Fabi\u00e1n Orsatti<\/span><\/span><\/strong> <span class=\"BZ_Pyq_fadeIn\">de <\/span><span class=\"BZ_Pyq_fadeIn\">haberlo <\/span><span class=\"BZ_Pyq_fadeIn\">golpeado <\/span><span class=\"BZ_Pyq_fadeIn\">y <\/span><span class=\"BZ_Pyq_fadeIn\">amenazado <\/span><span class=\"BZ_Pyq_fadeIn\">en <\/span><span class=\"BZ_Pyq_fadeIn\">la <\/span><span class=\"BZ_Pyq_fadeIn\">puerta <\/span><span class=\"BZ_Pyq_fadeIn\">de <\/span><span class=\"BZ_Pyq_fadeIn\">su <\/span><span class=\"BZ_Pyq_fadeIn\">casa <\/span><span class=\"BZ_Pyq_fadeIn\">en <\/span><span class=\"BZ_Pyq_fadeIn\">julio <\/span><span class=\"BZ_Pyq_fadeIn\">de <\/span><span class=\"BZ_Pyq_fadeIn\">2022.<\/span><\/p>\n<h3 data-section-id=\"fqecbm\" data-start=\"729\" data-end=\"769\"><span style=\"color: #ff0000\"><span class=\"BZ_Pyq_fadeIn\">La <\/span><span class=\"BZ_Pyq_fadeIn\">discusi\u00f3n <\/span><span class=\"BZ_Pyq_fadeIn\">que <\/span><span class=\"BZ_Pyq_fadeIn\">termin\u00f3 <\/span><span class=\"BZ_Pyq_fadeIn\">en <\/span><span class=\"BZ_Pyq_fadeIn\">agresi\u00f3n<\/span><\/span><\/h3>\n<p data-start=\"771\" data-end=\"1013\"><span class=\"BZ_Pyq_fadeIn\">Seg\u00fan <\/span><span class=\"BZ_Pyq_fadeIn\">la <\/span><span class=\"BZ_Pyq_fadeIn\">denuncia, <\/span><span class=\"BZ_Pyq_fadeIn\">el <\/span><span class=\"BZ_Pyq_fadeIn\">hecho <\/span><span class=\"BZ_Pyq_fadeIn\">ocurri\u00f3 <\/span><span class=\"BZ_Pyq_fadeIn\">el <\/span><strong data-start=\"810\" data-end=\"833\"><span class=\"BZ_Pyq_fadeIn\">13 <\/span><span class=\"BZ_Pyq_fadeIn\">de <\/span><span class=\"BZ_Pyq_fadeIn\">julio <\/span><span class=\"BZ_Pyq_fadeIn\">de <\/span><span class=\"BZ_Pyq_fadeIn\">2022<\/span><\/strong> <span class=\"BZ_Pyq_fadeIn\">cuando <\/span><strong><span class=\"BZ_Pyq_fadeIn\">Climente <\/span><\/strong><span class=\"BZ_Pyq_fadeIn\">se <\/span><span class=\"BZ_Pyq_fadeIn\">acerc\u00f3 <\/span><span class=\"BZ_Pyq_fadeIn\">a <\/span><span class=\"BZ_Pyq_fadeIn\">un <\/span><span class=\"BZ_Pyq_fadeIn\">jardinero <\/span><span class=\"BZ_Pyq_fadeIn\">que <\/span><span class=\"BZ_Pyq_fadeIn\">realizaba <\/span><span class=\"BZ_Pyq_fadeIn\">tareas <\/span><span class=\"BZ_Pyq_fadeIn\">de <\/span><span class=\"BZ_Pyq_fadeIn\">poda <\/span><span class=\"BZ_Pyq_fadeIn\">en <\/span><span class=\"BZ_Pyq_fadeIn\">inmediaciones <\/span><span class=\"BZ_Pyq_fadeIn\">de <\/span><span class=\"BZ_Pyq_fadeIn\">las <\/span><span class=\"BZ_Pyq_fadeIn\">calles <\/span><strong data-start=\"935\" data-end=\"956\"><span class=\"BZ_Pyq_fadeIn\">Isidoro <\/span><span class=\"BZ_Pyq_fadeIn\">y <\/span><span class=\"BZ_Pyq_fadeIn\">Evelina<\/span><\/strong> <span class=\"BZ_Pyq_fadeIn\">y <\/span><span class=\"BZ_Pyq_fadeIn\">le <\/span><span class=\"BZ_Pyq_fadeIn\">indic\u00f3 <\/span><span class=\"BZ_Pyq_fadeIn\">que <\/span><span class=\"BZ_Pyq_fadeIn\">la <\/span><span class=\"BZ_Pyq_fadeIn\">tala <\/span><span class=\"BZ_Pyq_fadeIn\">de <\/span><span class=\"BZ_Pyq_fadeIn\">\u00e1rboles <\/span><span class=\"BZ_Pyq_fadeIn\">no <\/span><span class=\"BZ_Pyq_fadeIn\">estaba <\/span><span class=\"BZ_Pyq_fadeIn\">autorizada.<\/span><\/p>\n<blockquote>\n<h3 data-start=\"1015\" data-end=\"1152\"><span class=\"BZ_Pyq_fadeIn\">En <\/span><span class=\"BZ_Pyq_fadeIn\">ese <\/span><span class=\"BZ_Pyq_fadeIn\">momento <\/span><span class=\"BZ_Pyq_fadeIn\">intervino <\/span><span class=\"BZ_Pyq_fadeIn\">Orsatti, <\/span><span class=\"BZ_Pyq_fadeIn\">quien <\/span><span class=\"BZ_Pyq_fadeIn\">sostuvo <\/span><span class=\"BZ_Pyq_fadeIn\">que <\/span><strong data-start=\"1067\" data-end=\"1098\"><span class=\"BZ_Pyq_fadeIn\">no <\/span><span class=\"BZ_Pyq_fadeIn\">necesitaba <\/span><span class=\"BZ_Pyq_fadeIn\">pedir <\/span><span class=\"BZ_Pyq_fadeIn\">permiso<\/span><\/strong> <span class=\"BZ_Pyq_fadeIn\">porque <\/span><span class=\"BZ_Pyq_fadeIn\">los <\/span><span class=\"BZ_Pyq_fadeIn\">\u00e1rboles <\/span><span class=\"BZ_Pyq_fadeIn\">interfer\u00edan <\/span><span class=\"BZ_Pyq_fadeIn\">con <\/span><span class=\"BZ_Pyq_fadeIn\">los <\/span><span class=\"BZ_Pyq_fadeIn\">cables <\/span><span class=\"BZ_Pyq_fadeIn\">de <\/span><span class=\"BZ_Pyq_fadeIn\">luz.<\/span><\/h3>\n<\/blockquote>\n<p data-start=\"1154\" data-end=\"1346\"><span class=\"BZ_Pyq_fadeIn\">De <\/span><span class=\"BZ_Pyq_fadeIn\">acuerdo <\/span><span class=\"BZ_Pyq_fadeIn\">con <\/span><span class=\"BZ_Pyq_fadeIn\">el <\/span><span class=\"BZ_Pyq_fadeIn\">relato <\/span><span class=\"BZ_Pyq_fadeIn\">judicial, <\/span><strong data-start=\"1189\" data-end=\"1220\"><span class=\"BZ_Pyq_fadeIn\">unos <\/span><span class=\"BZ_Pyq_fadeIn\">quince <\/span><span class=\"BZ_Pyq_fadeIn\">minutos <\/span><span class=\"BZ_Pyq_fadeIn\">despu\u00e9s<\/span><\/strong> <span class=\"BZ_Pyq_fadeIn\">el <\/span><span class=\"BZ_Pyq_fadeIn\">acusado <\/span><span class=\"BZ_Pyq_fadeIn\">lleg\u00f3 <\/span><span class=\"BZ_Pyq_fadeIn\">hasta <\/span><span class=\"BZ_Pyq_fadeIn\">la <\/span><span class=\"BZ_Pyq_fadeIn\">vivienda <\/span><span class=\"BZ_Pyq_fadeIn\">del <\/span><span class=\"BZ_Pyq_fadeIn\">vecino <\/span><span class=\"BZ_Pyq_fadeIn\">en <\/span><span class=\"BZ_Pyq_fadeIn\">una <\/span><strong data-start=\"1274\" data-end=\"1298\"><span class=\"BZ_Pyq_fadeIn\">camioneta <\/span><span class=\"BZ_Pyq_fadeIn\">Ram <\/span><span class=\"BZ_Pyq_fadeIn\">blanca<\/span><\/strong><span class=\"BZ_Pyq_fadeIn\">, <\/span><span class=\"BZ_Pyq_fadeIn\">descendi\u00f3 <\/span><span class=\"BZ_Pyq_fadeIn\">del <\/span><span class=\"BZ_Pyq_fadeIn\">veh\u00edculo <\/span><span class=\"BZ_Pyq_fadeIn\">y <\/span><span class=\"BZ_Pyq_fadeIn\">comenz\u00f3 <\/span><span class=\"BZ_Pyq_fadeIn\">a <\/span><span class=\"BZ_Pyq_fadeIn\">increparlo.<\/span><\/p>\n<h3 data-section-id=\"1481t4j\" data-start=\"1348\" data-end=\"1369\"><span style=\"color: #ff0000\"><span class=\"BZ_Pyq_fadeIn\">Golpes <\/span><span class=\"BZ_Pyq_fadeIn\">y <\/span><span class=\"BZ_Pyq_fadeIn\">amenazas<\/span><\/span><\/h3>\n<p data-start=\"1371\" data-end=\"1515\"><span class=\"BZ_Pyq_fadeIn\">La <\/span><span class=\"BZ_Pyq_fadeIn\">v\u00edctima <\/span><span class=\"BZ_Pyq_fadeIn\">asegur\u00f3 <\/span><span class=\"BZ_Pyq_fadeIn\">que <\/span><span class=\"BZ_Pyq_fadeIn\">el <\/span><span class=\"BZ_Pyq_fadeIn\">agresor <\/span><strong data-start=\"1405\" data-end=\"1443\"><span class=\"BZ_Pyq_fadeIn\">lo <\/span><span class=\"BZ_Pyq_fadeIn\">golpe\u00f3 <\/span><span class=\"BZ_Pyq_fadeIn\">con <\/span><span class=\"BZ_Pyq_fadeIn\">el <\/span><span class=\"BZ_Pyq_fadeIn\">pu\u00f1o <\/span><span class=\"BZ_Pyq_fadeIn\">en <\/span><span class=\"BZ_Pyq_fadeIn\">el <\/span><span class=\"BZ_Pyq_fadeIn\">rostro<\/span><\/strong><span class=\"BZ_Pyq_fadeIn\">, <\/span><span class=\"BZ_Pyq_fadeIn\">entre <\/span><span class=\"BZ_Pyq_fadeIn\">la <\/span><span class=\"BZ_Pyq_fadeIn\">nariz <\/span><span class=\"BZ_Pyq_fadeIn\">y <\/span><span class=\"BZ_Pyq_fadeIn\">los <\/span><span class=\"BZ_Pyq_fadeIn\">ojos, <\/span><span class=\"BZ_Pyq_fadeIn\">provocando <\/span><span class=\"BZ_Pyq_fadeIn\">que <\/span><span class=\"BZ_Pyq_fadeIn\">cayera <\/span><span class=\"BZ_Pyq_fadeIn\">contra <\/span><span class=\"BZ_Pyq_fadeIn\">unos <\/span><span class=\"BZ_Pyq_fadeIn\">arbustos.<\/span><\/p>\n<p data-start=\"1517\" data-end=\"1757\"><span class=\"BZ_Pyq_fadeIn\">Luego <\/span><span class=\"BZ_Pyq_fadeIn\">tom\u00f3 <\/span><strong data-start=\"1528\" data-end=\"1545\"><span class=\"BZ_Pyq_fadeIn\">una <\/span><span class=\"BZ_Pyq_fadeIn\">rama <\/span><span class=\"BZ_Pyq_fadeIn\">seca<\/span><\/strong> <span class=\"BZ_Pyq_fadeIn\">y <\/span><span class=\"BZ_Pyq_fadeIn\">comenz\u00f3 <\/span><span class=\"BZ_Pyq_fadeIn\">a <\/span><span class=\"BZ_Pyq_fadeIn\">golpearlo <\/span><span class=\"BZ_Pyq_fadeIn\">reiteradamente <\/span><span class=\"BZ_Pyq_fadeIn\">en <\/span><span class=\"BZ_Pyq_fadeIn\">la <\/span><span class=\"BZ_Pyq_fadeIn\">espalda <\/span><span class=\"BZ_Pyq_fadeIn\">hasta <\/span><span class=\"BZ_Pyq_fadeIn\">que <\/span><span class=\"BZ_Pyq_fadeIn\">la <\/span><span class=\"BZ_Pyq_fadeIn\">esposa <\/span><span class=\"BZ_Pyq_fadeIn\">del <\/span><span class=\"BZ_Pyq_fadeIn\">damnificado <\/span><span class=\"BZ_Pyq_fadeIn\">sali\u00f3 <\/span><span class=\"BZ_Pyq_fadeIn\">de <\/span><span class=\"BZ_Pyq_fadeIn\">la <\/span><span class=\"BZ_Pyq_fadeIn\">vivienda <\/span><span class=\"BZ_Pyq_fadeIn\">y <\/span><span class=\"BZ_Pyq_fadeIn\">lo <\/span><span class=\"BZ_Pyq_fadeIn\">amenaz\u00f3 <\/span><span class=\"BZ_Pyq_fadeIn\">con <\/span><span class=\"BZ_Pyq_fadeIn\">filmarlo, <\/span><span class=\"BZ_Pyq_fadeIn\">momento <\/span><span class=\"BZ_Pyq_fadeIn\">en <\/span><span class=\"BZ_Pyq_fadeIn\">el <\/span><span class=\"BZ_Pyq_fadeIn\">que <\/span><span class=\"BZ_Pyq_fadeIn\">el <\/span><span class=\"BZ_Pyq_fadeIn\">agresor <\/span><span class=\"BZ_Pyq_fadeIn\">se <\/span><span class=\"BZ_Pyq_fadeIn\">retir\u00f3 <\/span><span class=\"BZ_Pyq_fadeIn\">tras <\/span><strong data-start=\"1725\" data-end=\"1756\"><span class=\"BZ_Pyq_fadeIn\">proferir <\/span><span class=\"BZ_Pyq_fadeIn\">amenazas <\/span><span class=\"BZ_Pyq_fadeIn\">de <\/span><span class=\"BZ_Pyq_fadeIn\">muerte<\/span><\/strong><span class=\"BZ_Pyq_fadeIn\">.<\/span><\/p>\n<h3 data-section-id=\"1gej2pr\" data-start=\"1759\" data-end=\"1783\"><span style=\"color: #ff0000\"><span class=\"BZ_Pyq_fadeIn\">El <\/span><span class=\"BZ_Pyq_fadeIn\">antecedente <\/span><span class=\"BZ_Pyq_fadeIn\">penal<\/span><\/span><\/h3>\n<p data-start=\"1785\" data-end=\"2012\"><span class=\"BZ_Pyq_fadeIn\">La <\/span><span class=\"BZ_Pyq_fadeIn\">causa <\/span><span class=\"BZ_Pyq_fadeIn\">penal <\/span><span class=\"BZ_Pyq_fadeIn\">por <\/span><strong data-start=\"1804\" data-end=\"1833\"><span class=\"BZ_Pyq_fadeIn\">amenazas <\/span><span class=\"BZ_Pyq_fadeIn\">y <\/span><span class=\"BZ_Pyq_fadeIn\">lesiones <\/span><span class=\"BZ_Pyq_fadeIn\">leves<\/span><\/strong><span class=\"BZ_Pyq_fadeIn\">, <\/span><span class=\"BZ_Pyq_fadeIn\">tramitada <\/span><span class=\"BZ_Pyq_fadeIn\">en <\/span><span class=\"BZ_Pyq_fadeIn\">el <\/span><strong data-start=\"1851\" data-end=\"1892\"><span class=\"hover:entity-accent entity-underline inline cursor-pointer align-baseline\"><span class=\"whitespace-normal\">Juzgado Correccional N\u00b02 de Mar del Plata<\/span><\/span><\/strong><span class=\"BZ_Pyq_fadeIn\">, <\/span><span class=\"BZ_Pyq_fadeIn\">concluy\u00f3 <\/span><span class=\"BZ_Pyq_fadeIn\">en <\/span><span class=\"BZ_Pyq_fadeIn\">mayo <\/span><span class=\"BZ_Pyq_fadeIn\">de <\/span><span class=\"BZ_Pyq_fadeIn\">2024 <\/span><span class=\"BZ_Pyq_fadeIn\">con <\/span><span class=\"BZ_Pyq_fadeIn\">la <\/span><span class=\"BZ_Pyq_fadeIn\">concesi\u00f3n <\/span><span class=\"BZ_Pyq_fadeIn\">del <\/span><span class=\"BZ_Pyq_fadeIn\">beneficio <\/span><span class=\"BZ_Pyq_fadeIn\">de <\/span><strong data-start=\"1953\" data-end=\"1987\"><span class=\"BZ_Pyq_fadeIn\">suspensi\u00f3n <\/span><span class=\"BZ_Pyq_fadeIn\">del <\/span><span class=\"BZ_Pyq_fadeIn\">juicio <\/span><span class=\"BZ_Pyq_fadeIn\">a <\/span><span class=\"BZ_Pyq_fadeIn\">prueba<\/span><\/strong> <span class=\"BZ_Pyq_fadeIn\">por <\/span><span class=\"BZ_Pyq_fadeIn\">un <\/span><span class=\"BZ_Pyq_fadeIn\">a\u00f1o <\/span><span class=\"BZ_Pyq_fadeIn\">y <\/span><span class=\"BZ_Pyq_fadeIn\">seis <\/span><span class=\"BZ_Pyq_fadeIn\">meses.<\/span><\/p>\n<blockquote>\n<h3 data-start=\"2014\" data-end=\"2167\"><span class=\"BZ_Pyq_fadeIn\">Entre <\/span><span class=\"BZ_Pyq_fadeIn\">las <\/span><span class=\"BZ_Pyq_fadeIn\">condiciones <\/span><span class=\"BZ_Pyq_fadeIn\">se <\/span><span class=\"BZ_Pyq_fadeIn\">establecieron <\/span><strong data-start=\"2053\" data-end=\"2166\"><span class=\"BZ_Pyq_fadeIn\">fijar <\/span><span class=\"BZ_Pyq_fadeIn\">residencia <\/span><span class=\"BZ_Pyq_fadeIn\">en <\/span><span class=\"BZ_Pyq_fadeIn\">la <\/span><span class=\"BZ_Pyq_fadeIn\">provincia, <\/span><span class=\"BZ_Pyq_fadeIn\">control <\/span><span class=\"BZ_Pyq_fadeIn\">del <\/span><span class=\"BZ_Pyq_fadeIn\">Patronato <\/span><span class=\"BZ_Pyq_fadeIn\">de <\/span><span class=\"BZ_Pyq_fadeIn\">Liberados <\/span><span class=\"BZ_Pyq_fadeIn\">y <\/span><span class=\"BZ_Pyq_fadeIn\">restricci\u00f3n <\/span><span class=\"BZ_Pyq_fadeIn\">de <\/span><span class=\"BZ_Pyq_fadeIn\">contacto <\/span><span class=\"BZ_Pyq_fadeIn\">con <\/span><span class=\"BZ_Pyq_fadeIn\">la <\/span><span class=\"BZ_Pyq_fadeIn\">v\u00edctima<\/span><\/strong><span class=\"BZ_Pyq_fadeIn\">.<\/span><\/h3>\n<\/blockquote>\n<p data-start=\"2169\" data-end=\"2298\"><span class=\"BZ_Pyq_fadeIn\">Adem\u00e1s, <\/span><span class=\"BZ_Pyq_fadeIn\">el <\/span><span class=\"BZ_Pyq_fadeIn\">acusado <\/span><span class=\"BZ_Pyq_fadeIn\">debi\u00f3 <\/span><span class=\"BZ_Pyq_fadeIn\">pagar <\/span><strong data-start=\"2200\" data-end=\"2225\"><span class=\"BZ_Pyq_fadeIn\">1,5 <\/span><span class=\"BZ_Pyq_fadeIn\">millones <\/span><span class=\"BZ_Pyq_fadeIn\">de <\/span><span class=\"BZ_Pyq_fadeIn\">pesos<\/span><\/strong> <span class=\"BZ_Pyq_fadeIn\">a <\/span><span class=\"BZ_Pyq_fadeIn\">la <\/span><strong data-start=\"2231\" data-end=\"2272\"><span class=\"hover:entity-accent entity-underline inline cursor-pointer align-baseline\"><span class=\"whitespace-normal\">Sociedad de Vecinos Sierra de los Padres Asociaci\u00f3n Civil<\/span><\/span><\/strong> <span class=\"BZ_Pyq_fadeIn\">como <\/span><span class=\"BZ_Pyq_fadeIn\">reparaci\u00f3n <\/span><span class=\"BZ_Pyq_fadeIn\">del <\/span><span class=\"BZ_Pyq_fadeIn\">da\u00f1o.<\/span><\/p>\n<p data-start=\"2300\" data-end=\"2434\"><span class=\"BZ_Pyq_fadeIn\">Tras <\/span><span class=\"BZ_Pyq_fadeIn\">cumplir <\/span><span class=\"BZ_Pyq_fadeIn\">esas <\/span><span class=\"BZ_Pyq_fadeIn\">condiciones, <\/span><span class=\"BZ_Pyq_fadeIn\">la <\/span><span class=\"BZ_Pyq_fadeIn\">Justicia <\/span><span class=\"BZ_Pyq_fadeIn\">penal <\/span><span class=\"BZ_Pyq_fadeIn\">dispuso <\/span><span class=\"BZ_Pyq_fadeIn\">en <\/span><span class=\"BZ_Pyq_fadeIn\">diciembre <\/span><span class=\"BZ_Pyq_fadeIn\">de <\/span><span class=\"BZ_Pyq_fadeIn\">2025 <\/span><strong data-start=\"2378\" data-end=\"2433\"><span class=\"BZ_Pyq_fadeIn\">la <\/span><span class=\"BZ_Pyq_fadeIn\">extinci\u00f3n <\/span><span class=\"BZ_Pyq_fadeIn\">de <\/span><span class=\"BZ_Pyq_fadeIn\">la <\/span><span class=\"BZ_Pyq_fadeIn\">acci\u00f3n <\/span><span class=\"BZ_Pyq_fadeIn\">penal <\/span><span class=\"BZ_Pyq_fadeIn\">y <\/span><span class=\"BZ_Pyq_fadeIn\">el <\/span><span class=\"BZ_Pyq_fadeIn\">sobreseimiento<\/span><\/strong><span class=\"BZ_Pyq_fadeIn\">.<\/span><\/p>\n<h3 data-section-id=\"15oava6\" data-start=\"2436\" data-end=\"2456\"><span style=\"color: #ff0000\"><span class=\"BZ_Pyq_fadeIn\">La <\/span><span class=\"BZ_Pyq_fadeIn\">condena <\/span><span class=\"BZ_Pyq_fadeIn\">civil<\/span><\/span><\/h3>\n<p data-start=\"2458\" data-end=\"2693\"><span class=\"BZ_Pyq_fadeIn\">En <\/span><span class=\"BZ_Pyq_fadeIn\">el <\/span><span class=\"BZ_Pyq_fadeIn\">plano <\/span><span class=\"BZ_Pyq_fadeIn\">civil, <\/span><span class=\"BZ_Pyq_fadeIn\">el <\/span><span class=\"BZ_Pyq_fadeIn\">juez <\/span><strong data-start=\"2485\" data-end=\"2526\"><span class=\"hover:entity-accent entity-underline inline cursor-pointer align-baseline\"><span class=\"whitespace-normal\">Luis Diego Benvenuto Vignola<\/span><\/span><\/strong> <span class=\"BZ_Pyq_fadeIn\">consider\u00f3 <\/span><span class=\"BZ_Pyq_fadeIn\">acreditada <\/span><span class=\"BZ_Pyq_fadeIn\">la <\/span><span class=\"BZ_Pyq_fadeIn\">agresi\u00f3n <\/span><span class=\"BZ_Pyq_fadeIn\">y <\/span><span class=\"BZ_Pyq_fadeIn\">sostuvo <\/span><span class=\"BZ_Pyq_fadeIn\">que <\/span><span class=\"BZ_Pyq_fadeIn\">las <\/span><span class=\"BZ_Pyq_fadeIn\">lesiones <\/span><span class=\"BZ_Pyq_fadeIn\">constatadas \u2014<\/span><span class=\"BZ_Pyq_fadeIn\">escoriaciones <\/span><span class=\"BZ_Pyq_fadeIn\">en <\/span><span class=\"BZ_Pyq_fadeIn\">el <\/span><span class=\"BZ_Pyq_fadeIn\">rostro <\/span><span class=\"BZ_Pyq_fadeIn\">y <\/span><span class=\"BZ_Pyq_fadeIn\">un <\/span><span class=\"BZ_Pyq_fadeIn\">cefalohematoma\u2014 <\/span><strong data-start=\"2648\" data-end=\"2692\"><span class=\"BZ_Pyq_fadeIn\">son <\/span><span class=\"BZ_Pyq_fadeIn\">compatibles <\/span><span class=\"BZ_Pyq_fadeIn\">con <\/span><span class=\"BZ_Pyq_fadeIn\">el <\/span><span class=\"BZ_Pyq_fadeIn\">ataque <\/span><span class=\"BZ_Pyq_fadeIn\">denunciado<\/span><\/strong><span class=\"BZ_Pyq_fadeIn\">.<\/span><\/p>\n<blockquote>\n<h3 data-start=\"2695\" data-end=\"2854\"><span class=\"BZ_Pyq_fadeIn\">El <\/span><span class=\"BZ_Pyq_fadeIn\">magistrado <\/span><span class=\"BZ_Pyq_fadeIn\">remarc\u00f3 <\/span><span class=\"BZ_Pyq_fadeIn\">que <\/span><span class=\"BZ_Pyq_fadeIn\">el <\/span><span class=\"BZ_Pyq_fadeIn\">acusado <\/span><strong data-start=\"2732\" data-end=\"2796\"><span class=\"BZ_Pyq_fadeIn\">fue <\/span><span class=\"BZ_Pyq_fadeIn\">a <\/span><span class=\"BZ_Pyq_fadeIn\">buscar <\/span><span class=\"BZ_Pyq_fadeIn\">deliberadamente <\/span><span class=\"BZ_Pyq_fadeIn\">a <\/span><span class=\"BZ_Pyq_fadeIn\">la <\/span><span class=\"BZ_Pyq_fadeIn\">v\u00edctima <\/span><span class=\"BZ_Pyq_fadeIn\">hasta <\/span><span class=\"BZ_Pyq_fadeIn\">su <\/span><span class=\"BZ_Pyq_fadeIn\">domicilio<\/span><\/strong><span class=\"BZ_Pyq_fadeIn\">, <\/span><span class=\"BZ_Pyq_fadeIn\">lo <\/span><span class=\"BZ_Pyq_fadeIn\">que <\/span><span class=\"BZ_Pyq_fadeIn\">descarta <\/span><span class=\"BZ_Pyq_fadeIn\">cualquier <\/span><span class=\"BZ_Pyq_fadeIn\">hip\u00f3tesis <\/span><span class=\"BZ_Pyq_fadeIn\">de <\/span><span class=\"BZ_Pyq_fadeIn\">leg\u00edtima <\/span><span class=\"BZ_Pyq_fadeIn\">defensa.<\/span><\/h3>\n<\/blockquote>\n<p data-start=\"2856\" data-end=\"3079\" data-is-last-node=\"\" data-is-only-node=\"\"><span class=\"BZ_Pyq_fadeIn\">Finalmente, <\/span><span class=\"BZ_Pyq_fadeIn\">el <\/span><span class=\"BZ_Pyq_fadeIn\">tribunal <\/span><span class=\"BZ_Pyq_fadeIn\">hizo <\/span><span class=\"BZ_Pyq_fadeIn\">lugar <\/span><span class=\"BZ_Pyq_fadeIn\">a <\/span><span class=\"BZ_Pyq_fadeIn\">la <\/span><span class=\"BZ_Pyq_fadeIn\">demanda <\/span><span class=\"BZ_Pyq_fadeIn\">y <\/span><span class=\"BZ_Pyq_fadeIn\">conden\u00f3 <\/span><span class=\"BZ_Pyq_fadeIn\">a <\/span><span class=\"BZ_Pyq_fadeIn\">Orsatti <\/span><span class=\"BZ_Pyq_fadeIn\">a <\/span><span class=\"BZ_Pyq_fadeIn\">pagar <\/span><strong data-start=\"2932\" data-end=\"2946\"><span class=\"BZ_Pyq_fadeIn\">$<\/span><span class=\"BZ_Pyq_fadeIn\">5.685.074<\/span><\/strong><span class=\"BZ_Pyq_fadeIn\">, <\/span><span class=\"BZ_Pyq_fadeIn\">suma <\/span><span class=\"BZ_Pyq_fadeIn\">que <\/span><span class=\"BZ_Pyq_fadeIn\">incluye <\/span><strong data-start=\"2965\" data-end=\"3042\"><span class=\"BZ_Pyq_fadeIn\">gastos <\/span><span class=\"BZ_Pyq_fadeIn\">m\u00e9dicos, <\/span><span class=\"BZ_Pyq_fadeIn\">farmac\u00e9uticos, <\/span><span class=\"BZ_Pyq_fadeIn\">traslados, <\/span><span class=\"BZ_Pyq_fadeIn\">honorarios <\/span><span class=\"BZ_Pyq_fadeIn\">legales <\/span><span class=\"BZ_Pyq_fadeIn\">y <\/span><span class=\"BZ_Pyq_fadeIn\">da\u00f1o <\/span><span class=\"BZ_Pyq_fadeIn\">moral<\/span><\/strong><span class=\"BZ_Pyq_fadeIn\">, <\/span><span class=\"BZ_Pyq_fadeIn\">m\u00e1s <\/span><span class=\"BZ_Pyq_fadeIn\">los <\/span><span class=\"BZ_Pyq_fadeIn\">intereses <\/span><span class=\"BZ_Pyq_fadeIn\">correspondientes.<\/span><\/p>\n","protected":false},"excerpt":{"rendered":"<div class=\"mh-excerpt\"><p>La agresi\u00f3n ocurri\u00f3 en 2022 tras una discusi\u00f3n por la tala de \u00e1rboles. La Justicia determin\u00f3 que el acusado fue a buscar a la v\u00edctima y la atac\u00f3 de forma sorpresiva. 12 de marzo de <a class=\"mh-excerpt-more\" href=\"https:\/\/larevistadigital.com.ar\/blog\/golpeo-al-vecino-que-le-reclamo-por-la-tala-de-un-arbol-ahora-debera-indemnizarlo-con-mas-de-cinco-millones-de-pesos\/\" title=\"Golpe\u00f3 al vecino que le reclam\u00f3 por la tala de un \u00e1rbol: Ahora deber\u00e1 indemnizarlo con m\u00e1s de cinco millones de pesos\">[Leer M\u00e1s]<\/a><\/p>\n<\/div>","protected":false},"author":3,"featured_media":44472,"comment_status":"open","ping_status":"open","sticky":false,"template":"","format":"standard","meta":{"_jetpack_memberships_contains_paid_content":false,"footnotes":"","jetpack_publicize_message":"","jetpack_publicize_feature_enabled":true,"jetpack_social_post_already_shared":true,"jetpack_social_options":{"image_generator_settings":{"template":"highway","default_image_id":0,"font":"","enabled":false},"version":2}},"categories":[44,51],"tags":[],"class_list":{"0":"post-44471","1":"post","2":"type-post","3":"status-publish","4":"format-standard","5":"has-post-thumbnail","7":"category-policiales","8":"category-regionales"},"jetpack_publicize_connections":[],"jetpack_featured_media_url":"https:\/\/i0.wp.com\/larevistadigital.com.ar\/blog\/wp-content\/uploads\/Captura-de-pantalla-2026-03-12-115903.jpg?fit=815%2C380&ssl=1","jetpack_sharing_enabled":true,"jetpack_shortlink":"https:\/\/wp.me\/p8qtrQ-bzh","jetpack-related-posts":[{"id":8330,"url":"https:\/\/larevistadigital.com.ar\/blog\/noruega-primer-pais-del-mundo-en-prohibir-la-desforestacion\/","url_meta":{"origin":44471,"position":0},"title":"NORUEGA: PRIMER PA\u00cdS DEL MUNDO EN PROHIBIR LA DESFORESTACI\u00d3N","author":"Alejandro Sosa Ruda","date":"11 febrero, 2019","format":false,"excerpt":"El pa\u00eds n\u00f3rdico evitar\u00e1 todos los productos de su cadena de suministro que contribuya a la tala de \u00e1rboles en cualquier parte del mundo. Los pa\u00edses n\u00f3rdicos son, en muchos \u00e1mbitos, un modelo a seguir para muchos ciudadanos. Su sistema educativo, los sueldos, la gran implicaci\u00f3n de sus estados en\u2026","rel":"","context":"En \u00abSOCIEDAD\u00bb","block_context":{"text":"SOCIEDAD","link":"https:\/\/larevistadigital.com.ar\/blog\/category\/sociedad\/"},"img":{"alt_text":"","src":"https:\/\/i0.wp.com\/larevistadigital.com.ar\/blog\/wp-content\/uploads\/2019\/02\/img_cvillalonga_20160612-144608_imagenes_lv_getty_gettyimages-606350843-k88B-U402453694639VH-992x558%40LaVanguardia-Web.jpg?fit=991%2C558&ssl=1&resize=350%2C200","width":350,"height":200,"srcset":"https:\/\/i0.wp.com\/larevistadigital.com.ar\/blog\/wp-content\/uploads\/2019\/02\/img_cvillalonga_20160612-144608_imagenes_lv_getty_gettyimages-606350843-k88B-U402453694639VH-992x558%40LaVanguardia-Web.jpg?fit=991%2C558&ssl=1&resize=350%2C200 1x, https:\/\/i0.wp.com\/larevistadigital.com.ar\/blog\/wp-content\/uploads\/2019\/02\/img_cvillalonga_20160612-144608_imagenes_lv_getty_gettyimages-606350843-k88B-U402453694639VH-992x558%40LaVanguardia-Web.jpg?fit=991%2C558&ssl=1&resize=525%2C300 1.5x, https:\/\/i0.wp.com\/larevistadigital.com.ar\/blog\/wp-content\/uploads\/2019\/02\/img_cvillalonga_20160612-144608_imagenes_lv_getty_gettyimages-606350843-k88B-U402453694639VH-992x558%40LaVanguardia-Web.jpg?fit=991%2C558&ssl=1&resize=700%2C400 2x"},"classes":[]},{"id":18449,"url":"https:\/\/larevistadigital.com.ar\/blog\/toma-en-villa-mascardi-vecinos-denuncian-a-los-okupas-mapuches-por-venta-ilegal-de-lena\/","url_meta":{"origin":44471,"position":1},"title":"TOMA EN VILLA MASCARDI: VECINOS DENUNCIAN A LOS OKUPAS MAPUCHES POR VENTA ILEGAL DE LE\u00d1A","author":"Alejandro Sosa Ruda","date":"3 enero, 2021","format":false,"excerpt":"Los vecinos de la zona denunciaron semanas atr\u00e1s la tala con motosierras dentro del predio tomado por la lof Laftken Winkul Mapu. Ahora, la ofrecen a la venta para quienes van a pasar el d\u00eda Vecinos de Villa Mascardi denunciaron la venta de le\u00f1a ilegal parte de la comunidad mapuche\u2026","rel":"","context":"En \u00abINTERES GENERAL\u00bb","block_context":{"text":"INTERES GENERAL","link":"https:\/\/larevistadigital.com.ar\/blog\/category\/interes-general\/"},"img":{"alt_text":"","src":"https:\/\/i0.wp.com\/larevistadigital.com.ar\/blog\/wp-content\/uploads\/Screenshot_1-189.jpg?fit=1157%2C574&ssl=1&resize=350%2C200","width":350,"height":200,"srcset":"https:\/\/i0.wp.com\/larevistadigital.com.ar\/blog\/wp-content\/uploads\/Screenshot_1-189.jpg?fit=1157%2C574&ssl=1&resize=350%2C200 1x, https:\/\/i0.wp.com\/larevistadigital.com.ar\/blog\/wp-content\/uploads\/Screenshot_1-189.jpg?fit=1157%2C574&ssl=1&resize=525%2C300 1.5x, https:\/\/i0.wp.com\/larevistadigital.com.ar\/blog\/wp-content\/uploads\/Screenshot_1-189.jpg?fit=1157%2C574&ssl=1&resize=700%2C400 2x, https:\/\/i0.wp.com\/larevistadigital.com.ar\/blog\/wp-content\/uploads\/Screenshot_1-189.jpg?fit=1157%2C574&ssl=1&resize=1050%2C600 3x"},"classes":[]},{"id":36092,"url":"https:\/\/larevistadigital.com.ar\/blog\/tiro-federal-campeonato-nacional-de-miras-abiertas-en-chascomus\/","url_meta":{"origin":44471,"position":2},"title":"TIRO FEDERAL: CAMPEONATO NACIONAL DE MIRAS ABIERTAS EN CHASCOM\u00daS","author":"Alejandro Sosa Ruda","date":"21 mayo, 2024","format":false,"excerpt":"M\u00e1s de cien deportistas participaron de la tercera fecha del torneo que organiza la Federaci\u00f3n Argentina de Tiro 21 de Mayo de 2024 CHASCOM\u00daS -\u00a0 Durante el fin de semana el pol\u00edgono local recibi\u00f3 a representantes de sus pares de Olavarr\u00eda, La Plata, Tandil, Jun\u00edn y Quilmes, en el marco\u2026","rel":"","context":"En \u00abINTERES GENERAL\u00bb","block_context":{"text":"INTERES GENERAL","link":"https:\/\/larevistadigital.com.ar\/blog\/category\/interes-general\/"},"img":{"alt_text":"","src":"https:\/\/i0.wp.com\/larevistadigital.com.ar\/blog\/wp-content\/uploads\/fa6d456c-e60d-4598-9b76-7b7790126069.jpg?fit=1200%2C794&ssl=1&resize=350%2C200","width":350,"height":200,"srcset":"https:\/\/i0.wp.com\/larevistadigital.com.ar\/blog\/wp-content\/uploads\/fa6d456c-e60d-4598-9b76-7b7790126069.jpg?fit=1200%2C794&ssl=1&resize=350%2C200 1x, https:\/\/i0.wp.com\/larevistadigital.com.ar\/blog\/wp-content\/uploads\/fa6d456c-e60d-4598-9b76-7b7790126069.jpg?fit=1200%2C794&ssl=1&resize=525%2C300 1.5x, https:\/\/i0.wp.com\/larevistadigital.com.ar\/blog\/wp-content\/uploads\/fa6d456c-e60d-4598-9b76-7b7790126069.jpg?fit=1200%2C794&ssl=1&resize=700%2C400 2x, https:\/\/i0.wp.com\/larevistadigital.com.ar\/blog\/wp-content\/uploads\/fa6d456c-e60d-4598-9b76-7b7790126069.jpg?fit=1200%2C794&ssl=1&resize=1050%2C600 3x"},"classes":[]},{"id":44527,"url":"https:\/\/larevistadigital.com.ar\/blog\/volco-un-micro-rumbo-a-mar-del-plata-con-mas-de-40-heridos\/","url_meta":{"origin":44471,"position":3},"title":"Volc\u00f3 un micro rumbo a Mar del Plata con m\u00e1s de 40 heridos","author":"Alejandro Sosa Ruda","date":"16 marzo, 2026","format":false,"excerpt":"El colectivo viajaba desde C\u00f3rdoba con unos 50 pasajeros. El veh\u00edculo termin\u00f3 volcado sobre el cantero central de la Ruta 9 y varios heridos debieron ser hospitalizados. 16 de marzo de 2026 Un colectivo de larga distancia que viajaba desde C\u00f3rdoba hacia Mar del Plata volc\u00f3 durante la madrugada de\u2026","rel":"","context":"En \u00abDESTACADAS\u00bb","block_context":{"text":"DESTACADAS","link":"https:\/\/larevistadigital.com.ar\/blog\/category\/destacadas\/"},"img":{"alt_text":"","src":"https:\/\/i0.wp.com\/larevistadigital.com.ar\/blog\/wp-content\/uploads\/Captura-de-pantalla-2026-03-16-142541.jpg?fit=747%2C410&ssl=1&resize=350%2C200","width":350,"height":200,"srcset":"https:\/\/i0.wp.com\/larevistadigital.com.ar\/blog\/wp-content\/uploads\/Captura-de-pantalla-2026-03-16-142541.jpg?fit=747%2C410&ssl=1&resize=350%2C200 1x, https:\/\/i0.wp.com\/larevistadigital.com.ar\/blog\/wp-content\/uploads\/Captura-de-pantalla-2026-03-16-142541.jpg?fit=747%2C410&ssl=1&resize=525%2C300 1.5x, https:\/\/i0.wp.com\/larevistadigital.com.ar\/blog\/wp-content\/uploads\/Captura-de-pantalla-2026-03-16-142541.jpg?fit=747%2C410&ssl=1&resize=700%2C400 2x"},"classes":[]},{"id":32272,"url":"https:\/\/larevistadigital.com.ar\/blog\/crean-en-china-un-plastico-comestible-y-biodegradable\/","url_meta":{"origin":44471,"position":4},"title":"CREAN EN CHINA UN PL\u00c1STICO COMESTIBLE Y BIODEGRADABLE","author":"Alejandro Sosa Ruda","date":"5 julio, 2023","format":false,"excerpt":"Un equipo de investigadores de la Universidad China de Hong Kong, ha creado un material compuesto para la elaboraci\u00f3n de envases comestibles y biodegradables, con el objetivo de reducir el uso generalizado de pl\u00e1sticos. Se trata de una l\u00e1mina de celulosa bacteriana (CB), un compuesto org\u00e1nico derivado de ciertos tipos\u2026","rel":"","context":"En \u00abINTERES GENERAL\u00bb","block_context":{"text":"INTERES GENERAL","link":"https:\/\/larevistadigital.com.ar\/blog\/category\/interes-general\/"},"img":{"alt_text":"","src":"https:\/\/i0.wp.com\/larevistadigital.com.ar\/blog\/wp-content\/uploads\/20230704142317_china-plastico-comestible-biodegradable.jpg?fit=880%2C512&ssl=1&resize=350%2C200","width":350,"height":200,"srcset":"https:\/\/i0.wp.com\/larevistadigital.com.ar\/blog\/wp-content\/uploads\/20230704142317_china-plastico-comestible-biodegradable.jpg?fit=880%2C512&ssl=1&resize=350%2C200 1x, https:\/\/i0.wp.com\/larevistadigital.com.ar\/blog\/wp-content\/uploads\/20230704142317_china-plastico-comestible-biodegradable.jpg?fit=880%2C512&ssl=1&resize=525%2C300 1.5x, https:\/\/i0.wp.com\/larevistadigital.com.ar\/blog\/wp-content\/uploads\/20230704142317_china-plastico-comestible-biodegradable.jpg?fit=880%2C512&ssl=1&resize=700%2C400 2x"},"classes":[]},{"id":21774,"url":"https:\/\/larevistadigital.com.ar\/blog\/procedimiento-del-cpr-de-chascomus-por-portacion-ilegal-de-arma-de-fuego-de-uso-civil\/","url_meta":{"origin":44471,"position":5},"title":"PROCEDIMIENTO DEL CPR DE CHASCOM\u00daS POR PORTACI\u00d3N ILEGAL DE ARMA DE FUEGO DE USO CIVIL","author":"Alejandro Sosa Ruda","date":"30 agosto, 2021","format":false,"excerpt":"CHASCOM\u00daS - Personal del C.P.R. Chascom\u00fas, en el transcurso de la semana comprendida entre el Martes 17 y el lunes 18 de agosto, labr\u00f3 un procedimiento penal, esclarecido con 5 aprehendidos, caratulado \u201cPortaci\u00f3n ilegal de arma de fuego de uso civil\u201d y un total de 18 infracciones: 7 por infracci\u00f3n\u2026","rel":"","context":"En \u00abCHASCOM\u00daS\u00bb","block_context":{"text":"CHASCOM\u00daS","link":"https:\/\/larevistadigital.com.ar\/blog\/category\/chascomus\/"},"img":{"alt_text":"","src":"https:\/\/i0.wp.com\/larevistadigital.com.ar\/blog\/wp-content\/uploads\/WhatsApp-Image-2021-08-29-at-21.38.22.jpg?fit=900%2C443&ssl=1&resize=350%2C200","width":350,"height":200,"srcset":"https:\/\/i0.wp.com\/larevistadigital.com.ar\/blog\/wp-content\/uploads\/WhatsApp-Image-2021-08-29-at-21.38.22.jpg?fit=900%2C443&ssl=1&resize=350%2C200 1x, https:\/\/i0.wp.com\/larevistadigital.com.ar\/blog\/wp-content\/uploads\/WhatsApp-Image-2021-08-29-at-21.38.22.jpg?fit=900%2C443&ssl=1&resize=525%2C300 1.5x, https:\/\/i0.wp.com\/larevistadigital.com.ar\/blog\/wp-content\/uploads\/WhatsApp-Image-2021-08-29-at-21.38.22.jpg?fit=900%2C443&ssl=1&resize=700%2C400 2x"},"classes":[]}],"_links":{"self":[{"href":"https:\/\/larevistadigital.com.ar\/blog\/wp-json\/wp\/v2\/posts\/44471","targetHints":{"allow":["GET"]}}],"collection":[{"href":"https:\/\/larevistadigital.com.ar\/blog\/wp-json\/wp\/v2\/posts"}],"about":[{"href":"https:\/\/larevistadigital.com.ar\/blog\/wp-json\/wp\/v2\/types\/post"}],"author":[{"embeddable":true,"href":"https:\/\/larevistadigital.com.ar\/blog\/wp-json\/wp\/v2\/users\/3"}],"replies":[{"embeddable":true,"href":"https:\/\/larevistadigital.com.ar\/blog\/wp-json\/wp\/v2\/comments?post=44471"}],"version-history":[{"count":1,"href":"https:\/\/larevistadigital.com.ar\/blog\/wp-json\/wp\/v2\/posts\/44471\/revisions"}],"predecessor-version":[{"id":44473,"href":"https:\/\/larevistadigital.com.ar\/blog\/wp-json\/wp\/v2\/posts\/44471\/revisions\/44473"}],"wp:featuredmedia":[{"embeddable":true,"href":"https:\/\/larevistadigital.com.ar\/blog\/wp-json\/wp\/v2\/media\/44472"}],"wp:attachment":[{"href":"https:\/\/larevistadigital.com.ar\/blog\/wp-json\/wp\/v2\/media?parent=44471"}],"wp:term":[{"taxonomy":"category","embeddable":true,"href":"https:\/\/larevistadigital.com.ar\/blog\/wp-json\/wp\/v2\/categories?post=44471"},{"taxonomy":"post_tag","embeddable":true,"href":"https:\/\/larevistadigital.com.ar\/blog\/wp-json\/wp\/v2\/tags?post=44471"}],"curies":[{"name":"wp","href":"https:\/\/api.w.org\/{rel}","templated":true}]}}