{"id":44474,"date":"2026-03-12T15:05:36","date_gmt":"2026-03-12T18:05:36","guid":{"rendered":"https:\/\/larevistadigital.com.ar\/blog\/?p=44474"},"modified":"2026-03-12T15:05:36","modified_gmt":"2026-03-12T18:05:36","slug":"javier-gaston-y-el-ministro-carlos-bianco-presentaron-una-nueva-carrera-universitaria-para-chascomus","status":"publish","type":"post","link":"https:\/\/larevistadigital.com.ar\/blog\/javier-gaston-y-el-ministro-carlos-bianco-presentaron-una-nueva-carrera-universitaria-para-chascomus\/","title":{"rendered":"Javier Gast\u00f3n y el ministro Carlos Bianco presentaron una nueva carrera universitaria para Chascom\u00fas"},"content":{"rendered":"<h3 class=\"excerpt\">Adem\u00e1s, el intendente y el titular de la cartera de Gobierno bonaerense recorrieron las instalaciones del Centro Universitario de Chascom\u00fas, ubicado en el barrio 30 de Mayo, y la obra de ampliaci\u00f3n que se encuentra en marcha.<\/h3>\n<p>12 de marzo de 2026<\/p>\n<div id=\"miDiv1\" class=\"text\">\n<p>En horas de la tarde de ayer, el intendente Javier Gast\u00f3n, junto al ministro de Gobierno de la provincia de Buenos Aires, Carlos Bianco, y el rector de la Universidad Nacional Arturo Jauretche (UNAJ), Arnaldo Medina, participaron del acto de presentaci\u00f3n de la Licenciatura en Gesti\u00f3n Educativa, que comenzar\u00e1 a dictarse este cuatrimestre en el Centro Universitario de la ciudad, en el marco del programa de Integraci\u00f3n Territorial Universitaria Puentes &#8211; Puentes.<\/p>\n<p>El Centro Universitario de Chascom\u00fas fue sede del lanzamiento de esta nueva propuesta acad\u00e9mica que se suma a la oferta educativa local, impulsada a trav\u00e9s del programa provincial que busca ampliar el acceso a la educaci\u00f3n superior en distintos distritos bonaerenses.<\/p>\n<p>Durante la actividad, el intendente Gast\u00f3n destac\u00f3 que se trata de \u201cun paso significativo para ampliar las oportunidades de formaci\u00f3n universitaria en nuestra comunidad, fortaleciendo el acceso a la educaci\u00f3n superior y generando nuevas posibilidades de desarrollo profesional para las y los trabajadores de la educaci\u00f3n\u201d.<\/p>\n<p>Asimismo, agreg\u00f3: \u201cEl Centro Universitario Chascom\u00fas, inaugurado en agosto de 2024, y las carreras que se dictan forman parte del compromiso que asumimos con la educaci\u00f3n p\u00fablica y gratuita, permitiendo que m\u00e1s vecinos puedan formarse profesionalmente sin tener que dejar la ciudad\u201d.<\/p>\n<p>La actividad cont\u00f3 con un importante marco de p\u00fablico y la presencia de diversas autoridades educativas y acad\u00e9micas. Entre ellas estuvieron el director provincial de Vinculaci\u00f3n con el Sistema Universitario y Cient\u00edfico, Juan Brardinelli; el director de Pol\u00edticas Universitarias de la provincia, Mauro Miletti; el subsecretario de Educaci\u00f3n, Infancias y Juventudes del Municipio de Chascom\u00fas, H\u00e9ctor Enrique Inciarte; la inspectora jefa distrital, Mar\u00eda Julia Ugarte; la inspectora jefa de la Regi\u00f3n Educativa N\u00b0 17, Mar\u00eda Giribaldi; el director del Instituto de Estudios Iniciales de la UNAJ, Mauricio Schuttenberg; la directora del mismo instituto, Cecilia Tanoni; la directora de la Licenciatura en Gesti\u00f3n Educativa, Viviana Ceresani; y el subdirector de la carrera, Marcelo Mosqueira, entre otros representantes del \u00e1mbito educativo.<\/p>\n<p>La propuesta presentada corresponde a la Licenciatura en Gesti\u00f3n Educativa \u2013 Ciclo de Complementaci\u00f3n Curricular, que comenzar\u00e1 a dictarse durante el presente cuatrimestre y estar\u00e1 a cargo de la Universidad Nacional Arturo Jauretche.<\/p>\n<p>La carrera se desarrollar\u00e1 en el Centro Universitario de Chascom\u00fas es fruto del trabajo conjunto entre el Gobierno provincial, los municipios y las universidades p\u00fablicas, en este caso la UNAJ, con el objetivo de ampliar las oportunidades de formaci\u00f3n universitaria en el territorio.<\/p>\n<p>El funcionario provincial destac\u00f3 la importancia de seguir ampliando la oferta universitaria en el interior bonaerense. \u201cNos llena de alegr\u00eda hacer crecer las oportunidades para que las y los bonaerenses puedan estudiar carreras universitarias, vivan donde vivan\u201d, expres\u00f3.<\/p>\n<p>El rector Arnaldo Medina explic\u00f3 que la carrera se abri\u00f3 en tres sedes y que Chascom\u00fas obtuvo la mayor cantidad de inscriptos. Destac\u00f3 adem\u00e1s la importancia de la formaci\u00f3n acad\u00e9mica para el desarrollo local y remarc\u00f3 el valor de cursar una carrera universitaria, dado que no s\u00f3lo ampl\u00eda oportunidades laborales y fortalece las capacidades profesionales, sino que tambi\u00e9n impulsa la investigaci\u00f3n, la innovaci\u00f3n y el progreso de las comunidades.<\/p>\n<p>Tras el acto de presentaci\u00f3n, las autoridades tambi\u00e9n recorrieron la obra de ampliaci\u00f3n del Centro Universitario, que contempla la construcci\u00f3n de una nueva aula y un n\u00facleo de sanitarios para damas, caballeros y personas con discapacidad. Estas nuevas instalaciones se sumar\u00e1n al espacio actual, compuesto por dos aulas y un paso cubierto que las conecta.<\/p>\n<p>La jornada concluy\u00f3 con una segunda instancia en la que autoridades de la universidad brindaron detalles sobre la propuesta acad\u00e9mica, los alcances de la carrera y el proceso de inscripci\u00f3n y cursada.<\/p>\n<\/div>\n","protected":false},"excerpt":{"rendered":"<div class=\"mh-excerpt\"><p>Adem\u00e1s, el intendente y el titular de la cartera de Gobierno bonaerense recorrieron las instalaciones del Centro Universitario de Chascom\u00fas, ubicado en el barrio 30 de Mayo, y la obra de ampliaci\u00f3n que se encuentra <a class=\"mh-excerpt-more\" href=\"https:\/\/larevistadigital.com.ar\/blog\/javier-gaston-y-el-ministro-carlos-bianco-presentaron-una-nueva-carrera-universitaria-para-chascomus\/\" title=\"Javier Gast\u00f3n y el ministro Carlos Bianco presentaron una nueva carrera universitaria para Chascom\u00fas\">[Leer M\u00e1s]<\/a><\/p>\n<\/div>","protected":false},"author":3,"featured_media":44475,"comment_status":"open","ping_status":"open","sticky":false,"template":"","format":"standard","meta":{"_jetpack_memberships_contains_paid_content":false,"footnotes":"","jetpack_publicize_message":"","jetpack_publicize_feature_enabled":true,"jetpack_social_post_already_shared":true,"jetpack_social_options":{"image_generator_settings":{"template":"highway","default_image_id":0,"font":"","enabled":false},"version":2}},"categories":[1],"tags":[],"class_list":{"0":"post-44474","1":"post","2":"type-post","3":"status-publish","4":"format-standard","5":"has-post-thumbnail","7":"category-sin-categoria"},"jetpack_publicize_connections":[],"jetpack_featured_media_url":"https:\/\/i0.wp.com\/larevistadigital.com.ar\/blog\/wp-content\/uploads\/69b2f1a68b13c.png?fit=668%2C445&ssl=1","jetpack_sharing_enabled":true,"jetpack_shortlink":"https:\/\/wp.me\/p8qtrQ-bzk","jetpack-related-posts":[{"id":40225,"url":"https:\/\/larevistadigital.com.ar\/blog\/javier-gaston-firmo-un-convenio-para-ampliar-la-oferta-academica-universitaria-en-chascomus\/","url_meta":{"origin":44474,"position":0},"title":"Javier Gast\u00f3n firm\u00f3 un convenio para ampliar la oferta acad\u00e9mica universitaria en Chascom\u00fas","author":"Alejandro Sosa Ruda","date":"30 junio, 2025","format":false,"excerpt":"Durante su participaci\u00f3n en el 3\u00b0 Encuentro Provincial del programa Puentes, el intendente junto al gobernador Axel Kicillof y m\u00e1s de 60 jefes comunalesrubric\u00f3 un acuerdo para el dictado de una nueva diplomatura. 30 de Junio de 2025 CHASCOM\u00daS -\u00a0 \u00a0El intendente Javier Gast\u00f3n y el subsecretario de Infancias y\u2026","rel":"","context":"En \u00abINTERES GENERAL\u00bb","block_context":{"text":"INTERES GENERAL","link":"https:\/\/larevistadigital.com.ar\/blog\/category\/interes-general\/"},"img":{"alt_text":"","src":"https:\/\/i0.wp.com\/larevistadigital.com.ar\/blog\/wp-content\/uploads\/6862bcd751262.png?fit=668%2C445&ssl=1&resize=350%2C200","width":350,"height":200,"srcset":"https:\/\/i0.wp.com\/larevistadigital.com.ar\/blog\/wp-content\/uploads\/6862bcd751262.png?fit=668%2C445&ssl=1&resize=350%2C200 1x, https:\/\/i0.wp.com\/larevistadigital.com.ar\/blog\/wp-content\/uploads\/6862bcd751262.png?fit=668%2C445&ssl=1&resize=525%2C300 1.5x"},"classes":[]},{"id":44204,"url":"https:\/\/larevistadigital.com.ar\/blog\/ampliacion-del-centro-universitario-chascomus\/","url_meta":{"origin":44474,"position":1},"title":"Ampliaci\u00f3n del Centro Universitario Chascom\u00fas","author":"Alejandro Sosa Ruda","date":"28 febrero, 2026","format":false,"excerpt":"El espacio educativo que funciona en el barrio 30 de Mayo sumar\u00e1 nuevas aulas y sanitarios. El intendente Javier Gast\u00f3n recorri\u00f3 el predio del Centro Universitario Chascom\u00fas, ubicado en Serantes 1365, donde observ\u00f3 los trabajos de ampliaci\u00f3n que se llevan adelante. La obra consiste en la construcci\u00f3n de una nueva\u2026","rel":"","context":"En \u00abCHASCOM\u00daS\u00bb","block_context":{"text":"CHASCOM\u00daS","link":"https:\/\/larevistadigital.com.ar\/blog\/category\/chascomus\/"},"img":{"alt_text":"","src":"https:\/\/i0.wp.com\/larevistadigital.com.ar\/blog\/wp-content\/uploads\/69a1d797774ff.png?fit=668%2C445&ssl=1&resize=350%2C200","width":350,"height":200,"srcset":"https:\/\/i0.wp.com\/larevistadigital.com.ar\/blog\/wp-content\/uploads\/69a1d797774ff.png?fit=668%2C445&ssl=1&resize=350%2C200 1x, https:\/\/i0.wp.com\/larevistadigital.com.ar\/blog\/wp-content\/uploads\/69a1d797774ff.png?fit=668%2C445&ssl=1&resize=525%2C300 1.5x"},"classes":[]},{"id":37651,"url":"https:\/\/larevistadigital.com.ar\/blog\/nuevas-carreras-universitarias-en-el-centro-universitario-de-chascomus\/","url_meta":{"origin":44474,"position":2},"title":"Nuevas carreras universitarias en el Centro Universitario de Chascom\u00fas","author":"Alejandro Sosa Ruda","date":"30 octubre, 2024","format":false,"excerpt":"Las mismas tienen como destinatarios a docentes de escuelas t\u00e9cnicas de la Provincia de Buenos Aires. 30 de octubre de 2024 CHASCOM\u00daS -\u00a0 En el d\u00eda de ayer se present\u00f3 y dio inicio a la Diplomatura en Agrobiotecnolog\u00eda que se ofrece con instancias de presencialidad en el Instituto Tecnol\u00f3gico Chascom\u00fas\u2026","rel":"","context":"En \u00abINTERES GENERAL\u00bb","block_context":{"text":"INTERES GENERAL","link":"https:\/\/larevistadigital.com.ar\/blog\/category\/interes-general\/"},"img":{"alt_text":"","src":"https:\/\/i0.wp.com\/larevistadigital.com.ar\/blog\/wp-content\/uploads\/6722736e2b6c3.png?fit=668%2C445&ssl=1&resize=350%2C200","width":350,"height":200,"srcset":"https:\/\/i0.wp.com\/larevistadigital.com.ar\/blog\/wp-content\/uploads\/6722736e2b6c3.png?fit=668%2C445&ssl=1&resize=350%2C200 1x, https:\/\/i0.wp.com\/larevistadigital.com.ar\/blog\/wp-content\/uploads\/6722736e2b6c3.png?fit=668%2C445&ssl=1&resize=525%2C300 1.5x"},"classes":[]},{"id":42989,"url":"https:\/\/larevistadigital.com.ar\/blog\/cincuenta-estudiantes-egresaron-de-diplomaturas-dictadas-en-el-centro-universitario-chascomus\/","url_meta":{"origin":44474,"position":3},"title":"Cincuenta estudiantes egresaron de diplomaturas dictadas en el Centro Universitario Chascom\u00fas","author":"Alejandro Sosa Ruda","date":"22 diciembre, 2025","format":false,"excerpt":"Recibieron sus diplomas quienes completaron las formaciones en Programaci\u00f3n y An\u00e1lisis de Datos, Medio Ambiente y Bionegocios. CHASCOM\u00daS -\u00a0 \u00a0Un total de 50 estudiantes recibieron el viernes sus diplomas tras haber finalizado distintas diplomaturas universitarias dictadas en el Centro Universitario Chascom\u00fas. El acto se realiz\u00f3 en la sede del Centro\u2026","rel":"","context":"En \u00abCHASCOM\u00daS\u00bb","block_context":{"text":"CHASCOM\u00daS","link":"https:\/\/larevistadigital.com.ar\/blog\/category\/chascomus\/"},"img":{"alt_text":"","src":"https:\/\/i0.wp.com\/larevistadigital.com.ar\/blog\/wp-content\/uploads\/69497d5c74f05.png?fit=668%2C445&ssl=1&resize=350%2C200","width":350,"height":200,"srcset":"https:\/\/i0.wp.com\/larevistadigital.com.ar\/blog\/wp-content\/uploads\/69497d5c74f05.png?fit=668%2C445&ssl=1&resize=350%2C200 1x, https:\/\/i0.wp.com\/larevistadigital.com.ar\/blog\/wp-content\/uploads\/69497d5c74f05.png?fit=668%2C445&ssl=1&resize=525%2C300 1.5x"},"classes":[]},{"id":40421,"url":"https:\/\/larevistadigital.com.ar\/blog\/inscripcion-abierta-para-cursar-la-diplomatura-en-bionegocios-en-el-centro-universitario\/","url_meta":{"origin":44474,"position":4},"title":"Inscripci\u00f3n abierta para cursar la Diplomatura en Bionegocios en el Centro Universitario","author":"Alejandro Sosa Ruda","date":"10 julio, 2025","format":false,"excerpt":"Chascom\u00fas suma una nueva propuesta acad\u00e9mica con orientaci\u00f3n ambiental. 10 de Julio de 2025 CHASCOM\u00daS -\u00a0 \u00a0Inscripci\u00f3n abierta para cursar la Diplomatura en Bionegocios en el Centro Universitario Chascom\u00fas suma una nueva propuesta acad\u00e9mica con orientaci\u00f3n ambiental. En el segundo cuatrimestre de este a\u00f1o el Centro Universitario Chascom\u00fas comenzar\u00e1 el\u2026","rel":"","context":"En \u00abINTERES GENERAL\u00bb","block_context":{"text":"INTERES GENERAL","link":"https:\/\/larevistadigital.com.ar\/blog\/category\/interes-general\/"},"img":{"alt_text":"","src":"https:\/\/i0.wp.com\/larevistadigital.com.ar\/blog\/wp-content\/uploads\/686ffa0f77262.png?fit=668%2C445&ssl=1&resize=350%2C200","width":350,"height":200,"srcset":"https:\/\/i0.wp.com\/larevistadigital.com.ar\/blog\/wp-content\/uploads\/686ffa0f77262.png?fit=668%2C445&ssl=1&resize=350%2C200 1x, https:\/\/i0.wp.com\/larevistadigital.com.ar\/blog\/wp-content\/uploads\/686ffa0f77262.png?fit=668%2C445&ssl=1&resize=525%2C300 1.5x"},"classes":[]},{"id":45044,"url":"https:\/\/larevistadigital.com.ar\/blog\/carlos-tejedor-kicillof-inauguro-el-centro-universitario-no50-del-programa-puentes\/","url_meta":{"origin":44474,"position":5},"title":"Carlos Tejedor: Kicillof inaugur\u00f3 el centro universitario N\u00ba50 del Programa Puentes","author":"Alejandro Sosa Ruda","date":"10 abril, 2026","format":false,"excerpt":"Adem\u00e1s, el Gobernador otorg\u00f3 computadoras del programa Conectar Igualdad Bonaerense a estudiantes del distrito. 10 de abril de 2026 El gobernador de la provincia de Buenos Aires, Axel Kicillof, encabez\u00f3 este viernes en Carlos Tejedor el acto de inauguraci\u00f3n del centro universitario N\u00ba50 del Programa Puentes, junto al ministro de\u2026","rel":"","context":"En \u00abPOLITICA\u00bb","block_context":{"text":"POLITICA","link":"https:\/\/larevistadigital.com.ar\/blog\/category\/politica\/"},"img":{"alt_text":"","src":"https:\/\/i0.wp.com\/larevistadigital.com.ar\/blog\/wp-content\/uploads\/DSC9274-1-scaled.jpg?fit=1200%2C801&ssl=1&resize=350%2C200","width":350,"height":200,"srcset":"https:\/\/i0.wp.com\/larevistadigital.com.ar\/blog\/wp-content\/uploads\/DSC9274-1-scaled.jpg?fit=1200%2C801&ssl=1&resize=350%2C200 1x, https:\/\/i0.wp.com\/larevistadigital.com.ar\/blog\/wp-content\/uploads\/DSC9274-1-scaled.jpg?fit=1200%2C801&ssl=1&resize=525%2C300 1.5x, https:\/\/i0.wp.com\/larevistadigital.com.ar\/blog\/wp-content\/uploads\/DSC9274-1-scaled.jpg?fit=1200%2C801&ssl=1&resize=700%2C400 2x, https:\/\/i0.wp.com\/larevistadigital.com.ar\/blog\/wp-content\/uploads\/DSC9274-1-scaled.jpg?fit=1200%2C801&ssl=1&resize=1050%2C600 3x"},"classes":[]}],"_links":{"self":[{"href":"https:\/\/larevistadigital.com.ar\/blog\/wp-json\/wp\/v2\/posts\/44474","targetHints":{"allow":["GET"]}}],"collection":[{"href":"https:\/\/larevistadigital.com.ar\/blog\/wp-json\/wp\/v2\/posts"}],"about":[{"href":"https:\/\/larevistadigital.com.ar\/blog\/wp-json\/wp\/v2\/types\/post"}],"author":[{"embeddable":true,"href":"https:\/\/larevistadigital.com.ar\/blog\/wp-json\/wp\/v2\/users\/3"}],"replies":[{"embeddable":true,"href":"https:\/\/larevistadigital.com.ar\/blog\/wp-json\/wp\/v2\/comments?post=44474"}],"version-history":[{"count":1,"href":"https:\/\/larevistadigital.com.ar\/blog\/wp-json\/wp\/v2\/posts\/44474\/revisions"}],"predecessor-version":[{"id":44476,"href":"https:\/\/larevistadigital.com.ar\/blog\/wp-json\/wp\/v2\/posts\/44474\/revisions\/44476"}],"wp:featuredmedia":[{"embeddable":true,"href":"https:\/\/larevistadigital.com.ar\/blog\/wp-json\/wp\/v2\/media\/44475"}],"wp:attachment":[{"href":"https:\/\/larevistadigital.com.ar\/blog\/wp-json\/wp\/v2\/media?parent=44474"}],"wp:term":[{"taxonomy":"category","embeddable":true,"href":"https:\/\/larevistadigital.com.ar\/blog\/wp-json\/wp\/v2\/categories?post=44474"},{"taxonomy":"post_tag","embeddable":true,"href":"https:\/\/larevistadigital.com.ar\/blog\/wp-json\/wp\/v2\/tags?post=44474"}],"curies":[{"name":"wp","href":"https:\/\/api.w.org\/{rel}","templated":true}]}}