{"id":44478,"date":"2026-03-13T11:34:16","date_gmt":"2026-03-13T14:34:16","guid":{"rendered":"https:\/\/larevistadigital.com.ar\/blog\/?p=44478"},"modified":"2026-03-13T11:34:16","modified_gmt":"2026-03-13T14:34:16","slug":"chascomus-separa-convocan-a-una-nueva-jornada-de-reciclado-abierta-a-toda-la-comunidad","status":"publish","type":"post","link":"https:\/\/larevistadigital.com.ar\/blog\/chascomus-separa-convocan-a-una-nueva-jornada-de-reciclado-abierta-a-toda-la-comunidad\/","title":{"rendered":"Chascom\u00fas separa: convocan a una nueva jornada de reciclado abierta a toda la comunidad"},"content":{"rendered":"<div class=\"flex flex-col text-sm pb-25\">\n<article class=\"text-token-text-primary w-full focus:outline-none [--shadow-height:45px] has-data-writing-block:pointer-events-none has-data-writing-block:-mt-(--shadow-height) has-data-writing-block:pt-(--shadow-height) [&amp;:has([data-writing-block])&gt;*]:pointer-events-auto scroll-mt-[calc(var(--header-height)+min(200px,max(70px,20svh)))]\" dir=\"auto\" data-turn-id=\"request-699e3443-eb78-8333-9b31-4ecb9f447d7a-0\" data-testid=\"conversation-turn-96\" data-scroll-anchor=\"true\" data-turn=\"assistant\">\n<div class=\"text-base my-auto mx-auto pb-10 [--thread-content-margin:var(--thread-content-margin-xs,calc(var(--spacing)*4))] @w-sm\/main:[--thread-content-margin:var(--thread-content-margin-sm,calc(var(--spacing)*6))] @w-lg\/main:[--thread-content-margin:var(--thread-content-margin-lg,calc(var(--spacing)*16))] px-(--thread-content-margin)\">\n<div class=\"[--thread-content-max-width:40rem] @w-lg\/main:[--thread-content-max-width:48rem] mx-auto max-w-(--thread-content-max-width) flex-1 group\/turn-messages focus-visible:outline-hidden relative flex w-full min-w-0 flex-col agent-turn\">\n<div class=\"flex max-w-full flex-col gap-4 grow\">\n<div class=\"min-h-8 text-message relative flex w-full flex-col items-end gap-2 text-start break-words whitespace-normal [.text-message+&amp;]:mt-1\" dir=\"auto\" data-message-author-role=\"assistant\" data-message-id=\"ea140235-ed49-4a04-9b15-15d45f66289b\" data-message-model-slug=\"gpt-5-3\">\n<div class=\"flex w-full flex-col gap-1 empty:hidden\">\n<div class=\"markdown prose dark:prose-invert w-full wrap-break-word light markdown-new-styling\">\n<p data-start=\"95\" data-end=\"289\"><strong data-start=\"95\" data-end=\"289\"><span class=\"BZ_Pyq_fadeIn\">Este <\/span><span class=\"BZ_Pyq_fadeIn\">viernes <\/span><span class=\"BZ_Pyq_fadeIn\">13 <\/span><span class=\"BZ_Pyq_fadeIn\">se <\/span><span class=\"BZ_Pyq_fadeIn\">realizar\u00e1 <\/span><span class=\"BZ_Pyq_fadeIn\">una <\/span><span class=\"BZ_Pyq_fadeIn\">campa\u00f1a <\/span><span class=\"BZ_Pyq_fadeIn\">para <\/span><span class=\"BZ_Pyq_fadeIn\">recolectar <\/span><span class=\"BZ_Pyq_fadeIn\">materiales <\/span><span class=\"BZ_Pyq_fadeIn\">reciclables <\/span><span class=\"BZ_Pyq_fadeIn\">y <\/span><span class=\"BZ_Pyq_fadeIn\">residuos <\/span><span class=\"BZ_Pyq_fadeIn\">especiales. <\/span><span class=\"BZ_Pyq_fadeIn\">La <\/span><span class=\"BZ_Pyq_fadeIn\">iniciativa <\/span><span class=\"BZ_Pyq_fadeIn\">busca <\/span><span class=\"BZ_Pyq_fadeIn\">promover <\/span><span class=\"BZ_Pyq_fadeIn\">el <\/span><span class=\"BZ_Pyq_fadeIn\">cuidado <\/span><span class=\"BZ_Pyq_fadeIn\">del <\/span><span class=\"BZ_Pyq_fadeIn\">ambiente <\/span><span class=\"BZ_Pyq_fadeIn\">y <\/span><span class=\"BZ_Pyq_fadeIn\">la <\/span><span class=\"BZ_Pyq_fadeIn\">participaci\u00f3n <\/span><span class=\"BZ_Pyq_fadeIn\">de <\/span><span class=\"BZ_Pyq_fadeIn\">los <\/span><span class=\"BZ_Pyq_fadeIn\">vecinos.<\/span><\/strong><\/p>\n<p data-start=\"95\" data-end=\"289\">13 de Marzo de 2026<\/p>\n<p data-start=\"291\" data-end=\"561\"><span class=\"BZ_Pyq_fadeIn\"><strong>CHASCOM\u00daS &#8211;\u00a0<\/strong> \u00a0La <\/span><strong data-start=\"294\" data-end=\"335\"><span class=\"hover:entity-accent entity-underline inline cursor-pointer align-baseline\"><span class=\"whitespace-normal\">Municipalidad de Chascom\u00fas<\/span><\/span><\/strong> <span class=\"BZ_Pyq_fadeIn\">llevar\u00e1 <\/span><span class=\"BZ_Pyq_fadeIn\">adelante <\/span><span class=\"BZ_Pyq_fadeIn\">una <\/span><span class=\"BZ_Pyq_fadeIn\">nueva <\/span><span class=\"BZ_Pyq_fadeIn\">jornada <\/span><span class=\"BZ_Pyq_fadeIn\">de <\/span><span class=\"BZ_Pyq_fadeIn\">reciclado <\/span><span class=\"BZ_Pyq_fadeIn\">denominada <\/span><strong data-start=\"395\" data-end=\"417\"><span class=\"BZ_Pyq_fadeIn\">\u201c<\/span><span class=\"BZ_Pyq_fadeIn\">Chascom\u00fas <\/span><span class=\"BZ_Pyq_fadeIn\">Separa\u201d<\/span><\/strong><span class=\"BZ_Pyq_fadeIn\">, <\/span><span class=\"BZ_Pyq_fadeIn\">una <\/span><span class=\"BZ_Pyq_fadeIn\">propuesta <\/span><span class=\"BZ_Pyq_fadeIn\">que <\/span><span class=\"BZ_Pyq_fadeIn\">invita <\/span><span class=\"BZ_Pyq_fadeIn\">a <\/span><span class=\"BZ_Pyq_fadeIn\">toda <\/span><span class=\"BZ_Pyq_fadeIn\">la <\/span><span class=\"BZ_Pyq_fadeIn\">comunidad <\/span><span class=\"BZ_Pyq_fadeIn\">a <\/span><strong data-start=\"466\" data-end=\"525\"><span class=\"BZ_Pyq_fadeIn\">clasificar <\/span><span class=\"BZ_Pyq_fadeIn\">y <\/span><span class=\"BZ_Pyq_fadeIn\">entregar <\/span><span class=\"BZ_Pyq_fadeIn\">residuos <\/span><span class=\"BZ_Pyq_fadeIn\">reciclables <\/span><span class=\"BZ_Pyq_fadeIn\">y <\/span><span class=\"BZ_Pyq_fadeIn\">especiales<\/span><\/strong> <span class=\"BZ_Pyq_fadeIn\">para <\/span><span class=\"BZ_Pyq_fadeIn\">su <\/span><span class=\"BZ_Pyq_fadeIn\">correcta <\/span><span class=\"BZ_Pyq_fadeIn\">gesti\u00f3n <\/span><span class=\"BZ_Pyq_fadeIn\">ambiental.<\/span><\/p>\n<blockquote>\n<h3 data-start=\"563\" data-end=\"763\"><span class=\"BZ_Pyq_fadeIn\">La <\/span><span class=\"BZ_Pyq_fadeIn\">actividad <\/span><span class=\"BZ_Pyq_fadeIn\">se <\/span><span class=\"BZ_Pyq_fadeIn\">realizar\u00e1 <\/span><strong data-start=\"589\" data-end=\"608\"><span class=\"BZ_Pyq_fadeIn\">este <\/span><span class=\"BZ_Pyq_fadeIn\">viernes <\/span><span class=\"BZ_Pyq_fadeIn\">13<\/span><\/strong><span class=\"BZ_Pyq_fadeIn\">, <\/span><span class=\"BZ_Pyq_fadeIn\">entre <\/span><strong data-start=\"616\" data-end=\"640\"><span class=\"BZ_Pyq_fadeIn\">las <\/span><span class=\"BZ_Pyq_fadeIn\">9:<\/span><span class=\"BZ_Pyq_fadeIn\">00 <\/span><span class=\"BZ_Pyq_fadeIn\">y <\/span><span class=\"BZ_Pyq_fadeIn\">las <\/span><span class=\"BZ_Pyq_fadeIn\">19:<\/span><span class=\"BZ_Pyq_fadeIn\">00<\/span><\/strong><span class=\"BZ_Pyq_fadeIn\">, <\/span><span class=\"BZ_Pyq_fadeIn\">en <\/span><span class=\"BZ_Pyq_fadeIn\">el <\/span><strong data-start=\"648\" data-end=\"689\"><span class=\"hover:entity-accent entity-underline inline cursor-pointer align-baseline\"><span class=\"whitespace-normal\">Club Atl\u00e9tico Chascom\u00fas<\/span><\/span><\/strong><span class=\"BZ_Pyq_fadeIn\">, <\/span><span class=\"BZ_Pyq_fadeIn\">donde <\/span><span class=\"BZ_Pyq_fadeIn\">los <\/span><span class=\"BZ_Pyq_fadeIn\">vecinos <\/span><span class=\"BZ_Pyq_fadeIn\">podr\u00e1n <\/span><span class=\"BZ_Pyq_fadeIn\">acercar <\/span><span class=\"BZ_Pyq_fadeIn\">distintos <\/span><span class=\"BZ_Pyq_fadeIn\">materiales <\/span><span class=\"BZ_Pyq_fadeIn\">para <\/span><span class=\"BZ_Pyq_fadeIn\">su <\/span><span class=\"BZ_Pyq_fadeIn\">reciclaje.<\/span><\/h3>\n<\/blockquote>\n<h3 data-section-id=\"dqnxng\" data-start=\"765\" data-end=\"788\"><span style=\"color: #339966\"><span class=\"BZ_Pyq_fadeIn\">Qu\u00e9 <\/span><span class=\"BZ_Pyq_fadeIn\">se <\/span><span class=\"BZ_Pyq_fadeIn\">puede <\/span><span class=\"BZ_Pyq_fadeIn\">llevar<\/span><\/span><\/h3>\n<p data-start=\"790\" data-end=\"878\"><span class=\"BZ_Pyq_fadeIn\">Durante <\/span><span class=\"BZ_Pyq_fadeIn\">la <\/span><span class=\"BZ_Pyq_fadeIn\">jornada <\/span><span class=\"BZ_Pyq_fadeIn\">se <\/span><span class=\"BZ_Pyq_fadeIn\">recibir\u00e1n <\/span><strong data-start=\"822\" data-end=\"864\"><span class=\"BZ_Pyq_fadeIn\">materiales <\/span><span class=\"BZ_Pyq_fadeIn\">reciclables <\/span><span class=\"BZ_Pyq_fadeIn\">limpios <\/span><span class=\"BZ_Pyq_fadeIn\">y <\/span><span class=\"BZ_Pyq_fadeIn\">secos<\/span><\/strong><span class=\"BZ_Pyq_fadeIn\">, <\/span><span class=\"BZ_Pyq_fadeIn\">entre <\/span><span class=\"BZ_Pyq_fadeIn\">ellos:<\/span><\/p>\n<ul data-start=\"880\" data-end=\"943\">\n<li data-section-id=\"h0ddcw\" data-start=\"880\" data-end=\"898\">\n<p data-start=\"882\" data-end=\"898\"><span class=\"BZ_Pyq_fadeIn\">Papel <\/span><span class=\"BZ_Pyq_fadeIn\">y <\/span><span class=\"BZ_Pyq_fadeIn\">cart\u00f3n<\/span><\/p>\n<\/li>\n<li data-section-id=\"1c2krbj\" data-start=\"899\" data-end=\"922\">\n<p data-start=\"901\" data-end=\"922\"><span class=\"BZ_Pyq_fadeIn\">Envases <\/span><span class=\"BZ_Pyq_fadeIn\">de <\/span><span class=\"BZ_Pyq_fadeIn\">pl\u00e1stico<\/span><\/p>\n<\/li>\n<li data-section-id=\"wdryhz\" data-start=\"923\" data-end=\"933\">\n<p data-start=\"925\" data-end=\"933\"><span class=\"BZ_Pyq_fadeIn\">Vidrio<\/span><\/p>\n<\/li>\n<li data-section-id=\"usl4ah\" data-start=\"934\" data-end=\"943\">\n<p data-start=\"936\" data-end=\"943\"><span class=\"BZ_Pyq_fadeIn\">Metal<\/span><\/p>\n<\/li>\n<\/ul>\n<p data-start=\"945\" data-end=\"1002\"><span class=\"BZ_Pyq_fadeIn\">Tambi\u00e9n <\/span><span class=\"BZ_Pyq_fadeIn\">se <\/span><span class=\"BZ_Pyq_fadeIn\">podr\u00e1n <\/span><span class=\"BZ_Pyq_fadeIn\">entregar <\/span><strong data-start=\"972\" data-end=\"995\"><span class=\"BZ_Pyq_fadeIn\">residuos <\/span><span class=\"BZ_Pyq_fadeIn\">especiales<\/span><\/strong><span class=\"BZ_Pyq_fadeIn\">, <\/span><span class=\"BZ_Pyq_fadeIn\">como:<\/span><\/p>\n<ul data-start=\"1004\" data-end=\"1155\">\n<li data-section-id=\"f578cj\" data-start=\"1004\" data-end=\"1064\">\n<p data-start=\"1006\" data-end=\"1064\"><strong data-start=\"1006\" data-end=\"1015\"><span class=\"BZ_Pyq_fadeIn\">RAEE:<\/span><\/strong> <span class=\"BZ_Pyq_fadeIn\">residuos <\/span><span class=\"BZ_Pyq_fadeIn\">de <\/span><span class=\"BZ_Pyq_fadeIn\">aparatos <\/span><span class=\"BZ_Pyq_fadeIn\">el\u00e9ctricos <\/span><span class=\"BZ_Pyq_fadeIn\">y <\/span><span class=\"BZ_Pyq_fadeIn\">electr\u00f3nicos<\/span><\/p>\n<\/li>\n<li data-section-id=\"n6ffz4\" data-start=\"1065\" data-end=\"1155\">\n<p data-start=\"1067\" data-end=\"1155\"><strong data-start=\"1067\" data-end=\"1075\"><span class=\"BZ_Pyq_fadeIn\">AVU:<\/span><\/strong> <span class=\"BZ_Pyq_fadeIn\">aceite <\/span><span class=\"BZ_Pyq_fadeIn\">vegetal <\/span><span class=\"BZ_Pyq_fadeIn\">usado, <\/span><span class=\"BZ_Pyq_fadeIn\">que <\/span><span class=\"BZ_Pyq_fadeIn\">debe <\/span><span class=\"BZ_Pyq_fadeIn\">llevarse <\/span><strong data-start=\"1116\" data-end=\"1155\"><span class=\"BZ_Pyq_fadeIn\">en <\/span><span class=\"BZ_Pyq_fadeIn\">botellas <\/span><span class=\"BZ_Pyq_fadeIn\">pl\u00e1sticas <\/span><span class=\"BZ_Pyq_fadeIn\">bien <\/span><span class=\"BZ_Pyq_fadeIn\">cerradas<\/span><\/strong><\/p>\n<\/li>\n<\/ul>\n<h3 data-section-id=\"1ywd9hy\" data-start=\"1157\" data-end=\"1202\"><span style=\"color: #339966\"><span class=\"BZ_Pyq_fadeIn\">Un <\/span><span class=\"BZ_Pyq_fadeIn\">peque\u00f1o <\/span><span class=\"BZ_Pyq_fadeIn\">gesto <\/span><span class=\"BZ_Pyq_fadeIn\">que <\/span><span class=\"BZ_Pyq_fadeIn\">ayuda <\/span><span class=\"BZ_Pyq_fadeIn\">al <\/span><\/span><span class=\"BZ_Pyq_fadeIn\"><span style=\"color: #339966\">ambiente<\/span> &#x1f30e;<\/span><\/h3>\n<p data-start=\"1204\" data-end=\"1422\"><span class=\"BZ_Pyq_fadeIn\">Desde <\/span><span class=\"BZ_Pyq_fadeIn\">el <\/span><span class=\"BZ_Pyq_fadeIn\">municipio <\/span><span class=\"BZ_Pyq_fadeIn\">destacan <\/span><span class=\"BZ_Pyq_fadeIn\">que <\/span><strong data-start=\"1236\" data-end=\"1281\"><span class=\"BZ_Pyq_fadeIn\">separar <\/span><span class=\"BZ_Pyq_fadeIn\">los <\/span><span class=\"BZ_Pyq_fadeIn\">residuos <\/span><span class=\"BZ_Pyq_fadeIn\">en <\/span><span class=\"BZ_Pyq_fadeIn\">origen <\/span><span class=\"BZ_Pyq_fadeIn\">y <\/span><span class=\"BZ_Pyq_fadeIn\">reciclar<\/span><\/strong> <span class=\"BZ_Pyq_fadeIn\">permite <\/span><span class=\"BZ_Pyq_fadeIn\">reducir <\/span><span class=\"BZ_Pyq_fadeIn\">la <\/span><span class=\"BZ_Pyq_fadeIn\">cantidad <\/span><span class=\"BZ_Pyq_fadeIn\">de <\/span><span class=\"BZ_Pyq_fadeIn\">basura <\/span><span class=\"BZ_Pyq_fadeIn\">que <\/span><span class=\"BZ_Pyq_fadeIn\">termina <\/span><span class=\"BZ_Pyq_fadeIn\">en <\/span><span class=\"BZ_Pyq_fadeIn\">los <\/span><span class=\"BZ_Pyq_fadeIn\">basurales, <\/span><span class=\"BZ_Pyq_fadeIn\">aprovechar <\/span><span class=\"BZ_Pyq_fadeIn\">materiales <\/span><span class=\"BZ_Pyq_fadeIn\">reutilizables <\/span><span class=\"BZ_Pyq_fadeIn\">y <\/span><strong data-start=\"1388\" data-end=\"1421\"><span class=\"BZ_Pyq_fadeIn\">cuidar <\/span><span class=\"BZ_Pyq_fadeIn\">los <\/span><span class=\"BZ_Pyq_fadeIn\">recursos <\/span><span class=\"BZ_Pyq_fadeIn\">naturales<\/span><\/strong><span class=\"BZ_Pyq_fadeIn\">.<\/span><\/p>\n<p data-start=\"1424\" data-end=\"1540\"><span class=\"BZ_Pyq_fadeIn\">Adem\u00e1s, <\/span><span class=\"BZ_Pyq_fadeIn\">estas <\/span><span class=\"BZ_Pyq_fadeIn\">jornadas <\/span><span class=\"BZ_Pyq_fadeIn\">buscan <\/span><strong data-start=\"1454\" data-end=\"1518\"><span class=\"BZ_Pyq_fadeIn\">generar <\/span><span class=\"BZ_Pyq_fadeIn\">conciencia <\/span><span class=\"BZ_Pyq_fadeIn\">ambiental <\/span><span class=\"BZ_Pyq_fadeIn\">y <\/span><span class=\"BZ_Pyq_fadeIn\">promover <\/span><span class=\"BZ_Pyq_fadeIn\">h\u00e1bitos <\/span><span class=\"BZ_Pyq_fadeIn\">responsables<\/span><\/strong> <span class=\"BZ_Pyq_fadeIn\">en <\/span><span class=\"BZ_Pyq_fadeIn\">la <\/span><span class=\"BZ_Pyq_fadeIn\">vida <\/span><span class=\"BZ_Pyq_fadeIn\">cotidiana.<\/span><\/p>\n<h3 data-section-id=\"r6layu\" data-start=\"1542\" data-end=\"1580\"><span style=\"color: #339966\"><span class=\"BZ_Pyq_fadeIn\">Una <\/span><span class=\"BZ_Pyq_fadeIn\">invitaci\u00f3n <\/span><span class=\"BZ_Pyq_fadeIn\">a <\/span><span class=\"BZ_Pyq_fadeIn\">toda <\/span><span class=\"BZ_Pyq_fadeIn\">la <\/span><span class=\"BZ_Pyq_fadeIn\">comunidad<\/span><\/span><\/h3>\n<p data-start=\"1582\" data-end=\"1797\"><span class=\"BZ_Pyq_fadeIn\">La <\/span><span class=\"BZ_Pyq_fadeIn\">propuesta <\/span><span class=\"BZ_Pyq_fadeIn\">es <\/span><span class=\"BZ_Pyq_fadeIn\">abierta <\/span><span class=\"BZ_Pyq_fadeIn\">a <\/span><span class=\"BZ_Pyq_fadeIn\">todos <\/span><span class=\"BZ_Pyq_fadeIn\">los <\/span><span class=\"BZ_Pyq_fadeIn\">vecinos <\/span><span class=\"BZ_Pyq_fadeIn\">de <\/span><strong data-start=\"1629\" data-end=\"1670\"><span class=\"hover:entity-accent entity-underline inline cursor-pointer align-baseline\"><span class=\"whitespace-normal\">Chascom\u00fas<\/span><\/span><\/strong><span class=\"BZ_Pyq_fadeIn\">, <\/span><span class=\"BZ_Pyq_fadeIn\">que <\/span><span class=\"BZ_Pyq_fadeIn\">podr\u00e1n <\/span><span class=\"BZ_Pyq_fadeIn\">acercarse <\/span><span class=\"BZ_Pyq_fadeIn\">durante <\/span><span class=\"BZ_Pyq_fadeIn\">el <\/span><span class=\"BZ_Pyq_fadeIn\">d\u00eda <\/span><span class=\"BZ_Pyq_fadeIn\">para <\/span><span class=\"BZ_Pyq_fadeIn\">colaborar <\/span><span class=\"BZ_Pyq_fadeIn\">con <\/span><span class=\"BZ_Pyq_fadeIn\">el <\/span><span class=\"BZ_Pyq_fadeIn\">reciclado <\/span><span class=\"BZ_Pyq_fadeIn\">y <\/span><span class=\"BZ_Pyq_fadeIn\">aportar <\/span><span class=\"BZ_Pyq_fadeIn\">su <\/span><span class=\"BZ_Pyq_fadeIn\">granito <\/span><span class=\"BZ_Pyq_fadeIn\">de <\/span><span class=\"BZ_Pyq_fadeIn\">arena <\/span><span class=\"BZ_Pyq_fadeIn\">en <\/span><span class=\"BZ_Pyq_fadeIn\">el <\/span><span class=\"BZ_Pyq_fadeIn\">cuidado <\/span><span class=\"BZ_Pyq_fadeIn\">del <\/span><span class=\"BZ_Pyq_fadeIn\">ambiente.<\/span><\/p>\n<p data-start=\"1799\" data-end=\"2002\" data-is-last-node=\"\" data-is-only-node=\"\"><span class=\"BZ_Pyq_fadeIn\">Desde <\/span><span class=\"BZ_Pyq_fadeIn\">el <\/span><span class=\"BZ_Pyq_fadeIn\">municipio <\/span><span class=\"BZ_Pyq_fadeIn\">remarcan <\/span><span class=\"BZ_Pyq_fadeIn\">que <\/span><strong data-start=\"1831\" data-end=\"1876\"><span class=\"BZ_Pyq_fadeIn\">la <\/span><span class=\"BZ_Pyq_fadeIn\">participaci\u00f3n <\/span><span class=\"BZ_Pyq_fadeIn\">de <\/span><span class=\"BZ_Pyq_fadeIn\">la <\/span><span class=\"BZ_Pyq_fadeIn\">comunidad <\/span><span class=\"BZ_Pyq_fadeIn\">es <\/span><span class=\"BZ_Pyq_fadeIn\">clave<\/span><\/strong> <span class=\"BZ_Pyq_fadeIn\">para <\/span><span class=\"BZ_Pyq_fadeIn\">que <\/span><span class=\"BZ_Pyq_fadeIn\">este <\/span><span class=\"BZ_Pyq_fadeIn\">tipo <\/span><span class=\"BZ_Pyq_fadeIn\">de <\/span><span class=\"BZ_Pyq_fadeIn\">iniciativas <\/span><span class=\"BZ_Pyq_fadeIn\">tengan <\/span><span class=\"BZ_Pyq_fadeIn\">impacto <\/span><span class=\"BZ_Pyq_fadeIn\">real <\/span><span class=\"BZ_Pyq_fadeIn\">y <\/span><span class=\"BZ_Pyq_fadeIn\">contribuyan <\/span><span class=\"BZ_Pyq_fadeIn\">a <\/span><span class=\"BZ_Pyq_fadeIn\">construir <\/span><strong data-start=\"1957\" data-end=\"1996\"><span class=\"BZ_Pyq_fadeIn\">una <\/span><span class=\"BZ_Pyq_fadeIn\">ciudad <\/span><span class=\"BZ_Pyq_fadeIn\">m\u00e1s <\/span><span class=\"BZ_Pyq_fadeIn\">limpia <\/span><span class=\"BZ_Pyq_fadeIn\">y <\/span><span class=\"BZ_Pyq_fadeIn\">sustentable<\/span><\/strong><span class=\"BZ_Pyq_fadeIn\">. &#x267b;&#xfe0f;&#x1f331;<\/span><\/p>\n<p data-start=\"1799\" data-end=\"2002\" data-is-last-node=\"\" data-is-only-node=\"\"><img data-recalc-dims=\"1\" loading=\"lazy\" decoding=\"async\" class=\"alignnone size-medium wp-image-44479\" src=\"https:\/\/i0.wp.com\/larevistadigital.com.ar\/blog\/wp-content\/uploads\/WhatsApp-Image-2026-03-13-at-08.50.04.jpeg?resize=169%2C300&#038;ssl=1\" alt=\"\" width=\"169\" height=\"300\" srcset=\"https:\/\/i0.wp.com\/larevistadigital.com.ar\/blog\/wp-content\/uploads\/WhatsApp-Image-2026-03-13-at-08.50.04.jpeg?resize=169%2C300&amp;ssl=1 169w, https:\/\/i0.wp.com\/larevistadigital.com.ar\/blog\/wp-content\/uploads\/WhatsApp-Image-2026-03-13-at-08.50.04.jpeg?resize=578%2C1024&amp;ssl=1 578w, https:\/\/i0.wp.com\/larevistadigital.com.ar\/blog\/wp-content\/uploads\/WhatsApp-Image-2026-03-13-at-08.50.04.jpeg?w=722&amp;ssl=1 722w\" sizes=\"auto, (max-width: 169px) 100vw, 169px\" \/><\/p>\n<\/div>\n<\/div>\n<\/div>\n<\/div>\n<div class=\"z-0 flex min-h-[46px] justify-start\"><\/div>\n<div class=\"mt-3 w-full empty:hidden\">\n<div class=\"text-center\"><\/div>\n<\/div>\n<\/div>\n<\/div>\n<\/article>\n<\/div>\n<div class=\"pointer-events-none h-px w-px absolute bottom-0\" aria-hidden=\"true\" data-edge=\"true\"><\/div>\n","protected":false},"excerpt":{"rendered":"<div class=\"mh-excerpt\"><p>Este viernes 13 se realizar\u00e1 una campa\u00f1a para recolectar materiales reciclables y residuos especiales. La iniciativa busca promover el cuidado del ambiente y la participaci\u00f3n de los vecinos. 13 de Marzo de 2026 CHASCOM\u00daS &#8211;\u00a0 <a class=\"mh-excerpt-more\" href=\"https:\/\/larevistadigital.com.ar\/blog\/chascomus-separa-convocan-a-una-nueva-jornada-de-reciclado-abierta-a-toda-la-comunidad\/\" title=\"Chascom\u00fas separa: convocan a una nueva jornada de reciclado abierta a toda la comunidad\">[Leer M\u00e1s]<\/a><\/p>\n<\/div>","protected":false},"author":3,"featured_media":44480,"comment_status":"open","ping_status":"open","sticky":false,"template":"","format":"standard","meta":{"_jetpack_memberships_contains_paid_content":false,"footnotes":"","jetpack_publicize_message":"","jetpack_publicize_feature_enabled":true,"jetpack_social_post_already_shared":true,"jetpack_social_options":{"image_generator_settings":{"template":"highway","default_image_id":0,"font":"","enabled":false},"version":2}},"categories":[6],"tags":[],"class_list":{"0":"post-44478","1":"post","2":"type-post","3":"status-publish","4":"format-standard","5":"has-post-thumbnail","7":"category-chascomus"},"jetpack_publicize_connections":[],"jetpack_featured_media_url":"https:\/\/i0.wp.com\/larevistadigital.com.ar\/blog\/wp-content\/uploads\/ChatGPT-Image-13-mar-2026-11_32_46-a.m.png?fit=1024%2C1536&ssl=1","jetpack_sharing_enabled":true,"jetpack_shortlink":"https:\/\/wp.me\/p8qtrQ-bzo","jetpack-related-posts":[{"id":44554,"url":"https:\/\/larevistadigital.com.ar\/blog\/nueva-jornada-de-chascomus-separa-en-el-club-deportivo\/","url_meta":{"origin":44478,"position":0},"title":"Nueva jornada de \u201cChascom\u00fas separa\u201d en el Club Deportivo","author":"Alejandro Sosa Ruda","date":"17 marzo, 2026","format":false,"excerpt":"Un programa de la Municipalidad de Chascom\u00fas que impulsa la separaci\u00f3n de residuos en origen, promueve h\u00e1bitos responsables y fortalece una pol\u00edtica ambiental pensada para el presente y el futuro de la ciudad. 17 de marzo de 2026 CHASCOM\u00daS -\u00a0 \u00a0\u201cChascom\u00fas Separa\u201d es un programa del \u00e1rea de Ambiente de\u2026","rel":"","context":"En \u00abCHASCOM\u00daS\u00bb","block_context":{"text":"CHASCOM\u00daS","link":"https:\/\/larevistadigital.com.ar\/blog\/category\/chascomus\/"},"img":{"alt_text":"","src":"https:\/\/i0.wp.com\/larevistadigital.com.ar\/blog\/wp-content\/uploads\/69b980684e48b.png?fit=668%2C445&ssl=1&resize=350%2C200","width":350,"height":200,"srcset":"https:\/\/i0.wp.com\/larevistadigital.com.ar\/blog\/wp-content\/uploads\/69b980684e48b.png?fit=668%2C445&ssl=1&resize=350%2C200 1x, https:\/\/i0.wp.com\/larevistadigital.com.ar\/blog\/wp-content\/uploads\/69b980684e48b.png?fit=668%2C445&ssl=1&resize=525%2C300 1.5x"},"classes":[]},{"id":40640,"url":"https:\/\/larevistadigital.com.ar\/blog\/chascomus-gran-jornada-cultural-para-las-infancias-en-el-barrio-jardin\/","url_meta":{"origin":44478,"position":1},"title":"Chascom\u00fas: Gran jornada cultural para las infancias en el Barrio Jard\u00edn","author":"Alejandro Sosa Ruda","date":"28 julio, 2025","format":false,"excerpt":"Cote Rossi, Vicepresidente del Instituto Cultural bonaerense, sostuvo: \u201dEs fundamental crear espacios para que toda la comunidad pueda disfrutar y compartir\". 28 de Julio de 2025 CHASCOM\u00daS\u00a0 -\u00a0 El s\u00e1bado por la tarde, la Sociedad de Fomento del Barrio Jard\u00edn fue la anfitriona de una maravillosa jornada para las infancias.\u2026","rel":"","context":"En \u00abCHASCOM\u00daS\u00bb","block_context":{"text":"CHASCOM\u00daS","link":"https:\/\/larevistadigital.com.ar\/blog\/category\/chascomus\/"},"img":{"alt_text":"","src":"https:\/\/i0.wp.com\/larevistadigital.com.ar\/blog\/wp-content\/uploads\/O4A1943-scaled.jpg?fit=1200%2C800&ssl=1&resize=350%2C200","width":350,"height":200,"srcset":"https:\/\/i0.wp.com\/larevistadigital.com.ar\/blog\/wp-content\/uploads\/O4A1943-scaled.jpg?fit=1200%2C800&ssl=1&resize=350%2C200 1x, https:\/\/i0.wp.com\/larevistadigital.com.ar\/blog\/wp-content\/uploads\/O4A1943-scaled.jpg?fit=1200%2C800&ssl=1&resize=525%2C300 1.5x, https:\/\/i0.wp.com\/larevistadigital.com.ar\/blog\/wp-content\/uploads\/O4A1943-scaled.jpg?fit=1200%2C800&ssl=1&resize=700%2C400 2x, https:\/\/i0.wp.com\/larevistadigital.com.ar\/blog\/wp-content\/uploads\/O4A1943-scaled.jpg?fit=1200%2C800&ssl=1&resize=1050%2C600 3x"},"classes":[]},{"id":28982,"url":"https:\/\/larevistadigital.com.ar\/blog\/se-dictara-una-clinica-abierta-de-hockey-en-chascomus\/","url_meta":{"origin":44478,"position":2},"title":"SE DICTAR\u00c1 UNA CL\u00cdNICA ABIERTA DE HOCKEY EN CHASCOM\u00daS","author":"Alejandro Sosa Ruda","date":"22 noviembre, 2022","format":false,"excerpt":"CHASCOM\u00daS -\u00a0 \u00a0Desde la Sede local del Instituto Rep\u00fablica se invita a toda la comunidad a participar de esta actividad libre y gratuita, organizada conjuntamente con la Secretar\u00eda de Deportes de la Ciudad de Buenos Aires y el Club Atl\u00e9tico Chascom\u00fas. La misma se desarrollar\u00e1 desde las 18:30 del mi\u00e9rcoles\u2026","rel":"","context":"En \u00abINTERES GENERAL\u00bb","block_context":{"text":"INTERES GENERAL","link":"https:\/\/larevistadigital.com.ar\/blog\/category\/interes-general\/"},"img":{"alt_text":"","src":"https:\/\/i0.wp.com\/larevistadigital.com.ar\/blog\/wp-content\/uploads\/WhatsApp-Image-2022-11-22-at-17.38.22.jpeg?fit=1200%2C1200&ssl=1&resize=350%2C200","width":350,"height":200,"srcset":"https:\/\/i0.wp.com\/larevistadigital.com.ar\/blog\/wp-content\/uploads\/WhatsApp-Image-2022-11-22-at-17.38.22.jpeg?fit=1200%2C1200&ssl=1&resize=350%2C200 1x, https:\/\/i0.wp.com\/larevistadigital.com.ar\/blog\/wp-content\/uploads\/WhatsApp-Image-2022-11-22-at-17.38.22.jpeg?fit=1200%2C1200&ssl=1&resize=525%2C300 1.5x, https:\/\/i0.wp.com\/larevistadigital.com.ar\/blog\/wp-content\/uploads\/WhatsApp-Image-2022-11-22-at-17.38.22.jpeg?fit=1200%2C1200&ssl=1&resize=700%2C400 2x, https:\/\/i0.wp.com\/larevistadigital.com.ar\/blog\/wp-content\/uploads\/WhatsApp-Image-2022-11-22-at-17.38.22.jpeg?fit=1200%2C1200&ssl=1&resize=1050%2C600 3x"},"classes":[]},{"id":44036,"url":"https:\/\/larevistadigital.com.ar\/blog\/chascomus-este-viernes-se-realizara-una-nueva-jornada-raee-en-lomas-altas\/","url_meta":{"origin":44478,"position":3},"title":"Chascom\u00fas: Este viernes se realizar\u00e1 una nueva Jornada RAEE  en Lomas Altas","author":"Alejandro Sosa Ruda","date":"18 febrero, 2026","format":false,"excerpt":"\u00bfQu\u00e9 hacemos con lo que traen? Se clasifican, se reparan y se reutilizan, en el marco del Programa Municipal \u201cChascom\u00fas Separa\u201d. 18 de febrero de 2026 CHASCOM\u00daS -\u00a0 \u00a0El \u00e1rea de Ambiente de la Municipalidad de Chascom\u00fas anunci\u00f3 que este viernes 20 de febrero, se realizar\u00e1 una nueva jornada de\u2026","rel":"","context":"En \u00abCHASCOM\u00daS\u00bb","block_context":{"text":"CHASCOM\u00daS","link":"https:\/\/larevistadigital.com.ar\/blog\/category\/chascomus\/"},"img":{"alt_text":"","src":"https:\/\/i0.wp.com\/larevistadigital.com.ar\/blog\/wp-content\/uploads\/6995f988047c3.png?fit=668%2C445&ssl=1&resize=350%2C200","width":350,"height":200,"srcset":"https:\/\/i0.wp.com\/larevistadigital.com.ar\/blog\/wp-content\/uploads\/6995f988047c3.png?fit=668%2C445&ssl=1&resize=350%2C200 1x, https:\/\/i0.wp.com\/larevistadigital.com.ar\/blog\/wp-content\/uploads\/6995f988047c3.png?fit=668%2C445&ssl=1&resize=525%2C300 1.5x"},"classes":[]},{"id":4697,"url":"https:\/\/larevistadigital.com.ar\/blog\/chascomus-convocan-marcha-la-reincorporacion-la-medica-despedida\/","url_meta":{"origin":44478,"position":4},"title":"CHASCOM\u00daS: CONVOCAN MARCHA POR LA REINCORPORACI\u00d3N DE LA M\u00c9DICA DESPEDIDA","author":"Alejandro Sosa Ruda","date":"31 enero, 2018","format":false,"excerpt":"Desde un espacio multisectorial, se ha convocado una marcha para el d\u00eda de hoy, mi\u00e9rcoles 31 de enero a la Plaza Independencia, frente al Palacio Municipal. La cita es a las 12 horas y el objetivo es defender a la Salud P\u00fablica de los abusos que se vienen cometiendo por\u2026","rel":"","context":"En \u00abDESTACADAS\u00bb","block_context":{"text":"DESTACADAS","link":"https:\/\/larevistadigital.com.ar\/blog\/category\/destacadas\/"},"img":{"alt_text":"","src":"https:\/\/i0.wp.com\/larevistadigital.com.ar\/blog\/wp-content\/uploads\/2017\/09\/enfermera-silencio.jpg?fit=1200%2C675&ssl=1&resize=350%2C200","width":350,"height":200,"srcset":"https:\/\/i0.wp.com\/larevistadigital.com.ar\/blog\/wp-content\/uploads\/2017\/09\/enfermera-silencio.jpg?fit=1200%2C675&ssl=1&resize=350%2C200 1x, https:\/\/i0.wp.com\/larevistadigital.com.ar\/blog\/wp-content\/uploads\/2017\/09\/enfermera-silencio.jpg?fit=1200%2C675&ssl=1&resize=525%2C300 1.5x, https:\/\/i0.wp.com\/larevistadigital.com.ar\/blog\/wp-content\/uploads\/2017\/09\/enfermera-silencio.jpg?fit=1200%2C675&ssl=1&resize=700%2C400 2x, https:\/\/i0.wp.com\/larevistadigital.com.ar\/blog\/wp-content\/uploads\/2017\/09\/enfermera-silencio.jpg?fit=1200%2C675&ssl=1&resize=1050%2C600 3x"},"classes":[]},{"id":40817,"url":"https:\/\/larevistadigital.com.ar\/blog\/chascomus-se-realiza-el-festival-fes-en-la-vieja-estacion\/","url_meta":{"origin":44478,"position":5},"title":"Chascom\u00fas: Se realiza el Festival FES en la Vieja Estaci\u00f3n","author":"Alejandro Sosa Ruda","date":"8 agosto, 2025","format":false,"excerpt":"Una gran oportunidad para apoyar a los j\u00f3venes talentos de Chascom\u00fas, disfrutar de un domingo diferente y celebrar el esp\u00edritu colectivo de los estudiantes. 08 de Agosto de 2025 CHASCOM\u00daS\u00a0 -\u00a0 \u00a0Organizado por la Federaci\u00f3n de Estudiantes Secundarios con el acompa\u00f1amiento de la Municipalidad, invita a toda la comunidad a\u2026","rel":"","context":"En \u00abCHASCOM\u00daS\u00bb","block_context":{"text":"CHASCOM\u00daS","link":"https:\/\/larevistadigital.com.ar\/blog\/category\/chascomus\/"},"img":{"alt_text":"","src":"https:\/\/i0.wp.com\/larevistadigital.com.ar\/blog\/wp-content\/uploads\/689627c2e55e4.png?fit=668%2C445&ssl=1&resize=350%2C200","width":350,"height":200,"srcset":"https:\/\/i0.wp.com\/larevistadigital.com.ar\/blog\/wp-content\/uploads\/689627c2e55e4.png?fit=668%2C445&ssl=1&resize=350%2C200 1x, https:\/\/i0.wp.com\/larevistadigital.com.ar\/blog\/wp-content\/uploads\/689627c2e55e4.png?fit=668%2C445&ssl=1&resize=525%2C300 1.5x"},"classes":[]}],"_links":{"self":[{"href":"https:\/\/larevistadigital.com.ar\/blog\/wp-json\/wp\/v2\/posts\/44478","targetHints":{"allow":["GET"]}}],"collection":[{"href":"https:\/\/larevistadigital.com.ar\/blog\/wp-json\/wp\/v2\/posts"}],"about":[{"href":"https:\/\/larevistadigital.com.ar\/blog\/wp-json\/wp\/v2\/types\/post"}],"author":[{"embeddable":true,"href":"https:\/\/larevistadigital.com.ar\/blog\/wp-json\/wp\/v2\/users\/3"}],"replies":[{"embeddable":true,"href":"https:\/\/larevistadigital.com.ar\/blog\/wp-json\/wp\/v2\/comments?post=44478"}],"version-history":[{"count":1,"href":"https:\/\/larevistadigital.com.ar\/blog\/wp-json\/wp\/v2\/posts\/44478\/revisions"}],"predecessor-version":[{"id":44481,"href":"https:\/\/larevistadigital.com.ar\/blog\/wp-json\/wp\/v2\/posts\/44478\/revisions\/44481"}],"wp:featuredmedia":[{"embeddable":true,"href":"https:\/\/larevistadigital.com.ar\/blog\/wp-json\/wp\/v2\/media\/44480"}],"wp:attachment":[{"href":"https:\/\/larevistadigital.com.ar\/blog\/wp-json\/wp\/v2\/media?parent=44478"}],"wp:term":[{"taxonomy":"category","embeddable":true,"href":"https:\/\/larevistadigital.com.ar\/blog\/wp-json\/wp\/v2\/categories?post=44478"},{"taxonomy":"post_tag","embeddable":true,"href":"https:\/\/larevistadigital.com.ar\/blog\/wp-json\/wp\/v2\/tags?post=44478"}],"curies":[{"name":"wp","href":"https:\/\/api.w.org\/{rel}","templated":true}]}}