{"id":44483,"date":"2026-03-13T12:13:21","date_gmt":"2026-03-13T15:13:21","guid":{"rendered":"https:\/\/larevistadigital.com.ar\/blog\/?p=44483"},"modified":"2026-03-13T13:08:25","modified_gmt":"2026-03-13T16:08:25","slug":"escandalo-politico-en-chascomus-un-decreto-desato-una-guerra-en-el-concejo-deliberante","status":"publish","type":"post","link":"https:\/\/larevistadigital.com.ar\/blog\/escandalo-politico-en-chascomus-un-decreto-desato-una-guerra-en-el-concejo-deliberante\/","title":{"rendered":"Esc\u00e1ndalo pol\u00edtico en Chascom\u00fas: un decreto desat\u00f3 una guerra en el Concejo Deliberante"},"content":{"rendered":"<div class=\"relative basis-auto flex-col -mb-(--composer-overlap-px) [--composer-overlap-px:28px] grow flex\">\n<div class=\"flex flex-col text-sm pb-25\">\n<article class=\"text-token-text-primary w-full focus:outline-none [--shadow-height:45px] has-data-writing-block:pointer-events-none has-data-writing-block:-mt-(--shadow-height) has-data-writing-block:pt-(--shadow-height) [&amp;:has([data-writing-block])&gt;*]:pointer-events-auto scroll-mt-[calc(var(--header-height)+min(200px,max(70px,20svh)))]\" dir=\"auto\" data-turn-id=\"request-699e3443-eb78-8333-9b31-4ecb9f447d7a-3\" data-testid=\"conversation-turn-100\" data-scroll-anchor=\"true\" data-turn=\"assistant\">\n<div class=\"text-base my-auto mx-auto pb-10 [--thread-content-margin:var(--thread-content-margin-xs,calc(var(--spacing)*4))] @w-sm\/main:[--thread-content-margin:var(--thread-content-margin-sm,calc(var(--spacing)*6))] @w-lg\/main:[--thread-content-margin:var(--thread-content-margin-lg,calc(var(--spacing)*16))] px-(--thread-content-margin)\">\n<div class=\"[--thread-content-max-width:40rem] @w-lg\/main:[--thread-content-max-width:48rem] mx-auto max-w-(--thread-content-max-width) flex-1 group\/turn-messages focus-visible:outline-hidden relative flex w-full min-w-0 flex-col agent-turn\">\n<div class=\"flex max-w-full flex-col gap-4 grow\">\n<div class=\"min-h-8 text-message relative flex w-full flex-col items-end gap-2 text-start break-words whitespace-normal [.text-message+&amp;]:mt-1\" dir=\"auto\" data-message-author-role=\"assistant\" data-message-id=\"6c9cb33a-d041-43f0-899d-1ee0f378139a\" data-message-model-slug=\"gpt-5-3\">\n<div class=\"flex w-full flex-col gap-1 empty:hidden\">\n<div class=\"markdown prose dark:prose-invert w-full wrap-break-word light markdown-new-styling\">\n<p data-start=\"92\" data-end=\"310\"><strong data-start=\"92\" data-end=\"310\"><span class=\"BZ_Pyq_fadeIn\">Una <\/span><span class=\"BZ_Pyq_fadeIn\">pol\u00e9mica <\/span><span class=\"BZ_Pyq_fadeIn\">modificaci\u00f3n <\/span><span class=\"BZ_Pyq_fadeIn\">del <\/span><span class=\"BZ_Pyq_fadeIn\">reglamento <\/span><span class=\"BZ_Pyq_fadeIn\">interno <\/span><span class=\"BZ_Pyq_fadeIn\">aprobada <\/span><span class=\"BZ_Pyq_fadeIn\">por <\/span><span class=\"BZ_Pyq_fadeIn\">la <\/span><span class=\"BZ_Pyq_fadeIn\">oposici\u00f3n <\/span><span class=\"BZ_Pyq_fadeIn\">gener\u00f3 <\/span><span class=\"BZ_Pyq_fadeIn\">fuertes <\/span><span class=\"BZ_Pyq_fadeIn\">acusaciones, <\/span><span class=\"BZ_Pyq_fadeIn\">abandono <\/span><span class=\"BZ_Pyq_fadeIn\">de <\/span><span class=\"BZ_Pyq_fadeIn\">la <\/span><span class=\"BZ_Pyq_fadeIn\">sesi\u00f3n <\/span><span class=\"BZ_Pyq_fadeIn\">y <\/span><span class=\"BZ_Pyq_fadeIn\">hasta <\/span><span class=\"BZ_Pyq_fadeIn\">la <\/span><span class=\"BZ_Pyq_fadeIn\">amenaza <\/span><span class=\"BZ_Pyq_fadeIn\">de <\/span><span class=\"BZ_Pyq_fadeIn\">un <\/span><span class=\"BZ_Pyq_fadeIn\">conflicto <\/span><span class=\"BZ_Pyq_fadeIn\">de <\/span><span class=\"BZ_Pyq_fadeIn\">poderes <\/span><span class=\"BZ_Pyq_fadeIn\">que <\/span><span class=\"BZ_Pyq_fadeIn\">podr\u00eda <\/span><span class=\"BZ_Pyq_fadeIn\">paralizar <\/span><span class=\"BZ_Pyq_fadeIn\">el <\/span><span class=\"BZ_Pyq_fadeIn\">cuerpo <\/span><span class=\"BZ_Pyq_fadeIn\">legislativo.<\/span><\/strong><\/p>\n<p data-start=\"92\" data-end=\"310\">13 de marzo de 2026<\/p>\n<p data-start=\"312\" data-end=\"660\"><span class=\"BZ_Pyq_fadeIn\"><strong>CHASCOM\u00daS &#8211;\u00a0<\/strong> \u00a0Una <\/span><span class=\"BZ_Pyq_fadeIn\">sesi\u00f3n <\/span><span class=\"BZ_Pyq_fadeIn\">que <\/span><span class=\"BZ_Pyq_fadeIn\">parec\u00eda <\/span><span class=\"BZ_Pyq_fadeIn\">rutinaria <\/span><span class=\"BZ_Pyq_fadeIn\">termin\u00f3 <\/span><span class=\"BZ_Pyq_fadeIn\">convertida <\/span><span class=\"BZ_Pyq_fadeIn\">en <\/span><strong data-start=\"367\" data-end=\"408\"><span class=\"BZ_Pyq_fadeIn\">un <\/span><span class=\"BZ_Pyq_fadeIn\">verdadero <\/span><span class=\"BZ_Pyq_fadeIn\">terremoto <\/span><span class=\"BZ_Pyq_fadeIn\">pol\u00edtico <\/span><span class=\"BZ_Pyq_fadeIn\">en <\/span><span class=\"BZ_Pyq_fadeIn\">el<\/span><\/strong> <span class=\"hover:entity-accent entity-underline inline cursor-pointer align-baseline\"><span class=\"whitespace-normal\">Concejo Deliberante de Chascom\u00fas<\/span><\/span><span class=\"BZ_Pyq_fadeIn\">. <\/span><span class=\"BZ_Pyq_fadeIn\">La <\/span><span class=\"BZ_Pyq_fadeIn\">aprobaci\u00f3n <\/span><span class=\"BZ_Pyq_fadeIn\">de <\/span><span class=\"BZ_Pyq_fadeIn\">un <\/span><span class=\"BZ_Pyq_fadeIn\">decreto <\/span><span class=\"BZ_Pyq_fadeIn\">que <\/span><span class=\"BZ_Pyq_fadeIn\">modifica <\/span><span class=\"BZ_Pyq_fadeIn\">el <\/span><span class=\"BZ_Pyq_fadeIn\">reglamento <\/span><span class=\"BZ_Pyq_fadeIn\">interno <\/span><span class=\"BZ_Pyq_fadeIn\">del <\/span><span class=\"BZ_Pyq_fadeIn\">cuerpo <\/span><span class=\"BZ_Pyq_fadeIn\">desat\u00f3 <\/span><strong data-start=\"529\" data-end=\"621\"><span class=\"BZ_Pyq_fadeIn\">acusaciones <\/span><span class=\"BZ_Pyq_fadeIn\">de <\/span><span class=\"BZ_Pyq_fadeIn\">abuso <\/span><span class=\"BZ_Pyq_fadeIn\">de <\/span><span class=\"BZ_Pyq_fadeIn\">poder, <\/span><span class=\"BZ_Pyq_fadeIn\">ruptura <\/span><span class=\"BZ_Pyq_fadeIn\">pol\u00edtica <\/span><span class=\"BZ_Pyq_fadeIn\">y <\/span><span class=\"BZ_Pyq_fadeIn\">la <\/span><span class=\"BZ_Pyq_fadeIn\">posibilidad <\/span><span class=\"BZ_Pyq_fadeIn\">de <\/span><span class=\"BZ_Pyq_fadeIn\">una <\/span><span class=\"BZ_Pyq_fadeIn\">batalla <\/span><span class=\"BZ_Pyq_fadeIn\">judicial<\/span><\/strong><span class=\"BZ_Pyq_fadeIn\">. <\/span><\/p>\n<p data-start=\"662\" data-end=\"1033\"><span class=\"BZ_Pyq_fadeIn\">La <\/span><span class=\"BZ_Pyq_fadeIn\">pol\u00e9mica <\/span><span class=\"BZ_Pyq_fadeIn\">estall\u00f3 <\/span><span class=\"BZ_Pyq_fadeIn\">luego <\/span><span class=\"BZ_Pyq_fadeIn\">de <\/span><span class=\"BZ_Pyq_fadeIn\">que <\/span><strong data-start=\"695\" data-end=\"790\"><span class=\"BZ_Pyq_fadeIn\">una <\/span><span class=\"BZ_Pyq_fadeIn\">mayor\u00eda <\/span><span class=\"BZ_Pyq_fadeIn\">opositora <\/span><span class=\"BZ_Pyq_fadeIn\">integrada <\/span><span class=\"BZ_Pyq_fadeIn\">por <\/span><span class=\"BZ_Pyq_fadeIn\">concejales <\/span><span class=\"BZ_Pyq_fadeIn\">de Alianza Potencia<\/span><span class=\"BZ_Pyq_fadeIn\">, <\/span><span class=\"BZ_Pyq_fadeIn\">La <\/span><span class=\"BZ_Pyq_fadeIn\">Libertad <\/span><span class=\"BZ_Pyq_fadeIn\">Avanza, <\/span><span class=\"BZ_Pyq_fadeIn\">el <\/span><span class=\"BZ_Pyq_fadeIn\">PRO <\/span><span class=\"BZ_Pyq_fadeIn\">y <\/span><span class=\"BZ_Pyq_fadeIn\">la <\/span><span class=\"BZ_Pyq_fadeIn\">UCR<\/span><\/strong> <span class=\"BZ_Pyq_fadeIn\">aprobara <\/span><span class=\"BZ_Pyq_fadeIn\">el <\/span><strong data-start=\"803\" data-end=\"820\"><span class=\"BZ_Pyq_fadeIn\">Decreto <\/span><span class=\"BZ_Pyq_fadeIn\">N\u00ba248<\/span><\/strong><span class=\"BZ_Pyq_fadeIn\">, <\/span><span class=\"BZ_Pyq_fadeIn\">una <\/span><span class=\"BZ_Pyq_fadeIn\">norma <\/span><span class=\"BZ_Pyq_fadeIn\">que <\/span><span class=\"BZ_Pyq_fadeIn\">cambia <\/span><span class=\"BZ_Pyq_fadeIn\">la <\/span><span class=\"BZ_Pyq_fadeIn\">estructura <\/span><span class=\"BZ_Pyq_fadeIn\">de <\/span><span class=\"BZ_Pyq_fadeIn\">funcionamiento <\/span><span class=\"BZ_Pyq_fadeIn\">del <\/span><span class=\"BZ_Pyq_fadeIn\">Concejo <\/span><span class=\"BZ_Pyq_fadeIn\">y <\/span><span class=\"BZ_Pyq_fadeIn\">que, <\/span><span class=\"BZ_Pyq_fadeIn\">seg\u00fan <\/span><span class=\"BZ_Pyq_fadeIn\">denuncian <\/span><span class=\"BZ_Pyq_fadeIn\">desde <\/span><span class=\"BZ_Pyq_fadeIn\">el <\/span><span class=\"BZ_Pyq_fadeIn\">oficialismo, <\/span><strong data-start=\"932\" data-end=\"994\"><span class=\"BZ_Pyq_fadeIn\">deja <\/span><span class=\"BZ_Pyq_fadeIn\">a <\/span><span class=\"BZ_Pyq_fadeIn\">la <\/span><span class=\"BZ_Pyq_fadeIn\">primera <\/span><span class=\"BZ_Pyq_fadeIn\">minor\u00eda <\/span><span class=\"BZ_Pyq_fadeIn\">fuera <\/span><span class=\"BZ_Pyq_fadeIn\">de <\/span><span class=\"BZ_Pyq_fadeIn\">las <\/span><span class=\"BZ_Pyq_fadeIn\">comisiones <\/span><span class=\"BZ_Pyq_fadeIn\">internas<\/span><\/strong><span class=\"BZ_Pyq_fadeIn\">.<\/span><\/p>\n<h3 data-section-id=\"1rk5dpq\" data-start=\"1035\" data-end=\"1067\"><span style=\"color: #ff0000\">El oficialismo denuncia: \u00abUn procedimiento ilegal\u00bb<\/span><\/h3>\n<p data-start=\"1069\" data-end=\"1193\"><span class=\"BZ_Pyq_fadeIn\">El <\/span><span class=\"BZ_Pyq_fadeIn\">clima <\/span><span class=\"BZ_Pyq_fadeIn\">se <\/span><span class=\"BZ_Pyq_fadeIn\">tens\u00f3 <\/span><span class=\"BZ_Pyq_fadeIn\">r\u00e1pidamente <\/span><span class=\"BZ_Pyq_fadeIn\">y <\/span><span class=\"BZ_Pyq_fadeIn\">termin\u00f3 <\/span><span class=\"BZ_Pyq_fadeIn\">con <\/span><span class=\"BZ_Pyq_fadeIn\">los <\/span><strong data-start=\"1117\" data-end=\"1169\"><span class=\"BZ_Pyq_fadeIn\">concejales <\/span><span class=\"BZ_Pyq_fadeIn\">oficialistas <\/span><span class=\"BZ_Pyq_fadeIn\">retir\u00e1ndose <\/span><span class=\"BZ_Pyq_fadeIn\">de <\/span><span class=\"BZ_Pyq_fadeIn\">la <\/span><span class=\"BZ_Pyq_fadeIn\">sesi\u00f3n<\/span><\/strong> <span class=\"BZ_Pyq_fadeIn\">en <\/span><span class=\"BZ_Pyq_fadeIn\">se\u00f1al <\/span><span class=\"BZ_Pyq_fadeIn\">de <\/span><span class=\"BZ_Pyq_fadeIn\">protesta.<\/span><\/p>\n<blockquote>\n<h3 data-start=\"1195\" data-end=\"1436\"><span class=\"BZ_Pyq_fadeIn\">Seg\u00fan <\/span><span class=\"BZ_Pyq_fadeIn\">sostienen, <\/span><span class=\"BZ_Pyq_fadeIn\">la <\/span><span class=\"BZ_Pyq_fadeIn\">medida <\/span><strong data-start=\"1222\" data-end=\"1318\"><span class=\"BZ_Pyq_fadeIn\">se <\/span><span class=\"BZ_Pyq_fadeIn\">vot\u00f3 \u201c<\/span><span class=\"BZ_Pyq_fadeIn\">sobre <\/span><span class=\"BZ_Pyq_fadeIn\">tablas\u201d <\/span><span class=\"BZ_Pyq_fadeIn\">sin <\/span><span class=\"BZ_Pyq_fadeIn\">el <\/span><span class=\"BZ_Pyq_fadeIn\">dictamen <\/span><span class=\"BZ_Pyq_fadeIn\">previo <\/span><span class=\"BZ_Pyq_fadeIn\">de <\/span><span class=\"BZ_Pyq_fadeIn\">la <\/span><span class=\"BZ_Pyq_fadeIn\">Comisi\u00f3n <\/span><span class=\"BZ_Pyq_fadeIn\">de <\/span><span class=\"BZ_Pyq_fadeIn\">Reglamento <\/span><span class=\"BZ_Pyq_fadeIn\">y <\/span><span class=\"BZ_Pyq_fadeIn\">Asuntos <\/span><span class=\"BZ_Pyq_fadeIn\">Legales<\/span><\/strong><span class=\"BZ_Pyq_fadeIn\">, <\/span><span class=\"BZ_Pyq_fadeIn\">un <\/span><span class=\"BZ_Pyq_fadeIn\">requisito <\/span><span class=\"BZ_Pyq_fadeIn\">que \u2014<\/span><span class=\"BZ_Pyq_fadeIn\">afirman\u2014 <\/span><span class=\"BZ_Pyq_fadeIn\">establece <\/span><span class=\"BZ_Pyq_fadeIn\">el <\/span><span class=\"BZ_Pyq_fadeIn\">propio <\/span><span class=\"BZ_Pyq_fadeIn\">reglamento <\/span><span class=\"BZ_Pyq_fadeIn\">interno <\/span><span class=\"BZ_Pyq_fadeIn\">del <\/span><span class=\"BZ_Pyq_fadeIn\">Concejo. <\/span><\/h3>\n<\/blockquote>\n<p data-start=\"1438\" data-end=\"1615\"><span class=\"BZ_Pyq_fadeIn\">Para <\/span><span class=\"BZ_Pyq_fadeIn\">el <\/span><span class=\"BZ_Pyq_fadeIn\">oficialismo, <\/span><span class=\"BZ_Pyq_fadeIn\">lo <\/span><span class=\"BZ_Pyq_fadeIn\">ocurrido <\/span><span class=\"BZ_Pyq_fadeIn\">representa <\/span><strong data-start=\"1482\" data-end=\"1548\"><span class=\"BZ_Pyq_fadeIn\">una <\/span><span class=\"BZ_Pyq_fadeIn\">maniobra <\/span><span class=\"BZ_Pyq_fadeIn\">para <\/span><span class=\"BZ_Pyq_fadeIn\">concentrar <\/span><span class=\"BZ_Pyq_fadeIn\">el <\/span><span class=\"BZ_Pyq_fadeIn\">poder <\/span><span class=\"BZ_Pyq_fadeIn\">en <\/span><span class=\"BZ_Pyq_fadeIn\">manos <\/span><span class=\"BZ_Pyq_fadeIn\">de <\/span><span class=\"BZ_Pyq_fadeIn\">la <\/span><span class=\"BZ_Pyq_fadeIn\">oposici\u00f3n<\/span><\/strong> <span class=\"BZ_Pyq_fadeIn\">y <\/span><span class=\"BZ_Pyq_fadeIn\">reducir <\/span><span class=\"BZ_Pyq_fadeIn\">su <\/span><span class=\"BZ_Pyq_fadeIn\">participaci\u00f3n <\/span><span class=\"BZ_Pyq_fadeIn\">pol\u00edtica <\/span><span class=\"BZ_Pyq_fadeIn\">dentro <\/span><span class=\"BZ_Pyq_fadeIn\">del <\/span><span class=\"BZ_Pyq_fadeIn\">cuerpo <\/span><span class=\"BZ_Pyq_fadeIn\">legislativo.<\/span><\/p>\n<h3 data-section-id=\"ci5pp3\" data-start=\"1617\" data-end=\"1658\"><span style=\"color: #ff0000\"><span class=\"BZ_Pyq_fadeIn\">La <\/span><span class=\"BZ_Pyq_fadeIn\">disputa <\/span><span class=\"BZ_Pyq_fadeIn\">puede <\/span><span class=\"BZ_Pyq_fadeIn\">terminar <\/span><span class=\"BZ_Pyq_fadeIn\">en <\/span><span class=\"BZ_Pyq_fadeIn\">la <\/span><span class=\"BZ_Pyq_fadeIn\">Corte<\/span><\/span><\/h3>\n<p data-start=\"1660\" data-end=\"1890\"><span class=\"BZ_Pyq_fadeIn\">La <\/span><span class=\"BZ_Pyq_fadeIn\">situaci\u00f3n <\/span><span class=\"BZ_Pyq_fadeIn\">escal\u00f3 <\/span><span class=\"BZ_Pyq_fadeIn\">a\u00fan <\/span><span class=\"BZ_Pyq_fadeIn\">m\u00e1s <\/span><span class=\"BZ_Pyq_fadeIn\">cuando <\/span><span class=\"BZ_Pyq_fadeIn\">los <\/span><span class=\"BZ_Pyq_fadeIn\">concejales <\/span><span class=\"BZ_Pyq_fadeIn\">oficialistas <\/span><span class=\"BZ_Pyq_fadeIn\">presentaron <\/span><strong data-start=\"1735\" data-end=\"1785\"><span class=\"BZ_Pyq_fadeIn\">un <\/span><span class=\"BZ_Pyq_fadeIn\">pedido <\/span><span class=\"BZ_Pyq_fadeIn\">de <\/span><span class=\"BZ_Pyq_fadeIn\">revisi\u00f3n <\/span><span class=\"BZ_Pyq_fadeIn\">de <\/span><span class=\"BZ_Pyq_fadeIn\">legalidad <\/span><span class=\"BZ_Pyq_fadeIn\">del <\/span><span class=\"BZ_Pyq_fadeIn\">decreto<\/span><\/strong><span class=\"BZ_Pyq_fadeIn\">, <\/span><span class=\"BZ_Pyq_fadeIn\">argumentando <\/span><span class=\"BZ_Pyq_fadeIn\">que <\/span><span class=\"BZ_Pyq_fadeIn\">se <\/span><span class=\"BZ_Pyq_fadeIn\">viol\u00f3 <\/span><span class=\"BZ_Pyq_fadeIn\">el <\/span><span class=\"BZ_Pyq_fadeIn\">art\u00edculo <\/span><span class=\"BZ_Pyq_fadeIn\">137 <\/span><span class=\"BZ_Pyq_fadeIn\">del <\/span><span class=\"BZ_Pyq_fadeIn\">reglamento <\/span><span class=\"BZ_Pyq_fadeIn\">interno. <\/span><\/p>\n<p data-start=\"1892\" data-end=\"2214\"><span class=\"BZ_Pyq_fadeIn\">Si <\/span><span class=\"BZ_Pyq_fadeIn\">la <\/span><span class=\"BZ_Pyq_fadeIn\">disputa <\/span><span class=\"BZ_Pyq_fadeIn\">contin\u00faa, <\/span><span class=\"BZ_Pyq_fadeIn\">no <\/span><span class=\"BZ_Pyq_fadeIn\">se <\/span><span class=\"BZ_Pyq_fadeIn\">descarta <\/span><span class=\"BZ_Pyq_fadeIn\">que <\/span><span class=\"BZ_Pyq_fadeIn\">el <\/span><span class=\"BZ_Pyq_fadeIn\">conflicto <\/span><span class=\"BZ_Pyq_fadeIn\">llegue <\/span><span class=\"BZ_Pyq_fadeIn\">hasta <\/span><span class=\"BZ_Pyq_fadeIn\">la <\/span><strong data-start=\"1964\" data-end=\"2005\"><span class=\"hover:entity-accent entity-underline inline cursor-pointer align-baseline\"><span class=\"whitespace-normal\">Suprema Corte de Justicia de la Provincia de Buenos Aires<\/span><\/span><\/strong> <span class=\"BZ_Pyq_fadeIn\">bajo <\/span><span class=\"BZ_Pyq_fadeIn\">la <\/span><span class=\"BZ_Pyq_fadeIn\">figura <\/span><span class=\"BZ_Pyq_fadeIn\">de <\/span><strong data-start=\"2024\" data-end=\"2048\"><span class=\"BZ_Pyq_fadeIn\">conflicto <\/span><span class=\"BZ_Pyq_fadeIn\">de <\/span><span class=\"BZ_Pyq_fadeIn\">poderes<\/span><\/strong><span class=\"BZ_Pyq_fadeIn\">, <\/span><span class=\"BZ_Pyq_fadeIn\">un <\/span><span class=\"BZ_Pyq_fadeIn\">mecanismo <\/span><span class=\"BZ_Pyq_fadeIn\">institucional <\/span><span class=\"BZ_Pyq_fadeIn\">que <\/span><span class=\"BZ_Pyq_fadeIn\">podr\u00eda <\/span><span class=\"BZ_Pyq_fadeIn\">incluso <\/span><strong data-start=\"2096\" data-end=\"2175\"><span class=\"BZ_Pyq_fadeIn\">suspender <\/span><span class=\"BZ_Pyq_fadeIn\">la <\/span><span class=\"BZ_Pyq_fadeIn\">aplicaci\u00f3n <\/span><span class=\"BZ_Pyq_fadeIn\">del <\/span><span class=\"BZ_Pyq_fadeIn\">decreto <\/span><span class=\"BZ_Pyq_fadeIn\">hasta <\/span><span class=\"BZ_Pyq_fadeIn\">que <\/span><span class=\"BZ_Pyq_fadeIn\">haya <\/span><span class=\"BZ_Pyq_fadeIn\">una <\/span><span class=\"BZ_Pyq_fadeIn\">sentencia <\/span><span class=\"BZ_Pyq_fadeIn\">definitiva<\/span><\/strong><span class=\"BZ_Pyq_fadeIn\">. <\/span><\/p>\n<h3 data-section-id=\"15vp01y\" data-start=\"2216\" data-end=\"2255\"><span style=\"color: #ff0000\"><span class=\"BZ_Pyq_fadeIn\">Toledo, <\/span><span class=\"BZ_Pyq_fadeIn\">en <\/span><span class=\"BZ_Pyq_fadeIn\">el <\/span><span class=\"BZ_Pyq_fadeIn\">centro <\/span><span class=\"BZ_Pyq_fadeIn\">de <\/span><span class=\"BZ_Pyq_fadeIn\">la <\/span><span class=\"BZ_Pyq_fadeIn\">tormenta<\/span><\/span><\/h3>\n<p data-start=\"2257\" data-end=\"2526\"><span class=\"BZ_Pyq_fadeIn\">En <\/span><span class=\"BZ_Pyq_fadeIn\">medio <\/span><span class=\"BZ_Pyq_fadeIn\">de <\/span><span class=\"BZ_Pyq_fadeIn\">la <\/span><span class=\"BZ_Pyq_fadeIn\">crisis <\/span><span class=\"BZ_Pyq_fadeIn\">qued\u00f3 <\/span><span class=\"BZ_Pyq_fadeIn\">el <\/span><span class=\"BZ_Pyq_fadeIn\">presidente <\/span><span class=\"BZ_Pyq_fadeIn\">del <\/span><span class=\"BZ_Pyq_fadeIn\">Concejo, <\/span><strong data-start=\"2312\" data-end=\"2353\"><span class=\"hover:entity-accent entity-underline inline cursor-pointer align-baseline\"><span class=\"whitespace-normal\">Oscar Freddy Toledo<\/span><\/span><\/strong><span class=\"BZ_Pyq_fadeIn\">, <\/span><span class=\"BZ_Pyq_fadeIn\">dirigente <\/span><span class=\"BZ_Pyq_fadeIn\">de <\/span><strong data-start=\"2368\" data-end=\"2409\"><span class=\"hover:entity-accent entity-underline inline cursor-pointer align-baseline\"><span class=\"whitespace-normal\">La Libertad Avanza<\/span><\/span><\/strong><span class=\"BZ_Pyq_fadeIn\">, <\/span><span class=\"BZ_Pyq_fadeIn\">quien <\/span><span class=\"BZ_Pyq_fadeIn\">enfrenta <\/span><span class=\"BZ_Pyq_fadeIn\">cuestionamientos <\/span><span class=\"BZ_Pyq_fadeIn\">apenas <\/span><span class=\"BZ_Pyq_fadeIn\">tres <\/span><span class=\"BZ_Pyq_fadeIn\">meses <\/span><span class=\"BZ_Pyq_fadeIn\">despu\u00e9s <\/span><span class=\"BZ_Pyq_fadeIn\">de <\/span><span class=\"BZ_Pyq_fadeIn\">asumir <\/span><span class=\"BZ_Pyq_fadeIn\">el <\/span><span class=\"BZ_Pyq_fadeIn\">cargo. <\/span><\/p>\n<blockquote>\n<h3 data-start=\"2528\" data-end=\"2766\"><span class=\"BZ_Pyq_fadeIn\">A <\/span><span class=\"BZ_Pyq_fadeIn\">la <\/span><span class=\"BZ_Pyq_fadeIn\">pol\u00e9mica <\/span><span class=\"BZ_Pyq_fadeIn\">por <\/span><span class=\"BZ_Pyq_fadeIn\">el <\/span><span class=\"BZ_Pyq_fadeIn\">decreto <\/span><span class=\"BZ_Pyq_fadeIn\">se <\/span><span class=\"BZ_Pyq_fadeIn\">suman <\/span><span class=\"BZ_Pyq_fadeIn\">otras <\/span><span class=\"BZ_Pyq_fadeIn\">cr\u00edticas <\/span><span class=\"BZ_Pyq_fadeIn\">recientes, <\/span><span class=\"BZ_Pyq_fadeIn\">entre <\/span><span class=\"BZ_Pyq_fadeIn\">ellas <\/span><span class=\"BZ_Pyq_fadeIn\">decisiones <\/span><span class=\"BZ_Pyq_fadeIn\">administrativas <\/span><span class=\"BZ_Pyq_fadeIn\">internas <\/span><span class=\"BZ_Pyq_fadeIn\">y <\/span><span class=\"BZ_Pyq_fadeIn\">conflictos <\/span><span class=\"BZ_Pyq_fadeIn\">pol\u00edticos <\/span><span class=\"BZ_Pyq_fadeIn\">que <\/span><span class=\"BZ_Pyq_fadeIn\">ya <\/span><span class=\"BZ_Pyq_fadeIn\">ven\u00edan <\/span><span class=\"BZ_Pyq_fadeIn\">generando <\/span><span class=\"BZ_Pyq_fadeIn\">tensi\u00f3n <\/span><span class=\"BZ_Pyq_fadeIn\">dentro <\/span><span class=\"BZ_Pyq_fadeIn\">del <\/span><span class=\"BZ_Pyq_fadeIn\">cuerpo <\/span><span class=\"BZ_Pyq_fadeIn\">deliberativo.<\/span><\/h3>\n<\/blockquote>\n<p data-start=\"2528\" data-end=\"2766\">Tambi\u00e9n, seg\u00fan informa el portal <strong>\u00abZeta Noticias\u00bb<\/strong>, <em><strong>\u00abDistintos concejales del oficialismo y otras figuras del gobierno local,\u00a0pusieron la lupa tambi\u00e9n en quien oficia de secretaria del HCD, la libertaria\u00a0Yamila Mekbel,\u00a0a quien se\u00f1alan como responsable de lo que critican y califican como\u00a0\u201cdesprolijidades y desmanejos administrativos\u201d.<\/strong><\/em><\/p>\n<h3 data-section-id=\"1bi5e25\" data-start=\"2768\" data-end=\"2807\"><span style=\"color: #ff0000\"><span class=\"BZ_Pyq_fadeIn\">Un <\/span><span class=\"BZ_Pyq_fadeIn\">Concejo <\/span><span class=\"BZ_Pyq_fadeIn\">al <\/span><span class=\"BZ_Pyq_fadeIn\">borde <\/span><span class=\"BZ_Pyq_fadeIn\">de <\/span><span class=\"BZ_Pyq_fadeIn\">la <\/span><span class=\"BZ_Pyq_fadeIn\">par\u00e1lisis<\/span><\/span><\/h3>\n<p data-start=\"2809\" data-end=\"3015\"><span class=\"BZ_Pyq_fadeIn\">El <\/span><span class=\"BZ_Pyq_fadeIn\">escenario <\/span><span class=\"BZ_Pyq_fadeIn\">ahora <\/span><span class=\"BZ_Pyq_fadeIn\">es <\/span><span class=\"BZ_Pyq_fadeIn\">incierto. <\/span><span class=\"BZ_Pyq_fadeIn\">Si <\/span><span class=\"BZ_Pyq_fadeIn\">el <\/span><span class=\"BZ_Pyq_fadeIn\">conflicto <\/span><span class=\"BZ_Pyq_fadeIn\">institucional <\/span><span class=\"BZ_Pyq_fadeIn\">escala <\/span><span class=\"BZ_Pyq_fadeIn\">al <\/span><span class=\"BZ_Pyq_fadeIn\">\u00e1mbito <\/span><span class=\"BZ_Pyq_fadeIn\">judicial, <\/span><strong data-start=\"2898\" data-end=\"2981\"><span class=\"BZ_Pyq_fadeIn\">el <\/span><span class=\"BZ_Pyq_fadeIn\">funcionamiento <\/span><span class=\"BZ_Pyq_fadeIn\">del <\/span><span class=\"BZ_Pyq_fadeIn\">Concejo <\/span><span class=\"BZ_Pyq_fadeIn\">Deliberante <\/span><span class=\"BZ_Pyq_fadeIn\">podr\u00eda <\/span><span class=\"BZ_Pyq_fadeIn\">quedar <\/span><span class=\"BZ_Pyq_fadeIn\">virtualmente <\/span><span class=\"BZ_Pyq_fadeIn\">paralizado<\/span><\/strong> <span class=\"BZ_Pyq_fadeIn\">hasta <\/span><span class=\"BZ_Pyq_fadeIn\">que <\/span><span class=\"BZ_Pyq_fadeIn\">se <\/span><span class=\"BZ_Pyq_fadeIn\">resuelva <\/span><span class=\"BZ_Pyq_fadeIn\">la <\/span><span class=\"BZ_Pyq_fadeIn\">disputa.<\/span><\/p>\n<p data-start=\"3017\" data-end=\"3188\"><span class=\"BZ_Pyq_fadeIn\">En <\/span><span class=\"BZ_Pyq_fadeIn\">una <\/span><span class=\"BZ_Pyq_fadeIn\">ciudad <\/span><span class=\"BZ_Pyq_fadeIn\">donde <\/span><span class=\"BZ_Pyq_fadeIn\">las <\/span><span class=\"BZ_Pyq_fadeIn\">decisiones <\/span><span class=\"BZ_Pyq_fadeIn\">del <\/span><span class=\"BZ_Pyq_fadeIn\">Concejo <\/span><span class=\"BZ_Pyq_fadeIn\">impactan <\/span><span class=\"BZ_Pyq_fadeIn\">directamente <\/span><span class=\"BZ_Pyq_fadeIn\">en <\/span><span class=\"BZ_Pyq_fadeIn\">la <\/span><span class=\"BZ_Pyq_fadeIn\">vida <\/span><span class=\"BZ_Pyq_fadeIn\">cotidiana <\/span><span class=\"BZ_Pyq_fadeIn\">de <\/span><span class=\"BZ_Pyq_fadeIn\">los <\/span><span class=\"BZ_Pyq_fadeIn\">vecinos, <\/span><strong data-start=\"3123\" data-end=\"3187\"><span class=\"BZ_Pyq_fadeIn\">la <\/span><span class=\"BZ_Pyq_fadeIn\">crisis <\/span><span class=\"BZ_Pyq_fadeIn\">pol\u00edtica <\/span><span class=\"BZ_Pyq_fadeIn\">reci\u00e9n <\/span><span class=\"BZ_Pyq_fadeIn\">empieza <\/span><span class=\"BZ_Pyq_fadeIn\">y <\/span><span class=\"BZ_Pyq_fadeIn\">promete <\/span><span class=\"BZ_Pyq_fadeIn\">nuevos <\/span><span class=\"BZ_Pyq_fadeIn\">cap\u00edtulos<\/span><\/strong><span class=\"BZ_Pyq_fadeIn\">.<\/span><\/p>\n<p data-start=\"3017\" data-end=\"3188\">fuente: Propia, y Zeta Noticias<\/p>\n<\/div>\n<\/div>\n<\/div>\n<\/div>\n<div class=\"z-0 flex min-h-[46px] justify-start\"><\/div>\n<div class=\"mt-3 w-full empty:hidden\">\n<div class=\"text-center\"><\/div>\n<\/div>\n<\/div>\n<\/div>\n<\/article>\n<\/div>\n<div class=\"pointer-events-none h-px w-px absolute bottom-0\" aria-hidden=\"true\" data-edge=\"true\"><\/div>\n<\/div>\n<div id=\"thread-bottom-container\" class=\"sticky bottom-0 group\/thread-bottom-container relative isolate z-10 w-full basis-auto has-data-has-thread-error:pt-2 has-data-has-thread-error:[box-shadow:var(--sharp-edge-bottom-shadow)] md:border-transparent md:pt-0 dark:border-white\/20 md:dark:border-transparent print:hidden content-fade single-line flex flex-col\">\n<div class=\"relative h-0\"><\/div>\n<div id=\"thread-bottom\">\n<div>\n<div class=\"text-base mx-auto [--thread-content-margin:var(--thread-content-margin-xs,calc(var(--spacing)*4))] @w-sm\/main:[--thread-content-margin:var(--thread-content-margin-sm,calc(var(--spacing)*6))] @w-lg\/main:[--thread-content-margin:var(--thread-content-margin-lg,calc(var(--spacing)*16))] px-(--thread-content-margin)\">\n<div class=\"[--thread-content-max-width:40rem] @w-lg\/main:[--thread-content-max-width:48rem] mx-auto max-w-(--thread-content-max-width) flex-1 mb-[var(--thread-component-gap,1rem)]\">\n<div class=\"flex justify-center empty:hidden\"><\/div>\n<div class=\"pointer-events-auto relative z-1 flex h-(--composer-container-height,100%) max-w-full flex-(--composer-container-flex,1) flex-col\">\n<div class=\"absolute start-0 end-0 bottom-full z-20\"><\/div>\n<div class=\"hidden\"><\/div>\n<div class=\"\">\n<div class=\"bg-token-bg-primary corner-superellipse\/1.1 cursor-text overflow-clip bg-clip-padding p-2.5 contain-inline-size motion-safe:transition-colors motion-safe:duration-200 motion-safe:ease-in-out dark:bg-[#303030] grid grid-cols-[auto_1fr_auto] [grid-template-areas:'header_header_header'_'leading_primary_trailing'_'._footer_.'] group-data-expanded\/composer:[grid-template-areas:'header_header_header'_'primary_primary_primary'_'leading_footer_trailing'] shadow-short-composer\" data-composer-surface=\"true\">\n<div class=\"-my-2.5 flex min-h-14 items-center overflow-x-hidden px-1.5 [grid-area:primary] group-data-expanded\/composer:mb-0 group-data-expanded\/composer:px-2.5\">\n<div class=\"wcDTda_prosemirror-parent text-token-text-primary max-h-[max(30svh,5rem)] max-h-52 min-h-[var(--deep-research-composer-extra-height,unset)] flex-1 overflow-auto [scrollbar-width:thin] default-browser vertical-scroll-fade-mask\">\n<p><textarea class=\"wcDTda_fallbackTextarea\" name=\"prompt-textarea\" data-virtualkeyboard=\"true\"><\/textarea><\/p>\n<div id=\"prompt-textarea\" class=\"ProseMirror\" role=\"textbox\" data-virtualkeyboard=\"true\"><\/div>\n<\/div>\n<\/div>\n<div class=\"[grid-area:leading]\"><\/div>\n<div class=\"flex items-center gap-2 [grid-area:trailing]\">\n<div class=\"ms-auto flex items-center gap-1.5\">\n<p>&nbsp;<\/p>\n<div>\n<div class=\"relative\"><\/div>\n<\/div>\n<\/div>\n<\/div>\n<\/div>\n<\/div>\n<\/div>\n<\/div>\n<\/div>\n<\/div>\n<\/div>\n<\/div>\n","protected":false},"excerpt":{"rendered":"<div class=\"mh-excerpt\"><p>Una pol\u00e9mica modificaci\u00f3n del reglamento interno aprobada por la oposici\u00f3n gener\u00f3 fuertes acusaciones, abandono de la sesi\u00f3n y hasta la amenaza de un conflicto de poderes que podr\u00eda paralizar el cuerpo legislativo. 13 de marzo <a class=\"mh-excerpt-more\" href=\"https:\/\/larevistadigital.com.ar\/blog\/escandalo-politico-en-chascomus-un-decreto-desato-una-guerra-en-el-concejo-deliberante\/\" title=\"Esc\u00e1ndalo pol\u00edtico en Chascom\u00fas: un decreto desat\u00f3 una guerra en el Concejo Deliberante\">[Leer M\u00e1s]<\/a><\/p>\n<\/div>","protected":false},"author":3,"featured_media":44484,"comment_status":"open","ping_status":"open","sticky":false,"template":"","format":"standard","meta":{"_jetpack_memberships_contains_paid_content":false,"footnotes":"","jetpack_publicize_message":"","jetpack_publicize_feature_enabled":true,"jetpack_social_post_already_shared":true,"jetpack_social_options":{"image_generator_settings":{"template":"highway","default_image_id":0,"font":"","enabled":false},"version":2}},"categories":[41,23],"tags":[],"class_list":{"0":"post-44483","1":"post","2":"type-post","3":"status-publish","4":"format-standard","5":"has-post-thumbnail","7":"category-destacadas","8":"category-politica-local"},"jetpack_publicize_connections":[],"jetpack_featured_media_url":"https:\/\/i0.wp.com\/larevistadigital.com.ar\/blog\/wp-content\/uploads\/Gemini_Generated_Image_jyhetwjyhetwjyhe.png?fit=1408%2C768&ssl=1","jetpack_sharing_enabled":true,"jetpack_shortlink":"https:\/\/wp.me\/p8qtrQ-bzt","jetpack-related-posts":[{"id":25294,"url":"https:\/\/larevistadigital.com.ar\/blog\/chascomus-la-ucr-solicito-en-el-concejo-deliberante-la-apertura-de-paritarias-gacetilla-de-prensa\/","url_meta":{"origin":44483,"position":0},"title":"CHASCOM\u00daS: LA UCR SOLICIT\u00d3 EN EL CONCEJO DELIBERANTE LA APERTURA DE PARITARIAS (Gacetilla de prensa)","author":"Alejandro Sosa Ruda","date":"26 abril, 2022","format":false,"excerpt":"CHASCOM\u00daS -\u00a0 Un proyecto ingresado al Honorable Concejo Deliberante a trav\u00e9s del Bloque de la Uni\u00f3n C\u00edvica Radical se solicitan medidas de urgencia con la finalidad de restablecer de los magros ingresos de los trabajadores del sector p\u00fablico local, empleados municipales activos y jubilados en sus derechos, siendo imperioso reajustar\u2026","rel":"","context":"En \u00abCHASCOM\u00daS\u00bb","block_context":{"text":"CHASCOM\u00daS","link":"https:\/\/larevistadigital.com.ar\/blog\/category\/chascomus\/"},"img":{"alt_text":"","src":"https:\/\/i0.wp.com\/larevistadigital.com.ar\/blog\/wp-content\/uploads\/279314959_295626539410957_5031287507829461317_n.jpg?fit=720%2C567&ssl=1&resize=350%2C200","width":350,"height":200,"srcset":"https:\/\/i0.wp.com\/larevistadigital.com.ar\/blog\/wp-content\/uploads\/279314959_295626539410957_5031287507829461317_n.jpg?fit=720%2C567&ssl=1&resize=350%2C200 1x, https:\/\/i0.wp.com\/larevistadigital.com.ar\/blog\/wp-content\/uploads\/279314959_295626539410957_5031287507829461317_n.jpg?fit=720%2C567&ssl=1&resize=525%2C300 1.5x, https:\/\/i0.wp.com\/larevistadigital.com.ar\/blog\/wp-content\/uploads\/279314959_295626539410957_5031287507829461317_n.jpg?fit=720%2C567&ssl=1&resize=700%2C400 2x"},"classes":[]},{"id":22819,"url":"https:\/\/larevistadigital.com.ar\/blog\/ultimo-momento-chascomus-en-plena-sesion-desalojan-de-urgencia-el-concejo-deliberante-por-una-amenaza-de-bomba\/","url_meta":{"origin":44483,"position":1},"title":"ULTIMO MOMENTO! CHASCOM\u00daS: EN PLENA SESI\u00d3N, DESALOJAN DE URGENCIA EL CONCEJO DELIBERANTE POR UNA AMENAZA DE BOMBA","author":"Alejandro Sosa Ruda","date":"2 diciembre, 2021","format":false,"excerpt":"CHASCOM\u00daS -\u00a0 \u00a0Hace instantes y mientras se desarrollaba la sesi\u00f3n del Concejo se recibi\u00f3 un llamado al 911 dando cuenta que hab\u00eda un aparato explosivo en el recinto. Las autoridades entonces, procedieron a evacuar el edificio, para ser inspeccionado por el personal, haciendo salir a todos los presentes, entre los\u2026","rel":"","context":"En \u00abDESTACADAS\u00bb","block_context":{"text":"DESTACADAS","link":"https:\/\/larevistadigital.com.ar\/blog\/category\/destacadas\/"},"img":{"alt_text":"","src":"https:\/\/i0.wp.com\/larevistadigital.com.ar\/blog\/wp-content\/uploads\/WhatsApp-Image-2021-12-02-at-10.36.41.jpeg?fit=1200%2C898&ssl=1&resize=350%2C200","width":350,"height":200,"srcset":"https:\/\/i0.wp.com\/larevistadigital.com.ar\/blog\/wp-content\/uploads\/WhatsApp-Image-2021-12-02-at-10.36.41.jpeg?fit=1200%2C898&ssl=1&resize=350%2C200 1x, https:\/\/i0.wp.com\/larevistadigital.com.ar\/blog\/wp-content\/uploads\/WhatsApp-Image-2021-12-02-at-10.36.41.jpeg?fit=1200%2C898&ssl=1&resize=525%2C300 1.5x, https:\/\/i0.wp.com\/larevistadigital.com.ar\/blog\/wp-content\/uploads\/WhatsApp-Image-2021-12-02-at-10.36.41.jpeg?fit=1200%2C898&ssl=1&resize=700%2C400 2x, https:\/\/i0.wp.com\/larevistadigital.com.ar\/blog\/wp-content\/uploads\/WhatsApp-Image-2021-12-02-at-10.36.41.jpeg?fit=1200%2C898&ssl=1&resize=1050%2C600 3x"},"classes":[]},{"id":29730,"url":"https:\/\/larevistadigital.com.ar\/blog\/chascomus-familias-convocan-a-una-marcha-al-concejo-deliberante-el-proximo-jueves-contra-el-veto-de-una-ordenanza-por-parte-del-intendente-gaston\/","url_meta":{"origin":44483,"position":2},"title":"CHASCOM\u00daS: FAMILIAS CONVOCAN A UNA MARCHA AL CONCEJO DELIBERANTE EL PR\u00d3XIMO JUEVES CONTRA EL VETO DE UNA ORDENANZA POR PARTE DEL INTENDENTE GAST\u00d3N","author":"Alejandro Sosa Ruda","date":"10 enero, 2023","format":false,"excerpt":"Son 370 familias que se ven impedidas de construir su vivienda, por un capricho del Gobierno Local, que pese a ser \"Cooperativistas\" los trata como si fueran un \"Barrio Privado\" y no solo no colabora con las familias, sino que adem\u00e1s pone todo tipo de trabas que impiden que accedan\u2026","rel":"","context":"En \u00abDESTACADAS\u00bb","block_context":{"text":"DESTACADAS","link":"https:\/\/larevistadigital.com.ar\/blog\/category\/destacadas\/"},"img":{"alt_text":"","src":"https:\/\/i0.wp.com\/larevistadigital.com.ar\/blog\/wp-content\/uploads\/Captura-de-pantalla-2023-01-10-200118.jpg?fit=727%2C411&ssl=1&resize=350%2C200","width":350,"height":200,"srcset":"https:\/\/i0.wp.com\/larevistadigital.com.ar\/blog\/wp-content\/uploads\/Captura-de-pantalla-2023-01-10-200118.jpg?fit=727%2C411&ssl=1&resize=350%2C200 1x, https:\/\/i0.wp.com\/larevistadigital.com.ar\/blog\/wp-content\/uploads\/Captura-de-pantalla-2023-01-10-200118.jpg?fit=727%2C411&ssl=1&resize=525%2C300 1.5x, https:\/\/i0.wp.com\/larevistadigital.com.ar\/blog\/wp-content\/uploads\/Captura-de-pantalla-2023-01-10-200118.jpg?fit=727%2C411&ssl=1&resize=700%2C400 2x"},"classes":[]},{"id":42803,"url":"https:\/\/larevistadigital.com.ar\/blog\/chascomus-renovacion-de-bancas-y-autoridades-en-el-concejo-deliberante\/","url_meta":{"origin":44483,"position":3},"title":"Chascom\u00fas: Renovaci\u00f3n de bancas y autoridades en el Concejo Deliberante","author":"Alejandro Sosa Ruda","date":"10 diciembre, 2025","format":false,"excerpt":"Juraron los nuevos ediles y se defini\u00f3 la conducci\u00f3n del cuerpo para el per\u00edodo 2025-2027. 10 de Diciembre de 2025 CHASCOM\u00daS -\u00a0 Este mi\u00e9rcoles se llev\u00f3 a cabo la Sesi\u00f3n Preparatoria en la que asumieron los ocho nuevos concejales votados en las elecciones legislativas del 7 de septiembre pasado. Luego\u2026","rel":"","context":"En \u00abDESTACADAS\u00bb","block_context":{"text":"DESTACADAS","link":"https:\/\/larevistadigital.com.ar\/blog\/category\/destacadas\/"},"img":{"alt_text":"","src":"https:\/\/i0.wp.com\/larevistadigital.com.ar\/blog\/wp-content\/uploads\/6939b305a3e7a.png?fit=668%2C445&ssl=1&resize=350%2C200","width":350,"height":200,"srcset":"https:\/\/i0.wp.com\/larevistadigital.com.ar\/blog\/wp-content\/uploads\/6939b305a3e7a.png?fit=668%2C445&ssl=1&resize=350%2C200 1x, https:\/\/i0.wp.com\/larevistadigital.com.ar\/blog\/wp-content\/uploads\/6939b305a3e7a.png?fit=668%2C445&ssl=1&resize=525%2C300 1.5x"},"classes":[]},{"id":16324,"url":"https:\/\/larevistadigital.com.ar\/blog\/desinfeccion-en-el-concejo-deliberante\/","url_meta":{"origin":44483,"position":4},"title":"DESINFECCI\u00d3N EN EL CONCEJO DELIBERANTE","author":"Alejandro Sosa Ruda","date":"14 septiembre, 2020","format":false,"excerpt":"El presidente del Concejo Deliberante de Chascom\u00fas, inform\u00f3 que el d\u00eda de hoy se realizar\u00e1 una desinfecci\u00f3n del recinto, en raz\u00f3n de haber aparecido un caso positivo entre los ediles. LA NOTA: Atento haber dado `positivo de Covid-19 el hisopado realizado a una concejala del cuerpo, el equipo epidemiol\u00f3gico municipal\u2026","rel":"","context":"En \u00abINTERES GENERAL\u00bb","block_context":{"text":"INTERES GENERAL","link":"https:\/\/larevistadigital.com.ar\/blog\/category\/interes-general\/"},"img":{"alt_text":"","src":"https:\/\/i0.wp.com\/larevistadigital.com.ar\/blog\/wp-content\/uploads\/2019\/05\/Screenshot_2-7.jpg?fit=1200%2C707&ssl=1&resize=350%2C200","width":350,"height":200,"srcset":"https:\/\/i0.wp.com\/larevistadigital.com.ar\/blog\/wp-content\/uploads\/2019\/05\/Screenshot_2-7.jpg?fit=1200%2C707&ssl=1&resize=350%2C200 1x, https:\/\/i0.wp.com\/larevistadigital.com.ar\/blog\/wp-content\/uploads\/2019\/05\/Screenshot_2-7.jpg?fit=1200%2C707&ssl=1&resize=525%2C300 1.5x, https:\/\/i0.wp.com\/larevistadigital.com.ar\/blog\/wp-content\/uploads\/2019\/05\/Screenshot_2-7.jpg?fit=1200%2C707&ssl=1&resize=700%2C400 2x, https:\/\/i0.wp.com\/larevistadigital.com.ar\/blog\/wp-content\/uploads\/2019\/05\/Screenshot_2-7.jpg?fit=1200%2C707&ssl=1&resize=1050%2C600 3x"},"classes":[]},{"id":2551,"url":"https:\/\/larevistadigital.com.ar\/blog\/vecinos-de-lomas-altas-furiosos-con-un-decreto\/","url_meta":{"origin":44483,"position":5},"title":"VECINOS DE LOMAS ALTAS FURIOSOS CON UN DECRETO","author":"Alejandro Sosa Ruda","date":"27 junio, 2017","format":false,"excerpt":"Los vecinos de Lomas Altas, se reunieron para coordinar acciones a seguir en contra del decreto de la Intendente interina Rita Giusti\u00a0en el que les fija un aumento de las tasas. El malestar es grande, ya que en algunos casos los aumentos son realmente exorbitantes, pero el enojo se debe\u2026","rel":"","context":"En \u00abCHASCOM\u00daS\u00bb","block_context":{"text":"CHASCOM\u00daS","link":"https:\/\/larevistadigital.com.ar\/blog\/category\/chascomus\/"},"img":{"alt_text":"","src":"https:\/\/i0.wp.com\/larevistadigital.com.ar\/blog\/wp-content\/uploads\/2017\/06\/WhatsApp-Image-2017-06-25-at-21.25.14.jpeg?fit=1200%2C900&ssl=1&resize=350%2C200","width":350,"height":200,"srcset":"https:\/\/i0.wp.com\/larevistadigital.com.ar\/blog\/wp-content\/uploads\/2017\/06\/WhatsApp-Image-2017-06-25-at-21.25.14.jpeg?fit=1200%2C900&ssl=1&resize=350%2C200 1x, https:\/\/i0.wp.com\/larevistadigital.com.ar\/blog\/wp-content\/uploads\/2017\/06\/WhatsApp-Image-2017-06-25-at-21.25.14.jpeg?fit=1200%2C900&ssl=1&resize=525%2C300 1.5x, https:\/\/i0.wp.com\/larevistadigital.com.ar\/blog\/wp-content\/uploads\/2017\/06\/WhatsApp-Image-2017-06-25-at-21.25.14.jpeg?fit=1200%2C900&ssl=1&resize=700%2C400 2x, https:\/\/i0.wp.com\/larevistadigital.com.ar\/blog\/wp-content\/uploads\/2017\/06\/WhatsApp-Image-2017-06-25-at-21.25.14.jpeg?fit=1200%2C900&ssl=1&resize=1050%2C600 3x"},"classes":[]}],"_links":{"self":[{"href":"https:\/\/larevistadigital.com.ar\/blog\/wp-json\/wp\/v2\/posts\/44483","targetHints":{"allow":["GET"]}}],"collection":[{"href":"https:\/\/larevistadigital.com.ar\/blog\/wp-json\/wp\/v2\/posts"}],"about":[{"href":"https:\/\/larevistadigital.com.ar\/blog\/wp-json\/wp\/v2\/types\/post"}],"author":[{"embeddable":true,"href":"https:\/\/larevistadigital.com.ar\/blog\/wp-json\/wp\/v2\/users\/3"}],"replies":[{"embeddable":true,"href":"https:\/\/larevistadigital.com.ar\/blog\/wp-json\/wp\/v2\/comments?post=44483"}],"version-history":[{"count":2,"href":"https:\/\/larevistadigital.com.ar\/blog\/wp-json\/wp\/v2\/posts\/44483\/revisions"}],"predecessor-version":[{"id":44488,"href":"https:\/\/larevistadigital.com.ar\/blog\/wp-json\/wp\/v2\/posts\/44483\/revisions\/44488"}],"wp:featuredmedia":[{"embeddable":true,"href":"https:\/\/larevistadigital.com.ar\/blog\/wp-json\/wp\/v2\/media\/44484"}],"wp:attachment":[{"href":"https:\/\/larevistadigital.com.ar\/blog\/wp-json\/wp\/v2\/media?parent=44483"}],"wp:term":[{"taxonomy":"category","embeddable":true,"href":"https:\/\/larevistadigital.com.ar\/blog\/wp-json\/wp\/v2\/categories?post=44483"},{"taxonomy":"post_tag","embeddable":true,"href":"https:\/\/larevistadigital.com.ar\/blog\/wp-json\/wp\/v2\/tags?post=44483"}],"curies":[{"name":"wp","href":"https:\/\/api.w.org\/{rel}","templated":true}]}}