{"id":44489,"date":"2026-03-13T23:23:50","date_gmt":"2026-03-14T02:23:50","guid":{"rendered":"https:\/\/larevistadigital.com.ar\/blog\/?p=44489"},"modified":"2026-03-13T23:23:50","modified_gmt":"2026-03-14T02:23:50","slug":"violento-asalto-en-ranchos-encapuchados-maniataron-a-una-familia-y-exigieron-dinero","status":"publish","type":"post","link":"https:\/\/larevistadigital.com.ar\/blog\/violento-asalto-en-ranchos-encapuchados-maniataron-a-una-familia-y-exigieron-dinero\/","title":{"rendered":"Violento asalto en Ranchos: encapuchados maniataron a una familia y exigieron dinero"},"content":{"rendered":"<p data-start=\"89\" data-end=\"238\"><strong data-start=\"89\" data-end=\"238\"><span class=\"BZ_Pyq_fadeIn\">El <\/span><span class=\"BZ_Pyq_fadeIn\">hecho <\/span><span class=\"BZ_Pyq_fadeIn\">ocurri\u00f3 <\/span><span class=\"BZ_Pyq_fadeIn\">a <\/span><span class=\"BZ_Pyq_fadeIn\">plena <\/span><span class=\"BZ_Pyq_fadeIn\">luz <\/span><span class=\"BZ_Pyq_fadeIn\">del <\/span><span class=\"BZ_Pyq_fadeIn\">d\u00eda. <\/span><span class=\"BZ_Pyq_fadeIn\">Al <\/span><span class=\"BZ_Pyq_fadeIn\">menos <\/span><span class=\"BZ_Pyq_fadeIn\">cuatro <\/span><span class=\"BZ_Pyq_fadeIn\">delincuentes <\/span><span class=\"BZ_Pyq_fadeIn\">participaron <\/span><span class=\"BZ_Pyq_fadeIn\">del <\/span><span class=\"BZ_Pyq_fadeIn\">robo <\/span><span class=\"BZ_Pyq_fadeIn\">y <\/span><span class=\"BZ_Pyq_fadeIn\">los <\/span><span class=\"BZ_Pyq_fadeIn\">investigadores <\/span><span class=\"BZ_Pyq_fadeIn\">no <\/span><span class=\"BZ_Pyq_fadeIn\">descartan <\/span><span class=\"BZ_Pyq_fadeIn\">un <\/span><span class=\"BZ_Pyq_fadeIn\">trasfondo <\/span><span class=\"BZ_Pyq_fadeIn\">personal. Fu\u00e9 informado por el periodista Ruben Martinez a travez del Grupo Tiempo de Ranchos.<\/span><\/strong><\/p>\n<p data-start=\"89\" data-end=\"238\">13 de marzo de 2026<\/p>\n<p data-start=\"240\" data-end=\"508\"><span class=\"BZ_Pyq_fadeIn\"><strong>RANCHOS &#8211;\u00a0<\/strong> \u00a0Un <\/span><strong data-start=\"243\" data-end=\"260\"><span class=\"BZ_Pyq_fadeIn\">violento <\/span><span class=\"BZ_Pyq_fadeIn\">robo<\/span><\/strong> <span class=\"BZ_Pyq_fadeIn\">sacudi\u00f3 <\/span><span class=\"BZ_Pyq_fadeIn\">este <\/span><span class=\"BZ_Pyq_fadeIn\">mi\u00e9rcoles <\/span><span class=\"BZ_Pyq_fadeIn\">por <\/span><span class=\"BZ_Pyq_fadeIn\">la <\/span><span class=\"BZ_Pyq_fadeIn\">tarde <\/span><span class=\"BZ_Pyq_fadeIn\">a <\/span><span class=\"BZ_Pyq_fadeIn\">la <\/span><span class=\"BZ_Pyq_fadeIn\">ciudad <\/span><span class=\"BZ_Pyq_fadeIn\">de <\/span><strong data-start=\"312\" data-end=\"353\"><span class=\"hover:entity-accent entity-underline inline cursor-pointer align-baseline\"><span class=\"whitespace-normal\">Ranchos<\/span><\/span><\/strong><span class=\"BZ_Pyq_fadeIn\">, <\/span><span class=\"BZ_Pyq_fadeIn\">cuando <\/span><span class=\"BZ_Pyq_fadeIn\">un <\/span><span class=\"BZ_Pyq_fadeIn\">grupo <\/span><span class=\"BZ_Pyq_fadeIn\">de <\/span><span class=\"BZ_Pyq_fadeIn\">delincuentes <\/span><span class=\"BZ_Pyq_fadeIn\">encapuchados <\/span><span class=\"BZ_Pyq_fadeIn\">irrumpi\u00f3 <\/span><span class=\"BZ_Pyq_fadeIn\">en <\/span><span class=\"BZ_Pyq_fadeIn\">una <\/span><span class=\"BZ_Pyq_fadeIn\">vivienda <\/span><span class=\"BZ_Pyq_fadeIn\">y <\/span><span class=\"BZ_Pyq_fadeIn\">redujo <\/span><span class=\"BZ_Pyq_fadeIn\">a <\/span><span class=\"BZ_Pyq_fadeIn\">una <\/span><span class=\"BZ_Pyq_fadeIn\">familia <\/span><span class=\"BZ_Pyq_fadeIn\">mientras <\/span><span class=\"BZ_Pyq_fadeIn\">exig\u00eda <\/span><span class=\"BZ_Pyq_fadeIn\">la <\/span><span class=\"BZ_Pyq_fadeIn\">entrega <\/span><span class=\"BZ_Pyq_fadeIn\">de <\/span><span class=\"BZ_Pyq_fadeIn\">una <\/span><span class=\"BZ_Pyq_fadeIn\">importante <\/span><span class=\"BZ_Pyq_fadeIn\">suma <\/span><span class=\"BZ_Pyq_fadeIn\">de <\/span><span class=\"BZ_Pyq_fadeIn\">dinero.<\/span><\/p>\n<p data-start=\"510\" data-end=\"743\"><span class=\"BZ_Pyq_fadeIn\">El <\/span><span class=\"BZ_Pyq_fadeIn\">hecho <\/span><span class=\"BZ_Pyq_fadeIn\">ocurri\u00f3 <\/span><strong data-start=\"527\" data-end=\"552\"><span class=\"BZ_Pyq_fadeIn\">cerca <\/span><span class=\"BZ_Pyq_fadeIn\">de <\/span><span class=\"BZ_Pyq_fadeIn\">las <\/span><span class=\"BZ_Pyq_fadeIn\">14 <\/span><span class=\"BZ_Pyq_fadeIn\">horas<\/span><\/strong> <span class=\"BZ_Pyq_fadeIn\">en <\/span><span class=\"BZ_Pyq_fadeIn\">una <\/span><span class=\"BZ_Pyq_fadeIn\">casa <\/span><span class=\"BZ_Pyq_fadeIn\">ubicada <\/span><span class=\"BZ_Pyq_fadeIn\">sobre <\/span><strong data-start=\"579\" data-end=\"597\"><span class=\"BZ_Pyq_fadeIn\">avenida <\/span><span class=\"BZ_Pyq_fadeIn\">Espa\u00f1a<\/span><\/strong><span class=\"BZ_Pyq_fadeIn\">, <\/span><span class=\"BZ_Pyq_fadeIn\">donde <\/span><strong data-start=\"605\" data-end=\"657\"><span class=\"BZ_Pyq_fadeIn\">al <\/span><span class=\"BZ_Pyq_fadeIn\">menos <\/span><span class=\"BZ_Pyq_fadeIn\">tres <\/span><span class=\"BZ_Pyq_fadeIn\">asaltantes <\/span><span class=\"BZ_Pyq_fadeIn\">ingresaron <\/span><span class=\"BZ_Pyq_fadeIn\">al <\/span><span class=\"BZ_Pyq_fadeIn\">domicilio<\/span><\/strong> <span class=\"BZ_Pyq_fadeIn\">mientras <\/span><span class=\"BZ_Pyq_fadeIn\">un <\/span><span class=\"BZ_Pyq_fadeIn\">cuarto <\/span><span class=\"BZ_Pyq_fadeIn\">c\u00f3mplice <\/span><span class=\"BZ_Pyq_fadeIn\">habr\u00eda <\/span><span class=\"BZ_Pyq_fadeIn\">permanecido <\/span><span class=\"BZ_Pyq_fadeIn\">en <\/span><span class=\"BZ_Pyq_fadeIn\">el <\/span><span class=\"BZ_Pyq_fadeIn\">veh\u00edculo <\/span><span class=\"BZ_Pyq_fadeIn\">utilizado <\/span><span class=\"BZ_Pyq_fadeIn\">para <\/span><span class=\"BZ_Pyq_fadeIn\">escapar.<\/span><\/p>\n<h3 data-section-id=\"nanm4h\" data-start=\"745\" data-end=\"772\"><span style=\"color: #ff0000\"><span class=\"BZ_Pyq_fadeIn\">Maniataron <\/span><span class=\"BZ_Pyq_fadeIn\">a <\/span><span class=\"BZ_Pyq_fadeIn\">la <\/span><span class=\"BZ_Pyq_fadeIn\">familia<\/span><\/span><\/h3>\n<p data-start=\"774\" data-end=\"1025\"><span class=\"BZ_Pyq_fadeIn\">Seg\u00fan <\/span><span class=\"BZ_Pyq_fadeIn\">trascendi\u00f3, <\/span><span class=\"BZ_Pyq_fadeIn\">los <\/span><span class=\"BZ_Pyq_fadeIn\">delincuentes <\/span><strong data-start=\"809\" data-end=\"856\"><span class=\"BZ_Pyq_fadeIn\">amenazaron <\/span><span class=\"BZ_Pyq_fadeIn\">a <\/span><span class=\"BZ_Pyq_fadeIn\">los <\/span><span class=\"BZ_Pyq_fadeIn\">moradores <\/span><span class=\"BZ_Pyq_fadeIn\">y <\/span><span class=\"BZ_Pyq_fadeIn\">los <\/span><span class=\"BZ_Pyq_fadeIn\">maniataron<\/span><\/strong><span class=\"BZ_Pyq_fadeIn\">, <\/span><span class=\"BZ_Pyq_fadeIn\">mientras <\/span><span class=\"BZ_Pyq_fadeIn\">reclamaban <\/span><span class=\"BZ_Pyq_fadeIn\">insistentemente <\/span><span class=\"BZ_Pyq_fadeIn\">la <\/span><span class=\"BZ_Pyq_fadeIn\">entrega <\/span><span class=\"BZ_Pyq_fadeIn\">de <\/span><span class=\"BZ_Pyq_fadeIn\">una <\/span><strong data-start=\"912\" data-end=\"937\"><span class=\"BZ_Pyq_fadeIn\">fuerte <\/span><span class=\"BZ_Pyq_fadeIn\">suma <\/span><span class=\"BZ_Pyq_fadeIn\">de <\/span><span class=\"BZ_Pyq_fadeIn\">dinero<\/span><\/strong> <span class=\"BZ_Pyq_fadeIn\">que, <\/span><span class=\"BZ_Pyq_fadeIn\">de <\/span><span class=\"BZ_Pyq_fadeIn\">acuerdo <\/span><span class=\"BZ_Pyq_fadeIn\">con <\/span><span class=\"BZ_Pyq_fadeIn\">lo <\/span><span class=\"BZ_Pyq_fadeIn\">que <\/span><span class=\"BZ_Pyq_fadeIn\">indicaron <\/span><span class=\"BZ_Pyq_fadeIn\">las <\/span><span class=\"BZ_Pyq_fadeIn\">v\u00edctimas, <\/span><strong data-start=\"989\" data-end=\"1024\"><span class=\"BZ_Pyq_fadeIn\">no <\/span><span class=\"BZ_Pyq_fadeIn\">se <\/span><span class=\"BZ_Pyq_fadeIn\">encontraba <\/span><span class=\"BZ_Pyq_fadeIn\">en <\/span><span class=\"BZ_Pyq_fadeIn\">la <\/span><span class=\"BZ_Pyq_fadeIn\">vivienda<\/span><\/strong><span class=\"BZ_Pyq_fadeIn\">.<\/span><\/p>\n<blockquote>\n<h3 data-start=\"1027\" data-end=\"1154\"><span class=\"BZ_Pyq_fadeIn\">La <\/span><span class=\"BZ_Pyq_fadeIn\">familia <\/span><span class=\"BZ_Pyq_fadeIn\">afectada <\/span><span class=\"BZ_Pyq_fadeIn\">est\u00e1 <\/span><span class=\"BZ_Pyq_fadeIn\">vinculada <\/span><span class=\"BZ_Pyq_fadeIn\">a <\/span><strong data-start=\"1064\" data-end=\"1107\"><span class=\"BZ_Pyq_fadeIn\">una <\/span><span class=\"BZ_Pyq_fadeIn\">reconocida <\/span><span class=\"BZ_Pyq_fadeIn\">profesional <\/span><span class=\"BZ_Pyq_fadeIn\">de <\/span><span class=\"BZ_Pyq_fadeIn\">la <\/span><span class=\"BZ_Pyq_fadeIn\">ciudad<\/span><\/strong><span class=\"BZ_Pyq_fadeIn\">, <\/span><span class=\"BZ_Pyq_fadeIn\">lo <\/span><span class=\"BZ_Pyq_fadeIn\">que <\/span><span class=\"BZ_Pyq_fadeIn\">gener\u00f3 <\/span><span class=\"BZ_Pyq_fadeIn\">fuerte <\/span><span class=\"BZ_Pyq_fadeIn\">impacto <\/span><span class=\"BZ_Pyq_fadeIn\">en <\/span><span class=\"BZ_Pyq_fadeIn\">la <\/span><span class=\"BZ_Pyq_fadeIn\">comunidad.<\/span><\/h3>\n<\/blockquote>\n<p data-start=\"1156\" data-end=\"1236\"><span class=\"BZ_Pyq_fadeIn\">A <\/span><span class=\"BZ_Pyq_fadeIn\">pesar <\/span><span class=\"BZ_Pyq_fadeIn\">de <\/span><span class=\"BZ_Pyq_fadeIn\">la <\/span><span class=\"BZ_Pyq_fadeIn\">violencia <\/span><span class=\"BZ_Pyq_fadeIn\">del <\/span><span class=\"BZ_Pyq_fadeIn\">episodio, <\/span><strong data-start=\"1194\" data-end=\"1235\"><span class=\"BZ_Pyq_fadeIn\">no <\/span><span class=\"BZ_Pyq_fadeIn\">se <\/span><span class=\"BZ_Pyq_fadeIn\">registraron <\/span><span class=\"BZ_Pyq_fadeIn\">heridos <\/span><span class=\"BZ_Pyq_fadeIn\">de <\/span><span class=\"BZ_Pyq_fadeIn\">gravedad<\/span><\/strong><span class=\"BZ_Pyq_fadeIn\">.<\/span><\/p>\n<h3 data-section-id=\"1qvb64x\" data-start=\"1238\" data-end=\"1276\"><span style=\"color: #ff0000\"><span class=\"BZ_Pyq_fadeIn\">Importante <\/span><span class=\"BZ_Pyq_fadeIn\">investigaci\u00f3n <\/span><span class=\"BZ_Pyq_fadeIn\">en <\/span><span class=\"BZ_Pyq_fadeIn\">marcha<\/span><\/span><\/h3>\n<p data-start=\"1278\" data-end=\"1543\"><span class=\"BZ_Pyq_fadeIn\">Tras <\/span><span class=\"BZ_Pyq_fadeIn\">el <\/span><span class=\"BZ_Pyq_fadeIn\">robo <\/span><span class=\"BZ_Pyq_fadeIn\">se <\/span><span class=\"BZ_Pyq_fadeIn\">despleg\u00f3 <\/span><span class=\"BZ_Pyq_fadeIn\">un <\/span><strong data-start=\"1306\" data-end=\"1335\"><span class=\"BZ_Pyq_fadeIn\">amplio <\/span><span class=\"BZ_Pyq_fadeIn\">operativo <\/span><span class=\"BZ_Pyq_fadeIn\">policial<\/span><\/strong> <span class=\"BZ_Pyq_fadeIn\">y <\/span><span class=\"BZ_Pyq_fadeIn\">comenzaron <\/span><span class=\"BZ_Pyq_fadeIn\">las <\/span><span class=\"BZ_Pyq_fadeIn\">tareas <\/span><span class=\"BZ_Pyq_fadeIn\">investigativas <\/span><span class=\"BZ_Pyq_fadeIn\">con <\/span><span class=\"BZ_Pyq_fadeIn\">la <\/span><span class=\"BZ_Pyq_fadeIn\">intervenci\u00f3n <\/span><span class=\"BZ_Pyq_fadeIn\">de <\/span><strong data-start=\"1398\" data-end=\"1439\"><span class=\"hover:entity-accent entity-underline inline cursor-pointer align-baseline\"><span class=\"whitespace-normal\">Polic\u00eda Cient\u00edfica<\/span><\/span><\/strong><span class=\"BZ_Pyq_fadeIn\">, <\/span><span class=\"BZ_Pyq_fadeIn\">que <\/span><span class=\"BZ_Pyq_fadeIn\">trabaj\u00f3 <\/span><span class=\"BZ_Pyq_fadeIn\">en <\/span><span class=\"BZ_Pyq_fadeIn\">la <\/span><span class=\"BZ_Pyq_fadeIn\">vivienda <\/span><span class=\"BZ_Pyq_fadeIn\">recolectando <\/span><span class=\"BZ_Pyq_fadeIn\">pruebas <\/span><span class=\"BZ_Pyq_fadeIn\">y <\/span><span class=\"BZ_Pyq_fadeIn\">rastros <\/span><span class=\"BZ_Pyq_fadeIn\">que <\/span><span class=\"BZ_Pyq_fadeIn\">permitan <\/span><span class=\"BZ_Pyq_fadeIn\">identificar <\/span><span class=\"BZ_Pyq_fadeIn\">a <\/span><span class=\"BZ_Pyq_fadeIn\">los <\/span><span class=\"BZ_Pyq_fadeIn\">responsables.<\/span><\/p>\n<p data-start=\"1545\" data-end=\"1665\"><span class=\"BZ_Pyq_fadeIn\">Los <\/span><span class=\"BZ_Pyq_fadeIn\">investigadores <\/span><span class=\"BZ_Pyq_fadeIn\">estiman <\/span><span class=\"BZ_Pyq_fadeIn\">que <\/span><strong data-start=\"1576\" data-end=\"1619\"><span class=\"BZ_Pyq_fadeIn\">participaron <\/span><span class=\"BZ_Pyq_fadeIn\">al <\/span><span class=\"BZ_Pyq_fadeIn\">menos <\/span><span class=\"BZ_Pyq_fadeIn\">cuatro <\/span><span class=\"BZ_Pyq_fadeIn\">individuos<\/span><\/strong> <span class=\"BZ_Pyq_fadeIn\">y <\/span><span class=\"BZ_Pyq_fadeIn\">analizan <\/span><span class=\"BZ_Pyq_fadeIn\">distintas <\/span><span class=\"BZ_Pyq_fadeIn\">l\u00edneas <\/span><span class=\"BZ_Pyq_fadeIn\">de <\/span><span class=\"BZ_Pyq_fadeIn\">investigaci\u00f3n.<\/span><\/p>\n<h3 data-section-id=\"jt7ar1\" data-start=\"1667\" data-end=\"1710\"><span style=\"color: #ff0000\"><span class=\"BZ_Pyq_fadeIn\">Sospechan <\/span><span class=\"BZ_Pyq_fadeIn\">un <\/span><span class=\"BZ_Pyq_fadeIn\">posible <\/span><span class=\"BZ_Pyq_fadeIn\">trasfondo <\/span><span class=\"BZ_Pyq_fadeIn\">personal<\/span><\/span><\/h3>\n<p data-start=\"1712\" data-end=\"1917\"><span class=\"BZ_Pyq_fadeIn\">Si <\/span><span class=\"BZ_Pyq_fadeIn\">bien <\/span><span class=\"BZ_Pyq_fadeIn\">el <\/span><span class=\"BZ_Pyq_fadeIn\">objetivo <\/span><span class=\"BZ_Pyq_fadeIn\">aparente <\/span><span class=\"BZ_Pyq_fadeIn\">era <\/span><span class=\"BZ_Pyq_fadeIn\">econ\u00f3mico, <\/span><strong data-start=\"1756\" data-end=\"1836\"><span class=\"BZ_Pyq_fadeIn\">los <\/span><span class=\"BZ_Pyq_fadeIn\">investigadores <\/span><\/strong><strong data-start=\"1756\" data-end=\"1836\"><span class=\"BZ_Pyq_fadeIn\">no <\/span><span class=\"BZ_Pyq_fadeIn\">descartan <\/span><span class=\"BZ_Pyq_fadeIn\">que <\/span><span class=\"BZ_Pyq_fadeIn\">el <\/span><span class=\"BZ_Pyq_fadeIn\">hecho <\/span><span class=\"BZ_Pyq_fadeIn\">tenga <\/span><span class=\"BZ_Pyq_fadeIn\">adem\u00e1s <\/span><span class=\"BZ_Pyq_fadeIn\">un <\/span><span class=\"BZ_Pyq_fadeIn\">motivo <\/span><span class=\"BZ_Pyq_fadeIn\">personal<\/span><\/strong><span class=\"BZ_Pyq_fadeIn\">, <\/span><span class=\"BZ_Pyq_fadeIn\">hip\u00f3tesis <\/span><span class=\"BZ_Pyq_fadeIn\">que <\/span><span class=\"BZ_Pyq_fadeIn\">ahora <\/span><span class=\"BZ_Pyq_fadeIn\">forma <\/span><span class=\"BZ_Pyq_fadeIn\">parte <\/span><span class=\"BZ_Pyq_fadeIn\">de <\/span><span class=\"BZ_Pyq_fadeIn\">las <\/span><span class=\"BZ_Pyq_fadeIn\">principales <\/span><span class=\"BZ_Pyq_fadeIn\">l\u00edneas <\/span><span class=\"BZ_Pyq_fadeIn\">que <\/span><span class=\"BZ_Pyq_fadeIn\">analiza <\/span><span class=\"BZ_Pyq_fadeIn\">la <\/span><span class=\"BZ_Pyq_fadeIn\">causa.<\/span><\/p>\n<p data-start=\"1919\" data-end=\"2055\" data-is-last-node=\"\" data-is-only-node=\"\"><span class=\"BZ_Pyq_fadeIn\">El <\/span><span class=\"BZ_Pyq_fadeIn\">caso <\/span><span class=\"BZ_Pyq_fadeIn\">gener\u00f3 <\/span><strong data-start=\"1934\" data-end=\"1984\"><span class=\"BZ_Pyq_fadeIn\">gran <\/span><span class=\"BZ_Pyq_fadeIn\">preocupaci\u00f3n <\/span><span class=\"BZ_Pyq_fadeIn\">entre <\/span><span class=\"BZ_Pyq_fadeIn\">los <\/span><span class=\"BZ_Pyq_fadeIn\">vecinos <\/span><span class=\"BZ_Pyq_fadeIn\">de <\/span><span class=\"BZ_Pyq_fadeIn\">Ranchos<\/span><\/strong><span class=\"BZ_Pyq_fadeIn\">, <\/span><span class=\"BZ_Pyq_fadeIn\">que <\/span><span class=\"BZ_Pyq_fadeIn\">volvieron <\/span><span class=\"BZ_Pyq_fadeIn\">a <\/span><span class=\"BZ_Pyq_fadeIn\">poner <\/span><span class=\"BZ_Pyq_fadeIn\">en <\/span><span class=\"BZ_Pyq_fadeIn\">agenda <\/span><span class=\"BZ_Pyq_fadeIn\">el <\/span><span class=\"BZ_Pyq_fadeIn\">tema <\/span><span class=\"BZ_Pyq_fadeIn\">de <\/span><span class=\"BZ_Pyq_fadeIn\">la <\/span><span class=\"BZ_Pyq_fadeIn\">seguridad <\/span><span class=\"BZ_Pyq_fadeIn\">en <\/span><span class=\"BZ_Pyq_fadeIn\">la <\/span><span class=\"BZ_Pyq_fadeIn\">ciudad.<\/span><\/p>\n<p data-start=\"1919\" data-end=\"2055\" data-is-last-node=\"\" data-is-only-node=\"\">FUENTE: &gt;Grupo Tiempo de Ranchos<\/p>\n","protected":false},"excerpt":{"rendered":"<div class=\"mh-excerpt\"><p>El hecho ocurri\u00f3 a plena luz del d\u00eda. Al menos cuatro delincuentes participaron del robo y los investigadores no descartan un trasfondo personal. Fu\u00e9 informado por el periodista Ruben Martinez a travez del Grupo Tiempo <a class=\"mh-excerpt-more\" href=\"https:\/\/larevistadigital.com.ar\/blog\/violento-asalto-en-ranchos-encapuchados-maniataron-a-una-familia-y-exigieron-dinero\/\" title=\"Violento asalto en Ranchos: encapuchados maniataron a una familia y exigieron dinero\">[Leer M\u00e1s]<\/a><\/p>\n<\/div>","protected":false},"author":3,"featured_media":20324,"comment_status":"open","ping_status":"open","sticky":false,"template":"","format":"standard","meta":{"_jetpack_memberships_contains_paid_content":false,"footnotes":"","jetpack_publicize_message":"","jetpack_publicize_feature_enabled":true,"jetpack_social_post_already_shared":true,"jetpack_social_options":{"image_generator_settings":{"template":"highway","default_image_id":0,"font":"","enabled":false},"version":2}},"categories":[44,14,51],"tags":[],"class_list":{"0":"post-44489","1":"post","2":"type-post","3":"status-publish","4":"format-standard","5":"has-post-thumbnail","7":"category-policiales","8":"category-ranchos","9":"category-regionales"},"jetpack_publicize_connections":[],"jetpack_featured_media_url":"https:\/\/i0.wp.com\/larevistadigital.com.ar\/blog\/wp-content\/uploads\/1620734310362.jpg?fit=1500%2C998&ssl=1","jetpack_sharing_enabled":true,"jetpack_shortlink":"https:\/\/wp.me\/p8qtrQ-bzz","jetpack-related-posts":[{"id":9748,"url":"https:\/\/larevistadigital.com.ar\/blog\/ranchos-mas-obras-en-villanueva\/","url_meta":{"origin":44489,"position":0},"title":"RANCHOS: MAS OBRAS EN VILLANUEVA","author":"Alejandro Sosa Ruda","date":"18 abril, 2019","format":false,"excerpt":"Comenz\u00f3 la obra de pavimento en Villanueva, esta comprende las calles G\u00fcemes entre San Mart\u00edn y Uruguay; C\u00f3rdoba entre 25 de Mayo y G\u00fcemes, adem\u00e1s incluye la reparaci\u00f3n del bad\u00e9n en la esquina de las calles San Mart\u00edn y 25 de Mayo.","rel":"","context":"En \u00abPOLITICA\u00bb","block_context":{"text":"POLITICA","link":"https:\/\/larevistadigital.com.ar\/blog\/category\/politica\/"},"img":{"alt_text":"","src":"https:\/\/i0.wp.com\/larevistadigital.com.ar\/blog\/wp-content\/uploads\/2019\/04\/57244641_2144401129132831_2835708713589800960_n.jpg?fit=960%2C720&ssl=1&resize=350%2C200","width":350,"height":200,"srcset":"https:\/\/i0.wp.com\/larevistadigital.com.ar\/blog\/wp-content\/uploads\/2019\/04\/57244641_2144401129132831_2835708713589800960_n.jpg?fit=960%2C720&ssl=1&resize=350%2C200 1x, https:\/\/i0.wp.com\/larevistadigital.com.ar\/blog\/wp-content\/uploads\/2019\/04\/57244641_2144401129132831_2835708713589800960_n.jpg?fit=960%2C720&ssl=1&resize=525%2C300 1.5x, https:\/\/i0.wp.com\/larevistadigital.com.ar\/blog\/wp-content\/uploads\/2019\/04\/57244641_2144401129132831_2835708713589800960_n.jpg?fit=960%2C720&ssl=1&resize=700%2C400 2x"},"classes":[]},{"id":24863,"url":"https:\/\/larevistadigital.com.ar\/blog\/ranchos-santiago-muscarello-es-el-nuevo-secretario-de-seguridad\/","url_meta":{"origin":44489,"position":1},"title":"RANCHOS: SANTIAGO MUSCARELLO ES EL NUEVO SECRETARIO DE SEGURIDAD","author":"Alejandro Sosa Ruda","date":"28 marzo, 2022","format":false,"excerpt":"RANCHOS -\u00a0 El dirigente peronista y jefe de Anses de Chascom\u00fas Santiago Muscarello es el nuevo secretario de seguridad del municipio de General Paz,\u00a0luego de haberlo sido en Chascom\u00fas durante la primera gesti\u00f3n del intendente Javier Gast\u00f3n. Al parecer entre otras cosas los\u00a0 \u00faltimos hechos de inseguridad en Ranchos, han\u2026","rel":"","context":"En \u00abRANCHOS\u00bb","block_context":{"text":"RANCHOS","link":"https:\/\/larevistadigital.com.ar\/blog\/category\/ranchos\/"},"img":{"alt_text":"","src":"https:\/\/i0.wp.com\/larevistadigital.com.ar\/blog\/wp-content\/uploads\/Captura-de-pantalla-2022-03-28-130145.jpg?fit=742%2C586&ssl=1&resize=350%2C200","width":350,"height":200,"srcset":"https:\/\/i0.wp.com\/larevistadigital.com.ar\/blog\/wp-content\/uploads\/Captura-de-pantalla-2022-03-28-130145.jpg?fit=742%2C586&ssl=1&resize=350%2C200 1x, https:\/\/i0.wp.com\/larevistadigital.com.ar\/blog\/wp-content\/uploads\/Captura-de-pantalla-2022-03-28-130145.jpg?fit=742%2C586&ssl=1&resize=525%2C300 1.5x, https:\/\/i0.wp.com\/larevistadigital.com.ar\/blog\/wp-content\/uploads\/Captura-de-pantalla-2022-03-28-130145.jpg?fit=742%2C586&ssl=1&resize=700%2C400 2x"},"classes":[]},{"id":24759,"url":"https:\/\/larevistadigital.com.ar\/blog\/ranchos-robaron-y-maniataron-a-una-familia-durante-la-madrugada\/","url_meta":{"origin":44489,"position":2},"title":"RANCHOS: ROBARON Y MANIATARON A UNA FAMILIA DURANTE LA MADRUGADA","author":"Alejandro Sosa Ruda","date":"22 marzo, 2022","format":false,"excerpt":"RANCHOS -\u00a0 Inform\u00f3 el portal \"Multimedio\u00a0 Digital\" que en la madrugada ingresaron ladrones a una casa, mientras la familia se encontraba durmiendo, y se llevaron una importante suma de dinero, y otros elementos. Todo ocurri\u00f3 en una casa quinta de Ranchos, ubicada en Calle 73 al 4000, cuando sus moradores\u2026","rel":"","context":"En \u00abRANCHOS\u00bb","block_context":{"text":"RANCHOS","link":"https:\/\/larevistadigital.com.ar\/blog\/category\/ranchos\/"},"img":{"alt_text":"","src":"https:\/\/i0.wp.com\/larevistadigital.com.ar\/blog\/wp-content\/uploads\/policia-ranchos.png?fit=867%2C573&ssl=1&resize=350%2C200","width":350,"height":200,"srcset":"https:\/\/i0.wp.com\/larevistadigital.com.ar\/blog\/wp-content\/uploads\/policia-ranchos.png?fit=867%2C573&ssl=1&resize=350%2C200 1x, https:\/\/i0.wp.com\/larevistadigital.com.ar\/blog\/wp-content\/uploads\/policia-ranchos.png?fit=867%2C573&ssl=1&resize=525%2C300 1.5x, https:\/\/i0.wp.com\/larevistadigital.com.ar\/blog\/wp-content\/uploads\/policia-ranchos.png?fit=867%2C573&ssl=1&resize=700%2C400 2x"},"classes":[]},{"id":10591,"url":"https:\/\/larevistadigital.com.ar\/blog\/ranchos-detienen-a-mujer-que-distribuia-pornografia-infantil\/","url_meta":{"origin":44489,"position":3},"title":"RANCHOS: DETIENEN A MUJER QUE DISTRIBU\u00cdA PORNOGRAF\u00cdA INFANTIL","author":"Alejandro Sosa Ruda","date":"13 junio, 2019","format":false,"excerpt":"Operativo a pedido del Departamento judicial La Plata en la localidad de Ranchos. Este mi\u00e9rcoles por la noche agentes de la Delegaci\u00f3n de Policia Federal La Plata detuvieron a una mujer acusada de distribuci\u00f3n de pornograf\u00eda infantil en la localidad bonaerense de Ranchos. La implicada era investigada por la fiscal\u2026","rel":"","context":"En \u00abPOLICIALES\u00bb","block_context":{"text":"POLICIALES","link":"https:\/\/larevistadigital.com.ar\/blog\/category\/policiales\/"},"img":{"alt_text":"","src":"https:\/\/i0.wp.com\/larevistadigital.com.ar\/blog\/wp-content\/uploads\/Screenshot_3.jpg?fit=833%2C628&ssl=1&resize=350%2C200","width":350,"height":200,"srcset":"https:\/\/i0.wp.com\/larevistadigital.com.ar\/blog\/wp-content\/uploads\/Screenshot_3.jpg?fit=833%2C628&ssl=1&resize=350%2C200 1x, https:\/\/i0.wp.com\/larevistadigital.com.ar\/blog\/wp-content\/uploads\/Screenshot_3.jpg?fit=833%2C628&ssl=1&resize=525%2C300 1.5x, https:\/\/i0.wp.com\/larevistadigital.com.ar\/blog\/wp-content\/uploads\/Screenshot_3.jpg?fit=833%2C628&ssl=1&resize=700%2C400 2x"},"classes":[]},{"id":8360,"url":"https:\/\/larevistadigital.com.ar\/blog\/ranchos-moderno-sistema-de-iluminacion-publico-en-el-barrio-la-pilarica\/","url_meta":{"origin":44489,"position":4},"title":"RANCHOS: MODERNO SISTEMA DE ILUMINACI\u00d3N P\u00daBLICO EN EL BARRIO LA PILARICA","author":"Alejandro Sosa Ruda","date":"12 febrero, 2019","format":false,"excerpt":"Personal de Servicios Urbanos, dependiente de la Municipalidad de General Paz; procedi\u00f3 a la colocaci\u00f3n de 28 nuevas columnas de iluminaci\u00f3n con un sistema moderno a led; en el Barrio \u201cLa Pilarica\u201d de la ciudad de Ranchos. El renovado servicio, ya se encuentra en funcionamiento y abarca seis cuadras del\u2026","rel":"","context":"En \u00abPOLITICA\u00bb","block_context":{"text":"POLITICA","link":"https:\/\/larevistadigital.com.ar\/blog\/category\/politica\/"},"img":{"alt_text":"","src":"https:\/\/i0.wp.com\/larevistadigital.com.ar\/blog\/wp-content\/uploads\/2019\/02\/51716739_2109999359239675_8123353306585104384_n.jpg?fit=960%2C896&ssl=1&resize=350%2C200","width":350,"height":200,"srcset":"https:\/\/i0.wp.com\/larevistadigital.com.ar\/blog\/wp-content\/uploads\/2019\/02\/51716739_2109999359239675_8123353306585104384_n.jpg?fit=960%2C896&ssl=1&resize=350%2C200 1x, https:\/\/i0.wp.com\/larevistadigital.com.ar\/blog\/wp-content\/uploads\/2019\/02\/51716739_2109999359239675_8123353306585104384_n.jpg?fit=960%2C896&ssl=1&resize=525%2C300 1.5x, https:\/\/i0.wp.com\/larevistadigital.com.ar\/blog\/wp-content\/uploads\/2019\/02\/51716739_2109999359239675_8123353306585104384_n.jpg?fit=960%2C896&ssl=1&resize=700%2C400 2x"},"classes":[]},{"id":10115,"url":"https:\/\/larevistadigital.com.ar\/blog\/ranchos-la-casa-del-nino-elige-a-su-nueva-comision-cooperadora\/","url_meta":{"origin":44489,"position":5},"title":"RANCHOS: LA CASA DEL NI\u00d1O ELIGE A SU NUEVA COMISI\u00d3N COOPERADORA","author":"Alejandro Sosa Ruda","date":"10 mayo, 2019","format":false,"excerpt":"Este viernes 10 de mayo, en la sede de la Casa del ni\u00f1o \u201cVirgencita del Pilar\u201d de Ranchos, se llevar\u00e1 a cabo una reuni\u00f3n para conformar la comisi\u00f3n cooperadora de la Ia instituci\u00f3n. La reuni\u00f3n dar\u00e1 comienzo a partir de las 18 hs., y se realizar\u00e1 en la intersecci\u00f3n de\u2026","rel":"","context":"En \u00abPOLITICA\u00bb","block_context":{"text":"POLITICA","link":"https:\/\/larevistadigital.com.ar\/blog\/category\/politica\/"},"img":{"alt_text":"","src":"https:\/\/i0.wp.com\/larevistadigital.com.ar\/blog\/wp-content\/uploads\/2019\/05\/Screenshot_5.jpg?fit=797%2C444&ssl=1&resize=350%2C200","width":350,"height":200,"srcset":"https:\/\/i0.wp.com\/larevistadigital.com.ar\/blog\/wp-content\/uploads\/2019\/05\/Screenshot_5.jpg?fit=797%2C444&ssl=1&resize=350%2C200 1x, https:\/\/i0.wp.com\/larevistadigital.com.ar\/blog\/wp-content\/uploads\/2019\/05\/Screenshot_5.jpg?fit=797%2C444&ssl=1&resize=525%2C300 1.5x, https:\/\/i0.wp.com\/larevistadigital.com.ar\/blog\/wp-content\/uploads\/2019\/05\/Screenshot_5.jpg?fit=797%2C444&ssl=1&resize=700%2C400 2x"},"classes":[]}],"_links":{"self":[{"href":"https:\/\/larevistadigital.com.ar\/blog\/wp-json\/wp\/v2\/posts\/44489","targetHints":{"allow":["GET"]}}],"collection":[{"href":"https:\/\/larevistadigital.com.ar\/blog\/wp-json\/wp\/v2\/posts"}],"about":[{"href":"https:\/\/larevistadigital.com.ar\/blog\/wp-json\/wp\/v2\/types\/post"}],"author":[{"embeddable":true,"href":"https:\/\/larevistadigital.com.ar\/blog\/wp-json\/wp\/v2\/users\/3"}],"replies":[{"embeddable":true,"href":"https:\/\/larevistadigital.com.ar\/blog\/wp-json\/wp\/v2\/comments?post=44489"}],"version-history":[{"count":1,"href":"https:\/\/larevistadigital.com.ar\/blog\/wp-json\/wp\/v2\/posts\/44489\/revisions"}],"predecessor-version":[{"id":44490,"href":"https:\/\/larevistadigital.com.ar\/blog\/wp-json\/wp\/v2\/posts\/44489\/revisions\/44490"}],"wp:featuredmedia":[{"embeddable":true,"href":"https:\/\/larevistadigital.com.ar\/blog\/wp-json\/wp\/v2\/media\/20324"}],"wp:attachment":[{"href":"https:\/\/larevistadigital.com.ar\/blog\/wp-json\/wp\/v2\/media?parent=44489"}],"wp:term":[{"taxonomy":"category","embeddable":true,"href":"https:\/\/larevistadigital.com.ar\/blog\/wp-json\/wp\/v2\/categories?post=44489"},{"taxonomy":"post_tag","embeddable":true,"href":"https:\/\/larevistadigital.com.ar\/blog\/wp-json\/wp\/v2\/tags?post=44489"}],"curies":[{"name":"wp","href":"https:\/\/api.w.org\/{rel}","templated":true}]}}