{"id":44491,"date":"2026-03-14T00:21:48","date_gmt":"2026-03-14T03:21:48","guid":{"rendered":"https:\/\/larevistadigital.com.ar\/blog\/?p=44491"},"modified":"2026-03-14T00:22:38","modified_gmt":"2026-03-14T03:22:38","slug":"tragedia-en-la-ruta-un-hombre-murio-tras-un-violento-choque","status":"publish","type":"post","link":"https:\/\/larevistadigital.com.ar\/blog\/tragedia-en-la-ruta-un-hombre-murio-tras-un-violento-choque\/","title":{"rendered":"Tragedia en la ruta: un hombre muri\u00f3 tras un violento choque"},"content":{"rendered":"<div class=\"flex flex-col text-sm pb-25\">\n<article class=\"text-token-text-primary w-full focus:outline-none [--shadow-height:45px] has-data-writing-block:pointer-events-none has-data-writing-block:-mt-(--shadow-height) has-data-writing-block:pt-(--shadow-height) [&amp;:has([data-writing-block])&gt;*]:pointer-events-auto scroll-mt-[calc(var(--header-height)+min(200px,max(70px,20svh)))]\" dir=\"auto\" data-turn-id=\"request-699e3443-eb78-8333-9b31-4ecb9f447d7a-2\" data-testid=\"conversation-turn-104\" data-scroll-anchor=\"true\" data-turn=\"assistant\">\n<div class=\"text-base my-auto mx-auto pb-10 [--thread-content-margin:var(--thread-content-margin-xs,calc(var(--spacing)*4))] @w-sm\/main:[--thread-content-margin:var(--thread-content-margin-sm,calc(var(--spacing)*6))] @w-lg\/main:[--thread-content-margin:var(--thread-content-margin-lg,calc(var(--spacing)*16))] px-(--thread-content-margin)\">\n<div class=\"[--thread-content-max-width:40rem] @w-lg\/main:[--thread-content-max-width:48rem] mx-auto max-w-(--thread-content-max-width) flex-1 group\/turn-messages focus-visible:outline-hidden relative flex w-full min-w-0 flex-col agent-turn\">\n<div class=\"flex max-w-full flex-col gap-4 grow\">\n<div class=\"min-h-8 text-message relative flex w-full flex-col items-end gap-2 text-start break-words whitespace-normal [.text-message+&amp;]:mt-1\" dir=\"auto\" data-message-author-role=\"assistant\" data-message-id=\"1bd29ad5-0e7a-442f-931d-06fec5ac0333\" data-message-model-slug=\"gpt-5-3\">\n<div class=\"flex w-full flex-col gap-1 empty:hidden\">\n<div class=\"markdown prose dark:prose-invert w-full wrap-break-word light markdown-new-styling\">\n<p data-start=\"83\" data-end=\"229\"><strong data-start=\"83\" data-end=\"229\"><span class=\"BZ_Pyq_fadeIn\">Fue en la ruta 88, cerca de Batan. El <\/span><span class=\"BZ_Pyq_fadeIn\">conductor <\/span><span class=\"BZ_Pyq_fadeIn\">de <\/span><span class=\"BZ_Pyq_fadeIn\">un <\/span><span class=\"BZ_Pyq_fadeIn\">Renault <\/span><span class=\"BZ_Pyq_fadeIn\">Clio <\/span><span class=\"BZ_Pyq_fadeIn\">qued\u00f3 <\/span><span class=\"BZ_Pyq_fadeIn\">atrapado <\/span><span class=\"BZ_Pyq_fadeIn\">dentro <\/span><span class=\"BZ_Pyq_fadeIn\">del <\/span><span class=\"BZ_Pyq_fadeIn\">veh\u00edculo <\/span><span class=\"BZ_Pyq_fadeIn\">y <\/span><span class=\"BZ_Pyq_fadeIn\">falleci\u00f3 <\/span><span class=\"BZ_Pyq_fadeIn\">en <\/span><span class=\"BZ_Pyq_fadeIn\">el <\/span><span class=\"BZ_Pyq_fadeIn\">lugar <\/span><span class=\"BZ_Pyq_fadeIn\">pese <\/span><span class=\"BZ_Pyq_fadeIn\">a <\/span><span class=\"BZ_Pyq_fadeIn\">la <\/span><span class=\"BZ_Pyq_fadeIn\">intervenci\u00f3n <\/span><span class=\"BZ_Pyq_fadeIn\">de <\/span><span class=\"BZ_Pyq_fadeIn\">los <\/span><span class=\"BZ_Pyq_fadeIn\">equipos <\/span><span class=\"BZ_Pyq_fadeIn\">de <\/span><span class=\"BZ_Pyq_fadeIn\">emergencia.<\/span><\/strong><\/p>\n<p data-start=\"83\" data-end=\"229\">14 de marzo de 2026<\/p>\n<p data-start=\"231\" data-end=\"465\"><span class=\"BZ_Pyq_fadeIn\"><strong>BATAN &#8211;<\/strong>\u00a0 \u00a0Un <\/span><span class=\"BZ_Pyq_fadeIn\">hombre <\/span><span class=\"BZ_Pyq_fadeIn\">muri\u00f3 <\/span><span class=\"BZ_Pyq_fadeIn\">este <\/span><span class=\"BZ_Pyq_fadeIn\">viernes <\/span><span class=\"BZ_Pyq_fadeIn\">tras <\/span><span class=\"BZ_Pyq_fadeIn\">un <\/span><strong data-start=\"268\" data-end=\"295\"><span class=\"BZ_Pyq_fadeIn\">violento <\/span><span class=\"BZ_Pyq_fadeIn\">choque <\/span><span class=\"BZ_Pyq_fadeIn\">frontal<\/span><\/strong> <span class=\"BZ_Pyq_fadeIn\">entre <\/span><span class=\"BZ_Pyq_fadeIn\">una <\/span><span class=\"BZ_Pyq_fadeIn\">camioneta <\/span><span class=\"BZ_Pyq_fadeIn\">y <\/span><span class=\"BZ_Pyq_fadeIn\">un <\/span><span class=\"BZ_Pyq_fadeIn\">autom\u00f3vil <\/span><span class=\"BZ_Pyq_fadeIn\">ocurrido <\/span><span class=\"BZ_Pyq_fadeIn\">en <\/span><span class=\"BZ_Pyq_fadeIn\">el <\/span><strong data-start=\"346\" data-end=\"369\"><span class=\"BZ_Pyq_fadeIn\">kil\u00f3metro <\/span><span class=\"BZ_Pyq_fadeIn\">8,5 <\/span><span class=\"BZ_Pyq_fadeIn\">de <\/span><span class=\"BZ_Pyq_fadeIn\">la<\/span><\/strong> <span class=\"hover:entity-accent entity-underline inline cursor-pointer align-baseline\"><span class=\"whitespace-normal\">Ruta Provincial 88<\/span><\/span><span class=\"BZ_Pyq_fadeIn\">, <\/span><span class=\"BZ_Pyq_fadeIn\">en <\/span><span class=\"BZ_Pyq_fadeIn\">la <\/span><span class=\"BZ_Pyq_fadeIn\">zona <\/span><span class=\"BZ_Pyq_fadeIn\">de <\/span><strong data-start=\"423\" data-end=\"464\"><span class=\"hover:entity-accent entity-underline inline cursor-pointer align-baseline\"><span class=\"whitespace-normal\">Bat\u00e1n<\/span><\/span><\/strong><span class=\"BZ_Pyq_fadeIn\">.<\/span><\/p>\n<p data-start=\"467\" data-end=\"666\"><span class=\"BZ_Pyq_fadeIn\">El <\/span><span class=\"BZ_Pyq_fadeIn\">siniestro <\/span><span class=\"BZ_Pyq_fadeIn\">vial <\/span><span class=\"BZ_Pyq_fadeIn\">involucr\u00f3 <\/span><span class=\"BZ_Pyq_fadeIn\">a <\/span><span class=\"BZ_Pyq_fadeIn\">una <\/span><strong data-start=\"501\" data-end=\"595\"><span class=\"BZ_Pyq_fadeIn\">camioneta <\/span><span class=\"hover:entity-accent entity-underline inline cursor-pointer align-baseline\"><span class=\"whitespace-normal\">Toyota Hilux<\/span><\/span> <span class=\"BZ_Pyq_fadeIn\">y <\/span><span class=\"BZ_Pyq_fadeIn\">un <\/span><span class=\"hover:entity-accent entity-underline inline cursor-pointer align-baseline\"><span class=\"whitespace-normal\">Renault Clio<\/span><\/span><\/strong><span class=\"BZ_Pyq_fadeIn\">, <\/span><span class=\"BZ_Pyq_fadeIn\">que <\/span><span class=\"BZ_Pyq_fadeIn\">colisionaron <\/span><span class=\"BZ_Pyq_fadeIn\">por <\/span><span class=\"BZ_Pyq_fadeIn\">causas <\/span><span class=\"BZ_Pyq_fadeIn\">que <\/span><span class=\"BZ_Pyq_fadeIn\">a\u00fan <\/span><span class=\"BZ_Pyq_fadeIn\">se <\/span><span class=\"BZ_Pyq_fadeIn\">encuentran <\/span><span class=\"BZ_Pyq_fadeIn\">bajo <\/span><span class=\"BZ_Pyq_fadeIn\">investigaci\u00f3n.<\/span><\/p>\n<h3 data-section-id=\"1y1c8p6\" data-start=\"668\" data-end=\"706\"><span style=\"color: #ff0000\"><span class=\"BZ_Pyq_fadeIn\">Qued\u00f3 <\/span><span class=\"BZ_Pyq_fadeIn\">atrapado <\/span><span class=\"BZ_Pyq_fadeIn\">y <\/span><span class=\"BZ_Pyq_fadeIn\">muri\u00f3 <\/span><span class=\"BZ_Pyq_fadeIn\">en <\/span><span class=\"BZ_Pyq_fadeIn\">el <\/span><span class=\"BZ_Pyq_fadeIn\">lugar<\/span><\/span><\/h3>\n<p data-start=\"708\" data-end=\"830\"><span class=\"BZ_Pyq_fadeIn\">Como <\/span><span class=\"BZ_Pyq_fadeIn\">consecuencia <\/span><span class=\"BZ_Pyq_fadeIn\">del <\/span><span class=\"BZ_Pyq_fadeIn\">fuerte <\/span><span class=\"BZ_Pyq_fadeIn\">impacto, <\/span><span class=\"BZ_Pyq_fadeIn\">el <\/span><span class=\"BZ_Pyq_fadeIn\">conductor <\/span><span class=\"BZ_Pyq_fadeIn\">del <\/span><span class=\"BZ_Pyq_fadeIn\">Renault <\/span><span class=\"BZ_Pyq_fadeIn\">Clio <\/span><strong data-start=\"776\" data-end=\"829\"><span class=\"BZ_Pyq_fadeIn\">qued\u00f3 <\/span><span class=\"BZ_Pyq_fadeIn\">atrapado <\/span><span class=\"BZ_Pyq_fadeIn\">dentro <\/span><span class=\"BZ_Pyq_fadeIn\">del <\/span><span class=\"BZ_Pyq_fadeIn\">habit\u00e1culo <\/span><span class=\"BZ_Pyq_fadeIn\">del <\/span><span class=\"BZ_Pyq_fadeIn\">veh\u00edculo<\/span><\/strong><span class=\"BZ_Pyq_fadeIn\">.<\/span><\/p>\n<p data-start=\"832\" data-end=\"1072\"><span class=\"BZ_Pyq_fadeIn\">Al <\/span><span class=\"BZ_Pyq_fadeIn\">arribar <\/span><span class=\"BZ_Pyq_fadeIn\">al <\/span><span class=\"BZ_Pyq_fadeIn\">lugar, <\/span><span class=\"BZ_Pyq_fadeIn\">personal <\/span><span class=\"BZ_Pyq_fadeIn\">de <\/span><span class=\"BZ_Pyq_fadeIn\">bomberos <\/span><span class=\"BZ_Pyq_fadeIn\">que <\/span><span class=\"BZ_Pyq_fadeIn\">acudi\u00f3 <\/span><span class=\"BZ_Pyq_fadeIn\">con <\/span><span class=\"BZ_Pyq_fadeIn\">una <\/span><span class=\"BZ_Pyq_fadeIn\">autobomba <\/span><span class=\"BZ_Pyq_fadeIn\">encontr\u00f3 <\/span><span class=\"BZ_Pyq_fadeIn\">al <\/span><span class=\"BZ_Pyq_fadeIn\">hombre <\/span><span class=\"BZ_Pyq_fadeIn\">dentro <\/span><span class=\"BZ_Pyq_fadeIn\">del <\/span><span class=\"BZ_Pyq_fadeIn\">autom\u00f3vil, <\/span><span class=\"BZ_Pyq_fadeIn\">que <\/span><span class=\"BZ_Pyq_fadeIn\">adem\u00e1s <\/span><strong data-start=\"955\" data-end=\"1007\"><span class=\"BZ_Pyq_fadeIn\">presentaba <\/span><span class=\"BZ_Pyq_fadeIn\">una <\/span><span class=\"BZ_Pyq_fadeIn\">importante <\/span><span class=\"BZ_Pyq_fadeIn\">p\u00e9rdida <\/span><span class=\"BZ_Pyq_fadeIn\">de <\/span><span class=\"BZ_Pyq_fadeIn\">combustible<\/span><\/strong><span class=\"BZ_Pyq_fadeIn\">, <\/span><span class=\"BZ_Pyq_fadeIn\">lo <\/span><span class=\"BZ_Pyq_fadeIn\">que <\/span><span class=\"BZ_Pyq_fadeIn\">oblig\u00f3 <\/span><span class=\"BZ_Pyq_fadeIn\">a <\/span><span class=\"BZ_Pyq_fadeIn\">actuar <\/span><span class=\"BZ_Pyq_fadeIn\">con <\/span><span class=\"BZ_Pyq_fadeIn\">rapidez <\/span><span class=\"BZ_Pyq_fadeIn\">para <\/span><span class=\"BZ_Pyq_fadeIn\">evitar <\/span><span class=\"BZ_Pyq_fadeIn\">mayores <\/span><span class=\"BZ_Pyq_fadeIn\">riesgos.<\/span><\/p>\n<p data-start=\"1074\" data-end=\"1235\"><span class=\"BZ_Pyq_fadeIn\">Minutos <\/span><span class=\"BZ_Pyq_fadeIn\">despu\u00e9s <\/span><span class=\"BZ_Pyq_fadeIn\">lleg\u00f3 <\/span><span class=\"BZ_Pyq_fadeIn\">una <\/span><span class=\"BZ_Pyq_fadeIn\">ambulancia <\/span><span class=\"BZ_Pyq_fadeIn\">del <\/span><strong data-start=\"1115\" data-end=\"1156\"><span class=\"hover:entity-accent entity-underline inline cursor-pointer align-baseline\"><span class=\"whitespace-normal\">SAME<\/span><\/span><\/strong><span class=\"BZ_Pyq_fadeIn\">, <\/span><span class=\"BZ_Pyq_fadeIn\">cuyo <\/span><span class=\"BZ_Pyq_fadeIn\">personal <\/span><span class=\"BZ_Pyq_fadeIn\">m\u00e9dico <\/span><strong data-start=\"1179\" data-end=\"1234\"><span class=\"BZ_Pyq_fadeIn\">constat\u00f3 <\/span><span class=\"BZ_Pyq_fadeIn\">el <\/span><span class=\"BZ_Pyq_fadeIn\">fallecimiento <\/span><span class=\"BZ_Pyq_fadeIn\">del <\/span><span class=\"BZ_Pyq_fadeIn\">conductor <\/span><span class=\"BZ_Pyq_fadeIn\">en <\/span><span class=\"BZ_Pyq_fadeIn\">el <\/span><span class=\"BZ_Pyq_fadeIn\">lugar<\/span><\/strong><span class=\"BZ_Pyq_fadeIn\">.<\/span><\/p>\n<h3 data-section-id=\"1qub52u\" data-start=\"1237\" data-end=\"1272\"><span style=\"color: #ff0000\"><span class=\"BZ_Pyq_fadeIn\">El <\/span><span class=\"BZ_Pyq_fadeIn\">otro <\/span><span class=\"BZ_Pyq_fadeIn\">conductor <\/span><span class=\"BZ_Pyq_fadeIn\">result\u00f3 <\/span><span class=\"BZ_Pyq_fadeIn\">ileso<\/span><\/span><\/h3>\n<p data-start=\"1274\" data-end=\"1367\"><span class=\"BZ_Pyq_fadeIn\">La <\/span><span class=\"BZ_Pyq_fadeIn\">camioneta <\/span><span class=\"BZ_Pyq_fadeIn\">Toyota <\/span><span class=\"BZ_Pyq_fadeIn\">Hilux <\/span><span class=\"BZ_Pyq_fadeIn\">era <\/span><span class=\"BZ_Pyq_fadeIn\">conducida <\/span><span class=\"BZ_Pyq_fadeIn\">por <\/span><span class=\"BZ_Pyq_fadeIn\">un <\/span><span class=\"BZ_Pyq_fadeIn\">hombre <\/span><span class=\"BZ_Pyq_fadeIn\">que <\/span><strong data-start=\"1332\" data-end=\"1349\"><span class=\"BZ_Pyq_fadeIn\">result\u00f3 <\/span><span class=\"BZ_Pyq_fadeIn\">ileso<\/span><\/strong> <span class=\"BZ_Pyq_fadeIn\">tras <\/span><span class=\"BZ_Pyq_fadeIn\">la <\/span><span class=\"BZ_Pyq_fadeIn\">colisi\u00f3n.<\/span><\/p>\n<p data-start=\"1369\" data-end=\"1530\"><span class=\"BZ_Pyq_fadeIn\">Luego <\/span><span class=\"BZ_Pyq_fadeIn\">del <\/span><span class=\"BZ_Pyq_fadeIn\">impacto, <\/span><span class=\"BZ_Pyq_fadeIn\">la <\/span><span class=\"BZ_Pyq_fadeIn\">zona <\/span><span class=\"BZ_Pyq_fadeIn\">fue <\/span><strong data-start=\"1400\" data-end=\"1443\"><span class=\"BZ_Pyq_fadeIn\">asegurada <\/span><span class=\"BZ_Pyq_fadeIn\">por <\/span><span class=\"BZ_Pyq_fadeIn\">los <\/span><span class=\"BZ_Pyq_fadeIn\">equipos <\/span><span class=\"BZ_Pyq_fadeIn\">de <\/span><span class=\"BZ_Pyq_fadeIn\">emergencia<\/span><\/strong> <span class=\"BZ_Pyq_fadeIn\">mientras <\/span><span class=\"BZ_Pyq_fadeIn\">se <\/span><span class=\"BZ_Pyq_fadeIn\">realizaban <\/span><span class=\"BZ_Pyq_fadeIn\">las <\/span><span class=\"BZ_Pyq_fadeIn\">tareas <\/span><span class=\"BZ_Pyq_fadeIn\">preventivas <\/span><span class=\"BZ_Pyq_fadeIn\">y <\/span><span class=\"BZ_Pyq_fadeIn\">se <\/span><span class=\"BZ_Pyq_fadeIn\">permit\u00eda <\/span><span class=\"BZ_Pyq_fadeIn\">el <\/span><span class=\"BZ_Pyq_fadeIn\">trabajo <\/span><span class=\"BZ_Pyq_fadeIn\">de <\/span><span class=\"BZ_Pyq_fadeIn\">los <\/span><span class=\"BZ_Pyq_fadeIn\">peritos.<\/span><\/p>\n<h3 data-section-id=\"1n34auh\" data-start=\"1532\" data-end=\"1569\"><span style=\"color: #ff0000\"><span class=\"BZ_Pyq_fadeIn\">Investigan <\/span><span class=\"BZ_Pyq_fadeIn\">c\u00f3mo <\/span><span class=\"BZ_Pyq_fadeIn\">ocurri\u00f3 <\/span><span class=\"BZ_Pyq_fadeIn\">el <\/span><span class=\"BZ_Pyq_fadeIn\">choque<\/span><\/span><\/h3>\n<p data-start=\"1571\" data-end=\"1845\" data-is-last-node=\"\" data-is-only-node=\"\"><span class=\"BZ_Pyq_fadeIn\">Las <\/span><span class=\"BZ_Pyq_fadeIn\">actuaciones <\/span><span class=\"BZ_Pyq_fadeIn\">quedaron <\/span><span class=\"BZ_Pyq_fadeIn\">a <\/span><span class=\"BZ_Pyq_fadeIn\">cargo <\/span><span class=\"BZ_Pyq_fadeIn\">de <\/span><span class=\"BZ_Pyq_fadeIn\">personal <\/span><span class=\"BZ_Pyq_fadeIn\">policial <\/span><span class=\"BZ_Pyq_fadeIn\">y <\/span><span class=\"BZ_Pyq_fadeIn\">de <\/span><span class=\"BZ_Pyq_fadeIn\">la <\/span><span class=\"BZ_Pyq_fadeIn\">fiscal\u00eda <\/span><span class=\"BZ_Pyq_fadeIn\">interviniente, <\/span><span class=\"BZ_Pyq_fadeIn\">que <\/span><span class=\"BZ_Pyq_fadeIn\">ahora <\/span><span class=\"BZ_Pyq_fadeIn\">deber\u00e1 <\/span><strong data-start=\"1674\" data-end=\"1763\"><span class=\"BZ_Pyq_fadeIn\">determinar <\/span><span class=\"BZ_Pyq_fadeIn\">la <\/span><span class=\"BZ_Pyq_fadeIn\">mec\u00e1nica <\/span><span class=\"BZ_Pyq_fadeIn\">del <\/span><span class=\"BZ_Pyq_fadeIn\">siniestro <\/span><span class=\"BZ_Pyq_fadeIn\">y <\/span><span class=\"BZ_Pyq_fadeIn\">las <\/span><span class=\"BZ_Pyq_fadeIn\">circunstancias <\/span><span class=\"BZ_Pyq_fadeIn\">en <\/span><span class=\"BZ_Pyq_fadeIn\">que <\/span><span class=\"BZ_Pyq_fadeIn\">se <\/span><span class=\"BZ_Pyq_fadeIn\">produjo <\/span><span class=\"BZ_Pyq_fadeIn\">el <\/span><span class=\"BZ_Pyq_fadeIn\">choque<\/span><\/strong> <span class=\"BZ_Pyq_fadeIn\">en <\/span><span class=\"BZ_Pyq_fadeIn\">esta <\/span><span class=\"BZ_Pyq_fadeIn\">transitada <\/span><span class=\"BZ_Pyq_fadeIn\">ruta <\/span><span class=\"BZ_Pyq_fadeIn\">del <\/span><span class=\"BZ_Pyq_fadeIn\">partido <\/span><span class=\"BZ_Pyq_fadeIn\">de <\/span><strong data-start=\"1803\" data-end=\"1844\"><span class=\"hover:entity-accent entity-underline inline cursor-pointer align-baseline\"><span class=\"whitespace-normal\">General Pueyrred\u00f3n<\/span><\/span><\/strong><span class=\"BZ_Pyq_fadeIn\">.<\/span><\/p>\n<\/div>\n<\/div>\n<\/div>\n<\/div>\n<div class=\"z-0 flex min-h-[46px] justify-start\">FUENTE E IMAGEN: entrel\u00edneas.info<\/div>\n<div class=\"mt-3 w-full empty:hidden\">\n<div class=\"text-center\"><\/div>\n<\/div>\n<\/div>\n<\/div>\n<\/article>\n<\/div>\n<div class=\"pointer-events-none h-px w-px absolute bottom-0\" aria-hidden=\"true\" data-edge=\"true\"><\/div>\n","protected":false},"excerpt":{"rendered":"<div class=\"mh-excerpt\"><p>Fue en la ruta 88, cerca de Batan. El conductor de un Renault Clio qued\u00f3 atrapado dentro del veh\u00edculo y falleci\u00f3 en el lugar pese a la intervenci\u00f3n de los equipos de emergencia. 14 de <a class=\"mh-excerpt-more\" href=\"https:\/\/larevistadigital.com.ar\/blog\/tragedia-en-la-ruta-un-hombre-murio-tras-un-violento-choque\/\" title=\"Tragedia en la ruta: un hombre muri\u00f3 tras un violento choque\">[Leer M\u00e1s]<\/a><\/p>\n<\/div>","protected":false},"author":3,"featured_media":44492,"comment_status":"open","ping_status":"open","sticky":false,"template":"","format":"standard","meta":{"_jetpack_memberships_contains_paid_content":false,"footnotes":"","jetpack_publicize_message":"","jetpack_publicize_feature_enabled":true,"jetpack_social_post_already_shared":true,"jetpack_social_options":{"image_generator_settings":{"template":"highway","default_image_id":0,"font":"","enabled":false},"version":2}},"categories":[44,51],"tags":[],"class_list":{"0":"post-44491","1":"post","2":"type-post","3":"status-publish","4":"format-standard","5":"has-post-thumbnail","7":"category-policiales","8":"category-regionales"},"jetpack_publicize_connections":[],"jetpack_featured_media_url":"https:\/\/i0.wp.com\/larevistadigital.com.ar\/blog\/wp-content\/uploads\/f16ba0ac6ecbcfc4321cec0f8ab58de5803fc019.png?fit=1140%2C691&ssl=1","jetpack_sharing_enabled":true,"jetpack_shortlink":"https:\/\/wp.me\/p8qtrQ-bzB","jetpack-related-posts":[{"id":44019,"url":"https:\/\/larevistadigital.com.ar\/blog\/tragedia-en-la-ruta-88-murio-un-hombre-tras-un-choque-en-cadena-provocado-por-un-carpincho\/","url_meta":{"origin":44491,"position":0},"title":"Tragedia en la Ruta 88: muri\u00f3 un hombre tras un choque en cadena provocado por un carpincho","author":"Alejandro Sosa Ruda","date":"15 febrero, 2026","format":false,"excerpt":"El siniestro ocurri\u00f3 a la altura del kil\u00f3metro 65. Un automovilista embisti\u00f3 al animal y, en medio de la asistencia, otro veh\u00edculo atropell\u00f3 a un trabajador rural que hab\u00eda acudido a ayudar. 15 de febrero de 2026 Un tr\u00e1gico accidente se registr\u00f3 en la Ruta 88, a la altura del\u2026","rel":"","context":"En \u00abPOLICIALES\u00bb","block_context":{"text":"POLICIALES","link":"https:\/\/larevistadigital.com.ar\/blog\/category\/policiales\/"},"img":{"alt_text":"","src":"https:\/\/i0.wp.com\/larevistadigital.com.ar\/blog\/wp-content\/uploads\/55782ee2da9816635c726bc41e2d4a4770e80e31.jpg?fit=1140%2C856&ssl=1&resize=350%2C200","width":350,"height":200,"srcset":"https:\/\/i0.wp.com\/larevistadigital.com.ar\/blog\/wp-content\/uploads\/55782ee2da9816635c726bc41e2d4a4770e80e31.jpg?fit=1140%2C856&ssl=1&resize=350%2C200 1x, https:\/\/i0.wp.com\/larevistadigital.com.ar\/blog\/wp-content\/uploads\/55782ee2da9816635c726bc41e2d4a4770e80e31.jpg?fit=1140%2C856&ssl=1&resize=525%2C300 1.5x, https:\/\/i0.wp.com\/larevistadigital.com.ar\/blog\/wp-content\/uploads\/55782ee2da9816635c726bc41e2d4a4770e80e31.jpg?fit=1140%2C856&ssl=1&resize=700%2C400 2x, https:\/\/i0.wp.com\/larevistadigital.com.ar\/blog\/wp-content\/uploads\/55782ee2da9816635c726bc41e2d4a4770e80e31.jpg?fit=1140%2C856&ssl=1&resize=1050%2C600 3x"},"classes":[]},{"id":39202,"url":"https:\/\/larevistadigital.com.ar\/blog\/tragedia-en-la-ruta-88-un-muerto-y-dos-heridas-tras-un-violento-choque\/","url_meta":{"origin":44491,"position":1},"title":"Tragedia en la Ruta 88: Un muerto y dos heridas tras un violento choque","author":"Alejandro Sosa Ruda","date":"30 marzo, 2025","format":false,"excerpt":"Sucedi\u00f3 a la altura del kil\u00f3metro 20 entre una camioneta Traffic y un VW Gol. La ruta debi\u00f3 ser cortada en ambos sentidos. 30 De Marzo de 2025 BUENOS AIRES -\u00a0 Un fatal accidente sacudi\u00f3 la tranquilidad de la noche del s\u00e1bado en la Ruta 88, a la altura del\u2026","rel":"","context":"En \u00abPOLICIALES\u00bb","block_context":{"text":"POLICIALES","link":"https:\/\/larevistadigital.com.ar\/blog\/category\/policiales\/"},"img":{"alt_text":"","src":"https:\/\/i0.wp.com\/larevistadigital.com.ar\/blog\/wp-content\/uploads\/Captura-de-pantalla-2025-03-30-094050.jpg?fit=814%2C343&ssl=1&resize=350%2C200","width":350,"height":200,"srcset":"https:\/\/i0.wp.com\/larevistadigital.com.ar\/blog\/wp-content\/uploads\/Captura-de-pantalla-2025-03-30-094050.jpg?fit=814%2C343&ssl=1&resize=350%2C200 1x, https:\/\/i0.wp.com\/larevistadigital.com.ar\/blog\/wp-content\/uploads\/Captura-de-pantalla-2025-03-30-094050.jpg?fit=814%2C343&ssl=1&resize=525%2C300 1.5x, https:\/\/i0.wp.com\/larevistadigital.com.ar\/blog\/wp-content\/uploads\/Captura-de-pantalla-2025-03-30-094050.jpg?fit=814%2C343&ssl=1&resize=700%2C400 2x"},"classes":[]},{"id":43018,"url":"https:\/\/larevistadigital.com.ar\/blog\/tragedia-en-la-ruta-2-murieron-un-padre-y-su-hija-tras-un-violento-choque\/","url_meta":{"origin":44491,"position":2},"title":"Tragedia en la Ruta 2: murieron un padre y su hija tras un violento choque","author":"Alejandro Sosa Ruda","date":"23 diciembre, 2025","format":false,"excerpt":"El fatal accidente ocurri\u00f3 a la altura del kil\u00f3metro 81, en cercan\u00edas de \u00c1ngel Etcheverry. Las v\u00edctimas viajaban en una motocicleta que impact\u00f3 contra un autom\u00f3vil. La joven falleci\u00f3 horas despu\u00e9s en el hospital. 23 de diciembre de 2025 Un grav\u00edsimo accidente de tr\u00e1nsito ocurrido en la Ruta 2 dej\u00f3\u2026","rel":"","context":"En \u00abPOLICIALES\u00bb","block_context":{"text":"POLICIALES","link":"https:\/\/larevistadigital.com.ar\/blog\/category\/policiales\/"},"img":{"alt_text":"","src":"https:\/\/i0.wp.com\/larevistadigital.com.ar\/blog\/wp-content\/uploads\/0a1c26fb061f8f26243f92ff3157dd2d1ed08961.png?fit=1140%2C664&ssl=1&resize=350%2C200","width":350,"height":200,"srcset":"https:\/\/i0.wp.com\/larevistadigital.com.ar\/blog\/wp-content\/uploads\/0a1c26fb061f8f26243f92ff3157dd2d1ed08961.png?fit=1140%2C664&ssl=1&resize=350%2C200 1x, https:\/\/i0.wp.com\/larevistadigital.com.ar\/blog\/wp-content\/uploads\/0a1c26fb061f8f26243f92ff3157dd2d1ed08961.png?fit=1140%2C664&ssl=1&resize=525%2C300 1.5x, https:\/\/i0.wp.com\/larevistadigital.com.ar\/blog\/wp-content\/uploads\/0a1c26fb061f8f26243f92ff3157dd2d1ed08961.png?fit=1140%2C664&ssl=1&resize=700%2C400 2x, https:\/\/i0.wp.com\/larevistadigital.com.ar\/blog\/wp-content\/uploads\/0a1c26fb061f8f26243f92ff3157dd2d1ed08961.png?fit=1140%2C664&ssl=1&resize=1050%2C600 3x"},"classes":[]},{"id":40629,"url":"https:\/\/larevistadigital.com.ar\/blog\/tragedia-en-ruta-29-una-mujer-fallecida-y-varios-heridos-tras-un-violento-choque-frontal-cerca-de-villanueva\/","url_meta":{"origin":44491,"position":3},"title":"Tragedia en Ruta 29: una mujer fallecida y varios heridos tras un violento choque frontal cerca de Villanueva","author":"Alejandro Sosa Ruda","date":"26 julio, 2025","format":false,"excerpt":"El accidente ocurri\u00f3 pasadas las 20 en un tramo cercano al acceso a Villanueva. La v\u00edctima fatal falleci\u00f3 en el acto y entre los heridos hay dos menores. Todos fueron trasladados al Hospital de Ranchos. 26 de Julio de 225 VILLANUEVA -\u00a0 \u00a0Un tr\u00e1gico accidente de tr\u00e1nsito se produjo en\u2026","rel":"","context":"En \u00abPOLICIALES\u00bb","block_context":{"text":"POLICIALES","link":"https:\/\/larevistadigital.com.ar\/blog\/category\/policiales\/"},"img":{"alt_text":"","src":"https:\/\/i0.wp.com\/larevistadigital.com.ar\/blog\/wp-content\/uploads\/istockphoto-1446474143-612x612-1.jpg?fit=612%2C344&ssl=1&resize=350%2C200","width":350,"height":200,"srcset":"https:\/\/i0.wp.com\/larevistadigital.com.ar\/blog\/wp-content\/uploads\/istockphoto-1446474143-612x612-1.jpg?fit=612%2C344&ssl=1&resize=350%2C200 1x, https:\/\/i0.wp.com\/larevistadigital.com.ar\/blog\/wp-content\/uploads\/istockphoto-1446474143-612x612-1.jpg?fit=612%2C344&ssl=1&resize=525%2C300 1.5x"},"classes":[]},{"id":41831,"url":"https:\/\/larevistadigital.com.ar\/blog\/tragedia-en-la-ruta-11-una-beba-murio-tras-un-violento-choque-cerca-de-mar-del-plata\/","url_meta":{"origin":44491,"position":4},"title":"Tragedia en la Ruta 11: una beba muri\u00f3 tras un violento choque cerca de Mar del Plata","author":"Alejandro Sosa Ruda","date":"8 octubre, 2025","format":false,"excerpt":"El auto en el que viajaba junto a su madre se parti\u00f3 en dos tras impactar contra una columna de alumbrado. La mujer contin\u00faa internada en grave estado. 08 de Octubre de 2025 MAR DEL PLATA -\u00a0 \u00a0Una nueva tragedia vial volvi\u00f3 a conmocionar a la regi\u00f3n en la ma\u00f1ana\u2026","rel":"","context":"En \u00abPOLICIALES\u00bb","block_context":{"text":"POLICIALES","link":"https:\/\/larevistadigital.com.ar\/blog\/category\/policiales\/"},"img":{"alt_text":"","src":"https:\/\/i0.wp.com\/larevistadigital.com.ar\/blog\/wp-content\/uploads\/25ec7a9084f71ac56a2628ab56f070b2eb032c0d.png?fit=1140%2C713&ssl=1&resize=350%2C200","width":350,"height":200,"srcset":"https:\/\/i0.wp.com\/larevistadigital.com.ar\/blog\/wp-content\/uploads\/25ec7a9084f71ac56a2628ab56f070b2eb032c0d.png?fit=1140%2C713&ssl=1&resize=350%2C200 1x, https:\/\/i0.wp.com\/larevistadigital.com.ar\/blog\/wp-content\/uploads\/25ec7a9084f71ac56a2628ab56f070b2eb032c0d.png?fit=1140%2C713&ssl=1&resize=525%2C300 1.5x, https:\/\/i0.wp.com\/larevistadigital.com.ar\/blog\/wp-content\/uploads\/25ec7a9084f71ac56a2628ab56f070b2eb032c0d.png?fit=1140%2C713&ssl=1&resize=700%2C400 2x, https:\/\/i0.wp.com\/larevistadigital.com.ar\/blog\/wp-content\/uploads\/25ec7a9084f71ac56a2628ab56f070b2eb032c0d.png?fit=1140%2C713&ssl=1&resize=1050%2C600 3x"},"classes":[]},{"id":45078,"url":"https:\/\/larevistadigital.com.ar\/blog\/choque-frontal-fatal-murio-un-conductor-y-hay-dos-heridos-tras-un-violento-impacto\/","url_meta":{"origin":44491,"position":5},"title":"Choque frontal fatal: muri\u00f3 un conductor y hay dos heridos tras un violento impacto","author":"Alejandro Sosa Ruda","date":"12 abril, 2026","format":false,"excerpt":"El siniestro ocurri\u00f3 durante la madrugada en el km 36 de la ruta 74, jurisdicci\u00f3n de Gral. Madariaga y gener\u00f3 un amplio operativo de rescate. Investigan las causas. 12 de abril de 2026 GENERAL MADARIAGA -\u00a0 \u00a0 Un tr\u00e1gico accidente vial dej\u00f3 como saldo un muerto y dos heridos tras\u2026","rel":"","context":"En \u00abPOLICIALES\u00bb","block_context":{"text":"POLICIALES","link":"https:\/\/larevistadigital.com.ar\/blog\/category\/policiales\/"},"img":{"alt_text":"","src":"https:\/\/i0.wp.com\/larevistadigital.com.ar\/blog\/wp-content\/uploads\/CHOQUE-RUTA-74.jpg?fit=700%2C273&ssl=1&resize=350%2C200","width":350,"height":200,"srcset":"https:\/\/i0.wp.com\/larevistadigital.com.ar\/blog\/wp-content\/uploads\/CHOQUE-RUTA-74.jpg?fit=700%2C273&ssl=1&resize=350%2C200 1x, https:\/\/i0.wp.com\/larevistadigital.com.ar\/blog\/wp-content\/uploads\/CHOQUE-RUTA-74.jpg?fit=700%2C273&ssl=1&resize=525%2C300 1.5x, https:\/\/i0.wp.com\/larevistadigital.com.ar\/blog\/wp-content\/uploads\/CHOQUE-RUTA-74.jpg?fit=700%2C273&ssl=1&resize=700%2C400 2x"},"classes":[]}],"_links":{"self":[{"href":"https:\/\/larevistadigital.com.ar\/blog\/wp-json\/wp\/v2\/posts\/44491","targetHints":{"allow":["GET"]}}],"collection":[{"href":"https:\/\/larevistadigital.com.ar\/blog\/wp-json\/wp\/v2\/posts"}],"about":[{"href":"https:\/\/larevistadigital.com.ar\/blog\/wp-json\/wp\/v2\/types\/post"}],"author":[{"embeddable":true,"href":"https:\/\/larevistadigital.com.ar\/blog\/wp-json\/wp\/v2\/users\/3"}],"replies":[{"embeddable":true,"href":"https:\/\/larevistadigital.com.ar\/blog\/wp-json\/wp\/v2\/comments?post=44491"}],"version-history":[{"count":2,"href":"https:\/\/larevistadigital.com.ar\/blog\/wp-json\/wp\/v2\/posts\/44491\/revisions"}],"predecessor-version":[{"id":44495,"href":"https:\/\/larevistadigital.com.ar\/blog\/wp-json\/wp\/v2\/posts\/44491\/revisions\/44495"}],"wp:featuredmedia":[{"embeddable":true,"href":"https:\/\/larevistadigital.com.ar\/blog\/wp-json\/wp\/v2\/media\/44492"}],"wp:attachment":[{"href":"https:\/\/larevistadigital.com.ar\/blog\/wp-json\/wp\/v2\/media?parent=44491"}],"wp:term":[{"taxonomy":"category","embeddable":true,"href":"https:\/\/larevistadigital.com.ar\/blog\/wp-json\/wp\/v2\/categories?post=44491"},{"taxonomy":"post_tag","embeddable":true,"href":"https:\/\/larevistadigital.com.ar\/blog\/wp-json\/wp\/v2\/tags?post=44491"}],"curies":[{"name":"wp","href":"https:\/\/api.w.org\/{rel}","templated":true}]}}