{"id":44496,"date":"2026-03-14T00:29:56","date_gmt":"2026-03-14T03:29:56","guid":{"rendered":"https:\/\/larevistadigital.com.ar\/blog\/?p=44496"},"modified":"2026-03-14T00:29:56","modified_gmt":"2026-03-14T03:29:56","slug":"escandalo-desafectaron-a-un-policia-que-fue-filmado-teniendo-sexo-junto-al-patrullero","status":"publish","type":"post","link":"https:\/\/larevistadigital.com.ar\/blog\/escandalo-desafectaron-a-un-policia-que-fue-filmado-teniendo-sexo-junto-al-patrullero\/","title":{"rendered":"Esc\u00e1ndalo: desafectaron a un polic\u00eda que fue filmado teniendo sexo junto al patrullero"},"content":{"rendered":"<p data-start=\"103\" data-end=\"266\"><strong data-start=\"103\" data-end=\"266\"><span class=\"BZ_Pyq_fadeIn\">El <\/span><span class=\"BZ_Pyq_fadeIn\">agente <\/span><span class=\"BZ_Pyq_fadeIn\">fue <\/span><span class=\"BZ_Pyq_fadeIn\">grabado <\/span><span class=\"BZ_Pyq_fadeIn\">por <\/span><span class=\"BZ_Pyq_fadeIn\">una <\/span><span class=\"BZ_Pyq_fadeIn\">c\u00e1mara <\/span><span class=\"BZ_Pyq_fadeIn\">de <\/span><span class=\"BZ_Pyq_fadeIn\">seguridad <\/span><span class=\"BZ_Pyq_fadeIn\">mientras <\/span><span class=\"BZ_Pyq_fadeIn\">estaba <\/span><span class=\"BZ_Pyq_fadeIn\">de <\/span><span class=\"BZ_Pyq_fadeIn\">servicio. <\/span><span class=\"BZ_Pyq_fadeIn\">Tras <\/span><span class=\"BZ_Pyq_fadeIn\">viralizarse <\/span><span class=\"BZ_Pyq_fadeIn\">el <\/span><span class=\"BZ_Pyq_fadeIn\">video, <\/span><span class=\"BZ_Pyq_fadeIn\">Asuntos <\/span><span class=\"BZ_Pyq_fadeIn\">Internos <\/span><span class=\"BZ_Pyq_fadeIn\">dispuso <\/span><span class=\"BZ_Pyq_fadeIn\">su <\/span><span class=\"BZ_Pyq_fadeIn\">inmediata <\/span><span class=\"BZ_Pyq_fadeIn\">desvinculaci\u00f3n.<\/span><\/strong><\/p>\n<p data-start=\"103\" data-end=\"266\">14 de marzo de 2026<\/p>\n<p data-start=\"268\" data-end=\"515\"><span class=\"BZ_Pyq_fadeIn\"><strong>CA\u00d1UELAS &#8211;\u00a0<\/strong> Un <\/span><span class=\"BZ_Pyq_fadeIn\">polic\u00eda <\/span><span class=\"BZ_Pyq_fadeIn\">de <\/span><span class=\"BZ_Pyq_fadeIn\">22 <\/span><span class=\"BZ_Pyq_fadeIn\">a\u00f1os <\/span><span class=\"BZ_Pyq_fadeIn\">fue <\/span><strong data-start=\"294\" data-end=\"322\"><span class=\"BZ_Pyq_fadeIn\">desafectado <\/span><span class=\"BZ_Pyq_fadeIn\">de <\/span><span class=\"BZ_Pyq_fadeIn\">la <\/span><span class=\"BZ_Pyq_fadeIn\">fuerza<\/span><\/strong> <span class=\"BZ_Pyq_fadeIn\">luego <\/span><span class=\"BZ_Pyq_fadeIn\">de <\/span><span class=\"BZ_Pyq_fadeIn\">que <\/span><span class=\"BZ_Pyq_fadeIn\">se <\/span><span class=\"BZ_Pyq_fadeIn\">difundiera <\/span><span class=\"BZ_Pyq_fadeIn\">un <\/span><span class=\"BZ_Pyq_fadeIn\">video <\/span><span class=\"BZ_Pyq_fadeIn\">en <\/span><span class=\"BZ_Pyq_fadeIn\">el <\/span><span class=\"BZ_Pyq_fadeIn\">que <\/span><span class=\"BZ_Pyq_fadeIn\">aparece <\/span><strong data-start=\"377\" data-end=\"469\"><span class=\"BZ_Pyq_fadeIn\">manteniendo <\/span><span class=\"BZ_Pyq_fadeIn\">relaciones <\/span><span class=\"BZ_Pyq_fadeIn\">sexuales <\/span><span class=\"BZ_Pyq_fadeIn\">junto <\/span><span class=\"BZ_Pyq_fadeIn\">a <\/span><span class=\"BZ_Pyq_fadeIn\">un <\/span><span class=\"BZ_Pyq_fadeIn\">patrullero <\/span><span class=\"BZ_Pyq_fadeIn\">mientras <\/span><span class=\"BZ_Pyq_fadeIn\">se <\/span><span class=\"BZ_Pyq_fadeIn\">encontraba <\/span><span class=\"BZ_Pyq_fadeIn\">de <\/span><span class=\"BZ_Pyq_fadeIn\">servicio<\/span><\/strong> <span class=\"BZ_Pyq_fadeIn\">en <\/span><strong data-start=\"473\" data-end=\"514\"><span class=\"hover:entity-accent entity-underline inline cursor-pointer align-baseline\"><span class=\"whitespace-normal\">Ca\u00f1uelas<\/span><\/span><\/strong><span class=\"BZ_Pyq_fadeIn\">.<\/span><\/p>\n<p data-start=\"517\" data-end=\"799\"><span class=\"BZ_Pyq_fadeIn\">El <\/span><span class=\"BZ_Pyq_fadeIn\">efectivo <\/span><span class=\"BZ_Pyq_fadeIn\">prestaba <\/span><span class=\"BZ_Pyq_fadeIn\">servicio <\/span><span class=\"BZ_Pyq_fadeIn\">en <\/span><span class=\"BZ_Pyq_fadeIn\">el <\/span><strong data-start=\"553\" data-end=\"594\"><span class=\"hover:entity-accent entity-underline inline cursor-pointer align-baseline\"><span class=\"whitespace-normal\">Comando de Patrullas de Ca\u00f1uelas<\/span><\/span><\/strong> <span class=\"BZ_Pyq_fadeIn\">y <\/span><span class=\"BZ_Pyq_fadeIn\">su <\/span><span class=\"BZ_Pyq_fadeIn\">accionar <\/span><span class=\"BZ_Pyq_fadeIn\">qued\u00f3 <\/span><span class=\"BZ_Pyq_fadeIn\">registrado <\/span><span class=\"BZ_Pyq_fadeIn\">por <\/span><span class=\"BZ_Pyq_fadeIn\">una <\/span><strong data-start=\"634\" data-end=\"687\"><span class=\"BZ_Pyq_fadeIn\">c\u00e1mara <\/span><span class=\"BZ_Pyq_fadeIn\">de <\/span><span class=\"BZ_Pyq_fadeIn\">seguridad <\/span><span class=\"BZ_Pyq_fadeIn\">ubicada <\/span><span class=\"BZ_Pyq_fadeIn\">en <\/span><span class=\"BZ_Pyq_fadeIn\">un <\/span><span class=\"BZ_Pyq_fadeIn\">campo <\/span><span class=\"BZ_Pyq_fadeIn\">deportivo<\/span><\/strong><span class=\"BZ_Pyq_fadeIn\">, <\/span><span class=\"BZ_Pyq_fadeIn\">en <\/span><span class=\"BZ_Pyq_fadeIn\">una <\/span><span class=\"BZ_Pyq_fadeIn\">zona <\/span><span class=\"BZ_Pyq_fadeIn\">cercana <\/span><span class=\"BZ_Pyq_fadeIn\">al <\/span><strong data-start=\"712\" data-end=\"798\"><span class=\"BZ_Pyq_fadeIn\">cementerio <\/span><span class=\"BZ_Pyq_fadeIn\">local <\/span><span class=\"BZ_Pyq_fadeIn\">y <\/span><span class=\"BZ_Pyq_fadeIn\">al <\/span><span class=\"BZ_Pyq_fadeIn\">pared\u00f3n <\/span><span class=\"BZ_Pyq_fadeIn\">perimetral <\/span><span class=\"BZ_Pyq_fadeIn\">del <\/span><span class=\"hover:entity-accent entity-underline inline cursor-pointer align-baseline\"><span class=\"whitespace-normal\">Ca\u00f1uelas Country Golf<\/span><\/span><\/strong><span class=\"BZ_Pyq_fadeIn\">.<\/span><\/p>\n<h3 data-section-id=\"1r78la\" data-start=\"801\" data-end=\"837\"><span style=\"color: #ff0000\"><span class=\"BZ_Pyq_fadeIn\">El <\/span><span class=\"BZ_Pyq_fadeIn\">video <\/span><span class=\"BZ_Pyq_fadeIn\">que <\/span><span class=\"BZ_Pyq_fadeIn\">desat\u00f3 <\/span><span class=\"BZ_Pyq_fadeIn\">el <\/span><span class=\"BZ_Pyq_fadeIn\">esc\u00e1ndalo<\/span><\/span><\/h3>\n<p data-start=\"839\" data-end=\"994\"><span class=\"BZ_Pyq_fadeIn\">Las <\/span><span class=\"BZ_Pyq_fadeIn\">im\u00e1genes, <\/span><span class=\"BZ_Pyq_fadeIn\">que <\/span><span class=\"BZ_Pyq_fadeIn\">comenzaron <\/span><span class=\"BZ_Pyq_fadeIn\">a <\/span><span class=\"BZ_Pyq_fadeIn\">circular <\/span><span class=\"BZ_Pyq_fadeIn\">el <\/span><strong data-start=\"882\" data-end=\"896\"><span class=\"BZ_Pyq_fadeIn\">7 <\/span><span class=\"BZ_Pyq_fadeIn\">de <\/span><span class=\"BZ_Pyq_fadeIn\">marzo<\/span><\/strong><span class=\"BZ_Pyq_fadeIn\">, <\/span><span class=\"BZ_Pyq_fadeIn\">muestran <\/span><span class=\"BZ_Pyq_fadeIn\">al <\/span><span class=\"BZ_Pyq_fadeIn\">agente <\/span><span class=\"BZ_Pyq_fadeIn\">junto <\/span><span class=\"BZ_Pyq_fadeIn\">a <\/span><span class=\"BZ_Pyq_fadeIn\">una <\/span><span class=\"BZ_Pyq_fadeIn\">mujer <\/span><span class=\"BZ_Pyq_fadeIn\">civil <\/span><span class=\"BZ_Pyq_fadeIn\">en <\/span><span class=\"BZ_Pyq_fadeIn\">un <\/span><span class=\"BZ_Pyq_fadeIn\">sector <\/span><span class=\"BZ_Pyq_fadeIn\">descampado <\/span><span class=\"BZ_Pyq_fadeIn\">mientras <\/span><span class=\"BZ_Pyq_fadeIn\">estaba <\/span><span class=\"BZ_Pyq_fadeIn\">en <\/span><span class=\"BZ_Pyq_fadeIn\">funciones.<\/span><\/p>\n<p data-start=\"996\" data-end=\"1227\"><span class=\"BZ_Pyq_fadeIn\">Seg\u00fan <\/span><span class=\"BZ_Pyq_fadeIn\">trascendi\u00f3, <\/span><span class=\"BZ_Pyq_fadeIn\">el <\/span><span class=\"BZ_Pyq_fadeIn\">patrullero <\/span><strong data-start=\"1028\" data-end=\"1089\"><span class=\"BZ_Pyq_fadeIn\">permaneci\u00f3 <\/span><span class=\"BZ_Pyq_fadeIn\">detenido <\/span><span class=\"BZ_Pyq_fadeIn\">en <\/span><span class=\"BZ_Pyq_fadeIn\">el <\/span><span class=\"BZ_Pyq_fadeIn\">lugar <\/span><span class=\"BZ_Pyq_fadeIn\">durante <\/span><span class=\"BZ_Pyq_fadeIn\">unos <\/span><span class=\"BZ_Pyq_fadeIn\">diez <\/span><span class=\"BZ_Pyq_fadeIn\">minutos<\/span><\/strong><span class=\"BZ_Pyq_fadeIn\">, <\/span><span class=\"BZ_Pyq_fadeIn\">un <\/span><span class=\"BZ_Pyq_fadeIn\">lapso <\/span><span class=\"BZ_Pyq_fadeIn\">que <\/span><span class=\"BZ_Pyq_fadeIn\">no <\/span><span class=\"BZ_Pyq_fadeIn\">activ\u00f3 <\/span><span class=\"BZ_Pyq_fadeIn\">el <\/span><span class=\"BZ_Pyq_fadeIn\">sistema <\/span><span class=\"BZ_Pyq_fadeIn\">de <\/span><span class=\"BZ_Pyq_fadeIn\">alerta <\/span><span class=\"BZ_Pyq_fadeIn\">del <\/span><span class=\"BZ_Pyq_fadeIn\">m\u00f3vil <\/span><span class=\"BZ_Pyq_fadeIn\">policial, <\/span><span class=\"BZ_Pyq_fadeIn\">ya <\/span><span class=\"BZ_Pyq_fadeIn\">que <\/span><span class=\"BZ_Pyq_fadeIn\">estos <\/span><span class=\"BZ_Pyq_fadeIn\">dispositivos <\/span><span class=\"BZ_Pyq_fadeIn\">notifican <\/span><span class=\"BZ_Pyq_fadeIn\">detenciones <\/span><span class=\"BZ_Pyq_fadeIn\">superiores <\/span><span class=\"BZ_Pyq_fadeIn\">a <\/span><span class=\"BZ_Pyq_fadeIn\">media <\/span><span class=\"BZ_Pyq_fadeIn\">hora.<\/span><\/p>\n<p data-start=\"1229\" data-end=\"1373\"><span class=\"BZ_Pyq_fadeIn\">La <\/span><span class=\"BZ_Pyq_fadeIn\">mujer <\/span><span class=\"BZ_Pyq_fadeIn\">que <\/span><span class=\"BZ_Pyq_fadeIn\">aparece <\/span><span class=\"BZ_Pyq_fadeIn\">en <\/span><span class=\"BZ_Pyq_fadeIn\">el <\/span><span class=\"BZ_Pyq_fadeIn\">video <\/span><strong data-start=\"1262\" data-end=\"1289\"><span class=\"BZ_Pyq_fadeIn\">a\u00fan <\/span><span class=\"BZ_Pyq_fadeIn\">no <\/span><span class=\"BZ_Pyq_fadeIn\">fue <\/span><span class=\"BZ_Pyq_fadeIn\">identificada<\/span><\/strong><span class=\"BZ_Pyq_fadeIn\">, <\/span><span class=\"BZ_Pyq_fadeIn\">aunque <\/span><span class=\"BZ_Pyq_fadeIn\">fuentes <\/span><span class=\"BZ_Pyq_fadeIn\">del <\/span><span class=\"BZ_Pyq_fadeIn\">caso <\/span><span class=\"BZ_Pyq_fadeIn\">indicaron <\/span><span class=\"BZ_Pyq_fadeIn\">que <\/span><strong data-start=\"1329\" data-end=\"1372\"><span class=\"BZ_Pyq_fadeIn\">no <\/span><span class=\"BZ_Pyq_fadeIn\">pertenece <\/span><span class=\"BZ_Pyq_fadeIn\">a <\/span><span class=\"BZ_Pyq_fadeIn\">las <\/span><span class=\"BZ_Pyq_fadeIn\">fuerzas <\/span><span class=\"BZ_Pyq_fadeIn\">de <\/span><span class=\"BZ_Pyq_fadeIn\">seguridad<\/span><\/strong><span class=\"BZ_Pyq_fadeIn\">.<\/span><\/p>\n<h3 data-section-id=\"35ambj\" data-start=\"1375\" data-end=\"1402\"><span style=\"color: #ff0000\"><span class=\"BZ_Pyq_fadeIn\">Investigaci\u00f3n <\/span><span class=\"BZ_Pyq_fadeIn\">y <\/span><span class=\"BZ_Pyq_fadeIn\">sanci\u00f3n<\/span><\/span><\/h3>\n<p data-start=\"1404\" data-end=\"1602\"><span class=\"BZ_Pyq_fadeIn\">Tras <\/span><span class=\"BZ_Pyq_fadeIn\">la <\/span><span class=\"BZ_Pyq_fadeIn\">viralizaci\u00f3n <\/span><span class=\"BZ_Pyq_fadeIn\">de <\/span><span class=\"BZ_Pyq_fadeIn\">las <\/span><span class=\"BZ_Pyq_fadeIn\">im\u00e1genes, <\/span><span class=\"BZ_Pyq_fadeIn\">la <\/span><span class=\"BZ_Pyq_fadeIn\">jefatura <\/span><span class=\"BZ_Pyq_fadeIn\">policial <\/span><span class=\"BZ_Pyq_fadeIn\">inici\u00f3 <\/span><span class=\"BZ_Pyq_fadeIn\">un <\/span><strong data-start=\"1473\" data-end=\"1499\"><span class=\"BZ_Pyq_fadeIn\">sumario <\/span><span class=\"BZ_Pyq_fadeIn\">administrativo<\/span><\/strong> <span class=\"BZ_Pyq_fadeIn\">y <\/span><span class=\"BZ_Pyq_fadeIn\">la <\/span><strong data-start=\"1505\" data-end=\"1546\"><span class=\"hover:entity-accent entity-underline inline cursor-pointer align-baseline\"><span class=\"whitespace-normal\">Auditor\u00eda General de Asuntos Internos<\/span><\/span><\/strong> <span class=\"BZ_Pyq_fadeIn\">resolvi\u00f3 <\/span><strong data-start=\"1556\" data-end=\"1601\"><span class=\"BZ_Pyq_fadeIn\">desvincular <\/span><span class=\"BZ_Pyq_fadeIn\">al <\/span><span class=\"BZ_Pyq_fadeIn\">agente <\/span><span class=\"BZ_Pyq_fadeIn\">de <\/span><span class=\"BZ_Pyq_fadeIn\">manera <\/span><span class=\"BZ_Pyq_fadeIn\">inmediata<\/span><\/strong><span class=\"BZ_Pyq_fadeIn\">.<\/span><\/p>\n<p data-start=\"1604\" data-end=\"1740\"><span class=\"BZ_Pyq_fadeIn\">Fuentes <\/span><span class=\"BZ_Pyq_fadeIn\">que <\/span><span class=\"BZ_Pyq_fadeIn\">intervinieron <\/span><span class=\"BZ_Pyq_fadeIn\">en <\/span><span class=\"BZ_Pyq_fadeIn\">el <\/span><span class=\"BZ_Pyq_fadeIn\">expediente <\/span><span class=\"BZ_Pyq_fadeIn\">se\u00f1alaron <\/span><span class=\"BZ_Pyq_fadeIn\">que <\/span><span class=\"BZ_Pyq_fadeIn\">la <\/span><span class=\"BZ_Pyq_fadeIn\">situaci\u00f3n <\/span><span class=\"BZ_Pyq_fadeIn\">se <\/span><span class=\"BZ_Pyq_fadeIn\">conoci\u00f3 <\/span><span class=\"BZ_Pyq_fadeIn\">reci\u00e9n <\/span><span class=\"BZ_Pyq_fadeIn\">cuando <\/span><span class=\"BZ_Pyq_fadeIn\">el <\/span><span class=\"BZ_Pyq_fadeIn\">video <\/span><span class=\"BZ_Pyq_fadeIn\">comenz\u00f3 <\/span><span class=\"BZ_Pyq_fadeIn\">a <\/span><span class=\"BZ_Pyq_fadeIn\">circular <\/span><span class=\"BZ_Pyq_fadeIn\">p\u00fablicamente.<\/span><\/p>\n<h3 data-section-id=\"g86x5s\" data-start=\"1742\" data-end=\"1777\"><span style=\"color: #ff0000\"><span class=\"BZ_Pyq_fadeIn\">Otro <\/span><span class=\"BZ_Pyq_fadeIn\">caso <\/span><span class=\"BZ_Pyq_fadeIn\">reciente <\/span><span class=\"BZ_Pyq_fadeIn\">en <\/span><span class=\"BZ_Pyq_fadeIn\">la <\/span><span class=\"BZ_Pyq_fadeIn\">fuerza<\/span><\/span><\/h3>\n<p data-start=\"1779\" data-end=\"2015\"><span class=\"BZ_Pyq_fadeIn\">La <\/span><span class=\"BZ_Pyq_fadeIn\">salida <\/span><span class=\"BZ_Pyq_fadeIn\">del <\/span><span class=\"BZ_Pyq_fadeIn\">efectivo <\/span><span class=\"BZ_Pyq_fadeIn\">se <\/span><span class=\"BZ_Pyq_fadeIn\">suma <\/span><span class=\"BZ_Pyq_fadeIn\">a <\/span><span class=\"BZ_Pyq_fadeIn\">otro <\/span><span class=\"BZ_Pyq_fadeIn\">episodio <\/span><span class=\"BZ_Pyq_fadeIn\">ocurrido <\/span><span class=\"BZ_Pyq_fadeIn\">a <\/span><span class=\"BZ_Pyq_fadeIn\">fines <\/span><span class=\"BZ_Pyq_fadeIn\">del <\/span><span class=\"BZ_Pyq_fadeIn\">a\u00f1o <\/span><span class=\"BZ_Pyq_fadeIn\">pasado, <\/span><span class=\"BZ_Pyq_fadeIn\">cuando <\/span><strong data-start=\"1866\" data-end=\"1909\"><span class=\"BZ_Pyq_fadeIn\">otro <\/span><span class=\"BZ_Pyq_fadeIn\">polic\u00eda <\/span><span class=\"BZ_Pyq_fadeIn\">fue <\/span><span class=\"BZ_Pyq_fadeIn\">expulsado <\/span><span class=\"BZ_Pyq_fadeIn\">de <\/span><span class=\"BZ_Pyq_fadeIn\">la <\/span><span class=\"BZ_Pyq_fadeIn\">fuerza<\/span><\/strong> <span class=\"BZ_Pyq_fadeIn\">tras <\/span><span class=\"BZ_Pyq_fadeIn\">difundirse <\/span><span class=\"BZ_Pyq_fadeIn\">im\u00e1genes <\/span><span class=\"BZ_Pyq_fadeIn\">en <\/span><span class=\"BZ_Pyq_fadeIn\">las <\/span><span class=\"BZ_Pyq_fadeIn\">que <\/span><span class=\"BZ_Pyq_fadeIn\">aparec\u00eda <\/span><strong data-start=\"1955\" data-end=\"2014\"><span class=\"BZ_Pyq_fadeIn\">disparando <\/span><span class=\"BZ_Pyq_fadeIn\">escopetazos <\/span><span class=\"BZ_Pyq_fadeIn\">al <\/span><span class=\"BZ_Pyq_fadeIn\">aire <\/span><span class=\"BZ_Pyq_fadeIn\">para <\/span><span class=\"BZ_Pyq_fadeIn\">celebrar <\/span><span class=\"BZ_Pyq_fadeIn\">la <\/span><span class=\"BZ_Pyq_fadeIn\">Navidad<\/span><\/strong><span class=\"BZ_Pyq_fadeIn\">.<\/span><\/p>\n<p data-start=\"2017\" data-end=\"2190\" data-is-last-node=\"\" data-is-only-node=\"\"><span class=\"BZ_Pyq_fadeIn\">Con <\/span><span class=\"BZ_Pyq_fadeIn\">estos <\/span><span class=\"BZ_Pyq_fadeIn\">antecedentes, <\/span><span class=\"BZ_Pyq_fadeIn\">el <\/span><span class=\"BZ_Pyq_fadeIn\">sistema <\/span><span class=\"BZ_Pyq_fadeIn\">policial <\/span><span class=\"BZ_Pyq_fadeIn\">del <\/span><span class=\"BZ_Pyq_fadeIn\">distrito <\/span><strong data-start=\"2074\" data-end=\"2122\"><span class=\"BZ_Pyq_fadeIn\">perdi\u00f3 <\/span><span class=\"BZ_Pyq_fadeIn\">dos <\/span><span class=\"BZ_Pyq_fadeIn\">agentes <\/span><span class=\"BZ_Pyq_fadeIn\">en <\/span><span class=\"BZ_Pyq_fadeIn\">poco <\/span><span class=\"BZ_Pyq_fadeIn\">m\u00e1s <\/span><span class=\"BZ_Pyq_fadeIn\">de <\/span><span class=\"BZ_Pyq_fadeIn\">tres <\/span><span class=\"BZ_Pyq_fadeIn\">meses<\/span><\/strong><span class=\"BZ_Pyq_fadeIn\">, <\/span><span class=\"BZ_Pyq_fadeIn\">en <\/span><span class=\"BZ_Pyq_fadeIn\">medio <\/span><span class=\"BZ_Pyq_fadeIn\">de <\/span><span class=\"BZ_Pyq_fadeIn\">cuestionamientos <\/span><span class=\"BZ_Pyq_fadeIn\">por <\/span><span class=\"BZ_Pyq_fadeIn\">la <\/span><span class=\"BZ_Pyq_fadeIn\">conducta <\/span><span class=\"BZ_Pyq_fadeIn\">de <\/span><span class=\"BZ_Pyq_fadeIn\">algunos <\/span><span class=\"BZ_Pyq_fadeIn\">efectivos.<\/span><\/p>\n","protected":false},"excerpt":{"rendered":"<div class=\"mh-excerpt\"><p>El agente fue grabado por una c\u00e1mara de seguridad mientras estaba de servicio. Tras viralizarse el video, Asuntos Internos dispuso su inmediata desvinculaci\u00f3n. 14 de marzo de 2026 CA\u00d1UELAS &#8211;\u00a0 Un polic\u00eda de 22 a\u00f1os <a class=\"mh-excerpt-more\" href=\"https:\/\/larevistadigital.com.ar\/blog\/escandalo-desafectaron-a-un-policia-que-fue-filmado-teniendo-sexo-junto-al-patrullero\/\" title=\"Esc\u00e1ndalo: desafectaron a un polic\u00eda que fue filmado teniendo sexo junto al patrullero\">[Leer M\u00e1s]<\/a><\/p>\n<\/div>","protected":false},"author":3,"featured_media":44497,"comment_status":"open","ping_status":"open","sticky":false,"template":"","format":"standard","meta":{"_jetpack_memberships_contains_paid_content":false,"footnotes":"","jetpack_publicize_message":"","jetpack_publicize_feature_enabled":true,"jetpack_social_post_already_shared":true,"jetpack_social_options":{"image_generator_settings":{"template":"highway","default_image_id":0,"font":"","enabled":false},"version":2}},"categories":[44,51],"tags":[],"class_list":{"0":"post-44496","1":"post","2":"type-post","3":"status-publish","4":"format-standard","5":"has-post-thumbnail","7":"category-policiales","8":"category-regionales"},"jetpack_publicize_connections":[],"jetpack_featured_media_url":"https:\/\/i0.wp.com\/larevistadigital.com.ar\/blog\/wp-content\/uploads\/9ed716ab3fa952182f03be57be044ecf5b765606.jpg?fit=1140%2C642&ssl=1","jetpack_sharing_enabled":true,"jetpack_shortlink":"https:\/\/wp.me\/p8qtrQ-bzG","jetpack-related-posts":[{"id":17399,"url":"https:\/\/larevistadigital.com.ar\/blog\/un-hombre-fue-herido-con-un-fierro\/","url_meta":{"origin":44496,"position":0},"title":"UN HOMBRE FUE HERIDO CON UN FIERRO","author":"Alejandro Sosa Ruda","date":"2 noviembre, 2020","format":false,"excerpt":"El ataque est\u00e1 siendo investigado. Un hombre fue fuertemente herido con un objeto contundente. El hecho fue en calle Carranza entre Ingeniero Quadri y Ameghino. Al llegar la polic\u00eda pudieron descomprimir la situaci\u00f3n y asistir al joven, que posteriormente fue trasladado por el sistema de emergencias. Hay que agregar que\u2026","rel":"","context":"En \u00abDOLORES\u00bb","block_context":{"text":"DOLORES","link":"https:\/\/larevistadigital.com.ar\/blog\/category\/dolores\/"},"img":{"alt_text":"","src":"https:\/\/i0.wp.com\/larevistadigital.com.ar\/blog\/wp-content\/uploads\/7e40a774598636156001c37cfc7576ab772f1f48.jpg?fit=1140%2C731&ssl=1&resize=350%2C200","width":350,"height":200,"srcset":"https:\/\/i0.wp.com\/larevistadigital.com.ar\/blog\/wp-content\/uploads\/7e40a774598636156001c37cfc7576ab772f1f48.jpg?fit=1140%2C731&ssl=1&resize=350%2C200 1x, https:\/\/i0.wp.com\/larevistadigital.com.ar\/blog\/wp-content\/uploads\/7e40a774598636156001c37cfc7576ab772f1f48.jpg?fit=1140%2C731&ssl=1&resize=525%2C300 1.5x, https:\/\/i0.wp.com\/larevistadigital.com.ar\/blog\/wp-content\/uploads\/7e40a774598636156001c37cfc7576ab772f1f48.jpg?fit=1140%2C731&ssl=1&resize=700%2C400 2x, https:\/\/i0.wp.com\/larevistadigital.com.ar\/blog\/wp-content\/uploads\/7e40a774598636156001c37cfc7576ab772f1f48.jpg?fit=1140%2C731&ssl=1&resize=1050%2C600 3x"},"classes":[]},{"id":16081,"url":"https:\/\/larevistadigital.com.ar\/blog\/mar-del-plata-fue-asesinato-confirman-que-el-indigente-encontrado-en-plaza-guemes-fue-muerto-a-golpes-y-prendido-fuego\/","url_meta":{"origin":44496,"position":1},"title":"MAR DEL PLATA: FUE ASESINATO. CONFIRMAN QUE EL INDIGENTE ENCONTRADO EN PLAZA G\u00dcEMES FUE MUERTO A GOLPES Y PRENDIDO FUEGO","author":"Alejandro Sosa Ruda","date":"20 agosto, 2020","format":false,"excerpt":"La operaci\u00f3n de autopsia realizada esta tarde al cuerpo carbonizado que fue hallado en la Plaza G\u00fcemes estableci\u00f3 que presentaba golpes y que estaba vivo cuando fue prendido fuego. Buscan a un hombre que estaba con \u00e9l. MAR DEL PLATA- El indigente de 31 a\u00f1os cuyo cuerpo fue hallado carbonizado\u2026","rel":"","context":"En \u00abPOLICIALES\u00bb","block_context":{"text":"POLICIALES","link":"https:\/\/larevistadigital.com.ar\/blog\/category\/policiales\/"},"img":{"alt_text":"","src":"https:\/\/i0.wp.com\/larevistadigital.com.ar\/blog\/wp-content\/uploads\/Screenshot_3-48.jpg?fit=1003%2C671&ssl=1&resize=350%2C200","width":350,"height":200,"srcset":"https:\/\/i0.wp.com\/larevistadigital.com.ar\/blog\/wp-content\/uploads\/Screenshot_3-48.jpg?fit=1003%2C671&ssl=1&resize=350%2C200 1x, https:\/\/i0.wp.com\/larevistadigital.com.ar\/blog\/wp-content\/uploads\/Screenshot_3-48.jpg?fit=1003%2C671&ssl=1&resize=525%2C300 1.5x, https:\/\/i0.wp.com\/larevistadigital.com.ar\/blog\/wp-content\/uploads\/Screenshot_3-48.jpg?fit=1003%2C671&ssl=1&resize=700%2C400 2x"},"classes":[]},{"id":34660,"url":"https:\/\/larevistadigital.com.ar\/blog\/intendente-bonaerense-fue-a-capital-por-un-chequeo-lo-internaron-y-fue-operado-de-urgencia-por-un-problema-cardiaco\/","url_meta":{"origin":44496,"position":2},"title":"INTENDENTE BONAERENSE FUE A CAPITAL POR UN CHEQUEO, LO INTERNARON Y FUE OPERADO DE URGENCIA POR UN PROBLEMA CARD\u00cdACO","author":"Alejandro Sosa Ruda","date":"27 noviembre, 2023","format":false,"excerpt":"El jefe comunal fue sometido a una intervenci\u00f3n card\u00edaca luego de que le detectaran una arritmia. \u201cGracias a Dios evolucion\u00e9 favorablemente y hoy recib\u00ed el alta m\u00e9dica\u201d, agradeci\u00f3. 27 de Noviembre de 2023 BUENOS AIRES -\u00a0 El intendente de Ituzaing\u00f3, Alberto Descalzo, fue sometido a una card\u00edaca despu\u00e9s de que\u2026","rel":"","context":"En \u00abPOLITICA\u00bb","block_context":{"text":"POLITICA","link":"https:\/\/larevistadigital.com.ar\/blog\/category\/politica\/"},"img":{"alt_text":"","src":"https:\/\/i0.wp.com\/larevistadigital.com.ar\/blog\/wp-content\/uploads\/20231127152734_beto.jpg?fit=880%2C512&ssl=1&resize=350%2C200","width":350,"height":200,"srcset":"https:\/\/i0.wp.com\/larevistadigital.com.ar\/blog\/wp-content\/uploads\/20231127152734_beto.jpg?fit=880%2C512&ssl=1&resize=350%2C200 1x, https:\/\/i0.wp.com\/larevistadigital.com.ar\/blog\/wp-content\/uploads\/20231127152734_beto.jpg?fit=880%2C512&ssl=1&resize=525%2C300 1.5x, https:\/\/i0.wp.com\/larevistadigital.com.ar\/blog\/wp-content\/uploads\/20231127152734_beto.jpg?fit=880%2C512&ssl=1&resize=700%2C400 2x"},"classes":[]},{"id":23618,"url":"https:\/\/larevistadigital.com.ar\/blog\/mar-del-plata-operario-fue-golpeado-por-otro-que-manejaba-una-excavadora\/","url_meta":{"origin":44496,"position":3},"title":"MAR DEL PLATA: OPERARIO FUE GOLPEADO POR OTRO QUE MANEJABA UNA EXCAVADORA.","author":"Alejandro Sosa Ruda","date":"28 enero, 2022","format":false,"excerpt":"Un operario que realizaba tareas junto a una cuadrilla en el barrio Estrada sufri\u00f3 lesiones cuando un compa\u00f1ero lo golpe\u00f3 mientras maniobraba una excavadora. El accidente fue reportado en el cruce de las calles Lasalle y Mariani donde el trabajador de 38 a\u00f1os fue alcanzado por el brazo de la\u2026","rel":"","context":"En \u00abPOLICIALES\u00bb","block_context":{"text":"POLICIALES","link":"https:\/\/larevistadigital.com.ar\/blog\/category\/policiales\/"},"img":{"alt_text":"","src":"https:\/\/i0.wp.com\/larevistadigital.com.ar\/blog\/wp-content\/uploads\/Captura-40.png?fit=1009%2C556&ssl=1&resize=350%2C200","width":350,"height":200,"srcset":"https:\/\/i0.wp.com\/larevistadigital.com.ar\/blog\/wp-content\/uploads\/Captura-40.png?fit=1009%2C556&ssl=1&resize=350%2C200 1x, https:\/\/i0.wp.com\/larevistadigital.com.ar\/blog\/wp-content\/uploads\/Captura-40.png?fit=1009%2C556&ssl=1&resize=525%2C300 1.5x, https:\/\/i0.wp.com\/larevistadigital.com.ar\/blog\/wp-content\/uploads\/Captura-40.png?fit=1009%2C556&ssl=1&resize=700%2C400 2x"},"classes":[]},{"id":5047,"url":"https:\/\/larevistadigital.com.ar\/blog\/intendente-alvarez-fue-recibido-fiscal-estado-la-provincia\/","url_meta":{"origin":44496,"position":4},"title":"EL INTENDENTE ALVAREZ FUE RECIBIDO POR EL FISCAL DE ESTADO DE LA PROVINCIA","author":"admin","date":"1 marzo, 2018","format":false,"excerpt":"Con el fin de desarrollar temas vinculados con la gesti\u00f3n municipal. El lunes 26 del corriente; el Intendente de General Paz Sr. Juan Manuel Alvarez, fue recibido por el Sr. Fiscal de Estado de la Provincia de Buenos Aires. Dr. Hern\u00e1n Rodolfo Gomez","rel":"","context":"En \u00abRANCHOS\u00bb","block_context":{"text":"RANCHOS","link":"https:\/\/larevistadigital.com.ar\/blog\/category\/ranchos\/"},"img":{"alt_text":"","src":"https:\/\/i0.wp.com\/larevistadigital.com.ar\/blog\/wp-content\/uploads\/2018\/03\/IMG-20180226-WA0004-300x225.jpg?fit=300%2C225&ssl=1&resize=350%2C200","width":350,"height":200},"classes":[]},{"id":9188,"url":"https:\/\/larevistadigital.com.ar\/blog\/se-suicido-el-perito-osvaldo-raffo-quien-fue-el-que-aseguro-que-nismann-fue-asesinado\/","url_meta":{"origin":44496,"position":5},"title":"SE SUICID\u00d3 EL PERITO OSVALDO RAFFO, QUIEN FUE EL QUE ASEGUR\u00d3 QUE NISMANN FUE ASESINADO","author":"Alejandro Sosa Ruda","date":"18 marzo, 2019","format":false,"excerpt":"Su cuerpo fue hallado en su casa de San Mart\u00edn junto a una nota final y un arma calibre .38: ten\u00eda 88 a\u00f1os El perito forense Osvaldo Hugo Raffo fue encontrado muerto a los 88 a\u00f1os. Su cuerpo fue encontrado en su casa de San Mart\u00edn por su cuidadora, llamada\u2026","rel":"","context":"En \u00abDESTACADAS\u00bb","block_context":{"text":"DESTACADAS","link":"https:\/\/larevistadigital.com.ar\/blog\/category\/destacadas\/"},"img":{"alt_text":"","src":"https:\/\/i0.wp.com\/larevistadigital.com.ar\/blog\/wp-content\/uploads\/2019\/03\/osvaldo-raffo.jpg_793492074.jpg?fit=718%2C452&ssl=1&resize=350%2C200","width":350,"height":200,"srcset":"https:\/\/i0.wp.com\/larevistadigital.com.ar\/blog\/wp-content\/uploads\/2019\/03\/osvaldo-raffo.jpg_793492074.jpg?fit=718%2C452&ssl=1&resize=350%2C200 1x, https:\/\/i0.wp.com\/larevistadigital.com.ar\/blog\/wp-content\/uploads\/2019\/03\/osvaldo-raffo.jpg_793492074.jpg?fit=718%2C452&ssl=1&resize=525%2C300 1.5x, https:\/\/i0.wp.com\/larevistadigital.com.ar\/blog\/wp-content\/uploads\/2019\/03\/osvaldo-raffo.jpg_793492074.jpg?fit=718%2C452&ssl=1&resize=700%2C400 2x"},"classes":[]}],"_links":{"self":[{"href":"https:\/\/larevistadigital.com.ar\/blog\/wp-json\/wp\/v2\/posts\/44496","targetHints":{"allow":["GET"]}}],"collection":[{"href":"https:\/\/larevistadigital.com.ar\/blog\/wp-json\/wp\/v2\/posts"}],"about":[{"href":"https:\/\/larevistadigital.com.ar\/blog\/wp-json\/wp\/v2\/types\/post"}],"author":[{"embeddable":true,"href":"https:\/\/larevistadigital.com.ar\/blog\/wp-json\/wp\/v2\/users\/3"}],"replies":[{"embeddable":true,"href":"https:\/\/larevistadigital.com.ar\/blog\/wp-json\/wp\/v2\/comments?post=44496"}],"version-history":[{"count":1,"href":"https:\/\/larevistadigital.com.ar\/blog\/wp-json\/wp\/v2\/posts\/44496\/revisions"}],"predecessor-version":[{"id":44498,"href":"https:\/\/larevistadigital.com.ar\/blog\/wp-json\/wp\/v2\/posts\/44496\/revisions\/44498"}],"wp:featuredmedia":[{"embeddable":true,"href":"https:\/\/larevistadigital.com.ar\/blog\/wp-json\/wp\/v2\/media\/44497"}],"wp:attachment":[{"href":"https:\/\/larevistadigital.com.ar\/blog\/wp-json\/wp\/v2\/media?parent=44496"}],"wp:term":[{"taxonomy":"category","embeddable":true,"href":"https:\/\/larevistadigital.com.ar\/blog\/wp-json\/wp\/v2\/categories?post=44496"},{"taxonomy":"post_tag","embeddable":true,"href":"https:\/\/larevistadigital.com.ar\/blog\/wp-json\/wp\/v2\/tags?post=44496"}],"curies":[{"name":"wp","href":"https:\/\/api.w.org\/{rel}","templated":true}]}}