{"id":44504,"date":"2026-03-15T01:10:26","date_gmt":"2026-03-15T04:10:26","guid":{"rendered":"https:\/\/larevistadigital.com.ar\/blog\/?p=44504"},"modified":"2026-03-15T01:10:49","modified_gmt":"2026-03-15T04:10:49","slug":"tragedia-en-la-ruta-11-dos-personas-murieron-tras-un-violento-siniestro-en-moto","status":"publish","type":"post","link":"https:\/\/larevistadigital.com.ar\/blog\/tragedia-en-la-ruta-11-dos-personas-murieron-tras-un-violento-siniestro-en-moto\/","title":{"rendered":"Tragedia en la Ruta 11: dos personas murieron tras un violento siniestro en moto"},"content":{"rendered":"<p data-start=\"85\" data-end=\"253\"><strong data-start=\"85\" data-end=\"253\"><span class=\"BZ_Pyq_fadeIn\">Las <\/span><span class=\"BZ_Pyq_fadeIn\">v\u00edctimas <\/span><span class=\"BZ_Pyq_fadeIn\">circulaban <\/span><span class=\"BZ_Pyq_fadeIn\">desde <\/span><span class=\"BZ_Pyq_fadeIn\">Mar <\/span><span class=\"BZ_Pyq_fadeIn\">del <\/span><span class=\"BZ_Pyq_fadeIn\">Plata <\/span><span class=\"BZ_Pyq_fadeIn\">hacia <\/span><span class=\"BZ_Pyq_fadeIn\">Santa <\/span><span class=\"BZ_Pyq_fadeIn\">Clara <\/span><span class=\"BZ_Pyq_fadeIn\">del <\/span><span class=\"BZ_Pyq_fadeIn\">Mar <\/span><span class=\"BZ_Pyq_fadeIn\">cuando <\/span><span class=\"BZ_Pyq_fadeIn\">la <\/span><span class=\"BZ_Pyq_fadeIn\">motocicleta <\/span><span class=\"BZ_Pyq_fadeIn\">termin\u00f3 <\/span><span class=\"BZ_Pyq_fadeIn\">sobre <\/span><span class=\"BZ_Pyq_fadeIn\">el <\/span><span class=\"BZ_Pyq_fadeIn\">cantero <\/span><span class=\"BZ_Pyq_fadeIn\">central <\/span><span class=\"BZ_Pyq_fadeIn\">y <\/span><span class=\"BZ_Pyq_fadeIn\">choc\u00f3 <\/span><span class=\"BZ_Pyq_fadeIn\">contra <\/span><span class=\"BZ_Pyq_fadeIn\">un <\/span><span class=\"BZ_Pyq_fadeIn\">poste <\/span><span class=\"BZ_Pyq_fadeIn\">de <\/span><span class=\"BZ_Pyq_fadeIn\">iluminaci\u00f3n.<\/span><\/strong><\/p>\n<p data-start=\"85\" data-end=\"253\">15 de marzo de 2026<\/p>\n<p data-start=\"255\" data-end=\"489\"><span class=\"BZ_Pyq_fadeIn\">Dos <\/span><span class=\"BZ_Pyq_fadeIn\">personas <\/span><span class=\"BZ_Pyq_fadeIn\">murieron <\/span><span class=\"BZ_Pyq_fadeIn\">este <\/span><span class=\"BZ_Pyq_fadeIn\">s\u00e1bado <\/span><span class=\"BZ_Pyq_fadeIn\">al <\/span><span class=\"BZ_Pyq_fadeIn\">mediod\u00eda <\/span><span class=\"BZ_Pyq_fadeIn\">tras <\/span><span class=\"BZ_Pyq_fadeIn\">un <\/span><strong data-start=\"309\" data-end=\"351\"><span class=\"BZ_Pyq_fadeIn\">violento <\/span><span class=\"BZ_Pyq_fadeIn\">siniestro <\/span><span class=\"BZ_Pyq_fadeIn\">vial <\/span><span class=\"BZ_Pyq_fadeIn\">ocurrido <\/span><span class=\"BZ_Pyq_fadeIn\">en <\/span><span class=\"BZ_Pyq_fadeIn\">la<\/span><\/strong> <span class=\"hover:entity-accent entity-underline inline cursor-pointer align-baseline\"><span class=\"whitespace-normal\">Ruta 11<\/span><\/span><span class=\"BZ_Pyq_fadeIn\">, <\/span><span class=\"BZ_Pyq_fadeIn\">a <\/span><span class=\"BZ_Pyq_fadeIn\">la <\/span><span class=\"BZ_Pyq_fadeIn\">altura <\/span><span class=\"BZ_Pyq_fadeIn\">del <\/span><strong data-start=\"407\" data-end=\"424\"><span class=\"BZ_Pyq_fadeIn\">kil\u00f3metro <\/span><span class=\"BZ_Pyq_fadeIn\">503<\/span><\/strong><span class=\"BZ_Pyq_fadeIn\">, <\/span><span class=\"BZ_Pyq_fadeIn\">frente <\/span><span class=\"BZ_Pyq_fadeIn\">al <\/span><span class=\"BZ_Pyq_fadeIn\">predio <\/span><span class=\"BZ_Pyq_fadeIn\">del <\/span><strong data-start=\"447\" data-end=\"488\"><span class=\"hover:entity-accent entity-underline inline cursor-pointer align-baseline\"><span class=\"whitespace-normal\">GADA 601<\/span><\/span><\/strong><span class=\"BZ_Pyq_fadeIn\">.<\/span><\/p>\n<blockquote>\n<h3 data-start=\"491\" data-end=\"734\"><span class=\"BZ_Pyq_fadeIn\">Seg\u00fan <\/span><span class=\"BZ_Pyq_fadeIn\">informaron <\/span><span class=\"BZ_Pyq_fadeIn\">fuentes <\/span><span class=\"BZ_Pyq_fadeIn\">policiales, <\/span><span class=\"BZ_Pyq_fadeIn\">las <\/span><span class=\"BZ_Pyq_fadeIn\">v\u00edctimas <\/span><span class=\"BZ_Pyq_fadeIn\">se <\/span><span class=\"BZ_Pyq_fadeIn\">desplazaban <\/span><strong data-start=\"556\" data-end=\"647\"><span class=\"BZ_Pyq_fadeIn\">desde <\/span><span class=\"hover:entity-accent entity-underline inline cursor-pointer align-baseline\"><span class=\"whitespace-normal\">Mar del Plata<\/span><\/span> <span class=\"BZ_Pyq_fadeIn\">hacia <\/span><span class=\"hover:entity-accent entity-underline inline cursor-pointer align-baseline\"><span class=\"whitespace-normal\">Santa Clara del Mar<\/span><\/span><\/strong> <span class=\"BZ_Pyq_fadeIn\">a <\/span><span class=\"BZ_Pyq_fadeIn\">bordo <\/span><span class=\"BZ_Pyq_fadeIn\">de <\/span><span class=\"BZ_Pyq_fadeIn\">una <\/span><span class=\"BZ_Pyq_fadeIn\">motocicleta <\/span><strong data-start=\"675\" data-end=\"716\"><span class=\"hover:entity-accent entity-underline inline cursor-pointer align-baseline\"><span class=\"whitespace-normal\">Motomel 125<\/span><\/span><\/strong><span class=\"BZ_Pyq_fadeIn\">, <\/span><span class=\"BZ_Pyq_fadeIn\">dominio <\/span><span class=\"BZ_Pyq_fadeIn\">A004HCH.<\/span><\/h3>\n<\/blockquote>\n<p data-start=\"736\" data-end=\"913\"><span class=\"BZ_Pyq_fadeIn\">Por <\/span><span class=\"BZ_Pyq_fadeIn\">causas <\/span><span class=\"BZ_Pyq_fadeIn\">que <\/span><span class=\"BZ_Pyq_fadeIn\">a\u00fan <\/span><span class=\"BZ_Pyq_fadeIn\">son <\/span><span class=\"BZ_Pyq_fadeIn\">materia <\/span><span class=\"BZ_Pyq_fadeIn\">de <\/span><span class=\"BZ_Pyq_fadeIn\">investigaci\u00f3n, <\/span><span class=\"BZ_Pyq_fadeIn\">el <\/span><span class=\"BZ_Pyq_fadeIn\">rodado <\/span><strong data-start=\"795\" data-end=\"872\"><span class=\"BZ_Pyq_fadeIn\">termin\u00f3 <\/span><span class=\"BZ_Pyq_fadeIn\">sobre <\/span><span class=\"BZ_Pyq_fadeIn\">el <\/span><span class=\"BZ_Pyq_fadeIn\">cantero <\/span><span class=\"BZ_Pyq_fadeIn\">central <\/span><span class=\"BZ_Pyq_fadeIn\">de <\/span><span class=\"BZ_Pyq_fadeIn\">la <\/span><span class=\"BZ_Pyq_fadeIn\">ruta <\/span><span class=\"BZ_Pyq_fadeIn\">junto <\/span><span class=\"BZ_Pyq_fadeIn\">a <\/span><span class=\"BZ_Pyq_fadeIn\">un <\/span><span class=\"BZ_Pyq_fadeIn\">poste <\/span><span class=\"BZ_Pyq_fadeIn\">de <\/span><span class=\"BZ_Pyq_fadeIn\">alumbrado<\/span><\/strong><span class=\"BZ_Pyq_fadeIn\">, <\/span><span class=\"BZ_Pyq_fadeIn\">donde <\/span><span class=\"BZ_Pyq_fadeIn\">quedaron <\/span><span class=\"BZ_Pyq_fadeIn\">atrapados <\/span><span class=\"BZ_Pyq_fadeIn\">sus <\/span><span class=\"BZ_Pyq_fadeIn\">ocupantes.<\/span><\/p>\n<h3 data-section-id=\"voxyx8\" data-start=\"915\" data-end=\"939\"><span style=\"color: #ff0000\"><span class=\"BZ_Pyq_fadeIn\">Dos <\/span><span class=\"BZ_Pyq_fadeIn\">v\u00edctimas <\/span><span class=\"BZ_Pyq_fadeIn\">fatales<\/span><\/span><\/h3>\n<p data-start=\"941\" data-end=\"1144\"><span class=\"BZ_Pyq_fadeIn\">Al <\/span><span class=\"BZ_Pyq_fadeIn\">arribar <\/span><span class=\"BZ_Pyq_fadeIn\">al <\/span><span class=\"BZ_Pyq_fadeIn\">lugar, <\/span><span class=\"BZ_Pyq_fadeIn\">personal <\/span><span class=\"BZ_Pyq_fadeIn\">policial <\/span><span class=\"BZ_Pyq_fadeIn\">constat\u00f3 <\/span><span class=\"BZ_Pyq_fadeIn\">que <\/span><strong data-start=\"993\" data-end=\"1036\"><span class=\"BZ_Pyq_fadeIn\">uno <\/span><span class=\"BZ_Pyq_fadeIn\">de <\/span><span class=\"BZ_Pyq_fadeIn\">los <\/span><span class=\"BZ_Pyq_fadeIn\">ocupantes <\/span><span class=\"BZ_Pyq_fadeIn\">ya <\/span><span class=\"BZ_Pyq_fadeIn\">hab\u00eda <\/span><span class=\"BZ_Pyq_fadeIn\">fallecido<\/span><\/strong><span class=\"BZ_Pyq_fadeIn\">, <\/span><span class=\"BZ_Pyq_fadeIn\">mientras <\/span><span class=\"BZ_Pyq_fadeIn\">que <\/span><span class=\"BZ_Pyq_fadeIn\">la <\/span><span class=\"BZ_Pyq_fadeIn\">segunda <\/span><span class=\"BZ_Pyq_fadeIn\">v\u00edctima <\/span><span class=\"BZ_Pyq_fadeIn\">muri\u00f3 <\/span><span class=\"BZ_Pyq_fadeIn\">minutos <\/span><span class=\"BZ_Pyq_fadeIn\">despu\u00e9s <\/span><span class=\"BZ_Pyq_fadeIn\">mientras <\/span><span class=\"BZ_Pyq_fadeIn\">era <\/span><span class=\"BZ_Pyq_fadeIn\">asistida <\/span><span class=\"BZ_Pyq_fadeIn\">por <\/span><span class=\"BZ_Pyq_fadeIn\">profesionales <\/span><span class=\"BZ_Pyq_fadeIn\">de <\/span><span class=\"BZ_Pyq_fadeIn\">la <\/span><span class=\"BZ_Pyq_fadeIn\">salud.<\/span><\/p>\n<p data-start=\"1146\" data-end=\"1291\"><span class=\"BZ_Pyq_fadeIn\">Las <\/span><span class=\"BZ_Pyq_fadeIn\">v\u00edctimas <\/span><span class=\"BZ_Pyq_fadeIn\">fueron <\/span><span class=\"BZ_Pyq_fadeIn\">identificadas <\/span><span class=\"BZ_Pyq_fadeIn\">como <\/span><strong data-start=\"1185\" data-end=\"1226\"><span class=\"hover:entity-accent entity-underline inline cursor-pointer align-baseline\"><span class=\"whitespace-normal\">Cosme \u00c1ngel Ochoa<\/span><\/span><\/strong><span class=\"BZ_Pyq_fadeIn\">, <\/span><span class=\"BZ_Pyq_fadeIn\">de <\/span><span class=\"BZ_Pyq_fadeIn\">50 <\/span><span class=\"BZ_Pyq_fadeIn\">a\u00f1os, <\/span><span class=\"BZ_Pyq_fadeIn\">y <\/span><strong data-start=\"1242\" data-end=\"1283\"><span class=\"hover:entity-accent entity-underline inline cursor-pointer align-baseline\"><span class=\"whitespace-normal\">Florencia Ch\u00e1vez<\/span><\/span><\/strong><span class=\"BZ_Pyq_fadeIn\">, <\/span><span class=\"BZ_Pyq_fadeIn\">de <\/span><span class=\"BZ_Pyq_fadeIn\">42.<\/span><\/p>\n<h3 data-section-id=\"yn0g79\" data-start=\"1293\" data-end=\"1322\"><span style=\"color: #ff0000\"><span class=\"BZ_Pyq_fadeIn\">Operativo <\/span><span class=\"BZ_Pyq_fadeIn\">e <\/span><span class=\"BZ_Pyq_fadeIn\">investigaci\u00f3n<\/span><\/span><\/h3>\n<p data-start=\"1324\" data-end=\"1482\"><span class=\"BZ_Pyq_fadeIn\">En <\/span><span class=\"BZ_Pyq_fadeIn\">el <\/span><span class=\"BZ_Pyq_fadeIn\">lugar <\/span><span class=\"BZ_Pyq_fadeIn\">trabaj\u00f3 <\/span><span class=\"BZ_Pyq_fadeIn\">personal <\/span><span class=\"BZ_Pyq_fadeIn\">de <\/span><span class=\"BZ_Pyq_fadeIn\">la <\/span><strong data-start=\"1359\" data-end=\"1400\"><span class=\"hover:entity-accent entity-underline inline cursor-pointer align-baseline\"><span class=\"whitespace-normal\">Polic\u00eda de la Provincia de Buenos Aires<\/span><\/span><\/strong> <span class=\"BZ_Pyq_fadeIn\">junto <\/span><span class=\"BZ_Pyq_fadeIn\">a <\/span><span class=\"BZ_Pyq_fadeIn\">una <\/span><span class=\"BZ_Pyq_fadeIn\">ambulancia <\/span><span class=\"BZ_Pyq_fadeIn\">proveniente <\/span><span class=\"BZ_Pyq_fadeIn\">del <\/span><strong data-start=\"1440\" data-end=\"1481\"><span class=\"hover:entity-accent entity-underline inline cursor-pointer align-baseline\"><span class=\"whitespace-normal\">Partido de Mar Chiquita<\/span><\/span><\/strong><span class=\"BZ_Pyq_fadeIn\">.<\/span><\/p>\n<p data-start=\"1484\" data-end=\"1734\"><span class=\"BZ_Pyq_fadeIn\">Los <\/span><span class=\"BZ_Pyq_fadeIn\">efectivos <\/span><span class=\"BZ_Pyq_fadeIn\">aguardaron <\/span><span class=\"BZ_Pyq_fadeIn\">la <\/span><span class=\"BZ_Pyq_fadeIn\">llegada <\/span><span class=\"BZ_Pyq_fadeIn\">de <\/span><strong data-start=\"1523\" data-end=\"1556\"><span class=\"BZ_Pyq_fadeIn\">peritos <\/span><span class=\"BZ_Pyq_fadeIn\">de <\/span><span class=\"BZ_Pyq_fadeIn\">Polic\u00eda <\/span><span class=\"BZ_Pyq_fadeIn\">Cient\u00edfica<\/span><\/strong> <span class=\"BZ_Pyq_fadeIn\">y <\/span><span class=\"BZ_Pyq_fadeIn\">personal <\/span><span class=\"BZ_Pyq_fadeIn\">de <\/span><span class=\"BZ_Pyq_fadeIn\">la <\/span><span class=\"BZ_Pyq_fadeIn\">Morgue <\/span><span class=\"BZ_Pyq_fadeIn\">Judicial <\/span><span class=\"BZ_Pyq_fadeIn\">para <\/span><span class=\"BZ_Pyq_fadeIn\">realizar <\/span><span class=\"BZ_Pyq_fadeIn\">las <\/span><span class=\"BZ_Pyq_fadeIn\">pericias <\/span><span class=\"BZ_Pyq_fadeIn\">correspondientes <\/span><span class=\"BZ_Pyq_fadeIn\">y <\/span><strong data-start=\"1636\" data-end=\"1677\"><span class=\"BZ_Pyq_fadeIn\">determinar <\/span><span class=\"BZ_Pyq_fadeIn\">c\u00f3mo <\/span><span class=\"BZ_Pyq_fadeIn\">se <\/span><span class=\"BZ_Pyq_fadeIn\">produjo <\/span><span class=\"BZ_Pyq_fadeIn\">el <\/span><span class=\"BZ_Pyq_fadeIn\">impacto<\/span><\/strong> <span class=\"BZ_Pyq_fadeIn\">que <\/span><span class=\"BZ_Pyq_fadeIn\">termin\u00f3 <\/span><span class=\"BZ_Pyq_fadeIn\">con <\/span><span class=\"BZ_Pyq_fadeIn\">la <\/span><span class=\"BZ_Pyq_fadeIn\">motocicleta <\/span><span class=\"BZ_Pyq_fadeIn\">sobre <\/span><span class=\"BZ_Pyq_fadeIn\">el <\/span><span class=\"BZ_Pyq_fadeIn\">cantero <\/span><span class=\"BZ_Pyq_fadeIn\">central.<\/span><\/p>\n<p data-start=\"1736\" data-end=\"1962\" data-is-last-node=\"\" data-is-only-node=\"\"><span class=\"BZ_Pyq_fadeIn\">La <\/span><span class=\"BZ_Pyq_fadeIn\">investigaci\u00f3n <\/span><span class=\"BZ_Pyq_fadeIn\">qued\u00f3 <\/span><span class=\"BZ_Pyq_fadeIn\">a <\/span><span class=\"BZ_Pyq_fadeIn\">cargo <\/span><span class=\"BZ_Pyq_fadeIn\">del <\/span><span class=\"BZ_Pyq_fadeIn\">fiscal <\/span><strong data-start=\"1778\" data-end=\"1819\"><span class=\"hover:entity-accent entity-underline inline cursor-pointer align-baseline\"><span class=\"whitespace-normal\">Rodolfo Moure<\/span><\/span><\/strong><span class=\"BZ_Pyq_fadeIn\">, <\/span><span class=\"BZ_Pyq_fadeIn\">quien <\/span><span class=\"BZ_Pyq_fadeIn\">dispuso <\/span><span class=\"BZ_Pyq_fadeIn\">la <\/span><strong data-start=\"1838\" data-end=\"1885\"><span class=\"BZ_Pyq_fadeIn\">toma <\/span><span class=\"BZ_Pyq_fadeIn\">de <\/span><span class=\"BZ_Pyq_fadeIn\">declaraci\u00f3n <\/span><span class=\"BZ_Pyq_fadeIn\">a <\/span><span class=\"BZ_Pyq_fadeIn\">testigos <\/span><span class=\"BZ_Pyq_fadeIn\">presenciales<\/span><\/strong> <span class=\"BZ_Pyq_fadeIn\">y <\/span><span class=\"BZ_Pyq_fadeIn\">las <\/span><span class=\"BZ_Pyq_fadeIn\">actuaciones <\/span><span class=\"BZ_Pyq_fadeIn\">necesarias <\/span><span class=\"BZ_Pyq_fadeIn\">para <\/span><span class=\"BZ_Pyq_fadeIn\">reconstruir <\/span><span class=\"BZ_Pyq_fadeIn\">la <\/span><span class=\"BZ_Pyq_fadeIn\">mec\u00e1nica <\/span><span class=\"BZ_Pyq_fadeIn\">del <\/span><span class=\"BZ_Pyq_fadeIn\">tr\u00e1gico <\/span><span class=\"BZ_Pyq_fadeIn\">hecho.<\/span><\/p>\n<p data-start=\"1736\" data-end=\"1962\" data-is-last-node=\"\" data-is-only-node=\"\">fuente e imagen: Diario La Capital<\/p>\n","protected":false},"excerpt":{"rendered":"<div class=\"mh-excerpt\"><p>Las v\u00edctimas circulaban desde Mar del Plata hacia Santa Clara del Mar cuando la motocicleta termin\u00f3 sobre el cantero central y choc\u00f3 contra un poste de iluminaci\u00f3n. 15 de marzo de 2026 Dos personas murieron <a class=\"mh-excerpt-more\" href=\"https:\/\/larevistadigital.com.ar\/blog\/tragedia-en-la-ruta-11-dos-personas-murieron-tras-un-violento-siniestro-en-moto\/\" title=\"Tragedia en la Ruta 11: dos personas murieron tras un violento siniestro en moto\">[Leer M\u00e1s]<\/a><\/p>\n<\/div>","protected":false},"author":3,"featured_media":44505,"comment_status":"open","ping_status":"open","sticky":false,"template":"","format":"standard","meta":{"_jetpack_memberships_contains_paid_content":false,"footnotes":"","jetpack_publicize_message":"","jetpack_publicize_feature_enabled":true,"jetpack_social_post_already_shared":true,"jetpack_social_options":{"image_generator_settings":{"template":"highway","default_image_id":0,"font":"","enabled":false},"version":2}},"categories":[44,51],"tags":[],"class_list":{"0":"post-44504","1":"post","2":"type-post","3":"status-publish","4":"format-standard","5":"has-post-thumbnail","7":"category-policiales","8":"category-regionales"},"jetpack_publicize_connections":[],"jetpack_featured_media_url":"https:\/\/i0.wp.com\/larevistadigital.com.ar\/blog\/wp-content\/uploads\/Captura-de-pantalla-2026-03-15-010820.jpg?fit=744%2C326&ssl=1","jetpack_sharing_enabled":true,"jetpack_shortlink":"https:\/\/wp.me\/p8qtrQ-bzO","jetpack-related-posts":[{"id":24549,"url":"https:\/\/larevistadigital.com.ar\/blog\/mar-chiquita-muere-turista-tras-ingresar-al-mar-en-su-kayak\/","url_meta":{"origin":44504,"position":0},"title":"MAR CHIQUITA: MUERE TURISTA TRAS INGRESAR AL MAR EN SU KAYAK","author":"Alejandro Sosa Ruda","date":"12 marzo, 2022","format":false,"excerpt":"Sucedi\u00f3 despu\u00e9s del mediod\u00eda. Los guardavidas lo sacaron del agua e intentaron reanimarlo pero falleci\u00f3. MAR CHIQUITA -\u00a0 Un hombre que se meti\u00f3 al mar en su kayak muri\u00f3 este s\u00e1bado pasado el mediod\u00eda en las playas del partido de Mar Chiquita. Seg\u00fan los primeros testimonios, el hombre de 39\u2026","rel":"","context":"En \u00abREGIONALES\u00bb","block_context":{"text":"REGIONALES","link":"https:\/\/larevistadigital.com.ar\/blog\/category\/regionales\/"},"img":{"alt_text":"","src":"https:\/\/i0.wp.com\/larevistadigital.com.ar\/blog\/wp-content\/uploads\/MAR-CHIQUITA.jpg?fit=750%2C393&ssl=1&resize=350%2C200","width":350,"height":200,"srcset":"https:\/\/i0.wp.com\/larevistadigital.com.ar\/blog\/wp-content\/uploads\/MAR-CHIQUITA.jpg?fit=750%2C393&ssl=1&resize=350%2C200 1x, https:\/\/i0.wp.com\/larevistadigital.com.ar\/blog\/wp-content\/uploads\/MAR-CHIQUITA.jpg?fit=750%2C393&ssl=1&resize=525%2C300 1.5x, https:\/\/i0.wp.com\/larevistadigital.com.ar\/blog\/wp-content\/uploads\/MAR-CHIQUITA.jpg?fit=750%2C393&ssl=1&resize=700%2C400 2x"},"classes":[]},{"id":31000,"url":"https:\/\/larevistadigital.com.ar\/blog\/mar-del-plata-turistas-encontraron-el-cadaver-de-un-hombre-que-se-habia-tirado-al-mar\/","url_meta":{"origin":44504,"position":1},"title":"MAR DEL PLATA: TURISTAS ENCONTRARON EL CADAVER DE UN HOMBRE QUE SE HAB\u00cdA TIRADO AL MAR","author":"Alejandro Sosa Ruda","date":"12 abril, 2023","format":false,"excerpt":"MAR DEL PLATA -\u00a0 Luego de m\u00e1s de 24 hs. de b\u00fasqueda, finalmente encontraron en Mar del Plata el cuerpo de un hombre de 33 a\u00f1os de edad, que el d\u00eda viernes a la madrugada se arroj\u00f3 al mar para escapar de la polic\u00eda, que lo persegu\u00eda por el robo\u2026","rel":"","context":"En \u00abPOLICIALES\u00bb","block_context":{"text":"POLICIALES","link":"https:\/\/larevistadigital.com.ar\/blog\/category\/policiales\/"},"img":{"alt_text":"","src":"https:\/\/i0.wp.com\/larevistadigital.com.ar\/blog\/wp-content\/uploads\/fotojet_x98x_1.jpg_1833193316.jpg?fit=720%2C406&ssl=1&resize=350%2C200","width":350,"height":200,"srcset":"https:\/\/i0.wp.com\/larevistadigital.com.ar\/blog\/wp-content\/uploads\/fotojet_x98x_1.jpg_1833193316.jpg?fit=720%2C406&ssl=1&resize=350%2C200 1x, https:\/\/i0.wp.com\/larevistadigital.com.ar\/blog\/wp-content\/uploads\/fotojet_x98x_1.jpg_1833193316.jpg?fit=720%2C406&ssl=1&resize=525%2C300 1.5x, https:\/\/i0.wp.com\/larevistadigital.com.ar\/blog\/wp-content\/uploads\/fotojet_x98x_1.jpg_1833193316.jpg?fit=720%2C406&ssl=1&resize=700%2C400 2x"},"classes":[]},{"id":23126,"url":"https:\/\/larevistadigital.com.ar\/blog\/atropellan-en-mar-del-plata-al-intendente-de-mar-chiquita-sufrio-una-fractura\/","url_meta":{"origin":44504,"position":2},"title":"ATROPELLAN EN MAR DEL PLATA AL INTENDENTE DE MAR CHIQUITA: SUFRI\u00d3 UNA FRACTURA","author":"Alejandro Sosa Ruda","date":"1 enero, 2022","format":false,"excerpt":"El jefe comunal Jorge Paredi fue golpeado por un autom\u00f3vil y sufri\u00f3 la fractura del platillo tibial exterior de su rodilla izquierda. El intendente del Partido de Mar Chiquita, Jorge Paredi, fue atropellado levemente por un autom\u00f3vil ayer por la tarde en la ciudad de Mar del Plata por lo\u2026","rel":"","context":"En \u00abREGIONALES\u00bb","block_context":{"text":"REGIONALES","link":"https:\/\/larevistadigital.com.ar\/blog\/category\/regionales\/"},"img":{"alt_text":"","src":"https:\/\/i0.wp.com\/larevistadigital.com.ar\/blog\/wp-content\/uploads\/El-intendente-Jorge-Paredi-guarda-reposo-en-su-casa-768x510-1.jpg?fit=768%2C510&ssl=1&resize=350%2C200","width":350,"height":200,"srcset":"https:\/\/i0.wp.com\/larevistadigital.com.ar\/blog\/wp-content\/uploads\/El-intendente-Jorge-Paredi-guarda-reposo-en-su-casa-768x510-1.jpg?fit=768%2C510&ssl=1&resize=350%2C200 1x, https:\/\/i0.wp.com\/larevistadigital.com.ar\/blog\/wp-content\/uploads\/El-intendente-Jorge-Paredi-guarda-reposo-en-su-casa-768x510-1.jpg?fit=768%2C510&ssl=1&resize=525%2C300 1.5x, https:\/\/i0.wp.com\/larevistadigital.com.ar\/blog\/wp-content\/uploads\/El-intendente-Jorge-Paredi-guarda-reposo-en-su-casa-768x510-1.jpg?fit=768%2C510&ssl=1&resize=700%2C400 2x"},"classes":[]},{"id":22523,"url":"https:\/\/larevistadigital.com.ar\/blog\/mar-de-ajo-rescatan-a-hombre-que-cayo-al-agua-y-estuvo-dos-horas-flotando-tomado-de-su-kayak\/","url_meta":{"origin":44504,"position":3},"title":"MAR DE AJ\u00d3: RESCATAN A HOMBRE QUE CAY\u00d3 AL AGUA, Y ESTUVO DOS HORAS FLOTANDO TOMADO DE SU KAYAK","author":"Alejandro Sosa Ruda","date":"29 octubre, 2021","format":false,"excerpt":"El hecho comenz\u00f3 ayer a las 15:45 y trabaj\u00f3 en el operativo de rescate personal de Prefectura Naval. MAR DE AJO -\u00a0 Un kayakista que navegaba en inmediaciones de Avenida Pueyrred\u00f3n, en Mar de Aj\u00f3, debi\u00f3 ser rescatado por el cuerpo de Bomberos Voluntarios al no poder subirse a la\u2026","rel":"","context":"En \u00abREGIONALES\u00bb","block_context":{"text":"REGIONALES","link":"https:\/\/larevistadigital.com.ar\/blog\/category\/regionales\/"},"img":{"alt_text":"","src":"https:\/\/i0.wp.com\/larevistadigital.com.ar\/blog\/wp-content\/uploads\/Captura-de-pantalla-2021-10-28-230207.jpg?fit=937%2C562&ssl=1&resize=350%2C200","width":350,"height":200,"srcset":"https:\/\/i0.wp.com\/larevistadigital.com.ar\/blog\/wp-content\/uploads\/Captura-de-pantalla-2021-10-28-230207.jpg?fit=937%2C562&ssl=1&resize=350%2C200 1x, https:\/\/i0.wp.com\/larevistadigital.com.ar\/blog\/wp-content\/uploads\/Captura-de-pantalla-2021-10-28-230207.jpg?fit=937%2C562&ssl=1&resize=525%2C300 1.5x, https:\/\/i0.wp.com\/larevistadigital.com.ar\/blog\/wp-content\/uploads\/Captura-de-pantalla-2021-10-28-230207.jpg?fit=937%2C562&ssl=1&resize=700%2C400 2x"},"classes":[]},{"id":29485,"url":"https:\/\/larevistadigital.com.ar\/blog\/mar-chiquita-dos-detenidos-con-decomiso-de-300-kg-de-tiburon\/","url_meta":{"origin":44504,"position":4},"title":"MAR CHIQUITA: DOS DETENIDOS CON DECOMISO DE 300 KG. DE TIBUR\u00d3N.","author":"Alejandro Sosa Ruda","date":"15 diciembre, 2022","format":false,"excerpt":"La carne del pez no estaba refrigerada y el veh\u00edculo en que viajaban no contaba con la documentaci\u00f3n correspondiente. Llevaban decenas de ejemplares de este caracter\u00edstico pez del Mar Argentino. 15 de diciembre de 2022 MAR CHIQUITA -\u00a0 Dos personas fueron detenidas cuando transportaban 300 kilos de tibur\u00f3n caz\u00f3n en\u2026","rel":"","context":"En \u00abPOLICIALES\u00bb","block_context":{"text":"POLICIALES","link":"https:\/\/larevistadigital.com.ar\/blog\/category\/policiales\/"},"img":{"alt_text":"","src":"https:\/\/i0.wp.com\/larevistadigital.com.ar\/blog\/wp-content\/uploads\/20221213135838_cazon.jpg?fit=880%2C512&ssl=1&resize=350%2C200","width":350,"height":200,"srcset":"https:\/\/i0.wp.com\/larevistadigital.com.ar\/blog\/wp-content\/uploads\/20221213135838_cazon.jpg?fit=880%2C512&ssl=1&resize=350%2C200 1x, https:\/\/i0.wp.com\/larevistadigital.com.ar\/blog\/wp-content\/uploads\/20221213135838_cazon.jpg?fit=880%2C512&ssl=1&resize=525%2C300 1.5x, https:\/\/i0.wp.com\/larevistadigital.com.ar\/blog\/wp-content\/uploads\/20221213135838_cazon.jpg?fit=880%2C512&ssl=1&resize=700%2C400 2x"},"classes":[]},{"id":22846,"url":"https:\/\/larevistadigital.com.ar\/blog\/fatal-accidente-en-la-ruta-11-acceso-a-mar-del-plata\/","url_meta":{"origin":44504,"position":5},"title":"FATAL ACCIDENTE EN LA RUTA 11, ACCESO A MAR DEL PLATA","author":"Alejandro Sosa Ruda","date":"5 diciembre, 2021","format":false,"excerpt":"El conductor de un Fiat Palio, falleci\u00f3 en el siniestro que ocurri\u00f3 este domingo 5\/12 aproximadamente a las 5 de la madrugada. Sucedi\u00f3 a la altura del kil\u00f3metro 503 MAR DEL PLATA -\u00a0 El conductor de un Fiat Palio\u00a0negro falleci\u00f3 este domingo a la madrugada como consecuencia de un fuerte\u2026","rel":"","context":"En \u00abPOLICIALES\u00bb","block_context":{"text":"POLICIALES","link":"https:\/\/larevistadigital.com.ar\/blog\/category\/policiales\/"},"img":{"alt_text":"","src":"https:\/\/i0.wp.com\/larevistadigital.com.ar\/blog\/wp-content\/uploads\/Captura-de-pantalla-2021-12-05-125429.jpg?fit=1016%2C670&ssl=1&resize=350%2C200","width":350,"height":200,"srcset":"https:\/\/i0.wp.com\/larevistadigital.com.ar\/blog\/wp-content\/uploads\/Captura-de-pantalla-2021-12-05-125429.jpg?fit=1016%2C670&ssl=1&resize=350%2C200 1x, https:\/\/i0.wp.com\/larevistadigital.com.ar\/blog\/wp-content\/uploads\/Captura-de-pantalla-2021-12-05-125429.jpg?fit=1016%2C670&ssl=1&resize=525%2C300 1.5x, https:\/\/i0.wp.com\/larevistadigital.com.ar\/blog\/wp-content\/uploads\/Captura-de-pantalla-2021-12-05-125429.jpg?fit=1016%2C670&ssl=1&resize=700%2C400 2x"},"classes":[]}],"_links":{"self":[{"href":"https:\/\/larevistadigital.com.ar\/blog\/wp-json\/wp\/v2\/posts\/44504","targetHints":{"allow":["GET"]}}],"collection":[{"href":"https:\/\/larevistadigital.com.ar\/blog\/wp-json\/wp\/v2\/posts"}],"about":[{"href":"https:\/\/larevistadigital.com.ar\/blog\/wp-json\/wp\/v2\/types\/post"}],"author":[{"embeddable":true,"href":"https:\/\/larevistadigital.com.ar\/blog\/wp-json\/wp\/v2\/users\/3"}],"replies":[{"embeddable":true,"href":"https:\/\/larevistadigital.com.ar\/blog\/wp-json\/wp\/v2\/comments?post=44504"}],"version-history":[{"count":2,"href":"https:\/\/larevistadigital.com.ar\/blog\/wp-json\/wp\/v2\/posts\/44504\/revisions"}],"predecessor-version":[{"id":44507,"href":"https:\/\/larevistadigital.com.ar\/blog\/wp-json\/wp\/v2\/posts\/44504\/revisions\/44507"}],"wp:featuredmedia":[{"embeddable":true,"href":"https:\/\/larevistadigital.com.ar\/blog\/wp-json\/wp\/v2\/media\/44505"}],"wp:attachment":[{"href":"https:\/\/larevistadigital.com.ar\/blog\/wp-json\/wp\/v2\/media?parent=44504"}],"wp:term":[{"taxonomy":"category","embeddable":true,"href":"https:\/\/larevistadigital.com.ar\/blog\/wp-json\/wp\/v2\/categories?post=44504"},{"taxonomy":"post_tag","embeddable":true,"href":"https:\/\/larevistadigital.com.ar\/blog\/wp-json\/wp\/v2\/tags?post=44504"}],"curies":[{"name":"wp","href":"https:\/\/api.w.org\/{rel}","templated":true}]}}