{"id":44508,"date":"2026-03-15T01:15:24","date_gmt":"2026-03-15T04:15:24","guid":{"rendered":"https:\/\/larevistadigital.com.ar\/blog\/?p=44508"},"modified":"2026-03-15T01:15:24","modified_gmt":"2026-03-15T04:15:24","slug":"profesionales-de-la-salud-de-cicop-aceptaron-el-aumento-salarial-propuesto-por-la-provincia","status":"publish","type":"post","link":"https:\/\/larevistadigital.com.ar\/blog\/profesionales-de-la-salud-de-cicop-aceptaron-el-aumento-salarial-propuesto-por-la-provincia\/","title":{"rendered":"Profesionales de la salud de CICOP aceptaron el aumento salarial propuesto por la Provincia"},"content":{"rendered":"<h3>La oferta del Gobierno bonaerense contempla una suba del 9% en tres tramos, con instancia de revisi\u00f3n en mayo y reapertura de las negociaciones en junio. Se comenzar\u00e1n a discutir recategorizaciones.<\/h3>\n<p>15 de marzo de 2026<\/p>\n<p>La\u00a0<strong>Asociaci\u00f3n Sindical de Profesionales de la\u00a0<a id=\"213_agrupador\" class=\"agrupador\" href=\"https:\/\/dib.com.ar\/tag\/salud\">Salud\u00a0<\/a>de la provincia de Buenos Aires (<a id=\"1051_agrupador\" class=\"agrupador\" href=\"https:\/\/dib.com.ar\/tag\/cicop\">CICOP<\/a>)<\/strong>\u00a0aprob\u00f3 este viernes y por amplia mayor\u00eda la propuesta salarial presentada en paritarias por el Provincia. La resoluci\u00f3n se tom\u00f3 en el congreso de delegados realizado en las \u00faltimas horas, donde\u00a0<strong>profesionales y t\u00e9cnicos de la salud p\u00fablica aceptaron la propuesta<\/strong>. Adem\u00e1s, se incorpora una mesa t\u00e9cnica para discutir\u00a0<strong>modificaciones en la estructura salarial del sector<\/strong>.<\/p>\n<article class=\"article-body article-body--second-paragraph\">Seg\u00fan explic\u00f3 el gremio en un comunicado, \u201cel Congreso Provincial de Delegados y Delegadas de la Asociaci\u00f3n Sindical de Profesionales de la Salud de la Provincia de Buenos Aires (CICOP) sesion\u00f3 el viernes 13 de marzo y\u00a0<strong>aprob\u00f3 por ampl\u00edsima mayor\u00eda la oferta paritaria efectuada por el Gobierno bonaerense para los profesionales y t\u00e9cnicos de la salud p\u00fablica nucleados en la Ley de Carrera Hospitalaria 10.471<\/strong>\u201d.<\/p>\n<\/article>\n<article class=\"article-body article-body--second-paragraph\">De esa manera, \u201cse recepcion\u00f3 favorablemente una propuesta de aumento salarial del 9% en tres tramos:\u00a0<strong>1,5% en febrero (consolidado), 5% en marzo y 2,5% en abril<\/strong>, tomando como base de c\u00e1lculo enero de 2026, con revisi\u00f3n en mayo y apertura de las paritarias en junio. Este nuevo acuerdo paritario alcanza al personal de planta, residentes, becarios y jubilados\u201d.<\/p>\n<article class=\"article-body article-body--second-paragraph\">\n<figure id=\"46303-Libre-2091003258_wrap\" class=\"embed_cont type_imagen\">\n<div id=\"46303-Libre-2091003258_content\" class=\"embed_content\"><img data-recalc-dims=\"1\" loading=\"lazy\" decoding=\"async\" id=\"46303-Libre-2091003258_embed\" title=\"\" src=\"https:\/\/i0.wp.com\/media.dib.com.ar\/p\/eb2c5f51868339ba49caa1c293b62bfc\/adjuntos\/377\/imagenes\/100\/049\/0100049075\/1000x0\/smart\/cicop-marzo.jpg?resize=1000%2C1250&#038;ssl=1\" alt=\"\" width=\"1000\" height=\"1250\" \/><\/div><figcaption class=\"embed_wrapper-cont\">\n<div id=\"46303-Libre-2091003258_epigrafe\" class=\"embed_epigrafe\"><\/div>\n<\/figcaption><\/figure>\n<h2>Recategorizaciones<\/h2>\n<p>\u201cUno de los puntos centrales de la negociaci\u00f3n\u201d, destaca CICOP, \u201ces\u00a0<strong>la conformaci\u00f3n de una Mesa T\u00e9cnica en abril para discutir cambios en la estructura salarial<\/strong>\u00a0de la Ley 10.471, que dar\u00e1 inicio al\u00a0<strong>proceso de recategorizaci\u00f3n<\/strong>\u00a0del salario b\u00e1sico\u201d.<\/p>\n<\/article>\n<article class=\"article-body article-body--third-paragraph\">Contin\u00faan: \u201cEn las asambleas y consultas se valor\u00f3 el esfuerzo por mejorar la propuesta en un contexto en el que no hay paritarias casi en ninguna provincia, as\u00ed como la respuesta a un\u00a0<strong>reclamo hist\u00f3rico<\/strong>\u00a0de CICOP vinculado a la jerarquizaci\u00f3n del salario de las y los profesionales de la salud. Por primera vez en a\u00f1os, vamos a discutir nuestra estructura salarial y dar el primer paso para avanzar hacia la tan ansiada recategorizaci\u00f3n\u201d.<\/p>\n<p>Adem\u00e1s, \u201cla oferta establece un incremento en la\u00a0<strong>Bonificaci\u00f3n de Guardia<\/strong>\u201d, lo que significa que \u201cen los casos de los cargos de guardia el aumento de bolsillo rondar\u00e1 un 13,4% a partir de abril\u201d.<\/p>\n<h2>Becarios y mesas de trabajo<\/h2>\n<p>El acuerdo confirma \u201c<strong>el pase de 3.800 becarios de contingencia (2021 y 2022) a Planta Transitoria<\/strong>\u00a0(interinatos de la Ley 10.471), medida que hab\u00eda sido anunciada en la Paritaria General del Estado (Ley 10.430)\u201d.<\/p>\n<p>Y tambi\u00e9n contempla \u201cla realizaci\u00f3n de\u00a0<strong>mesas de trabajo para abordar distintos aspectos propios de la Carrera Hospitalaria<\/strong>, entre ellos la ampliaci\u00f3n de bloqueos a nuevas disciplinas y especialidades, la extensi\u00f3n de la Trayectoria Formativa a otros sistemas de residencias y concurrencias de la Provincia de Buenos Aires, y la reglamentaci\u00f3n de los concursos de pase\u201d.<\/p>\n<p>Finalmente, el Congreso resolvi\u00f3 \u201ciniciar una campa\u00f1a de visibilizaci\u00f3n por la recategorizaci\u00f3n salarial del sector\u201d y \u201cparticipar activamente en las movilizaciones que se realizar\u00e1n en el marco de\u00a0<strong>los 50 a\u00f1os del \u00faltimo golpe c\u00edvico-militar<\/strong>, en unidad con las centrales sindicales y los organismos de derechos humanos\u201d.<\/p>\n<p>Fuente:\u00a0<a href=\"https:\/\/dib.com.ar\/\" target=\"_blank\" rel=\"follow noopener\">Agencia DIB<\/a><\/p>\n<\/article>\n<\/article>\n","protected":false},"excerpt":{"rendered":"<div class=\"mh-excerpt\"><p>La oferta del Gobierno bonaerense contempla una suba del 9% en tres tramos, con instancia de revisi\u00f3n en mayo y reapertura de las negociaciones en junio. Se comenzar\u00e1n a discutir recategorizaciones. 15 de marzo de <a class=\"mh-excerpt-more\" href=\"https:\/\/larevistadigital.com.ar\/blog\/profesionales-de-la-salud-de-cicop-aceptaron-el-aumento-salarial-propuesto-por-la-provincia\/\" title=\"Profesionales de la salud de CICOP aceptaron el aumento salarial propuesto por la Provincia\">[Leer M\u00e1s]<\/a><\/p>\n<\/div>","protected":false},"author":3,"featured_media":44509,"comment_status":"open","ping_status":"open","sticky":false,"template":"","format":"standard","meta":{"_jetpack_memberships_contains_paid_content":false,"footnotes":"","jetpack_publicize_message":"","jetpack_publicize_feature_enabled":true,"jetpack_social_post_already_shared":true,"jetpack_social_options":{"image_generator_settings":{"template":"highway","default_image_id":0,"font":"","enabled":false},"version":2}},"categories":[10,51],"tags":[],"class_list":{"0":"post-44508","1":"post","2":"type-post","3":"status-publish","4":"format-standard","5":"has-post-thumbnail","7":"category-gremiales","8":"category-regionales"},"jetpack_publicize_connections":[],"jetpack_featured_media_url":"https:\/\/i0.wp.com\/larevistadigital.com.ar\/blog\/wp-content\/uploads\/Captura-de-pantalla-2026-03-15-011338.jpg?fit=628%2C406&ssl=1","jetpack_sharing_enabled":true,"jetpack_shortlink":"https:\/\/wp.me\/p8qtrQ-bzS","jetpack-related-posts":[{"id":22187,"url":"https:\/\/larevistadigital.com.ar\/blog\/los-profesionales-de-la-salud-de-cicop-rechazaron-la-propuesta-salarial-del-gobierno\/","url_meta":{"origin":44508,"position":0},"title":"LOS PROFESIONALES DE LA SALUD DE CICOP, RECHAZARON LA PROPUESTA SALARIAL DEL GOBIERNO","author":"Alejandro Sosa Ruda","date":"30 septiembre, 2021","format":false,"excerpt":"La misma consiste en un incremento del 41,5% para el mes de octubre y del 45% al mes de noviembre, con reapertura en diciembre. Desde el gremio la consideraron insuficiente en los montos ofrecidos y exigen resoluci\u00f3n de las distintas demandas extrasalariales, tales como el reconocimiento de todos los aportes\u2026","rel":"","context":"En \u00abINTERES GENERAL\u00bb","block_context":{"text":"INTERES GENERAL","link":"https:\/\/larevistadigital.com.ar\/blog\/category\/interes-general\/"},"img":{"alt_text":"","src":"https:\/\/i0.wp.com\/larevistadigital.com.ar\/blog\/wp-content\/uploads\/Captura-de-pantalla-2021-09-30-012431.jpg?fit=933%2C602&ssl=1&resize=350%2C200","width":350,"height":200,"srcset":"https:\/\/i0.wp.com\/larevistadigital.com.ar\/blog\/wp-content\/uploads\/Captura-de-pantalla-2021-09-30-012431.jpg?fit=933%2C602&ssl=1&resize=350%2C200 1x, https:\/\/i0.wp.com\/larevistadigital.com.ar\/blog\/wp-content\/uploads\/Captura-de-pantalla-2021-09-30-012431.jpg?fit=933%2C602&ssl=1&resize=525%2C300 1.5x, https:\/\/i0.wp.com\/larevistadigital.com.ar\/blog\/wp-content\/uploads\/Captura-de-pantalla-2021-09-30-012431.jpg?fit=933%2C602&ssl=1&resize=700%2C400 2x"},"classes":[]},{"id":35669,"url":"https:\/\/larevistadigital.com.ar\/blog\/el-congreso-de-cicop-acepto-la-propuesta-salarial-para-el-mes-de-marzo\/","url_meta":{"origin":44508,"position":1},"title":"EL CONGRESO DE CICOP, ACEPT\u00d3 LA PROPUESTA SALARIAL PARA EL MES DE MARZO","author":"Alejandro Sosa Ruda","date":"23 marzo, 2024","format":false,"excerpt":"El gremio de los profesionales de la salud p\u00fablica aprob\u00f3 hoy la oferta de aumento del 13,5% para el mes de marzo a cobrarse con el salario de abril. 23 de marzo de 2024 El Congreso Provincial de Delegados de la Asociaci\u00f3n Sindical de Profesionales de la Salud de la\u2026","rel":"","context":"En \u00abREGIONALES\u00bb","block_context":{"text":"REGIONALES","link":"https:\/\/larevistadigital.com.ar\/blog\/category\/regionales\/"},"img":{"alt_text":"","src":"https:\/\/i0.wp.com\/larevistadigital.com.ar\/blog\/wp-content\/uploads\/mail-9.jpg?fit=1200%2C800&ssl=1&resize=350%2C200","width":350,"height":200,"srcset":"https:\/\/i0.wp.com\/larevistadigital.com.ar\/blog\/wp-content\/uploads\/mail-9.jpg?fit=1200%2C800&ssl=1&resize=350%2C200 1x, https:\/\/i0.wp.com\/larevistadigital.com.ar\/blog\/wp-content\/uploads\/mail-9.jpg?fit=1200%2C800&ssl=1&resize=525%2C300 1.5x, https:\/\/i0.wp.com\/larevistadigital.com.ar\/blog\/wp-content\/uploads\/mail-9.jpg?fit=1200%2C800&ssl=1&resize=700%2C400 2x, https:\/\/i0.wp.com\/larevistadigital.com.ar\/blog\/wp-content\/uploads\/mail-9.jpg?fit=1200%2C800&ssl=1&resize=1050%2C600 3x"},"classes":[]},{"id":29148,"url":"https:\/\/larevistadigital.com.ar\/blog\/cicop-para-los-dias-1-y-7-de-diciembre\/","url_meta":{"origin":44508,"position":2},"title":"CICOP PARA A LOS PROFESIONALES DE LA SALUD, LOS D\u00cdAS 1\u00b0 Y 7 DE DICIEMBRE","author":"Alejandro Sosa Ruda","date":"29 noviembre, 2022","format":false,"excerpt":"El gremio de profesionales de la salud p\u00fablica bonaerense comienza diciembre con dos paros \"por recomposici\u00f3n salarial en salud, aprobaci\u00f3n del proyecto de pase de Ley 10.430 a 10.471, por pase a planta de todos los becarios y becarias, contra el Impuesto a las Ganancias, por la extensi\u00f3n del Desgaste\u2026","rel":"","context":"En \u00abGREMIALES\u00bb","block_context":{"text":"GREMIALES","link":"https:\/\/larevistadigital.com.ar\/blog\/category\/gremiales\/"},"img":{"alt_text":"","src":"https:\/\/i0.wp.com\/larevistadigital.com.ar\/blog\/wp-content\/uploads\/mail-1.png?fit=1200%2C1199&ssl=1&resize=350%2C200","width":350,"height":200,"srcset":"https:\/\/i0.wp.com\/larevistadigital.com.ar\/blog\/wp-content\/uploads\/mail-1.png?fit=1200%2C1199&ssl=1&resize=350%2C200 1x, https:\/\/i0.wp.com\/larevistadigital.com.ar\/blog\/wp-content\/uploads\/mail-1.png?fit=1200%2C1199&ssl=1&resize=525%2C300 1.5x, https:\/\/i0.wp.com\/larevistadigital.com.ar\/blog\/wp-content\/uploads\/mail-1.png?fit=1200%2C1199&ssl=1&resize=700%2C400 2x, https:\/\/i0.wp.com\/larevistadigital.com.ar\/blog\/wp-content\/uploads\/mail-1.png?fit=1200%2C1199&ssl=1&resize=1050%2C600 3x"},"classes":[]},{"id":19966,"url":"https:\/\/larevistadigital.com.ar\/blog\/cicop-los-trabajadores-de-la-salud-acamparon-frente-a-la-municipalidad-de-pinamar\/","url_meta":{"origin":44508,"position":3},"title":"CICOP: LOS TRABAJADORES DE LA SALUD ACAMPARON FRENTE A LA MUNICIPALIDAD DE PINAMAR","author":"Alejandro Sosa Ruda","date":"30 abril, 2021","format":false,"excerpt":"Fue para rechazar la oferta salarial del ejecutivo local. Desde CICOP Seccional Pinamar advirtieron que\u00a0\u201cestamos dando la pelea en el peor momento de la pandemia y el intendente Yeza se nos r\u00ede en la cara con una magra propuesta de aumento de apenas 17,5% para el primer trimestre del 2021\u201d.\u2026","rel":"","context":"En \u00abGREMIALES\u00bb","block_context":{"text":"GREMIALES","link":"https:\/\/larevistadigital.com.ar\/blog\/category\/gremiales\/"},"img":{"alt_text":"","src":"https:\/\/i0.wp.com\/larevistadigital.com.ar\/blog\/wp-content\/uploads\/CICOP.png?fit=1200%2C797&ssl=1&resize=350%2C200","width":350,"height":200,"srcset":"https:\/\/i0.wp.com\/larevistadigital.com.ar\/blog\/wp-content\/uploads\/CICOP.png?fit=1200%2C797&ssl=1&resize=350%2C200 1x, https:\/\/i0.wp.com\/larevistadigital.com.ar\/blog\/wp-content\/uploads\/CICOP.png?fit=1200%2C797&ssl=1&resize=525%2C300 1.5x, https:\/\/i0.wp.com\/larevistadigital.com.ar\/blog\/wp-content\/uploads\/CICOP.png?fit=1200%2C797&ssl=1&resize=700%2C400 2x, https:\/\/i0.wp.com\/larevistadigital.com.ar\/blog\/wp-content\/uploads\/CICOP.png?fit=1200%2C797&ssl=1&resize=1050%2C600 3x"},"classes":[]},{"id":22786,"url":"https:\/\/larevistadigital.com.ar\/blog\/al-no-tener-respuestas-del-gobierno-provincial-los-profesionales-de-cicop-continuan-con-las-medidas-de-fuerza\/","url_meta":{"origin":44508,"position":4},"title":"AL NO TENER RESPUESTAS DEL GOBIERNO PROVINCIAL, LOS PROFESIONALES DE CICOP CONTIN\u00daAN CON LAS MEDIDAS DE FUERZA","author":"Alejandro Sosa Ruda","date":"24 noviembre, 2021","format":false,"excerpt":"Este mi\u00e9rcoles 24 de noviembre llevar\u00e1n adelante una Jornada de Lucha con Acciones Locales y el viernes 3 de diciembre realizar\u00e1n un paro de 24 hs, que incluir\u00e1 una movilizaci\u00f3n en la ciudad de La Plata. Desde CICOP sostienen que\u00a0\"tras meses de sobrecarga laboral, los trabajadores de la salud necesitamos\u2026","rel":"","context":"En \u00abGREMIALES\u00bb","block_context":{"text":"GREMIALES","link":"https:\/\/larevistadigital.com.ar\/blog\/category\/gremiales\/"},"img":{"alt_text":"","src":"https:\/\/i0.wp.com\/larevistadigital.com.ar\/blog\/wp-content\/uploads\/cicop_parojpg.jpg?fit=1200%2C900&ssl=1&resize=350%2C200","width":350,"height":200,"srcset":"https:\/\/i0.wp.com\/larevistadigital.com.ar\/blog\/wp-content\/uploads\/cicop_parojpg.jpg?fit=1200%2C900&ssl=1&resize=350%2C200 1x, https:\/\/i0.wp.com\/larevistadigital.com.ar\/blog\/wp-content\/uploads\/cicop_parojpg.jpg?fit=1200%2C900&ssl=1&resize=525%2C300 1.5x, https:\/\/i0.wp.com\/larevistadigital.com.ar\/blog\/wp-content\/uploads\/cicop_parojpg.jpg?fit=1200%2C900&ssl=1&resize=700%2C400 2x, https:\/\/i0.wp.com\/larevistadigital.com.ar\/blog\/wp-content\/uploads\/cicop_parojpg.jpg?fit=1200%2C900&ssl=1&resize=1050%2C600 3x"},"classes":[]},{"id":13207,"url":"https:\/\/larevistadigital.com.ar\/blog\/cicop-los-profesionales-de-la-salud-exigen-al-gobierno-provincial-actualizar-los-salarios-en-noviembre\/","url_meta":{"origin":44508,"position":5},"title":"CICOP: LOS PROFESIONALES DE LA SALUD EXIGEN AL GOBIERNO PROVINCIAL ACTUALIZAR LOS SALARIOS EN NOVIEMBRE","author":"Alejandro Sosa Ruda","date":"17 noviembre, 2019","format":false,"excerpt":"El Consejo Directivo de la Asociaci\u00f3n Sindical de Profesionales de la Salud de la Provincia de Buenos Aires (CICOP) realiz\u00f3 este mi\u00e9rcoles\u00a0una presentaci\u00f3n formal ante el Ministerio de Trabajo bonaerense, que encabeza Marcelo Villegas, para exigir el cumplimiento de los distintos compromisos asumidos por el gobierno de Mar\u00eda Eugenia Vidal\u2026","rel":"","context":"En \u00abGREMIALES\u00bb","block_context":{"text":"GREMIALES","link":"https:\/\/larevistadigital.com.ar\/blog\/category\/gremiales\/"},"img":{"alt_text":"","src":"https:\/\/i0.wp.com\/larevistadigital.com.ar\/blog\/wp-content\/uploads\/nota-1583357-cicop-pidio-kicillof-asuma-compromiso-detener-deterioro-sistema-salud-publica-924718.jpg?fit=1200%2C630&ssl=1&resize=350%2C200","width":350,"height":200,"srcset":"https:\/\/i0.wp.com\/larevistadigital.com.ar\/blog\/wp-content\/uploads\/nota-1583357-cicop-pidio-kicillof-asuma-compromiso-detener-deterioro-sistema-salud-publica-924718.jpg?fit=1200%2C630&ssl=1&resize=350%2C200 1x, https:\/\/i0.wp.com\/larevistadigital.com.ar\/blog\/wp-content\/uploads\/nota-1583357-cicop-pidio-kicillof-asuma-compromiso-detener-deterioro-sistema-salud-publica-924718.jpg?fit=1200%2C630&ssl=1&resize=525%2C300 1.5x, https:\/\/i0.wp.com\/larevistadigital.com.ar\/blog\/wp-content\/uploads\/nota-1583357-cicop-pidio-kicillof-asuma-compromiso-detener-deterioro-sistema-salud-publica-924718.jpg?fit=1200%2C630&ssl=1&resize=700%2C400 2x, https:\/\/i0.wp.com\/larevistadigital.com.ar\/blog\/wp-content\/uploads\/nota-1583357-cicop-pidio-kicillof-asuma-compromiso-detener-deterioro-sistema-salud-publica-924718.jpg?fit=1200%2C630&ssl=1&resize=1050%2C600 3x"},"classes":[]}],"_links":{"self":[{"href":"https:\/\/larevistadigital.com.ar\/blog\/wp-json\/wp\/v2\/posts\/44508","targetHints":{"allow":["GET"]}}],"collection":[{"href":"https:\/\/larevistadigital.com.ar\/blog\/wp-json\/wp\/v2\/posts"}],"about":[{"href":"https:\/\/larevistadigital.com.ar\/blog\/wp-json\/wp\/v2\/types\/post"}],"author":[{"embeddable":true,"href":"https:\/\/larevistadigital.com.ar\/blog\/wp-json\/wp\/v2\/users\/3"}],"replies":[{"embeddable":true,"href":"https:\/\/larevistadigital.com.ar\/blog\/wp-json\/wp\/v2\/comments?post=44508"}],"version-history":[{"count":1,"href":"https:\/\/larevistadigital.com.ar\/blog\/wp-json\/wp\/v2\/posts\/44508\/revisions"}],"predecessor-version":[{"id":44510,"href":"https:\/\/larevistadigital.com.ar\/blog\/wp-json\/wp\/v2\/posts\/44508\/revisions\/44510"}],"wp:featuredmedia":[{"embeddable":true,"href":"https:\/\/larevistadigital.com.ar\/blog\/wp-json\/wp\/v2\/media\/44509"}],"wp:attachment":[{"href":"https:\/\/larevistadigital.com.ar\/blog\/wp-json\/wp\/v2\/media?parent=44508"}],"wp:term":[{"taxonomy":"category","embeddable":true,"href":"https:\/\/larevistadigital.com.ar\/blog\/wp-json\/wp\/v2\/categories?post=44508"},{"taxonomy":"post_tag","embeddable":true,"href":"https:\/\/larevistadigital.com.ar\/blog\/wp-json\/wp\/v2\/tags?post=44508"}],"curies":[{"name":"wp","href":"https:\/\/api.w.org\/{rel}","templated":true}]}}