{"id":44511,"date":"2026-03-15T01:21:04","date_gmt":"2026-03-15T04:21:04","guid":{"rendered":"https:\/\/larevistadigital.com.ar\/blog\/?p=44511"},"modified":"2026-03-15T01:21:48","modified_gmt":"2026-03-15T04:21:48","slug":"impactante-hallazgo-en-berisso-encontraron-un-craneo-humano-en-la-playa-de-isla-paulino","status":"publish","type":"post","link":"https:\/\/larevistadigital.com.ar\/blog\/impactante-hallazgo-en-berisso-encontraron-un-craneo-humano-en-la-playa-de-isla-paulino\/","title":{"rendered":"Impactante hallazgo en Berisso: encontraron un cr\u00e1neo humano en la playa de Isla Paulino"},"content":{"rendered":"<h3>El descubrimiento ocurri\u00f3 en la costa de la Isla Paulino, en Berisso. Vecinos alertaron a la Polic\u00eda tras detectar restos \u00f3seos en la arena.<\/h3>\n<p>15 de marzo de 2026<\/p>\n<article class=\"article-body article-body--first-paragraph\" data-td-script-src=\"https:\/\/www.0221.com.ar\/js-custom\/vendor\/jquery\/jquery-3.6.0.min-min-version-1773461227.js\">\n<p data-start=\"355\" data-end=\"660\">Un hallazgo de\u00a0<strong><a class=\"agrupador\" href=\"https:\/\/www.0221.com.ar\/tag\/restos-oseos\" rel=\"5589\">restos \u00f3seos<\/a><\/strong>\u00a0gener\u00f3 un operativo policial durante la tarde del jueves en la\u00a0<strong data-start=\"446\" data-end=\"462\"><a class=\"agrupador\" href=\"https:\/\/www.0221.com.ar\/\/tag\/isla-paulino\" rel=\"743\">Isla Paulino<\/a><\/strong>, en\u00a0<strong data-start=\"467\" data-end=\"478\"><a class=\"agrupador\" href=\"https:\/\/www.0221.com.ar\/\/tag\/berisso\" rel=\"318\">Berisso<\/a><\/strong>. Vecinos que recorr\u00edan la zona de la playa detectaron un cr\u00e1neo humano sobre la arena y dieron aviso a las autoridades, lo que motiv\u00f3 la intervenci\u00f3n inmediata de fuerzas de seguridad.<\/p>\n<\/article>\n<div>\n<div id=\"Inline\">\n<div id=\"sas_container_13144514\" data-eqt-ad=\"ad-13144514\">Tras recibir el alerta, efectivos policiales organizaron un traslado por el r\u00edo para llegar al lugar del descubrimiento. Los agentes arribaron acompa\u00f1ados por especialistas de la <strong data-start=\"846\" data-end=\"868\"><a class=\"agrupador\" href=\"https:\/\/www.0221.com.ar\/policia-cientifica-a38349\" rel=\"38349\">Polic\u00eda Cient\u00edfica<\/a><\/strong>, quienes iniciaron el relevamiento de datos en la zona y procedieron a preservar el resto \u00f3seo hallado, seg\u00fan inform\u00f3 el medio\u00a0<em><strong>Info Berisso<\/strong><\/em>.<\/div>\n<div data-eqt-ad=\"ad-13144514\">\n<article class=\"article-body article-body--third-paragraph\">\n<p data-start=\"974\" data-end=\"1252\">Durante el procedimiento, los peritos realizaron las primeras observaciones sobre el material encontrado. Seg\u00fan indicaron los especialistas que trabajaron en el lugar, se tratar\u00eda de un cr\u00e1neo \u00abviejo\u00bb, que habr\u00eda quedado expuesto en la superficie de la arena en la zona costera.<\/p>\n<article class=\"article-body article-body--fourth-paragraph\">\n<figure id=\"544293-Libre-1541912414_wrap\" class=\"embed_cont type_imagen\">\n<div id=\"544293-Libre-1541912414_content\" class=\"embed_content\"><img data-recalc-dims=\"1\" loading=\"lazy\" decoding=\"async\" id=\"544293-Libre-1541912414_embed\" title=\"Peritos buscan identificar a qui\u00e9n pertenece el cr\u00e1neo encontrado en la zona costera de Berisso\" src=\"https:\/\/i0.wp.com\/media.0221.com.ar\/p\/0b8d9627a32524c1ac3eda01918af253\/adjuntos\/357\/imagenes\/100\/270\/0100270435\/1400x0\/smart\/craneo-hallado-isla-paulino.jpg?resize=1400%2C1421&#038;ssl=1\" alt=\"Peritos buscan identificar a qui\u00e9n pertenece el cr\u00e1neo encontrado en la zona costera de Berisso\" width=\"1400\" height=\"1421\" \/><\/div><figcaption class=\"embed_wrapper-cont\">\n<div id=\"544293-Libre-1541912414_epigrafe\" class=\"embed_epigrafe\">\n<p>Peritos buscan identificar a qui\u00e9n pertenece el cr\u00e1neo encontrado en la zona costera de Berisso<\/p>\n<\/div>\n<div id=\"544293-Libre-1541912414_copyright\" class=\"embed_copyright\"><\/div>\n<\/figcaption><\/figure>\n<p data-start=\"1254\" data-end=\"1544\" data-is-last-node=\"\" data-is-only-node=\"\">Las autoridades dispusieron el traslado del resto humano para realizar pericias que permitan determinar su antig\u00fcedad y origen. Mientras avanzan esos estudios, las actuaciones contin\u00faan bajo la \u00f3rbita de las autoridades locales con el objetivo de esclarecer las circunstancias del hallazgo.<\/p>\n<\/article>\n<div class=\"banner banner--align-center banner--no-background\">\n<div class=\"banner__content-wrapper\">\n<div id=\"InRead\">fuente 0221.com.ar<\/div>\n<\/div>\n<\/div>\n<\/article>\n<article class=\"article-body article-body--fourth-paragraph\">\n<figure id=\"544293-Libre-1541912414_wrap\" class=\"embed_cont type_imagen\"><\/figure>\n<\/article>\n<\/div>\n<\/div>\n<\/div>\n","protected":false},"excerpt":{"rendered":"<div class=\"mh-excerpt\"><p>El descubrimiento ocurri\u00f3 en la costa de la Isla Paulino, en Berisso. Vecinos alertaron a la Polic\u00eda tras detectar restos \u00f3seos en la arena. 15 de marzo de 2026 Un hallazgo de\u00a0restos \u00f3seos\u00a0gener\u00f3 un operativo <a class=\"mh-excerpt-more\" href=\"https:\/\/larevistadigital.com.ar\/blog\/impactante-hallazgo-en-berisso-encontraron-un-craneo-humano-en-la-playa-de-isla-paulino\/\" title=\"Impactante hallazgo en Berisso: encontraron un cr\u00e1neo humano en la playa de Isla Paulino\">[Leer M\u00e1s]<\/a><\/p>\n<\/div>","protected":false},"author":3,"featured_media":44512,"comment_status":"open","ping_status":"open","sticky":false,"template":"","format":"standard","meta":{"_jetpack_memberships_contains_paid_content":false,"footnotes":"","jetpack_publicize_message":"","jetpack_publicize_feature_enabled":true,"jetpack_social_post_already_shared":true,"jetpack_social_options":{"image_generator_settings":{"template":"highway","default_image_id":0,"font":"","enabled":false},"version":2}},"categories":[50,44],"tags":[],"class_list":{"0":"post-44511","1":"post","2":"type-post","3":"status-publish","4":"format-standard","5":"has-post-thumbnail","7":"category-interes-general","8":"category-policiales"},"jetpack_publicize_connections":[],"jetpack_featured_media_url":"https:\/\/i0.wp.com\/larevistadigital.com.ar\/blog\/wp-content\/uploads\/Captura-de-pantalla-2026-03-15-011901.jpg?fit=857%2C426&ssl=1","jetpack_sharing_enabled":true,"jetpack_shortlink":"https:\/\/wp.me\/p8qtrQ-bzV","jetpack-related-posts":[{"id":24298,"url":"https:\/\/larevistadigital.com.ar\/blog\/mar-del-tuyu-encontraron-un-craneo-humano-en-un-medano\/","url_meta":{"origin":44511,"position":0},"title":"MAR DEL TUY\u00da: ENCONTRARON UN CR\u00c1NEO HUMANO EN UN M\u00c9DANO","author":"Alejandro Sosa Ruda","date":"2 marzo, 2022","format":false,"excerpt":"Preservaron el lugar para buscar la probable presencia de m\u00e1s restos \u00f3seos. MAR DEL TUY\u00da -\u00a0 Esta ma\u00f1ana, una denuncia alert\u00f3 a la policial sobre el hallazgo de un cr\u00e1neo humano en calle 74 y playa. Al llegar al lugar, los efectivos constataron la veracidad de la denuncia, al encontrar\u2026","rel":"","context":"En \u00abREGIONALES\u00bb","block_context":{"text":"REGIONALES","link":"https:\/\/larevistadigital.com.ar\/blog\/category\/regionales\/"},"img":{"alt_text":"","src":"https:\/\/i0.wp.com\/larevistadigital.com.ar\/blog\/wp-content\/uploads\/ESTA-VA.jpg?fit=800%2C533&ssl=1&resize=350%2C200","width":350,"height":200,"srcset":"https:\/\/i0.wp.com\/larevistadigital.com.ar\/blog\/wp-content\/uploads\/ESTA-VA.jpg?fit=800%2C533&ssl=1&resize=350%2C200 1x, https:\/\/i0.wp.com\/larevistadigital.com.ar\/blog\/wp-content\/uploads\/ESTA-VA.jpg?fit=800%2C533&ssl=1&resize=525%2C300 1.5x, https:\/\/i0.wp.com\/larevistadigital.com.ar\/blog\/wp-content\/uploads\/ESTA-VA.jpg?fit=800%2C533&ssl=1&resize=700%2C400 2x"},"classes":[]},{"id":41950,"url":"https:\/\/larevistadigital.com.ar\/blog\/macabro-hallazgo-en-mar-del-plata-encuentran-un-craneo-y-restos-oseos-en-un-descampado\/","url_meta":{"origin":44511,"position":1},"title":"Macabro hallazgo en Mar del Plata: encuentran un cr\u00e1neo y restos \u00f3seos en un descampado","author":"Alejandro Sosa Ruda","date":"13 octubre, 2025","format":false,"excerpt":"El hallazgo se produjo en la tarde del lunes en el barrio Las Heras, a metros de la villa deportiva del Club General Urquiza. Los restos ser\u00e1n analizados por peritos para determinar su antig\u00fcedad y procedencia. 13 de Octubre de 2025 Un estremecedor descubrimiento conmocion\u00f3 este lunes por la tarde\u2026","rel":"","context":"En \u00abPOLICIALES\u00bb","block_context":{"text":"POLICIALES","link":"https:\/\/larevistadigital.com.ar\/blog\/category\/policiales\/"},"img":{"alt_text":"","src":"https:\/\/i0.wp.com\/larevistadigital.com.ar\/blog\/wp-content\/uploads\/Captura-de-pantalla-2025-10-13-222116.jpg?fit=794%2C435&ssl=1&resize=350%2C200","width":350,"height":200,"srcset":"https:\/\/i0.wp.com\/larevistadigital.com.ar\/blog\/wp-content\/uploads\/Captura-de-pantalla-2025-10-13-222116.jpg?fit=794%2C435&ssl=1&resize=350%2C200 1x, https:\/\/i0.wp.com\/larevistadigital.com.ar\/blog\/wp-content\/uploads\/Captura-de-pantalla-2025-10-13-222116.jpg?fit=794%2C435&ssl=1&resize=525%2C300 1.5x, https:\/\/i0.wp.com\/larevistadigital.com.ar\/blog\/wp-content\/uploads\/Captura-de-pantalla-2025-10-13-222116.jpg?fit=794%2C435&ssl=1&resize=700%2C400 2x"},"classes":[]},{"id":41317,"url":"https:\/\/larevistadigital.com.ar\/blog\/nuevo-hallazgo-en-ostende-aparecio-un-craneo-humano-en-la-playa\/","url_meta":{"origin":44511,"position":2},"title":"Nuevo hallazgo en Ostende: apareci\u00f3 un cr\u00e1neo humano en la playa","author":"Alejandro Sosa Ruda","date":"5 septiembre, 2025","format":false,"excerpt":"El descubrimiento de restos humanos en la playa de Ostende volvi\u00f3 a encender las alarmas judiciales en la regi\u00f3n. El caso recuerda al de Marcelo Medina, el joven geselino cuyo cuerpo fue hallado en partes meses atr\u00e1s y cuya investigaci\u00f3n a\u00fan contin\u00faa abierta. 05 de Septiembre de 2025 OSTENDE -\u00a0\u2026","rel":"","context":"En \u00abPOLICIALES\u00bb","block_context":{"text":"POLICIALES","link":"https:\/\/larevistadigital.com.ar\/blog\/category\/policiales\/"},"img":{"alt_text":"","src":"https:\/\/i0.wp.com\/larevistadigital.com.ar\/blog\/wp-content\/uploads\/20250905130208_hallazgo-playa-ostende-craneo-humano.jpg?fit=880%2C512&ssl=1&resize=350%2C200","width":350,"height":200,"srcset":"https:\/\/i0.wp.com\/larevistadigital.com.ar\/blog\/wp-content\/uploads\/20250905130208_hallazgo-playa-ostende-craneo-humano.jpg?fit=880%2C512&ssl=1&resize=350%2C200 1x, https:\/\/i0.wp.com\/larevistadigital.com.ar\/blog\/wp-content\/uploads\/20250905130208_hallazgo-playa-ostende-craneo-humano.jpg?fit=880%2C512&ssl=1&resize=525%2C300 1.5x, https:\/\/i0.wp.com\/larevistadigital.com.ar\/blog\/wp-content\/uploads\/20250905130208_hallazgo-playa-ostende-craneo-humano.jpg?fit=880%2C512&ssl=1&resize=700%2C400 2x"},"classes":[]},{"id":33097,"url":"https:\/\/larevistadigital.com.ar\/blog\/necochea-macabro-hallazgo-cortaba-el-cesped-en-la-vereda-y-se-encontro-con-un-craneo-humano\/","url_meta":{"origin":44511,"position":3},"title":"NECOCHEA: MACABRO HALLAZGO&#8230; CORTABA EL CESPED EN LA VEREDA Y SE ENCONTR\u00d3 CON UN CR\u00c1NEO HUMANO","author":"Alejandro Sosa Ruda","date":"28 agosto, 2023","format":false,"excerpt":"Un vecino, mientras se dispon\u00eda a cortar el c\u00e9sped de la vereda, se encontr\u00f3 con un cr\u00e1neo humano entre lonas y otros deshechos. De inmediato llam\u00f3 al servicio de emergencias 911 y la polic\u00eda acudi\u00f3 al lugar. NECOCHEA -\u00a0 El hombre, sorprendido por el hallazgo, alert\u00f3 de inmediato al servicio\u2026","rel":"","context":"En \u00abPOLICIALES\u00bb","block_context":{"text":"POLICIALES","link":"https:\/\/larevistadigital.com.ar\/blog\/category\/policiales\/"},"img":{"alt_text":"","src":"https:\/\/i0.wp.com\/larevistadigital.com.ar\/blog\/wp-content\/uploads\/20230827164349_craneo-neochea.jpg?fit=880%2C512&ssl=1&resize=350%2C200","width":350,"height":200,"srcset":"https:\/\/i0.wp.com\/larevistadigital.com.ar\/blog\/wp-content\/uploads\/20230827164349_craneo-neochea.jpg?fit=880%2C512&ssl=1&resize=350%2C200 1x, https:\/\/i0.wp.com\/larevistadigital.com.ar\/blog\/wp-content\/uploads\/20230827164349_craneo-neochea.jpg?fit=880%2C512&ssl=1&resize=525%2C300 1.5x, https:\/\/i0.wp.com\/larevistadigital.com.ar\/blog\/wp-content\/uploads\/20230827164349_craneo-neochea.jpg?fit=880%2C512&ssl=1&resize=700%2C400 2x"},"classes":[]},{"id":27080,"url":"https:\/\/larevistadigital.com.ar\/blog\/macabro-hallan-un-maxilar-inferior-en-una-playa-de-villa-gesell\/","url_meta":{"origin":44511,"position":4},"title":"MACABRO: HALLAN UN MAXILAR INFERIOR EN UNA PLAYA DE VILLA GESELL","author":"Alejandro Sosa Ruda","date":"9 agosto, 2022","format":false,"excerpt":"Un hallazgo misterioso se dio ayer en las playas del sur de Villa Gesell luego de que vecinos caminando por la playa se encontraran con restos \u00f3seos. VILLA GESELL -\u00a0 Se tratar\u00eda de un maxilar inferior con piezas dentales, por lo que la muestra ser\u00e1 pronta derivada a que se\u2026","rel":"","context":"En \u00abPOLICIALES\u00bb","block_context":{"text":"POLICIALES","link":"https:\/\/larevistadigital.com.ar\/blog\/category\/policiales\/"},"img":{"alt_text":"","src":"https:\/\/i0.wp.com\/larevistadigital.com.ar\/blog\/wp-content\/uploads\/557d9c9004fe9a483588437c0f28eb2796600d25.jpg?fit=880%2C512&ssl=1&resize=350%2C200","width":350,"height":200,"srcset":"https:\/\/i0.wp.com\/larevistadigital.com.ar\/blog\/wp-content\/uploads\/557d9c9004fe9a483588437c0f28eb2796600d25.jpg?fit=880%2C512&ssl=1&resize=350%2C200 1x, https:\/\/i0.wp.com\/larevistadigital.com.ar\/blog\/wp-content\/uploads\/557d9c9004fe9a483588437c0f28eb2796600d25.jpg?fit=880%2C512&ssl=1&resize=525%2C300 1.5x, https:\/\/i0.wp.com\/larevistadigital.com.ar\/blog\/wp-content\/uploads\/557d9c9004fe9a483588437c0f28eb2796600d25.jpg?fit=880%2C512&ssl=1&resize=700%2C400 2x"},"classes":[]},{"id":18217,"url":"https:\/\/larevistadigital.com.ar\/blog\/encuentran-huesos-humanos-en-una-playa-de-punta-mogotes-atencion-la-nota-contiene-la-imagen-que-podria-herir-la-sensibilidad-de-algunas-personas\/","url_meta":{"origin":44511,"position":5},"title":"ENCUENTRAN HUESOS HUMANOS EN UNA PLAYA DE PUNTA MOGOTES (ATENCI\u00d3N: LA NOTA CONTIENE LA IMAGEN, QUE PODR\u00cdA HERIR LA SENSIBILIDAD DE ALGUNAS PERSONAS)","author":"Alejandro Sosa Ruda","date":"18 diciembre, 2020","format":false,"excerpt":"El hallazgo ocurri\u00f3 esta ma\u00f1ana y ser\u00edan de alguna extremidad humano, La zona qued\u00f3 resguardada e investigan el origen de los huesos. Una d\u00eda de playa en Punta Mogotes tuvo un resultado inesperado para un grupo de personas que hallaron huesos aparentemente humanos y, ante tan macabra situaci\u00f3n, llamaron a\u2026","rel":"","context":"En \u00abPOLICIALES\u00bb","block_context":{"text":"POLICIALES","link":"https:\/\/larevistadigital.com.ar\/blog\/category\/policiales\/"},"img":{"alt_text":"","src":"https:\/\/i0.wp.com\/larevistadigital.com.ar\/blog\/wp-content\/uploads\/punta-mogotes.jpg?fit=1200%2C675&ssl=1&resize=350%2C200","width":350,"height":200,"srcset":"https:\/\/i0.wp.com\/larevistadigital.com.ar\/blog\/wp-content\/uploads\/punta-mogotes.jpg?fit=1200%2C675&ssl=1&resize=350%2C200 1x, https:\/\/i0.wp.com\/larevistadigital.com.ar\/blog\/wp-content\/uploads\/punta-mogotes.jpg?fit=1200%2C675&ssl=1&resize=525%2C300 1.5x, https:\/\/i0.wp.com\/larevistadigital.com.ar\/blog\/wp-content\/uploads\/punta-mogotes.jpg?fit=1200%2C675&ssl=1&resize=700%2C400 2x, https:\/\/i0.wp.com\/larevistadigital.com.ar\/blog\/wp-content\/uploads\/punta-mogotes.jpg?fit=1200%2C675&ssl=1&resize=1050%2C600 3x"},"classes":[]}],"_links":{"self":[{"href":"https:\/\/larevistadigital.com.ar\/blog\/wp-json\/wp\/v2\/posts\/44511","targetHints":{"allow":["GET"]}}],"collection":[{"href":"https:\/\/larevistadigital.com.ar\/blog\/wp-json\/wp\/v2\/posts"}],"about":[{"href":"https:\/\/larevistadigital.com.ar\/blog\/wp-json\/wp\/v2\/types\/post"}],"author":[{"embeddable":true,"href":"https:\/\/larevistadigital.com.ar\/blog\/wp-json\/wp\/v2\/users\/3"}],"replies":[{"embeddable":true,"href":"https:\/\/larevistadigital.com.ar\/blog\/wp-json\/wp\/v2\/comments?post=44511"}],"version-history":[{"count":2,"href":"https:\/\/larevistadigital.com.ar\/blog\/wp-json\/wp\/v2\/posts\/44511\/revisions"}],"predecessor-version":[{"id":44514,"href":"https:\/\/larevistadigital.com.ar\/blog\/wp-json\/wp\/v2\/posts\/44511\/revisions\/44514"}],"wp:featuredmedia":[{"embeddable":true,"href":"https:\/\/larevistadigital.com.ar\/blog\/wp-json\/wp\/v2\/media\/44512"}],"wp:attachment":[{"href":"https:\/\/larevistadigital.com.ar\/blog\/wp-json\/wp\/v2\/media?parent=44511"}],"wp:term":[{"taxonomy":"category","embeddable":true,"href":"https:\/\/larevistadigital.com.ar\/blog\/wp-json\/wp\/v2\/categories?post=44511"},{"taxonomy":"post_tag","embeddable":true,"href":"https:\/\/larevistadigital.com.ar\/blog\/wp-json\/wp\/v2\/tags?post=44511"}],"curies":[{"name":"wp","href":"https:\/\/api.w.org\/{rel}","templated":true}]}}