{"id":44520,"date":"2026-03-16T12:56:26","date_gmt":"2026-03-16T15:56:26","guid":{"rendered":"https:\/\/larevistadigital.com.ar\/blog\/?p=44520"},"modified":"2026-03-16T13:12:30","modified_gmt":"2026-03-16T16:12:30","slug":"chascomus-incendio-en-la-ex-fabrica-masis-durante-la-madrugada","status":"publish","type":"post","link":"https:\/\/larevistadigital.com.ar\/blog\/chascomus-incendio-en-la-ex-fabrica-masis-durante-la-madrugada\/","title":{"rendered":"Chascom\u00fas: Incendio en la ex f\u00e1brica Masis durante la madrugada"},"content":{"rendered":"<p data-start=\"84\" data-end=\"266\"><strong data-start=\"84\" data-end=\"266\"><span class=\"BZ_Pyq_fadeIn\">El <\/span><span class=\"BZ_Pyq_fadeIn\">siniestro <\/span><span class=\"BZ_Pyq_fadeIn\">se <\/span><span class=\"BZ_Pyq_fadeIn\">registr\u00f3 <\/span><span class=\"BZ_Pyq_fadeIn\">durante <\/span><span class=\"BZ_Pyq_fadeIn\">la <\/span><span class=\"BZ_Pyq_fadeIn\">madrugada <\/span><span class=\"BZ_Pyq_fadeIn\">en <\/span><span class=\"BZ_Pyq_fadeIn\">un <\/span><span class=\"BZ_Pyq_fadeIn\">galp\u00f3n <\/span><span class=\"BZ_Pyq_fadeIn\">ubicado <\/span><span class=\"BZ_Pyq_fadeIn\">sobre <\/span><span class=\"BZ_Pyq_fadeIn\">la <\/span><span class=\"BZ_Pyq_fadeIn\">avenida <\/span><span class=\"BZ_Pyq_fadeIn\">Presidente <\/span><span class=\"BZ_Pyq_fadeIn\">Alfons\u00edn. <\/span><span class=\"BZ_Pyq_fadeIn\">Bomberos <\/span><span class=\"BZ_Pyq_fadeIn\">trabajaron <\/span><span class=\"BZ_Pyq_fadeIn\">durante <\/span><span class=\"BZ_Pyq_fadeIn\">m\u00e1s <\/span><span class=\"BZ_Pyq_fadeIn\">de <\/span><span class=\"BZ_Pyq_fadeIn\">dos <\/span><span class=\"BZ_Pyq_fadeIn\">horas <\/span><span class=\"BZ_Pyq_fadeIn\">para <\/span><span class=\"BZ_Pyq_fadeIn\">controlar <\/span><span class=\"BZ_Pyq_fadeIn\">la <\/span><span class=\"BZ_Pyq_fadeIn\">situaci\u00f3n.<\/span><\/strong><\/p>\n<p data-start=\"268\" data-end=\"438\"><span class=\"BZ_Pyq_fadeIn\">Un <\/span><span class=\"BZ_Pyq_fadeIn\">incendio <\/span><span class=\"BZ_Pyq_fadeIn\">se <\/span><span class=\"BZ_Pyq_fadeIn\">registr\u00f3 <\/span><strong data-start=\"292\" data-end=\"330\"><span class=\"BZ_Pyq_fadeIn\">durante <\/span><span class=\"BZ_Pyq_fadeIn\">la <\/span><span class=\"BZ_Pyq_fadeIn\">madrugada <\/span><span class=\"BZ_Pyq_fadeIn\">de <\/span><span class=\"BZ_Pyq_fadeIn\">este <\/span><span class=\"BZ_Pyq_fadeIn\">lunes<\/span><\/strong> <span class=\"BZ_Pyq_fadeIn\">en <\/span><span class=\"BZ_Pyq_fadeIn\">el <\/span><span class=\"BZ_Pyq_fadeIn\">interior <\/span><span class=\"BZ_Pyq_fadeIn\">de <\/span><span class=\"BZ_Pyq_fadeIn\">la <\/span><span class=\"BZ_Pyq_fadeIn\">ex <\/span><span class=\"BZ_Pyq_fadeIn\">f\u00e1brica <\/span><strong data-start=\"363\" data-end=\"375\"><span class=\"BZ_Pyq_fadeIn\">Ex <\/span><span class=\"BZ_Pyq_fadeIn\">Masis<\/span><\/strong><span class=\"BZ_Pyq_fadeIn\">, <\/span><span class=\"BZ_Pyq_fadeIn\">ubicada <\/span><span class=\"BZ_Pyq_fadeIn\">en <\/span><strong data-start=\"388\" data-end=\"429\"><span class=\"hover:entity-accent entity-underline inline cursor-pointer align-baseline\"><span class=\"whitespace-normal\">Avenida Presidente Ra\u00fal Alfons\u00edn<\/span><\/span><\/strong> <span class=\"BZ_Pyq_fadeIn\">al <\/span><span class=\"BZ_Pyq_fadeIn\">1245.<\/span><\/p>\n<p data-start=\"268\" data-end=\"438\">16 de marzo de 2026<\/p>\n<p data-start=\"440\" data-end=\"698\"><span class=\"BZ_Pyq_fadeIn\"><strong>CHASCOM\u00daS\u00a0 &#8211;\u00a0<\/strong> \u00a0 El <\/span><span class=\"BZ_Pyq_fadeIn\">alerta <\/span><span class=\"BZ_Pyq_fadeIn\">se <\/span><span class=\"BZ_Pyq_fadeIn\">recibi\u00f3 <\/span><strong data-start=\"461\" data-end=\"474\"><span class=\"BZ_Pyq_fadeIn\">a <\/span><span class=\"BZ_Pyq_fadeIn\">la <\/span><span class=\"BZ_Pyq_fadeIn\">1:<\/span><span class=\"BZ_Pyq_fadeIn\">25<\/span><\/strong><span class=\"BZ_Pyq_fadeIn\">, <\/span><span class=\"BZ_Pyq_fadeIn\">cuando <\/span><span class=\"BZ_Pyq_fadeIn\">un <\/span><span class=\"BZ_Pyq_fadeIn\">llamado <\/span><span class=\"BZ_Pyq_fadeIn\">telef\u00f3nico <\/span><span class=\"BZ_Pyq_fadeIn\">inform\u00f3 <\/span><span class=\"BZ_Pyq_fadeIn\">que <\/span><span class=\"BZ_Pyq_fadeIn\">se <\/span><span class=\"BZ_Pyq_fadeIn\">estaba <\/span><span class=\"BZ_Pyq_fadeIn\">produciendo <\/span><span class=\"BZ_Pyq_fadeIn\">un <\/span><span class=\"BZ_Pyq_fadeIn\">foco <\/span><span class=\"BZ_Pyq_fadeIn\">\u00edgneo <\/span><span class=\"BZ_Pyq_fadeIn\">dentro <\/span><span class=\"BZ_Pyq_fadeIn\">del <\/span><span class=\"BZ_Pyq_fadeIn\">predio <\/span><span class=\"BZ_Pyq_fadeIn\">industrial. <\/span><span class=\"BZ_Pyq_fadeIn\">De <\/span><span class=\"BZ_Pyq_fadeIn\">inmediato <\/span><span class=\"BZ_Pyq_fadeIn\">se <\/span><span class=\"BZ_Pyq_fadeIn\">activ\u00f3 <\/span><span class=\"BZ_Pyq_fadeIn\">el <\/span><span class=\"BZ_Pyq_fadeIn\">operativo <\/span><span class=\"BZ_Pyq_fadeIn\">y <\/span><span class=\"BZ_Pyq_fadeIn\">partieron <\/span><span class=\"BZ_Pyq_fadeIn\">varias <\/span><span class=\"BZ_Pyq_fadeIn\">dotaciones <\/span><span class=\"BZ_Pyq_fadeIn\">de <\/span><span class=\"BZ_Pyq_fadeIn\">los <\/span><strong data-start=\"656\" data-end=\"697\"><span class=\"hover:entity-accent entity-underline inline cursor-pointer align-baseline\"><span class=\"whitespace-normal\">Bomberos Voluntarios de Chascom\u00fas<\/span><\/span><\/strong><span class=\"BZ_Pyq_fadeIn\">.<\/span><\/p>\n<p data-start=\"700\" data-end=\"901\"><span class=\"BZ_Pyq_fadeIn\">Las <\/span><span class=\"BZ_Pyq_fadeIn\">unidades <\/span><strong data-start=\"713\" data-end=\"738\"><span class=\"BZ_Pyq_fadeIn\">N\u00b0<\/span><span class=\"BZ_Pyq_fadeIn\">11, <\/span><span class=\"BZ_Pyq_fadeIn\">6, <\/span><span class=\"BZ_Pyq_fadeIn\">21, <\/span><span class=\"BZ_Pyq_fadeIn\">13 <\/span><span class=\"BZ_Pyq_fadeIn\">y <\/span><span class=\"BZ_Pyq_fadeIn\">16R<\/span><\/strong> <span class=\"BZ_Pyq_fadeIn\">trabajaron <\/span><span class=\"BZ_Pyq_fadeIn\">en <\/span><span class=\"BZ_Pyq_fadeIn\">el <\/span><span class=\"BZ_Pyq_fadeIn\">lugar <\/span><span class=\"BZ_Pyq_fadeIn\">bajo <\/span><span class=\"BZ_Pyq_fadeIn\">el <\/span><span class=\"BZ_Pyq_fadeIn\">mando <\/span><span class=\"BZ_Pyq_fadeIn\">del <\/span><strong data-start=\"780\" data-end=\"835\"><span class=\"BZ_Pyq_fadeIn\">Subcomandante <\/span><span class=\"hover:entity-accent entity-underline inline cursor-pointer align-baseline\"><span class=\"whitespace-normal\">Leandro Lannes<\/span><\/span><\/strong> <span class=\"BZ_Pyq_fadeIn\">y <\/span><span class=\"BZ_Pyq_fadeIn\">del <\/span><strong data-start=\"842\" data-end=\"900\"><span class=\"BZ_Pyq_fadeIn\">Oficial <\/span><span class=\"BZ_Pyq_fadeIn\">Ayudante <\/span><span class=\"hover:entity-accent entity-underline inline cursor-pointer align-baseline\"><span class=\"whitespace-normal\">Marcelo Bianco<\/span><\/span><\/strong><span class=\"BZ_Pyq_fadeIn\">.<\/span><\/p>\n<h3 data-section-id=\"13lg5hm\" data-start=\"903\" data-end=\"946\"><span style=\"color: #ff0000\"><span class=\"BZ_Pyq_fadeIn\">Fuego <\/span><span class=\"BZ_Pyq_fadeIn\">en <\/span><span class=\"BZ_Pyq_fadeIn\">un <\/span><span class=\"BZ_Pyq_fadeIn\">veh\u00edculo <\/span><span class=\"BZ_Pyq_fadeIn\">dentro <\/span><span class=\"BZ_Pyq_fadeIn\">de <\/span><span class=\"BZ_Pyq_fadeIn\">una <\/span><span class=\"BZ_Pyq_fadeIn\">nave<\/span><\/span><\/h3>\n<p data-start=\"948\" data-end=\"1104\"><span class=\"BZ_Pyq_fadeIn\">Al <\/span><span class=\"BZ_Pyq_fadeIn\">arribar <\/span><span class=\"BZ_Pyq_fadeIn\">al <\/span><span class=\"BZ_Pyq_fadeIn\">lugar, <\/span><span class=\"BZ_Pyq_fadeIn\">los <\/span><span class=\"BZ_Pyq_fadeIn\">bomberos <\/span><span class=\"BZ_Pyq_fadeIn\">comprobaron <\/span><span class=\"BZ_Pyq_fadeIn\">que <\/span><strong data-start=\"998\" data-end=\"1103\"><span class=\"BZ_Pyq_fadeIn\">el <\/span><span class=\"BZ_Pyq_fadeIn\">incendio <\/span><span class=\"BZ_Pyq_fadeIn\">se <\/span><span class=\"BZ_Pyq_fadeIn\">hab\u00eda <\/span><span class=\"BZ_Pyq_fadeIn\">originado <\/span><span class=\"BZ_Pyq_fadeIn\">en <\/span><span class=\"BZ_Pyq_fadeIn\">un <\/span><span class=\"BZ_Pyq_fadeIn\">veh\u00edculo <\/span><span class=\"BZ_Pyq_fadeIn\">que <\/span><span class=\"BZ_Pyq_fadeIn\">se <\/span><span class=\"BZ_Pyq_fadeIn\">encontraba <\/span><span class=\"BZ_Pyq_fadeIn\">dentro <\/span><span class=\"BZ_Pyq_fadeIn\">de <\/span><span class=\"BZ_Pyq_fadeIn\">una <\/span><span class=\"BZ_Pyq_fadeIn\">de <\/span><span class=\"BZ_Pyq_fadeIn\">las <\/span><span class=\"BZ_Pyq_fadeIn\">naves <\/span><span class=\"BZ_Pyq_fadeIn\">del <\/span><span class=\"BZ_Pyq_fadeIn\">predio<\/span><\/strong><span class=\"BZ_Pyq_fadeIn\">.<\/span><\/p>\n<p data-start=\"1106\" data-end=\"1296\"><span class=\"BZ_Pyq_fadeIn\">Las <\/span><span class=\"BZ_Pyq_fadeIn\">llamas <\/span><strong data-start=\"1117\" data-end=\"1195\"><span class=\"BZ_Pyq_fadeIn\">afectaron <\/span><span class=\"BZ_Pyq_fadeIn\">adem\u00e1s <\/span><span class=\"BZ_Pyq_fadeIn\">conductos <\/span><span class=\"BZ_Pyq_fadeIn\">de <\/span><span class=\"BZ_Pyq_fadeIn\">ventilaci\u00f3n <\/span><span class=\"BZ_Pyq_fadeIn\">y <\/span><span class=\"BZ_Pyq_fadeIn\">parte <\/span><span class=\"BZ_Pyq_fadeIn\">del <\/span><span class=\"BZ_Pyq_fadeIn\">mobiliario <\/span><span class=\"BZ_Pyq_fadeIn\">del <\/span><span class=\"BZ_Pyq_fadeIn\">lugar<\/span><\/strong><span class=\"BZ_Pyq_fadeIn\">, <\/span><span class=\"BZ_Pyq_fadeIn\">lo <\/span><span class=\"BZ_Pyq_fadeIn\">que <\/span><span class=\"BZ_Pyq_fadeIn\">oblig\u00f3 <\/span><span class=\"BZ_Pyq_fadeIn\">a <\/span><span class=\"BZ_Pyq_fadeIn\">realizar <\/span><span class=\"BZ_Pyq_fadeIn\">un <\/span><span class=\"BZ_Pyq_fadeIn\">intenso <\/span><span class=\"BZ_Pyq_fadeIn\">trabajo <\/span><span class=\"BZ_Pyq_fadeIn\">para <\/span><span class=\"BZ_Pyq_fadeIn\">evitar <\/span><span class=\"BZ_Pyq_fadeIn\">que <\/span><span class=\"BZ_Pyq_fadeIn\">el <\/span><span class=\"BZ_Pyq_fadeIn\">fuego <\/span><span class=\"BZ_Pyq_fadeIn\">se <\/span><span class=\"BZ_Pyq_fadeIn\">propagara <\/span><span class=\"BZ_Pyq_fadeIn\">a <\/span><span class=\"BZ_Pyq_fadeIn\">otros <\/span><span class=\"BZ_Pyq_fadeIn\">sectores.<\/span><\/p>\n<h3 data-section-id=\"qw2qk\" data-start=\"1298\" data-end=\"1325\"><span style=\"color: #ff0000\"><span class=\"BZ_Pyq_fadeIn\">Extinci\u00f3n <\/span><span class=\"BZ_Pyq_fadeIn\">y <\/span><span class=\"BZ_Pyq_fadeIn\">ventilaci\u00f3n<\/span><\/span><\/h3>\n<p data-start=\"1327\" data-end=\"1520\"><span class=\"BZ_Pyq_fadeIn\">El <\/span><span class=\"BZ_Pyq_fadeIn\">personal <\/span><span class=\"BZ_Pyq_fadeIn\">llev\u00f3 <\/span><span class=\"BZ_Pyq_fadeIn\">adelante <\/span><strong data-start=\"1354\" data-end=\"1405\"><span class=\"BZ_Pyq_fadeIn\">tareas <\/span><span class=\"BZ_Pyq_fadeIn\">de <\/span><span class=\"BZ_Pyq_fadeIn\">extinci\u00f3n, <\/span><span class=\"BZ_Pyq_fadeIn\">enfriamiento <\/span><span class=\"BZ_Pyq_fadeIn\">y <\/span><span class=\"BZ_Pyq_fadeIn\">ventilaci\u00f3n<\/span><\/strong> <span class=\"BZ_Pyq_fadeIn\">dentro <\/span><span class=\"BZ_Pyq_fadeIn\">de <\/span><span class=\"BZ_Pyq_fadeIn\">la <\/span><span class=\"BZ_Pyq_fadeIn\">nave <\/span><span class=\"BZ_Pyq_fadeIn\">afectada <\/span><span class=\"BZ_Pyq_fadeIn\">para <\/span><span class=\"BZ_Pyq_fadeIn\">eliminar <\/span><span class=\"BZ_Pyq_fadeIn\">por <\/span><span class=\"BZ_Pyq_fadeIn\">completo <\/span><span class=\"BZ_Pyq_fadeIn\">el <\/span><span class=\"BZ_Pyq_fadeIn\">foco <\/span><span class=\"BZ_Pyq_fadeIn\">\u00edgneo <\/span><span class=\"BZ_Pyq_fadeIn\">y <\/span><span class=\"BZ_Pyq_fadeIn\">reducir <\/span><span class=\"BZ_Pyq_fadeIn\">la <\/span><span class=\"BZ_Pyq_fadeIn\">presencia <\/span><span class=\"BZ_Pyq_fadeIn\">de <\/span><span class=\"BZ_Pyq_fadeIn\">humo <\/span><span class=\"BZ_Pyq_fadeIn\">en <\/span><span class=\"BZ_Pyq_fadeIn\">el <\/span><span class=\"BZ_Pyq_fadeIn\">ambiente.<\/span><\/p>\n<blockquote>\n<h3 data-start=\"1522\" data-end=\"1676\"><span class=\"BZ_Pyq_fadeIn\">Una <\/span><span class=\"BZ_Pyq_fadeIn\">vez <\/span><span class=\"BZ_Pyq_fadeIn\">controlada <\/span><span class=\"BZ_Pyq_fadeIn\">la <\/span><span class=\"BZ_Pyq_fadeIn\">situaci\u00f3n <\/span><span class=\"BZ_Pyq_fadeIn\">y <\/span><span class=\"BZ_Pyq_fadeIn\">realizadas <\/span><span class=\"BZ_Pyq_fadeIn\">las <\/span><span class=\"BZ_Pyq_fadeIn\">tareas <\/span><span class=\"BZ_Pyq_fadeIn\">preventivas <\/span><span class=\"BZ_Pyq_fadeIn\">correspondientes, <\/span><strong data-start=\"1608\" data-end=\"1675\"><span class=\"BZ_Pyq_fadeIn\">las <\/span><span class=\"BZ_Pyq_fadeIn\">dotaciones <\/span><span class=\"BZ_Pyq_fadeIn\">regresaron <\/span><span class=\"BZ_Pyq_fadeIn\">al <\/span><span class=\"BZ_Pyq_fadeIn\">cuartel <\/span><span class=\"BZ_Pyq_fadeIn\">a <\/span><span class=\"BZ_Pyq_fadeIn\">las <\/span><span class=\"BZ_Pyq_fadeIn\">3:<\/span><span class=\"BZ_Pyq_fadeIn\">55 <\/span><span class=\"BZ_Pyq_fadeIn\">de <\/span><span class=\"BZ_Pyq_fadeIn\">la <\/span><span class=\"BZ_Pyq_fadeIn\">madrugada<\/span><\/strong><span class=\"BZ_Pyq_fadeIn\">.<\/span><\/h3>\n<\/blockquote>\n<p data-start=\"1678\" data-end=\"1754\" data-is-last-node=\"\" data-is-only-node=\"\"><span class=\"BZ_Pyq_fadeIn\">Hasta <\/span><span class=\"BZ_Pyq_fadeIn\">el <\/span><span class=\"BZ_Pyq_fadeIn\">momento <\/span><strong data-start=\"1695\" data-end=\"1753\"><span class=\"BZ_Pyq_fadeIn\">no <\/span><span class=\"BZ_Pyq_fadeIn\">se <\/span><span class=\"BZ_Pyq_fadeIn\">informaron <\/span><span class=\"BZ_Pyq_fadeIn\">las <\/span><span class=\"BZ_Pyq_fadeIn\">causas <\/span><span class=\"BZ_Pyq_fadeIn\">que <\/span><span class=\"BZ_Pyq_fadeIn\">originaron <\/span><span class=\"BZ_Pyq_fadeIn\">el <\/span><span class=\"BZ_Pyq_fadeIn\">incendio<\/span><\/strong><span class=\"BZ_Pyq_fadeIn\">.<\/span><\/p>\n<p data-start=\"1678\" data-end=\"1754\" data-is-last-node=\"\" data-is-only-node=\"\">imagen: El Fuerte Diario<\/p>\n","protected":false},"excerpt":{"rendered":"<div class=\"mh-excerpt\"><p>El siniestro se registr\u00f3 durante la madrugada en un galp\u00f3n ubicado sobre la avenida Presidente Alfons\u00edn. Bomberos trabajaron durante m\u00e1s de dos horas para controlar la situaci\u00f3n. Un incendio se registr\u00f3 durante la madrugada de <a class=\"mh-excerpt-more\" href=\"https:\/\/larevistadigital.com.ar\/blog\/chascomus-incendio-en-la-ex-fabrica-masis-durante-la-madrugada\/\" title=\"Chascom\u00fas: Incendio en la ex f\u00e1brica Masis durante la madrugada\">[Leer M\u00e1s]<\/a><\/p>\n<\/div>","protected":false},"author":3,"featured_media":44521,"comment_status":"open","ping_status":"open","sticky":false,"template":"","format":"standard","meta":{"_jetpack_memberships_contains_paid_content":false,"footnotes":"","jetpack_publicize_message":"","jetpack_publicize_feature_enabled":true,"jetpack_social_post_already_shared":true,"jetpack_social_options":{"image_generator_settings":{"template":"highway","default_image_id":0,"font":"","enabled":false},"version":2}},"categories":[6,50],"tags":[],"class_list":{"0":"post-44520","1":"post","2":"type-post","3":"status-publish","4":"format-standard","5":"has-post-thumbnail","7":"category-chascomus","8":"category-interes-general"},"jetpack_publicize_connections":[],"jetpack_featured_media_url":"https:\/\/i0.wp.com\/larevistadigital.com.ar\/blog\/wp-content\/uploads\/Captura-de-pantalla-2026-03-16-125412.jpg?fit=830%2C473&ssl=1","jetpack_sharing_enabled":true,"jetpack_shortlink":"https:\/\/wp.me\/p8qtrQ-bA4","jetpack-related-posts":[{"id":40896,"url":"https:\/\/larevistadigital.com.ar\/blog\/chascomus-fueron-detectados-pescadores-furtivos-en-la-laguna-durante-la-madrugada\/","url_meta":{"origin":44520,"position":0},"title":"Chascom\u00fas: Fueron detectados pescadores furtivos en la laguna durante la madrugada","author":"Alejandro Sosa Ruda","date":"13 agosto, 2025","format":false,"excerpt":"Gracias a una intervenci\u00f3n conjunta de la Patrulla de Prevenci\u00f3n Municipal y la Polic\u00eda Rural. 13 de Agosto de 2025 CHASCOM\u00daS -\u00a0 \u00a0En un operativo realizado en horas de la madrugada, la Patrulla de Prevenci\u00f3n Municipal identific\u00f3 una situaci\u00f3n de pesca furtiva en la zona de la Costanera, entre las\u2026","rel":"","context":"En \u00abCHASCOM\u00daS\u00bb","block_context":{"text":"CHASCOM\u00daS","link":"https:\/\/larevistadigital.com.ar\/blog\/category\/chascomus\/"},"img":{"alt_text":"","src":"https:\/\/i0.wp.com\/larevistadigital.com.ar\/blog\/wp-content\/uploads\/689ccefc8cd84.png?fit=668%2C445&ssl=1&resize=350%2C200","width":350,"height":200,"srcset":"https:\/\/i0.wp.com\/larevistadigital.com.ar\/blog\/wp-content\/uploads\/689ccefc8cd84.png?fit=668%2C445&ssl=1&resize=350%2C200 1x, https:\/\/i0.wp.com\/larevistadigital.com.ar\/blog\/wp-content\/uploads\/689ccefc8cd84.png?fit=668%2C445&ssl=1&resize=525%2C300 1.5x"},"classes":[]},{"id":13543,"url":"https:\/\/larevistadigital.com.ar\/blog\/chascomus-inadaptados-destruyen-el-vidrio-de-un-auto-durante-la-madrugada\/","url_meta":{"origin":44520,"position":1},"title":"CHASCOM\u00daS: INADAPTADOS DESTRUYEN EL VIDRIO DE UN AUTO DURANTE LA MADRUGADA","author":"Alejandro Sosa Ruda","date":"7 diciembre, 2019","format":false,"excerpt":"Un hecho de vandalismo tuvo lugar en la madrugada de ayer, cuando entre las 4,45hs y las 7 de la ma\u00f1ana, un autom\u00f3vil Peugeot 106 que estaba estacionado sobre calle Bol\u00edvar en cercan\u00edas a Quintana, sufri\u00f3 la rotura del el parabrisas trasero, aunque del veh\u00edculo no se sustrajo nada. Se\u2026","rel":"","context":"En \u00abINTERES GENERAL\u00bb","block_context":{"text":"INTERES GENERAL","link":"https:\/\/larevistadigital.com.ar\/blog\/category\/interes-general\/"},"img":{"alt_text":"","src":"https:\/\/i0.wp.com\/larevistadigital.com.ar\/blog\/wp-content\/uploads\/vandalismo_07dediciembrede2019_elfuerte.jpg?fit=737%2C415&ssl=1&resize=350%2C200","width":350,"height":200,"srcset":"https:\/\/i0.wp.com\/larevistadigital.com.ar\/blog\/wp-content\/uploads\/vandalismo_07dediciembrede2019_elfuerte.jpg?fit=737%2C415&ssl=1&resize=350%2C200 1x, https:\/\/i0.wp.com\/larevistadigital.com.ar\/blog\/wp-content\/uploads\/vandalismo_07dediciembrede2019_elfuerte.jpg?fit=737%2C415&ssl=1&resize=525%2C300 1.5x, https:\/\/i0.wp.com\/larevistadigital.com.ar\/blog\/wp-content\/uploads\/vandalismo_07dediciembrede2019_elfuerte.jpg?fit=737%2C415&ssl=1&resize=700%2C400 2x"},"classes":[]},{"id":38389,"url":"https:\/\/larevistadigital.com.ar\/blog\/chascomus-se-detuvieron-a-5-personas-por-ebriedad-y-desorden-durante-ano-nuevo\/","url_meta":{"origin":44520,"position":2},"title":"Chascom\u00fas: Se detuvieron a 5 personas por ebriedad y des\u00f3rden durante a\u00f1o nuevo","author":"Alejandro Sosa Ruda","date":"2 enero, 2025","format":false,"excerpt":"CHASCOM\u00daS -\u00a0 En el operativo desarrollado en la jornada festiva de a\u00f1o nuevo, se produjo la detencion de 5 personas aisladamente durante toda la madrugada por ebriedad y desorden en la via publica. Por otra parte se recibieron denuncias por delito contra la propiedad, las cuales ya se encuentran en\u2026","rel":"","context":"En \u00abDESTACADAS\u00bb","block_context":{"text":"DESTACADAS","link":"https:\/\/larevistadigital.com.ar\/blog\/category\/destacadas\/"},"img":{"alt_text":"","src":"https:\/\/i0.wp.com\/larevistadigital.com.ar\/blog\/wp-content\/uploads\/policia-24-9-2021-4.jpg?fit=1199%2C1200&ssl=1&resize=350%2C200","width":350,"height":200,"srcset":"https:\/\/i0.wp.com\/larevistadigital.com.ar\/blog\/wp-content\/uploads\/policia-24-9-2021-4.jpg?fit=1199%2C1200&ssl=1&resize=350%2C200 1x, https:\/\/i0.wp.com\/larevistadigital.com.ar\/blog\/wp-content\/uploads\/policia-24-9-2021-4.jpg?fit=1199%2C1200&ssl=1&resize=525%2C300 1.5x, https:\/\/i0.wp.com\/larevistadigital.com.ar\/blog\/wp-content\/uploads\/policia-24-9-2021-4.jpg?fit=1199%2C1200&ssl=1&resize=700%2C400 2x, https:\/\/i0.wp.com\/larevistadigital.com.ar\/blog\/wp-content\/uploads\/policia-24-9-2021-4.jpg?fit=1199%2C1200&ssl=1&resize=1050%2C600 3x"},"classes":[]},{"id":24373,"url":"https:\/\/larevistadigital.com.ar\/blog\/arboles-caidos-cables-y-otros-danos-chascomus-amanecio-con-las-consecuencias-del-temporal-de-la-madrugada\/","url_meta":{"origin":44520,"position":3},"title":"ARBOLES CA\u00cdDOS, CABLES Y OTROS DA\u00d1OS: CHASCOM\u00daS AMANECI\u00d3 CON LAS CONSECUENCIAS DEL TEMPORAL DE LA MADRUGADA&#8230;","author":"Alejandro Sosa Ruda","date":"7 marzo, 2022","format":false,"excerpt":"CHASCOM\u00daS -\u00a0 Durante la madrugada de ayer, aproximadamente a las 4:00 am la lluvia se vio acompa\u00f1ada por fuertes vientos, que azotaron a gran parte de la provincia de Buenos Aires, y l\u00f3gicamente, Chascom\u00fas no fue la excepci\u00f3n. Tal como en otros lugares, hubo ca\u00eddas de ramas, y \u00e1rboles enteros,\u2026","rel":"","context":"En \u00abDESTACADAS\u00bb","block_context":{"text":"DESTACADAS","link":"https:\/\/larevistadigital.com.ar\/blog\/category\/destacadas\/"},"img":{"alt_text":"","src":"https:\/\/i0.wp.com\/larevistadigital.com.ar\/blog\/wp-content\/uploads\/WhatsApp-Image-2022-03-07-at-09.50.50.jpeg?fit=900%2C1200&ssl=1&resize=350%2C200","width":350,"height":200,"srcset":"https:\/\/i0.wp.com\/larevistadigital.com.ar\/blog\/wp-content\/uploads\/WhatsApp-Image-2022-03-07-at-09.50.50.jpeg?fit=900%2C1200&ssl=1&resize=350%2C200 1x, https:\/\/i0.wp.com\/larevistadigital.com.ar\/blog\/wp-content\/uploads\/WhatsApp-Image-2022-03-07-at-09.50.50.jpeg?fit=900%2C1200&ssl=1&resize=525%2C300 1.5x, https:\/\/i0.wp.com\/larevistadigital.com.ar\/blog\/wp-content\/uploads\/WhatsApp-Image-2022-03-07-at-09.50.50.jpeg?fit=900%2C1200&ssl=1&resize=700%2C400 2x"},"classes":[]},{"id":45121,"url":"https:\/\/larevistadigital.com.ar\/blog\/chascomus-robo-a-una-mujer-con-similitudes-a-un-hecho-durante-la-misma-noche\/","url_meta":{"origin":44520,"position":4},"title":"Chascom\u00fas: Robo a una mujer, con similitudes a un hecho durante la misma noche","author":"Alejandro Sosa Ruda","date":"16 abril, 2026","format":false,"excerpt":"Investigan a tres delincuentes por ambos hechos. Los episodios ocurrieron durante la madrugada y con caracter\u00edsticas coincidentes. Las v\u00edctimas fueron asistidas por personal de salud y acompa\u00f1adas por la Secretar\u00eda de Seguridad. Interviene la DDI. 15 de abril de 2026 CHASCOM\u00daS -\u00a0 \u00a0Dos hechos de robo con un mismo patr\u00f3n\u2026","rel":"","context":"En \u00abINTERES GENERAL\u00bb","block_context":{"text":"INTERES GENERAL","link":"https:\/\/larevistadigital.com.ar\/blog\/category\/interes-general\/"},"img":{"alt_text":"","src":"https:\/\/i0.wp.com\/larevistadigital.com.ar\/blog\/wp-content\/uploads\/080621065041_XGy1p4KVTamin-1.jpg?fit=650%2C370&ssl=1&resize=350%2C200","width":350,"height":200,"srcset":"https:\/\/i0.wp.com\/larevistadigital.com.ar\/blog\/wp-content\/uploads\/080621065041_XGy1p4KVTamin-1.jpg?fit=650%2C370&ssl=1&resize=350%2C200 1x, https:\/\/i0.wp.com\/larevistadigital.com.ar\/blog\/wp-content\/uploads\/080621065041_XGy1p4KVTamin-1.jpg?fit=650%2C370&ssl=1&resize=525%2C300 1.5x"},"classes":[]},{"id":38832,"url":"https:\/\/larevistadigital.com.ar\/blog\/chascomus-no-se-registraron-inconvenientes-durante-la-tormenta\/","url_meta":{"origin":44520,"position":5},"title":"Chascom\u00fas: No se registraron inconvenientes durante la tormenta","author":"Alejandro Sosa Ruda","date":"24 febrero, 2025","format":false,"excerpt":"Se recomienda a los vecinos revisar desag\u00fces debido al pron\u00f3stico de lluvias continuas. 24 de Febrero de 2025 CHASCOM\u00daS -\u00a0 \u00a0A pesar de las intensas lluvias que se registraron en la ciudad durante la madrugada del lunes, tras varios d\u00edas de calor agobiante, no se produjeron inconvenientes graves. La Secretar\u00eda\u2026","rel":"","context":"En \u00abCHASCOM\u00daS\u00bb","block_context":{"text":"CHASCOM\u00daS","link":"https:\/\/larevistadigital.com.ar\/blog\/category\/chascomus\/"},"img":{"alt_text":"","src":"https:\/\/i0.wp.com\/larevistadigital.com.ar\/blog\/wp-content\/uploads\/67bca2f0a0b6e.png?fit=668%2C445&ssl=1&resize=350%2C200","width":350,"height":200,"srcset":"https:\/\/i0.wp.com\/larevistadigital.com.ar\/blog\/wp-content\/uploads\/67bca2f0a0b6e.png?fit=668%2C445&ssl=1&resize=350%2C200 1x, https:\/\/i0.wp.com\/larevistadigital.com.ar\/blog\/wp-content\/uploads\/67bca2f0a0b6e.png?fit=668%2C445&ssl=1&resize=525%2C300 1.5x"},"classes":[]}],"_links":{"self":[{"href":"https:\/\/larevistadigital.com.ar\/blog\/wp-json\/wp\/v2\/posts\/44520","targetHints":{"allow":["GET"]}}],"collection":[{"href":"https:\/\/larevistadigital.com.ar\/blog\/wp-json\/wp\/v2\/posts"}],"about":[{"href":"https:\/\/larevistadigital.com.ar\/blog\/wp-json\/wp\/v2\/types\/post"}],"author":[{"embeddable":true,"href":"https:\/\/larevistadigital.com.ar\/blog\/wp-json\/wp\/v2\/users\/3"}],"replies":[{"embeddable":true,"href":"https:\/\/larevistadigital.com.ar\/blog\/wp-json\/wp\/v2\/comments?post=44520"}],"version-history":[{"count":1,"href":"https:\/\/larevistadigital.com.ar\/blog\/wp-json\/wp\/v2\/posts\/44520\/revisions"}],"predecessor-version":[{"id":44522,"href":"https:\/\/larevistadigital.com.ar\/blog\/wp-json\/wp\/v2\/posts\/44520\/revisions\/44522"}],"wp:featuredmedia":[{"embeddable":true,"href":"https:\/\/larevistadigital.com.ar\/blog\/wp-json\/wp\/v2\/media\/44521"}],"wp:attachment":[{"href":"https:\/\/larevistadigital.com.ar\/blog\/wp-json\/wp\/v2\/media?parent=44520"}],"wp:term":[{"taxonomy":"category","embeddable":true,"href":"https:\/\/larevistadigital.com.ar\/blog\/wp-json\/wp\/v2\/categories?post=44520"},{"taxonomy":"post_tag","embeddable":true,"href":"https:\/\/larevistadigital.com.ar\/blog\/wp-json\/wp\/v2\/tags?post=44520"}],"curies":[{"name":"wp","href":"https:\/\/api.w.org\/{rel}","templated":true}]}}