{"id":44523,"date":"2026-03-16T13:54:09","date_gmt":"2026-03-16T16:54:09","guid":{"rendered":"https:\/\/larevistadigital.com.ar\/blog\/?p=44523"},"modified":"2026-03-16T13:54:53","modified_gmt":"2026-03-16T16:54:53","slug":"femicidio-en-general-lavalle-una-mujer-fue-asesinada-y-detuvieron-a-su-expareja","status":"publish","type":"post","link":"https:\/\/larevistadigital.com.ar\/blog\/femicidio-en-general-lavalle-una-mujer-fue-asesinada-y-detuvieron-a-su-expareja\/","title":{"rendered":"Femicidio en General Lavalle: una mujer fue asesinada y detuvieron a su expareja"},"content":{"rendered":"<p data-start=\"85\" data-end=\"237\"><strong data-start=\"85\" data-end=\"237\"><span class=\"BZ_Pyq_fadeIn\">La <\/span><span class=\"BZ_Pyq_fadeIn\">v\u00edctima <\/span><span class=\"BZ_Pyq_fadeIn\">ten\u00eda <\/span><span class=\"BZ_Pyq_fadeIn\">43 <\/span><span class=\"BZ_Pyq_fadeIn\">a\u00f1os <\/span><span class=\"BZ_Pyq_fadeIn\">y <\/span><span class=\"BZ_Pyq_fadeIn\">trabajaba <\/span><span class=\"BZ_Pyq_fadeIn\">en <\/span><span class=\"BZ_Pyq_fadeIn\">el <\/span><span class=\"BZ_Pyq_fadeIn\">municipio. <\/span><span class=\"BZ_Pyq_fadeIn\">El <\/span><span class=\"BZ_Pyq_fadeIn\">principal <\/span><span class=\"BZ_Pyq_fadeIn\">sospechoso <\/span><span class=\"BZ_Pyq_fadeIn\">fue <\/span><span class=\"BZ_Pyq_fadeIn\">detenido <\/span><span class=\"BZ_Pyq_fadeIn\">tras <\/span><span class=\"BZ_Pyq_fadeIn\">presentar <\/span><span class=\"BZ_Pyq_fadeIn\">manchas <\/span><span class=\"BZ_Pyq_fadeIn\">de <\/span><span class=\"BZ_Pyq_fadeIn\">sangre <\/span><span class=\"BZ_Pyq_fadeIn\">y <\/span><span class=\"BZ_Pyq_fadeIn\">lesiones <\/span><span class=\"BZ_Pyq_fadeIn\">en <\/span><span class=\"BZ_Pyq_fadeIn\">su <\/span><span class=\"BZ_Pyq_fadeIn\">cuerpo.<\/span><\/strong><\/p>\n<p data-start=\"85\" data-end=\"237\">16 de marzo de 2026<\/p>\n<p data-start=\"239\" data-end=\"449\"><span class=\"BZ_Pyq_fadeIn\"><strong>GENERAL LAVALLE &#8211;\u00a0<\/strong> \u00a0Un <\/span><span class=\"BZ_Pyq_fadeIn\">brutal <\/span><span class=\"BZ_Pyq_fadeIn\">femicidio <\/span><span class=\"BZ_Pyq_fadeIn\">conmociona <\/span><span class=\"BZ_Pyq_fadeIn\">por <\/span><span class=\"BZ_Pyq_fadeIn\">estas <\/span><span class=\"BZ_Pyq_fadeIn\">horas <\/span><span class=\"BZ_Pyq_fadeIn\">a <\/span><span class=\"BZ_Pyq_fadeIn\">la <\/span><span class=\"BZ_Pyq_fadeIn\">comunidad <\/span><span class=\"BZ_Pyq_fadeIn\">de <\/span><strong data-start=\"304\" data-end=\"345\"><span class=\"hover:entity-accent entity-underline inline cursor-pointer align-baseline\"><span class=\"whitespace-normal\">General Lavalle<\/span><\/span><\/strong><span class=\"BZ_Pyq_fadeIn\">, <\/span><span class=\"BZ_Pyq_fadeIn\">donde <\/span><span class=\"BZ_Pyq_fadeIn\">una <\/span><span class=\"BZ_Pyq_fadeIn\">mujer <\/span><span class=\"BZ_Pyq_fadeIn\">de <\/span><strong data-start=\"366\" data-end=\"406\"><span class=\"BZ_Pyq_fadeIn\">43 <\/span><span class=\"BZ_Pyq_fadeIn\">a\u00f1os <\/span><span class=\"BZ_Pyq_fadeIn\">fue <\/span><span class=\"BZ_Pyq_fadeIn\">asesinada <\/span><span class=\"BZ_Pyq_fadeIn\">en <\/span><span class=\"BZ_Pyq_fadeIn\">su <\/span><span class=\"BZ_Pyq_fadeIn\">vivienda<\/span><\/strong> <span class=\"BZ_Pyq_fadeIn\">y <\/span><span class=\"BZ_Pyq_fadeIn\">por <\/span><span class=\"BZ_Pyq_fadeIn\">el <\/span><span class=\"BZ_Pyq_fadeIn\">hecho <\/span><span class=\"BZ_Pyq_fadeIn\">qued\u00f3 <\/span><span class=\"BZ_Pyq_fadeIn\">detenido <\/span><span class=\"BZ_Pyq_fadeIn\">su <\/span><span class=\"BZ_Pyq_fadeIn\">expareja.<\/span><\/p>\n<p data-start=\"451\" data-end=\"777\"><span class=\"BZ_Pyq_fadeIn\">La <\/span><span class=\"BZ_Pyq_fadeIn\">v\u00edctima <\/span><span class=\"BZ_Pyq_fadeIn\">fue <\/span><span class=\"BZ_Pyq_fadeIn\">identificada <\/span><span class=\"BZ_Pyq_fadeIn\">como <\/span><strong data-start=\"484\" data-end=\"525\"><span class=\"hover:entity-accent entity-underline inline cursor-pointer align-baseline\"><span class=\"whitespace-normal\">Eugenia Mandiburu<\/span><\/span><\/strong><span class=\"BZ_Pyq_fadeIn\">, <\/span><span class=\"BZ_Pyq_fadeIn\">trabajadora <\/span><span class=\"BZ_Pyq_fadeIn\">municipal, <\/span><span class=\"BZ_Pyq_fadeIn\">quien <\/span><span class=\"BZ_Pyq_fadeIn\">fue <\/span><span class=\"BZ_Pyq_fadeIn\">hallada <\/span><span class=\"BZ_Pyq_fadeIn\">sin <\/span><span class=\"BZ_Pyq_fadeIn\">vida <\/span><span class=\"BZ_Pyq_fadeIn\">dentro <\/span><span class=\"BZ_Pyq_fadeIn\">de <\/span><span class=\"BZ_Pyq_fadeIn\">su <\/span><span class=\"BZ_Pyq_fadeIn\">casa <\/span><span class=\"BZ_Pyq_fadeIn\">ubicada <\/span><span class=\"BZ_Pyq_fadeIn\">sobre <\/span><strong data-start=\"609\" data-end=\"650\"><span class=\"hover:entity-accent entity-underline inline cursor-pointer align-baseline\"><span class=\"whitespace-normal\">Calle Cordine<\/span><\/span><\/strong><span class=\"BZ_Pyq_fadeIn\">, <\/span><span class=\"BZ_Pyq_fadeIn\">entre <\/span><strong data-start=\"658\" data-end=\"699\"><span class=\"hover:entity-accent entity-underline inline cursor-pointer align-baseline\"><span class=\"whitespace-normal\">Calle Laines<\/span><\/span><\/strong> <span class=\"BZ_Pyq_fadeIn\">y <\/span><strong data-start=\"702\" data-end=\"743\"><span class=\"hover:entity-accent entity-underline inline cursor-pointer align-baseline\"><span class=\"whitespace-normal\">Calle Bartolom\u00e9 Mitre<\/span><\/span><\/strong><span class=\"BZ_Pyq_fadeIn\">, <\/span><span class=\"BZ_Pyq_fadeIn\">en <\/span><span class=\"BZ_Pyq_fadeIn\">el <\/span><span class=\"BZ_Pyq_fadeIn\">casco <\/span><span class=\"BZ_Pyq_fadeIn\">urbano <\/span><span class=\"BZ_Pyq_fadeIn\">de <\/span><span class=\"BZ_Pyq_fadeIn\">la <\/span><span class=\"BZ_Pyq_fadeIn\">ciudad.<\/span><\/p>\n<h3 data-section-id=\"a1dmuk\" data-start=\"779\" data-end=\"814\"><span style=\"color: #ff0000\"><span class=\"BZ_Pyq_fadeIn\">Un <\/span><span class=\"BZ_Pyq_fadeIn\">ataque <\/span><span class=\"BZ_Pyq_fadeIn\">dentro <\/span><span class=\"BZ_Pyq_fadeIn\">de <\/span><span class=\"BZ_Pyq_fadeIn\">la <\/span><span class=\"BZ_Pyq_fadeIn\">vivienda<\/span><\/span><\/h3>\n<p data-start=\"816\" data-end=\"1072\"><span class=\"BZ_Pyq_fadeIn\">Seg\u00fan <\/span><span class=\"BZ_Pyq_fadeIn\">los <\/span><span class=\"BZ_Pyq_fadeIn\">primeros <\/span><span class=\"BZ_Pyq_fadeIn\">datos <\/span><span class=\"BZ_Pyq_fadeIn\">de <\/span><span class=\"BZ_Pyq_fadeIn\">la <\/span><span class=\"BZ_Pyq_fadeIn\">investigaci\u00f3n, <\/span><span class=\"BZ_Pyq_fadeIn\">el <\/span><span class=\"BZ_Pyq_fadeIn\">crimen <\/span><span class=\"BZ_Pyq_fadeIn\">habr\u00eda <\/span><span class=\"BZ_Pyq_fadeIn\">ocurrido <\/span><strong data-start=\"888\" data-end=\"949\"><span class=\"BZ_Pyq_fadeIn\">en <\/span><span class=\"BZ_Pyq_fadeIn\">medio <\/span><span class=\"BZ_Pyq_fadeIn\">de <\/span><span class=\"BZ_Pyq_fadeIn\">un <\/span><span class=\"BZ_Pyq_fadeIn\">episodio <\/span><span class=\"BZ_Pyq_fadeIn\">de <\/span><span class=\"BZ_Pyq_fadeIn\">violencia <\/span><span class=\"BZ_Pyq_fadeIn\">dentro <\/span><span class=\"BZ_Pyq_fadeIn\">del <\/span><span class=\"BZ_Pyq_fadeIn\">domicilio<\/span><\/strong><span class=\"BZ_Pyq_fadeIn\">. <\/span><span class=\"BZ_Pyq_fadeIn\">Los <\/span><span class=\"BZ_Pyq_fadeIn\">investigadores <\/span><span class=\"BZ_Pyq_fadeIn\">indicaron <\/span><span class=\"BZ_Pyq_fadeIn\">que <\/span><span class=\"BZ_Pyq_fadeIn\">la <\/span><span class=\"BZ_Pyq_fadeIn\">mujer <\/span><strong data-start=\"993\" data-end=\"1031\"><span class=\"BZ_Pyq_fadeIn\">fue <\/span><span class=\"BZ_Pyq_fadeIn\">atacada <\/span><span class=\"BZ_Pyq_fadeIn\">con <\/span><span class=\"BZ_Pyq_fadeIn\">un <\/span><span class=\"BZ_Pyq_fadeIn\">objeto <\/span><span class=\"BZ_Pyq_fadeIn\">punzante<\/span><\/strong><span class=\"BZ_Pyq_fadeIn\">, <\/span><span class=\"BZ_Pyq_fadeIn\">lo <\/span><span class=\"BZ_Pyq_fadeIn\">que <\/span><span class=\"BZ_Pyq_fadeIn\">le <\/span><span class=\"BZ_Pyq_fadeIn\">provoc\u00f3 <\/span><span class=\"BZ_Pyq_fadeIn\">una <\/span><strong data-start=\"1055\" data-end=\"1071\"><span class=\"BZ_Pyq_fadeIn\">herida <\/span><span class=\"BZ_Pyq_fadeIn\">fatal<\/span><\/strong><span class=\"BZ_Pyq_fadeIn\">.<\/span><\/p>\n<p data-start=\"1074\" data-end=\"1176\"><span class=\"BZ_Pyq_fadeIn\">Tras <\/span><span class=\"BZ_Pyq_fadeIn\">el <\/span><span class=\"BZ_Pyq_fadeIn\">ataque, <\/span><span class=\"BZ_Pyq_fadeIn\">el <\/span><span class=\"BZ_Pyq_fadeIn\">agresor <\/span><strong data-start=\"1101\" data-end=\"1175\"><span class=\"BZ_Pyq_fadeIn\">habr\u00eda <\/span><span class=\"BZ_Pyq_fadeIn\">ocultado <\/span><span class=\"BZ_Pyq_fadeIn\">el <\/span><span class=\"BZ_Pyq_fadeIn\">cuerpo <\/span><span class=\"BZ_Pyq_fadeIn\">detr\u00e1s <\/span><span class=\"BZ_Pyq_fadeIn\">de <\/span><span class=\"BZ_Pyq_fadeIn\">un <\/span><span class=\"BZ_Pyq_fadeIn\">sill\u00f3n <\/span><span class=\"BZ_Pyq_fadeIn\">y <\/span><span class=\"BZ_Pyq_fadeIn\">abandonado <\/span><span class=\"BZ_Pyq_fadeIn\">la <\/span><span class=\"BZ_Pyq_fadeIn\">vivienda<\/span><\/strong><span class=\"BZ_Pyq_fadeIn\">.<\/span><\/p>\n<h3 data-section-id=\"7o3bq7\" data-start=\"1178\" data-end=\"1205\"><span style=\"color: #ff0000\"><span class=\"BZ_Pyq_fadeIn\">El <\/span><span class=\"BZ_Pyq_fadeIn\">principal <\/span><span class=\"BZ_Pyq_fadeIn\">sospechoso<\/span><\/span><\/h3>\n<p data-start=\"1207\" data-end=\"1300\"><span class=\"BZ_Pyq_fadeIn\">El <\/span><span class=\"BZ_Pyq_fadeIn\">principal <\/span><span class=\"BZ_Pyq_fadeIn\">sospechoso <\/span><span class=\"BZ_Pyq_fadeIn\">es <\/span><strong data-start=\"1234\" data-end=\"1275\"><span class=\"hover:entity-accent entity-underline inline cursor-pointer align-baseline\"><span class=\"whitespace-normal\">Javier Flores<\/span><\/span><\/strong><span class=\"BZ_Pyq_fadeIn\">, <\/span><span class=\"BZ_Pyq_fadeIn\">expareja <\/span><span class=\"BZ_Pyq_fadeIn\">de <\/span><span class=\"BZ_Pyq_fadeIn\">la <\/span><span class=\"BZ_Pyq_fadeIn\">v\u00edctima.<\/span><\/p>\n<p data-start=\"1302\" data-end=\"1501\"><span class=\"BZ_Pyq_fadeIn\">De <\/span><span class=\"BZ_Pyq_fadeIn\">acuerdo <\/span><span class=\"BZ_Pyq_fadeIn\">con <\/span><span class=\"BZ_Pyq_fadeIn\">testimonios <\/span><span class=\"BZ_Pyq_fadeIn\">recogidos <\/span><span class=\"BZ_Pyq_fadeIn\">en <\/span><span class=\"BZ_Pyq_fadeIn\">la <\/span><span class=\"BZ_Pyq_fadeIn\">zona, <\/span><span class=\"BZ_Pyq_fadeIn\">luego <\/span><span class=\"BZ_Pyq_fadeIn\">del <\/span><span class=\"BZ_Pyq_fadeIn\">hecho <\/span><span class=\"BZ_Pyq_fadeIn\">el <\/span><span class=\"BZ_Pyq_fadeIn\">hombre <\/span><strong data-start=\"1377\" data-end=\"1455\"><span class=\"BZ_Pyq_fadeIn\">se <\/span><span class=\"BZ_Pyq_fadeIn\">habr\u00eda <\/span><span class=\"BZ_Pyq_fadeIn\">acercado <\/span><span class=\"BZ_Pyq_fadeIn\">al <\/span><span class=\"BZ_Pyq_fadeIn\">sector <\/span><span class=\"BZ_Pyq_fadeIn\">donde <\/span><span class=\"BZ_Pyq_fadeIn\">se <\/span><span class=\"BZ_Pyq_fadeIn\">desarrollaban <\/span><span class=\"BZ_Pyq_fadeIn\">los <\/span><span class=\"BZ_Pyq_fadeIn\">corsos <\/span><span class=\"BZ_Pyq_fadeIn\">de <\/span><span class=\"BZ_Pyq_fadeIn\">carnaval<\/span><\/strong> <span class=\"BZ_Pyq_fadeIn\">en <\/span><strong data-start=\"1459\" data-end=\"1500\"><span class=\"hover:entity-accent entity-underline inline cursor-pointer align-baseline\"><span class=\"whitespace-normal\">General Lavalle<\/span><\/span><\/strong><span class=\"BZ_Pyq_fadeIn\">.<\/span><\/p>\n<blockquote>\n<h3 data-start=\"1503\" data-end=\"1715\"><span class=\"BZ_Pyq_fadeIn\">Su <\/span><span class=\"BZ_Pyq_fadeIn\">presencia <\/span><strong data-start=\"1516\" data-end=\"1556\"><span class=\"BZ_Pyq_fadeIn\">llam\u00f3 <\/span><span class=\"BZ_Pyq_fadeIn\">la <\/span><span class=\"BZ_Pyq_fadeIn\">atenci\u00f3n <\/span><span class=\"BZ_Pyq_fadeIn\">de <\/span><span class=\"BZ_Pyq_fadeIn\">varias <\/span><span class=\"BZ_Pyq_fadeIn\">personas<\/span><\/strong><span class=\"BZ_Pyq_fadeIn\">, <\/span><span class=\"BZ_Pyq_fadeIn\">ya <\/span><span class=\"BZ_Pyq_fadeIn\">que <\/span><span class=\"BZ_Pyq_fadeIn\">presentaba <\/span><strong data-start=\"1576\" data-end=\"1660\"><span class=\"BZ_Pyq_fadeIn\">manchas <\/span><span class=\"BZ_Pyq_fadeIn\">de <\/span><span class=\"BZ_Pyq_fadeIn\">sangre <\/span><span class=\"BZ_Pyq_fadeIn\">en <\/span><span class=\"BZ_Pyq_fadeIn\">la <\/span><span class=\"BZ_Pyq_fadeIn\">ropa, <\/span><span class=\"BZ_Pyq_fadeIn\">marcas <\/span><span class=\"BZ_Pyq_fadeIn\">en <\/span><span class=\"BZ_Pyq_fadeIn\">la <\/span><span class=\"BZ_Pyq_fadeIn\">nuca <\/span><span class=\"BZ_Pyq_fadeIn\">y <\/span><span class=\"BZ_Pyq_fadeIn\">una <\/span><span class=\"BZ_Pyq_fadeIn\">lesi\u00f3n <\/span><span class=\"BZ_Pyq_fadeIn\">en <\/span><span class=\"BZ_Pyq_fadeIn\">uno <\/span><span class=\"BZ_Pyq_fadeIn\">de <\/span><span class=\"BZ_Pyq_fadeIn\">sus <\/span><span class=\"BZ_Pyq_fadeIn\">dedos<\/span><\/strong><span class=\"BZ_Pyq_fadeIn\">, <\/span><span class=\"BZ_Pyq_fadeIn\">lo <\/span><span class=\"BZ_Pyq_fadeIn\">que <\/span><span class=\"BZ_Pyq_fadeIn\">termin\u00f3 <\/span><span class=\"BZ_Pyq_fadeIn\">reforzando <\/span><span class=\"BZ_Pyq_fadeIn\">las <\/span><span class=\"BZ_Pyq_fadeIn\">sospechas <\/span><span class=\"BZ_Pyq_fadeIn\">en <\/span><span class=\"BZ_Pyq_fadeIn\">su <\/span><span class=\"BZ_Pyq_fadeIn\">contra.<\/span><\/h3>\n<\/blockquote>\n<p data-start=\"1717\" data-end=\"1861\" data-is-last-node=\"\" data-is-only-node=\"\"><span class=\"BZ_Pyq_fadeIn\">La <\/span><span class=\"BZ_Pyq_fadeIn\">investigaci\u00f3n <\/span><span class=\"BZ_Pyq_fadeIn\">contin\u00faa <\/span><span class=\"BZ_Pyq_fadeIn\">para <\/span><strong data-start=\"1748\" data-end=\"1860\"><span class=\"BZ_Pyq_fadeIn\">reconstruir <\/span><span class=\"BZ_Pyq_fadeIn\">con <\/span><span class=\"BZ_Pyq_fadeIn\">precisi\u00f3n <\/span><span class=\"BZ_Pyq_fadeIn\">c\u00f3mo <\/span><span class=\"BZ_Pyq_fadeIn\">ocurri\u00f3 <\/span><span class=\"BZ_Pyq_fadeIn\">el <\/span><span class=\"BZ_Pyq_fadeIn\">crimen <\/span><span class=\"BZ_Pyq_fadeIn\">y <\/span><span class=\"BZ_Pyq_fadeIn\">determinar <\/span><span class=\"BZ_Pyq_fadeIn\">las <\/span><span class=\"BZ_Pyq_fadeIn\">responsabilidades <\/span><span class=\"BZ_Pyq_fadeIn\">penales <\/span><span class=\"BZ_Pyq_fadeIn\">correspondientes<\/span><\/strong><span class=\"BZ_Pyq_fadeIn\">.<\/span><\/p>\n<p data-start=\"1717\" data-end=\"1861\" data-is-last-node=\"\" data-is-only-node=\"\">FUENTE E IMAGEN: entrel\u00edneas.info<\/p>\n","protected":false},"excerpt":{"rendered":"<div class=\"mh-excerpt\"><p>La v\u00edctima ten\u00eda 43 a\u00f1os y trabajaba en el municipio. El principal sospechoso fue detenido tras presentar manchas de sangre y lesiones en su cuerpo. 16 de marzo de 2026 GENERAL LAVALLE &#8211;\u00a0 \u00a0Un brutal <a class=\"mh-excerpt-more\" href=\"https:\/\/larevistadigital.com.ar\/blog\/femicidio-en-general-lavalle-una-mujer-fue-asesinada-y-detuvieron-a-su-expareja\/\" title=\"Femicidio en General Lavalle: una mujer fue asesinada y detuvieron a su expareja\">[Leer M\u00e1s]<\/a><\/p>\n<\/div>","protected":false},"author":3,"featured_media":44524,"comment_status":"open","ping_status":"open","sticky":false,"template":"","format":"standard","meta":{"_jetpack_memberships_contains_paid_content":false,"footnotes":"","jetpack_publicize_message":"","jetpack_publicize_feature_enabled":true,"jetpack_social_post_already_shared":true,"jetpack_social_options":{"image_generator_settings":{"template":"highway","default_image_id":0,"font":"","enabled":false},"version":2}},"categories":[44,51],"tags":[],"class_list":{"0":"post-44523","1":"post","2":"type-post","3":"status-publish","4":"format-standard","5":"has-post-thumbnail","7":"category-policiales","8":"category-regionales"},"jetpack_publicize_connections":[],"jetpack_featured_media_url":"https:\/\/i0.wp.com\/larevistadigital.com.ar\/blog\/wp-content\/uploads\/3c2a9039716f4573c7e9084d9ee765cb8f251475.jpg?fit=1140%2C759&ssl=1","jetpack_sharing_enabled":true,"jetpack_shortlink":"https:\/\/wp.me\/p8qtrQ-bA7","jetpack-related-posts":[{"id":9188,"url":"https:\/\/larevistadigital.com.ar\/blog\/se-suicido-el-perito-osvaldo-raffo-quien-fue-el-que-aseguro-que-nismann-fue-asesinado\/","url_meta":{"origin":44523,"position":0},"title":"SE SUICID\u00d3 EL PERITO OSVALDO RAFFO, QUIEN FUE EL QUE ASEGUR\u00d3 QUE NISMANN FUE ASESINADO","author":"Alejandro Sosa Ruda","date":"18 marzo, 2019","format":false,"excerpt":"Su cuerpo fue hallado en su casa de San Mart\u00edn junto a una nota final y un arma calibre .38: ten\u00eda 88 a\u00f1os El perito forense Osvaldo Hugo Raffo fue encontrado muerto a los 88 a\u00f1os. Su cuerpo fue encontrado en su casa de San Mart\u00edn por su cuidadora, llamada\u2026","rel":"","context":"En \u00abDESTACADAS\u00bb","block_context":{"text":"DESTACADAS","link":"https:\/\/larevistadigital.com.ar\/blog\/category\/destacadas\/"},"img":{"alt_text":"","src":"https:\/\/i0.wp.com\/larevistadigital.com.ar\/blog\/wp-content\/uploads\/2019\/03\/osvaldo-raffo.jpg_793492074.jpg?fit=718%2C452&ssl=1&resize=350%2C200","width":350,"height":200,"srcset":"https:\/\/i0.wp.com\/larevistadigital.com.ar\/blog\/wp-content\/uploads\/2019\/03\/osvaldo-raffo.jpg_793492074.jpg?fit=718%2C452&ssl=1&resize=350%2C200 1x, https:\/\/i0.wp.com\/larevistadigital.com.ar\/blog\/wp-content\/uploads\/2019\/03\/osvaldo-raffo.jpg_793492074.jpg?fit=718%2C452&ssl=1&resize=525%2C300 1.5x, https:\/\/i0.wp.com\/larevistadigital.com.ar\/blog\/wp-content\/uploads\/2019\/03\/osvaldo-raffo.jpg_793492074.jpg?fit=718%2C452&ssl=1&resize=700%2C400 2x"},"classes":[]},{"id":20833,"url":"https:\/\/larevistadigital.com.ar\/blog\/quiso-defener-a-su-cuanada-y-fue-asesiado-por-su-hermano\/","url_meta":{"origin":44523,"position":1},"title":"QUISO DEFENER A SU CUA\u00d1ADA, Y FUE ASESINADO POR SU HERMANO","author":"Alejandro Sosa Ruda","date":"22 junio, 2021","format":false,"excerpt":"Un\u00a0hombre fue asesinado de un balazo por su hermano cuando sali\u00f3 en defensa de su cu\u00f1ada, que era v\u00edctima de violencia de g\u00e9nero. Un hombre fue asesinado de un balazo por su hermano cuando sali\u00f3 en defensa de su cu\u00f1ada, que era v\u00edctima de violencia de g\u00e9nero, en una vivienda\u2026","rel":"","context":"En \u00abINTERES GENERAL\u00bb","block_context":{"text":"INTERES GENERAL","link":"https:\/\/larevistadigital.com.ar\/blog\/category\/interes-general\/"},"img":{"alt_text":"","src":"https:\/\/i0.wp.com\/larevistadigital.com.ar\/blog\/wp-content\/uploads\/0007698692.jpeg?fit=1004%2C565&ssl=1&resize=350%2C200","width":350,"height":200,"srcset":"https:\/\/i0.wp.com\/larevistadigital.com.ar\/blog\/wp-content\/uploads\/0007698692.jpeg?fit=1004%2C565&ssl=1&resize=350%2C200 1x, https:\/\/i0.wp.com\/larevistadigital.com.ar\/blog\/wp-content\/uploads\/0007698692.jpeg?fit=1004%2C565&ssl=1&resize=525%2C300 1.5x, https:\/\/i0.wp.com\/larevistadigital.com.ar\/blog\/wp-content\/uploads\/0007698692.jpeg?fit=1004%2C565&ssl=1&resize=700%2C400 2x"},"classes":[]},{"id":19901,"url":"https:\/\/larevistadigital.com.ar\/blog\/buscan-joven-que-se-fue-con-su-novio-hace-4-dias-y-desaparecio\/","url_meta":{"origin":44523,"position":2},"title":"BUSCAN JOVEN QUE SE FUE CON SU NOVIO HACE 4 D\u00cdAS Y DESAPARECI\u00d3","author":"Alejandro Sosa Ruda","date":"28 abril, 2021","format":false,"excerpt":"Jennifer Blanco desapareci\u00f3 de su casa el s\u00e1bado pasado y todav\u00eda no hay detalles de su paradero. Su familia la busca desesperadamente. Horas de gran preocupaci\u00f3n se viven en Melchor Romero por la desaparici\u00f3n de\u00a0Jennifer Blanco, de 17 a\u00f1os, quien se fue de su casa el pasado s\u00e1bado y nada\u2026","rel":"","context":"En \u00abDESTACADAS\u00bb","block_context":{"text":"DESTACADAS","link":"https:\/\/larevistadigital.com.ar\/blog\/category\/destacadas\/"},"img":{"alt_text":"","src":"https:\/\/i0.wp.com\/larevistadigital.com.ar\/blog\/wp-content\/uploads\/CORTA.jpg?fit=900%2C892&ssl=1&resize=350%2C200","width":350,"height":200,"srcset":"https:\/\/i0.wp.com\/larevistadigital.com.ar\/blog\/wp-content\/uploads\/CORTA.jpg?fit=900%2C892&ssl=1&resize=350%2C200 1x, https:\/\/i0.wp.com\/larevistadigital.com.ar\/blog\/wp-content\/uploads\/CORTA.jpg?fit=900%2C892&ssl=1&resize=525%2C300 1.5x, https:\/\/i0.wp.com\/larevistadigital.com.ar\/blog\/wp-content\/uploads\/CORTA.jpg?fit=900%2C892&ssl=1&resize=700%2C400 2x"},"classes":[]},{"id":12384,"url":"https:\/\/larevistadigital.com.ar\/blog\/horror-hombre-degollo-a-su-ex-novia-y-los-vecinos-casi-lo-linchan\/","url_meta":{"origin":44523,"position":3},"title":"HORROR: HOMBRE DEGOLL\u00d3 A SU EX NOVIA, Y LOS VECINOS CASI LO LINCHAN","author":"Alejandro Sosa Ruda","date":"30 septiembre, 2019","format":false,"excerpt":"Un hombre de nacionalidad paraguaya mat\u00f3 a su ex pareja, Miriam Adela Portillo,\u00a0de 39 a\u00f1os. Despu\u00e9s, fue atacado por familiares de la v\u00edctima y vecinos del lugar. El femicida fue trasladado al Hospital Mi Pueblo donde constataron que presenta hundimiento de cr\u00e1neo.\u00a0 El caso conmociona a todo Florencio Varela. Una\u2026","rel":"","context":"En \u00abINTERES GENERAL\u00bb","block_context":{"text":"INTERES GENERAL","link":"https:\/\/larevistadigital.com.ar\/blog\/category\/interes-general\/"},"img":{"alt_text":"","src":"https:\/\/i0.wp.com\/larevistadigital.com.ar\/blog\/wp-content\/uploads\/0023097206.jpg?fit=1030%2C474&ssl=1&resize=350%2C200","width":350,"height":200,"srcset":"https:\/\/i0.wp.com\/larevistadigital.com.ar\/blog\/wp-content\/uploads\/0023097206.jpg?fit=1030%2C474&ssl=1&resize=350%2C200 1x, https:\/\/i0.wp.com\/larevistadigital.com.ar\/blog\/wp-content\/uploads\/0023097206.jpg?fit=1030%2C474&ssl=1&resize=525%2C300 1.5x, https:\/\/i0.wp.com\/larevistadigital.com.ar\/blog\/wp-content\/uploads\/0023097206.jpg?fit=1030%2C474&ssl=1&resize=700%2C400 2x"},"classes":[]},{"id":31214,"url":"https:\/\/larevistadigital.com.ar\/blog\/dolores-fue-condenado-por-abusar-de-los-alumnos-particulares-de-su-esposa-la-mujer-fue-absuelta\/","url_meta":{"origin":44523,"position":4},"title":"DOLORES: FUE CONDENADO POR ABUSAR DE LOS ALUMNOS PARTICULARES DE SU ESPOSA. LA MUJER FUE ABSUELTA","author":"Alejandro Sosa Ruda","date":"24 abril, 2023","format":false,"excerpt":"Esteban Sosa abus\u00f3 de ni\u00f1os que ten\u00edan entre 6 y 10 a\u00f1os y concurr\u00edan a su casa para tomar clases particulares con su esposa, no qued\u00f3 acreditada la participaci\u00f3n de la mujer. 24 de abril de 2023 DOLORES -\u00a0 El Tribunal Oral N\u00ba 1 dict\u00f3 la sentencia en el caso\u2026","rel":"","context":"En \u00abDOLORES\u00bb","block_context":{"text":"DOLORES","link":"https:\/\/larevistadigital.com.ar\/blog\/category\/dolores\/"},"img":{"alt_text":"","src":"https:\/\/i0.wp.com\/larevistadigital.com.ar\/blog\/wp-content\/uploads\/1a0f30622921843faa2c9781eb37b3e59202a671.jpg?fit=1140%2C684&ssl=1&resize=350%2C200","width":350,"height":200,"srcset":"https:\/\/i0.wp.com\/larevistadigital.com.ar\/blog\/wp-content\/uploads\/1a0f30622921843faa2c9781eb37b3e59202a671.jpg?fit=1140%2C684&ssl=1&resize=350%2C200 1x, https:\/\/i0.wp.com\/larevistadigital.com.ar\/blog\/wp-content\/uploads\/1a0f30622921843faa2c9781eb37b3e59202a671.jpg?fit=1140%2C684&ssl=1&resize=525%2C300 1.5x, https:\/\/i0.wp.com\/larevistadigital.com.ar\/blog\/wp-content\/uploads\/1a0f30622921843faa2c9781eb37b3e59202a671.jpg?fit=1140%2C684&ssl=1&resize=700%2C400 2x, https:\/\/i0.wp.com\/larevistadigital.com.ar\/blog\/wp-content\/uploads\/1a0f30622921843faa2c9781eb37b3e59202a671.jpg?fit=1140%2C684&ssl=1&resize=1050%2C600 3x"},"classes":[]},{"id":41490,"url":"https:\/\/larevistadigital.com.ar\/blog\/violencia-familiar-en-cordoba-joven-aspirante-a-policia-fue-apunalado-por-su-padrastro\/","url_meta":{"origin":44523,"position":5},"title":"Violencia familiar en C\u00f3rdoba: joven aspirante a polic\u00eda fue apu\u00f1alado por su padrastro","author":"Alejandro Sosa Ruda","date":"16 septiembre, 2025","format":false,"excerpt":"Un estudiante de la Escuela de Suboficiales de la Polic\u00eda de C\u00f3rdoba, de 24 a\u00f1os, permanece internado tras ser herido con un arma blanca durante una discusi\u00f3n con su padrastro en Villa Sarmiento. El agresor, de 61 a\u00f1os, fue detenido minutos despu\u00e9s. 16 de septiembre de 2025 CORDOBA -\u00a0 \u00a0Un\u2026","rel":"","context":"En \u00abINTERES GENERAL\u00bb","block_context":{"text":"INTERES GENERAL","link":"https:\/\/larevistadigital.com.ar\/blog\/category\/interes-general\/"},"img":{"alt_text":"","src":"https:\/\/i0.wp.com\/larevistadigital.com.ar\/blog\/wp-content\/uploads\/1620734310362-1.jpg?fit=1200%2C594&ssl=1&resize=350%2C200","width":350,"height":200,"srcset":"https:\/\/i0.wp.com\/larevistadigital.com.ar\/blog\/wp-content\/uploads\/1620734310362-1.jpg?fit=1200%2C594&ssl=1&resize=350%2C200 1x, https:\/\/i0.wp.com\/larevistadigital.com.ar\/blog\/wp-content\/uploads\/1620734310362-1.jpg?fit=1200%2C594&ssl=1&resize=525%2C300 1.5x, https:\/\/i0.wp.com\/larevistadigital.com.ar\/blog\/wp-content\/uploads\/1620734310362-1.jpg?fit=1200%2C594&ssl=1&resize=700%2C400 2x, https:\/\/i0.wp.com\/larevistadigital.com.ar\/blog\/wp-content\/uploads\/1620734310362-1.jpg?fit=1200%2C594&ssl=1&resize=1050%2C600 3x"},"classes":[]}],"_links":{"self":[{"href":"https:\/\/larevistadigital.com.ar\/blog\/wp-json\/wp\/v2\/posts\/44523","targetHints":{"allow":["GET"]}}],"collection":[{"href":"https:\/\/larevistadigital.com.ar\/blog\/wp-json\/wp\/v2\/posts"}],"about":[{"href":"https:\/\/larevistadigital.com.ar\/blog\/wp-json\/wp\/v2\/types\/post"}],"author":[{"embeddable":true,"href":"https:\/\/larevistadigital.com.ar\/blog\/wp-json\/wp\/v2\/users\/3"}],"replies":[{"embeddable":true,"href":"https:\/\/larevistadigital.com.ar\/blog\/wp-json\/wp\/v2\/comments?post=44523"}],"version-history":[{"count":2,"href":"https:\/\/larevistadigital.com.ar\/blog\/wp-json\/wp\/v2\/posts\/44523\/revisions"}],"predecessor-version":[{"id":44526,"href":"https:\/\/larevistadigital.com.ar\/blog\/wp-json\/wp\/v2\/posts\/44523\/revisions\/44526"}],"wp:featuredmedia":[{"embeddable":true,"href":"https:\/\/larevistadigital.com.ar\/blog\/wp-json\/wp\/v2\/media\/44524"}],"wp:attachment":[{"href":"https:\/\/larevistadigital.com.ar\/blog\/wp-json\/wp\/v2\/media?parent=44523"}],"wp:term":[{"taxonomy":"category","embeddable":true,"href":"https:\/\/larevistadigital.com.ar\/blog\/wp-json\/wp\/v2\/categories?post=44523"},{"taxonomy":"post_tag","embeddable":true,"href":"https:\/\/larevistadigital.com.ar\/blog\/wp-json\/wp\/v2\/tags?post=44523"}],"curies":[{"name":"wp","href":"https:\/\/api.w.org\/{rel}","templated":true}]}}