{"id":44527,"date":"2026-03-16T14:26:31","date_gmt":"2026-03-16T17:26:31","guid":{"rendered":"https:\/\/larevistadigital.com.ar\/blog\/?p=44527"},"modified":"2026-03-16T14:35:46","modified_gmt":"2026-03-16T17:35:46","slug":"volco-un-micro-rumbo-a-mar-del-plata-con-mas-de-40-heridos","status":"publish","type":"post","link":"https:\/\/larevistadigital.com.ar\/blog\/volco-un-micro-rumbo-a-mar-del-plata-con-mas-de-40-heridos\/","title":{"rendered":"Volc\u00f3 un micro rumbo a Mar del Plata con m\u00e1s de 40 heridos"},"content":{"rendered":"<p data-start=\"87\" data-end=\"260\"><strong data-start=\"87\" data-end=\"260\"><span class=\"BZ_Pyq_fadeIn\">El <\/span><span class=\"BZ_Pyq_fadeIn\">colectivo <\/span><span class=\"BZ_Pyq_fadeIn\">viajaba <\/span><span class=\"BZ_Pyq_fadeIn\">desde <\/span><span class=\"BZ_Pyq_fadeIn\">C\u00f3rdoba <\/span><span class=\"BZ_Pyq_fadeIn\">con <\/span><span class=\"BZ_Pyq_fadeIn\">unos <\/span><span class=\"BZ_Pyq_fadeIn\">50 <\/span><span class=\"BZ_Pyq_fadeIn\">pasajeros. <\/span><span class=\"BZ_Pyq_fadeIn\">El <\/span><span class=\"BZ_Pyq_fadeIn\">veh\u00edculo <\/span><span class=\"BZ_Pyq_fadeIn\">termin\u00f3 <\/span><span class=\"BZ_Pyq_fadeIn\">volcado <\/span><span class=\"BZ_Pyq_fadeIn\">sobre <\/span><span class=\"BZ_Pyq_fadeIn\">el <\/span><span class=\"BZ_Pyq_fadeIn\">cantero <\/span><span class=\"BZ_Pyq_fadeIn\">central <\/span><span class=\"BZ_Pyq_fadeIn\">de <\/span><span class=\"BZ_Pyq_fadeIn\">la <\/span><span class=\"BZ_Pyq_fadeIn\">Ruta <\/span><span class=\"BZ_Pyq_fadeIn\">9 <\/span><span class=\"BZ_Pyq_fadeIn\">y <\/span><span class=\"BZ_Pyq_fadeIn\">varios <\/span><span class=\"BZ_Pyq_fadeIn\">heridos <\/span><span class=\"BZ_Pyq_fadeIn\">debieron <\/span><span class=\"BZ_Pyq_fadeIn\">ser <\/span><span class=\"BZ_Pyq_fadeIn\">hospitalizados.<\/span><\/strong><\/p>\n<p data-start=\"87\" data-end=\"260\">16 de marzo de 2026<\/p>\n<p data-start=\"262\" data-end=\"650\"><span class=\"BZ_Pyq_fadeIn\">Un <\/span><span class=\"BZ_Pyq_fadeIn\">colectivo <\/span><span class=\"BZ_Pyq_fadeIn\">de <\/span><span class=\"BZ_Pyq_fadeIn\">larga <\/span><span class=\"BZ_Pyq_fadeIn\">distancia <\/span><span class=\"BZ_Pyq_fadeIn\">que <\/span><span class=\"BZ_Pyq_fadeIn\">viajaba <\/span><span class=\"BZ_Pyq_fadeIn\">desde <\/span><strong data-start=\"312\" data-end=\"353\"><span class=\"hover:entity-accent entity-underline inline cursor-pointer align-baseline\"><span class=\"whitespace-normal\">C\u00f3rdoba<\/span><\/span><\/strong> <span class=\"BZ_Pyq_fadeIn\">hacia <\/span><strong data-start=\"360\" data-end=\"401\"><span class=\"hover:entity-accent entity-underline inline cursor-pointer align-baseline\"><span class=\"whitespace-normal\">Mar del Plata<\/span><\/span><\/strong> <span class=\"BZ_Pyq_fadeIn\">volc\u00f3 <\/span><span class=\"BZ_Pyq_fadeIn\">durante <\/span><span class=\"BZ_Pyq_fadeIn\">la <\/span><span class=\"BZ_Pyq_fadeIn\">madrugada <\/span><span class=\"BZ_Pyq_fadeIn\">de <\/span><span class=\"BZ_Pyq_fadeIn\">este <\/span><span class=\"BZ_Pyq_fadeIn\">lunes <\/span><span class=\"BZ_Pyq_fadeIn\">en <\/span><span class=\"BZ_Pyq_fadeIn\">la <\/span><strong data-start=\"449\" data-end=\"490\" data-is-only-node=\"\"><span class=\"hover:entity-accent entity-underline inline cursor-pointer align-baseline\"><span class=\"whitespace-normal\">Ruta Nacional 9<\/span><\/span><\/strong><span class=\"BZ_Pyq_fadeIn\">, <\/span><span class=\"BZ_Pyq_fadeIn\">a <\/span><span class=\"BZ_Pyq_fadeIn\">la <\/span><span class=\"BZ_Pyq_fadeIn\">altura <\/span><span class=\"BZ_Pyq_fadeIn\">del <\/span><strong data-start=\"508\" data-end=\"525\"><span class=\"BZ_Pyq_fadeIn\">kil\u00f3metro <\/span><span class=\"BZ_Pyq_fadeIn\">177<\/span><\/strong><span class=\"BZ_Pyq_fadeIn\">, <\/span><span class=\"BZ_Pyq_fadeIn\">en <\/span><span class=\"BZ_Pyq_fadeIn\">cercan\u00edas <\/span><span class=\"BZ_Pyq_fadeIn\">de <\/span><strong data-start=\"543\" data-end=\"584\"><span class=\"hover:entity-accent entity-underline inline cursor-pointer align-baseline\"><span class=\"whitespace-normal\">Gobernador Castro<\/span><\/span><\/strong><span class=\"BZ_Pyq_fadeIn\">, <\/span><span class=\"BZ_Pyq_fadeIn\">dentro <\/span><span class=\"BZ_Pyq_fadeIn\">del <\/span><span class=\"BZ_Pyq_fadeIn\">partido <\/span><span class=\"BZ_Pyq_fadeIn\">de <\/span><strong data-start=\"608\" data-end=\"649\"><span class=\"hover:entity-accent entity-underline inline cursor-pointer align-baseline\"><span class=\"whitespace-normal\">San Pedro<\/span><\/span><\/strong><span class=\"BZ_Pyq_fadeIn\">.<\/span><\/p>\n<p data-start=\"652\" data-end=\"942\"><span class=\"BZ_Pyq_fadeIn\">El <\/span><span class=\"BZ_Pyq_fadeIn\">micro, <\/span><span class=\"BZ_Pyq_fadeIn\">perteneciente <\/span><span class=\"BZ_Pyq_fadeIn\">a <\/span><span class=\"BZ_Pyq_fadeIn\">la <\/span><span class=\"BZ_Pyq_fadeIn\">empresa <\/span><strong data-start=\"689\" data-end=\"730\"><span class=\"hover:entity-accent entity-underline inline cursor-pointer align-baseline\"><span class=\"whitespace-normal\">Buses Lep<\/span><\/span><\/strong><span class=\"BZ_Pyq_fadeIn\">, <\/span><span class=\"BZ_Pyq_fadeIn\">transportaba <\/span><strong data-start=\"745\" data-end=\"774\"><span class=\"BZ_Pyq_fadeIn\">alrededor <\/span><span class=\"BZ_Pyq_fadeIn\">de <\/span><span class=\"BZ_Pyq_fadeIn\">50 <\/span><span class=\"BZ_Pyq_fadeIn\">pasajeros<\/span><\/strong> <span class=\"BZ_Pyq_fadeIn\">al <\/span><span class=\"BZ_Pyq_fadeIn\">momento <\/span><span class=\"BZ_Pyq_fadeIn\">del <\/span><span class=\"BZ_Pyq_fadeIn\">siniestro. <\/span><span class=\"BZ_Pyq_fadeIn\">Muchos <\/span><span class=\"BZ_Pyq_fadeIn\">de <\/span><span class=\"BZ_Pyq_fadeIn\">ellos <\/span><span class=\"BZ_Pyq_fadeIn\">se <\/span><span class=\"BZ_Pyq_fadeIn\">encontraban <\/span><span class=\"BZ_Pyq_fadeIn\">descansando <\/span><span class=\"BZ_Pyq_fadeIn\">cuando <\/span><span class=\"BZ_Pyq_fadeIn\">el <\/span><span class=\"BZ_Pyq_fadeIn\">veh\u00edculo <\/span><strong data-start=\"863\" data-end=\"941\"><span class=\"BZ_Pyq_fadeIn\">perdi\u00f3 <\/span><span class=\"BZ_Pyq_fadeIn\">el <\/span><span class=\"BZ_Pyq_fadeIn\">control <\/span><span class=\"BZ_Pyq_fadeIn\">y <\/span><span class=\"BZ_Pyq_fadeIn\">termin\u00f3 <\/span><span class=\"BZ_Pyq_fadeIn\">volcado <\/span><span class=\"BZ_Pyq_fadeIn\">sobre <\/span><span class=\"BZ_Pyq_fadeIn\">el <\/span><span class=\"BZ_Pyq_fadeIn\">cantero <\/span><span class=\"BZ_Pyq_fadeIn\">central <\/span><span class=\"BZ_Pyq_fadeIn\">de <\/span><span class=\"BZ_Pyq_fadeIn\">la <\/span><span class=\"BZ_Pyq_fadeIn\">autov\u00eda<\/span><\/strong><span class=\"BZ_Pyq_fadeIn\">.<\/span><\/p>\n<h3 data-section-id=\"1eeun02\" data-start=\"944\" data-end=\"965\"><span style=\"color: #ff0000\"><span class=\"BZ_Pyq_fadeIn\">M\u00e1s <\/span><span class=\"BZ_Pyq_fadeIn\">de <\/span><span class=\"BZ_Pyq_fadeIn\">40 <\/span><span class=\"BZ_Pyq_fadeIn\">heridos<\/span><\/span><\/h3>\n<p data-start=\"967\" data-end=\"1154\"><span class=\"BZ_Pyq_fadeIn\">Como <\/span><span class=\"BZ_Pyq_fadeIn\">consecuencia <\/span><span class=\"BZ_Pyq_fadeIn\">del <\/span><span class=\"BZ_Pyq_fadeIn\">vuelco, <\/span><strong data-start=\"997\" data-end=\"1038\"><span class=\"BZ_Pyq_fadeIn\">m\u00e1s <\/span><span class=\"BZ_Pyq_fadeIn\">de <\/span><span class=\"BZ_Pyq_fadeIn\">40 <\/span><span class=\"BZ_Pyq_fadeIn\">personas <\/span><span class=\"BZ_Pyq_fadeIn\">resultaron <\/span><span class=\"BZ_Pyq_fadeIn\">heridas<\/span><\/strong><span class=\"BZ_Pyq_fadeIn\">. <\/span><span class=\"BZ_Pyq_fadeIn\">Al <\/span><span class=\"BZ_Pyq_fadeIn\">menos <\/span><strong data-start=\"1049\" data-end=\"1119\"><span class=\"BZ_Pyq_fadeIn\">45 <\/span><span class=\"BZ_Pyq_fadeIn\">pasajeros <\/span><span class=\"BZ_Pyq_fadeIn\">fueron <\/span><span class=\"BZ_Pyq_fadeIn\">trasladados <\/span><span class=\"BZ_Pyq_fadeIn\">al <\/span><span class=\"BZ_Pyq_fadeIn\">Hospital <\/span><span class=\"BZ_Pyq_fadeIn\">Municipal <\/span><span class=\"BZ_Pyq_fadeIn\">Emilio <\/span><span class=\"BZ_Pyq_fadeIn\">Ruffa<\/span><\/strong><span class=\"BZ_Pyq_fadeIn\">, <\/span><span class=\"BZ_Pyq_fadeIn\">donde <\/span><span class=\"BZ_Pyq_fadeIn\">recibieron <\/span><span class=\"BZ_Pyq_fadeIn\">atenci\u00f3n <\/span><span class=\"BZ_Pyq_fadeIn\">m\u00e9dica.<\/span><\/p>\n<p data-start=\"1156\" data-end=\"1441\"><span class=\"BZ_Pyq_fadeIn\">La <\/span><span class=\"BZ_Pyq_fadeIn\">mayor\u00eda <\/span><span class=\"BZ_Pyq_fadeIn\">presentaba <\/span><strong data-start=\"1178\" data-end=\"1248\"><span class=\"BZ_Pyq_fadeIn\">heridas <\/span><span class=\"BZ_Pyq_fadeIn\">leves, <\/span><span class=\"BZ_Pyq_fadeIn\">politraumatismos <\/span><span class=\"BZ_Pyq_fadeIn\">y <\/span><span class=\"BZ_Pyq_fadeIn\">fracturas <\/span><span class=\"BZ_Pyq_fadeIn\">en <\/span><span class=\"BZ_Pyq_fadeIn\">miembros <\/span><span class=\"BZ_Pyq_fadeIn\">superiores<\/span><\/strong><span class=\"BZ_Pyq_fadeIn\">. <\/span><span class=\"BZ_Pyq_fadeIn\">No <\/span><span class=\"BZ_Pyq_fadeIn\">obstante, <\/span><span class=\"BZ_Pyq_fadeIn\">uno <\/span><span class=\"BZ_Pyq_fadeIn\">de <\/span><span class=\"BZ_Pyq_fadeIn\">los <\/span><span class=\"BZ_Pyq_fadeIn\">pasajeros <\/span><span class=\"BZ_Pyq_fadeIn\">sufri\u00f3 <\/span><strong data-start=\"1291\" data-end=\"1326\"><span class=\"BZ_Pyq_fadeIn\">un <\/span><span class=\"BZ_Pyq_fadeIn\">fuerte <\/span><span class=\"BZ_Pyq_fadeIn\">traumatismo <\/span><span class=\"BZ_Pyq_fadeIn\">abdominal<\/span><\/strong><span class=\"BZ_Pyq_fadeIn\">, <\/span><span class=\"BZ_Pyq_fadeIn\">por <\/span><span class=\"BZ_Pyq_fadeIn\">lo <\/span><span class=\"BZ_Pyq_fadeIn\">que <\/span><span class=\"BZ_Pyq_fadeIn\">debi\u00f3 <\/span><span class=\"BZ_Pyq_fadeIn\">ser <\/span><span class=\"BZ_Pyq_fadeIn\">sometido <\/span><strong data-start=\"1358\" data-end=\"1403\"><span class=\"BZ_Pyq_fadeIn\">a <\/span><span class=\"BZ_Pyq_fadeIn\">una <\/span><span class=\"BZ_Pyq_fadeIn\">intervenci\u00f3n <\/span><span class=\"BZ_Pyq_fadeIn\">quir\u00fargica <\/span><span class=\"BZ_Pyq_fadeIn\">de <\/span><span class=\"BZ_Pyq_fadeIn\">urgencia<\/span><\/strong> <span class=\"BZ_Pyq_fadeIn\">debido <\/span><span class=\"BZ_Pyq_fadeIn\">a <\/span><span class=\"BZ_Pyq_fadeIn\">la <\/span><span class=\"BZ_Pyq_fadeIn\">gravedad <\/span><span class=\"BZ_Pyq_fadeIn\">de <\/span><span class=\"BZ_Pyq_fadeIn\">las <\/span><span class=\"BZ_Pyq_fadeIn\">lesiones.<\/span><\/p>\n<h3 data-section-id=\"dm0zyy\" data-start=\"1443\" data-end=\"1483\"><span style=\"color: #ff0000\"><span class=\"BZ_Pyq_fadeIn\">Investigan <\/span><span class=\"BZ_Pyq_fadeIn\">c\u00f3mo <\/span><span class=\"BZ_Pyq_fadeIn\">ocurri\u00f3 <\/span><span class=\"BZ_Pyq_fadeIn\">el <\/span><span class=\"BZ_Pyq_fadeIn\">accidente<\/span><\/span><\/h3>\n<p data-start=\"1485\" data-end=\"1668\"><span class=\"BZ_Pyq_fadeIn\">En <\/span><span class=\"BZ_Pyq_fadeIn\">el <\/span><span class=\"BZ_Pyq_fadeIn\">lugar <\/span><span class=\"BZ_Pyq_fadeIn\">trabajaron <\/span><strong data-start=\"1508\" data-end=\"1597\"><span class=\"BZ_Pyq_fadeIn\">efectivos <\/span><span class=\"BZ_Pyq_fadeIn\">de <\/span><span class=\"BZ_Pyq_fadeIn\">la <\/span><span class=\"BZ_Pyq_fadeIn\">Polic\u00eda <\/span><span class=\"BZ_Pyq_fadeIn\">Vial, <\/span><span class=\"BZ_Pyq_fadeIn\">personal <\/span><span class=\"BZ_Pyq_fadeIn\">de <\/span><span class=\"BZ_Pyq_fadeIn\">emergencias <\/span><span class=\"BZ_Pyq_fadeIn\">y <\/span><span class=\"BZ_Pyq_fadeIn\">peritos <\/span><span class=\"BZ_Pyq_fadeIn\">de <\/span><span class=\"BZ_Pyq_fadeIn\">Polic\u00eda <\/span><span class=\"BZ_Pyq_fadeIn\">Cient\u00edfica<\/span><\/strong><span class=\"BZ_Pyq_fadeIn\">, <\/span><span class=\"BZ_Pyq_fadeIn\">quienes <\/span><span class=\"BZ_Pyq_fadeIn\">iniciaron <\/span><span class=\"BZ_Pyq_fadeIn\">las <\/span><span class=\"BZ_Pyq_fadeIn\">pericias <\/span><span class=\"BZ_Pyq_fadeIn\">para <\/span><span class=\"BZ_Pyq_fadeIn\">determinar <\/span><span class=\"BZ_Pyq_fadeIn\">las <\/span><span class=\"BZ_Pyq_fadeIn\">causas <\/span><span class=\"BZ_Pyq_fadeIn\">del <\/span><span class=\"BZ_Pyq_fadeIn\">vuelco.<\/span><\/p>\n<p data-start=\"1670\" data-end=\"1897\"><span class=\"BZ_Pyq_fadeIn\"><img data-recalc-dims=\"1\" loading=\"lazy\" decoding=\"async\" class=\" wp-image-44531 aligncenter\" src=\"https:\/\/i0.wp.com\/larevistadigital.com.ar\/blog\/wp-content\/uploads\/Captura-de-pantalla-2026-03-16-143432.jpg?resize=484%2C260&#038;ssl=1\" alt=\"\" width=\"484\" height=\"260\" srcset=\"https:\/\/i0.wp.com\/larevistadigital.com.ar\/blog\/wp-content\/uploads\/Captura-de-pantalla-2026-03-16-143432.jpg?resize=300%2C161&amp;ssl=1 300w, https:\/\/i0.wp.com\/larevistadigital.com.ar\/blog\/wp-content\/uploads\/Captura-de-pantalla-2026-03-16-143432.jpg?w=744&amp;ssl=1 744w\" sizes=\"auto, (max-width: 484px) 100vw, 484px\" \/><\/span><\/p>\n<p data-start=\"1670\" data-end=\"1897\"><span class=\"BZ_Pyq_fadeIn\">Entre <\/span><span class=\"BZ_Pyq_fadeIn\">las <\/span><span class=\"BZ_Pyq_fadeIn\">primeras <\/span><span class=\"BZ_Pyq_fadeIn\">hip\u00f3tesis <\/span><span class=\"BZ_Pyq_fadeIn\">que <\/span><span class=\"BZ_Pyq_fadeIn\">analizan <\/span><span class=\"BZ_Pyq_fadeIn\">los <\/span><span class=\"BZ_Pyq_fadeIn\">investigadores <\/span><span class=\"BZ_Pyq_fadeIn\">se <\/span><span class=\"BZ_Pyq_fadeIn\">eval\u00faa <\/span><strong data-start=\"1741\" data-end=\"1896\"><span class=\"BZ_Pyq_fadeIn\">si <\/span><span class=\"BZ_Pyq_fadeIn\">el <\/span><span class=\"BZ_Pyq_fadeIn\">siniestro <\/span><span class=\"BZ_Pyq_fadeIn\">pudo <\/span><span class=\"BZ_Pyq_fadeIn\">haberse <\/span><span class=\"BZ_Pyq_fadeIn\">originado <\/span><span class=\"BZ_Pyq_fadeIn\">por <\/span><span class=\"BZ_Pyq_fadeIn\">una <\/span><span class=\"BZ_Pyq_fadeIn\">maniobra <\/span><span class=\"BZ_Pyq_fadeIn\">incorrecta <\/span><span class=\"BZ_Pyq_fadeIn\">o <\/span><span class=\"BZ_Pyq_fadeIn\">si <\/span><span class=\"BZ_Pyq_fadeIn\">el <\/span><span class=\"BZ_Pyq_fadeIn\">conductor, <\/span><span class=\"BZ_Pyq_fadeIn\">un <\/span><span class=\"BZ_Pyq_fadeIn\">hombre <\/span><span class=\"BZ_Pyq_fadeIn\">de <\/span><span class=\"BZ_Pyq_fadeIn\">43 <\/span><span class=\"BZ_Pyq_fadeIn\">a\u00f1os, <\/span><span class=\"BZ_Pyq_fadeIn\">se <\/span><span class=\"BZ_Pyq_fadeIn\">habr\u00eda <\/span><span class=\"BZ_Pyq_fadeIn\">quedado <\/span><span class=\"BZ_Pyq_fadeIn\">dormido <\/span><span class=\"BZ_Pyq_fadeIn\">mientras <\/span><span class=\"BZ_Pyq_fadeIn\">manejaba<\/span><\/strong><span class=\"BZ_Pyq_fadeIn\">.<\/span><\/p>\n<blockquote>\n<h3 data-start=\"1899\" data-end=\"2079\"><span class=\"BZ_Pyq_fadeIn\">El <\/span><span class=\"BZ_Pyq_fadeIn\">operativo <\/span><span class=\"BZ_Pyq_fadeIn\">de <\/span><span class=\"BZ_Pyq_fadeIn\">asistencia <\/span><span class=\"BZ_Pyq_fadeIn\">cont\u00f3 <\/span><span class=\"BZ_Pyq_fadeIn\">con <\/span><strong data-start=\"1936\" data-end=\"2031\"><span class=\"BZ_Pyq_fadeIn\">ambulancias <\/span><span class=\"BZ_Pyq_fadeIn\">y <\/span><span class=\"BZ_Pyq_fadeIn\">equipos <\/span><span class=\"BZ_Pyq_fadeIn\">de <\/span><span class=\"BZ_Pyq_fadeIn\">emergencia <\/span><span class=\"BZ_Pyq_fadeIn\">de <\/span><span class=\"BZ_Pyq_fadeIn\">Gobernador <\/span><span class=\"BZ_Pyq_fadeIn\">Castro, <\/span><span class=\"BZ_Pyq_fadeIn\">R\u00edo <\/span><span class=\"BZ_Pyq_fadeIn\">Tala, <\/span><span class=\"BZ_Pyq_fadeIn\">Santa <\/span><span class=\"BZ_Pyq_fadeIn\">Luc\u00eda <\/span><span class=\"BZ_Pyq_fadeIn\">y <\/span><span class=\"BZ_Pyq_fadeIn\">San <\/span><span class=\"BZ_Pyq_fadeIn\">Pedro<\/span><\/strong><span class=\"BZ_Pyq_fadeIn\">, <\/span><span class=\"BZ_Pyq_fadeIn\">que <\/span><span class=\"BZ_Pyq_fadeIn\">colaboraron <\/span><span class=\"BZ_Pyq_fadeIn\">en <\/span><span class=\"BZ_Pyq_fadeIn\">el <\/span><span class=\"BZ_Pyq_fadeIn\">traslado <\/span><span class=\"BZ_Pyq_fadeIn\">de <\/span><span class=\"BZ_Pyq_fadeIn\">los <\/span><span class=\"BZ_Pyq_fadeIn\">heridos.<\/span><\/h3>\n<\/blockquote>\n<p data-start=\"2081\" data-end=\"2280\" data-is-last-node=\"\" data-is-only-node=\"\"><span class=\"BZ_Pyq_fadeIn\">La <\/span><span class=\"BZ_Pyq_fadeIn\">investigaci\u00f3n <\/span><span class=\"BZ_Pyq_fadeIn\">qued\u00f3 <\/span><span class=\"BZ_Pyq_fadeIn\">a <\/span><span class=\"BZ_Pyq_fadeIn\">cargo <\/span><span class=\"BZ_Pyq_fadeIn\">de <\/span><span class=\"BZ_Pyq_fadeIn\">la <\/span><strong data-start=\"2118\" data-end=\"2206\"><span class=\"BZ_Pyq_fadeIn\">fiscal\u00eda <\/span><span class=\"BZ_Pyq_fadeIn\">de <\/span><span class=\"BZ_Pyq_fadeIn\">turno <\/span><span class=\"BZ_Pyq_fadeIn\">del <\/span><span class=\"BZ_Pyq_fadeIn\">Departamento <\/span><span class=\"BZ_Pyq_fadeIn\">Judicial <\/span><span class=\"BZ_Pyq_fadeIn\">de <\/span><span class=\"hover:entity-accent entity-underline inline cursor-pointer align-baseline\"><span class=\"whitespace-normal\">San Nicol\u00e1s<\/span><\/span><\/strong><span class=\"BZ_Pyq_fadeIn\">, <\/span><span class=\"BZ_Pyq_fadeIn\">que <\/span><span class=\"BZ_Pyq_fadeIn\">continuar\u00e1 <\/span><span class=\"BZ_Pyq_fadeIn\">con <\/span><span class=\"BZ_Pyq_fadeIn\">las <\/span><span class=\"BZ_Pyq_fadeIn\">pericias <\/span><span class=\"BZ_Pyq_fadeIn\">para <\/span><span class=\"BZ_Pyq_fadeIn\">esclarecer <\/span><span class=\"BZ_Pyq_fadeIn\">el <\/span><span class=\"BZ_Pyq_fadeIn\">origen <\/span><span class=\"BZ_Pyq_fadeIn\">del <\/span><span class=\"BZ_Pyq_fadeIn\">accidente.<\/span><\/p>\n<p data-start=\"2081\" data-end=\"2280\" data-is-last-node=\"\" data-is-only-node=\"\">fuente : 0223.com.ar<\/p>\n","protected":false},"excerpt":{"rendered":"<div class=\"mh-excerpt\"><p>El colectivo viajaba desde C\u00f3rdoba con unos 50 pasajeros. El veh\u00edculo termin\u00f3 volcado sobre el cantero central de la Ruta 9 y varios heridos debieron ser hospitalizados. 16 de marzo de 2026 Un colectivo de <a class=\"mh-excerpt-more\" href=\"https:\/\/larevistadigital.com.ar\/blog\/volco-un-micro-rumbo-a-mar-del-plata-con-mas-de-40-heridos\/\" title=\"Volc\u00f3 un micro rumbo a Mar del Plata con m\u00e1s de 40 heridos\">[Leer M\u00e1s]<\/a><\/p>\n<\/div>","protected":false},"author":3,"featured_media":44528,"comment_status":"open","ping_status":"open","sticky":false,"template":"","format":"standard","meta":{"_jetpack_memberships_contains_paid_content":false,"footnotes":"","jetpack_publicize_message":"","jetpack_publicize_feature_enabled":true,"jetpack_social_post_already_shared":true,"jetpack_social_options":{"image_generator_settings":{"template":"highway","default_image_id":0,"font":"","enabled":false},"version":2}},"categories":[41,44],"tags":[],"class_list":{"0":"post-44527","1":"post","2":"type-post","3":"status-publish","4":"format-standard","5":"has-post-thumbnail","7":"category-destacadas","8":"category-policiales"},"jetpack_publicize_connections":[],"jetpack_featured_media_url":"https:\/\/i0.wp.com\/larevistadigital.com.ar\/blog\/wp-content\/uploads\/Captura-de-pantalla-2026-03-16-142541.jpg?fit=747%2C410&ssl=1","jetpack_sharing_enabled":true,"jetpack_shortlink":"https:\/\/wp.me\/p8qtrQ-bAb","jetpack-related-posts":[{"id":26677,"url":"https:\/\/larevistadigital.com.ar\/blog\/dolores-volcaron-en-un-camino-rural-hay-8-heridos\/","url_meta":{"origin":44527,"position":0},"title":"DOLORES: VOLCARON EN UN CAMINO RURAL. HAY 8 HERIDOS","author":"Alejandro Sosa Ruda","date":"17 julio, 2022","format":false,"excerpt":"Entre los heridos hay dos menores de 1 y 8 a\u00f1os. Los detalles. DOLORES -\u00a0 Se produjo el despiste y vuelco de una camioneta Fiat Fiorino que circulaba por el camino al AeroClub de la ciudad de Dolores. En la camioneta que tras volcar qued\u00f3 en la cuneta\u00a0circulaban ocho\u00a0personas que\u2026","rel":"","context":"En \u00abDOLORES\u00bb","block_context":{"text":"DOLORES","link":"https:\/\/larevistadigital.com.ar\/blog\/category\/dolores\/"},"img":{"alt_text":"","src":"https:\/\/i0.wp.com\/larevistadigital.com.ar\/blog\/wp-content\/uploads\/e572591f05d0732bb69d904177ffec12523a69ed.jpg?fit=1140%2C759&ssl=1&resize=350%2C200","width":350,"height":200,"srcset":"https:\/\/i0.wp.com\/larevistadigital.com.ar\/blog\/wp-content\/uploads\/e572591f05d0732bb69d904177ffec12523a69ed.jpg?fit=1140%2C759&ssl=1&resize=350%2C200 1x, https:\/\/i0.wp.com\/larevistadigital.com.ar\/blog\/wp-content\/uploads\/e572591f05d0732bb69d904177ffec12523a69ed.jpg?fit=1140%2C759&ssl=1&resize=525%2C300 1.5x, https:\/\/i0.wp.com\/larevistadigital.com.ar\/blog\/wp-content\/uploads\/e572591f05d0732bb69d904177ffec12523a69ed.jpg?fit=1140%2C759&ssl=1&resize=700%2C400 2x, https:\/\/i0.wp.com\/larevistadigital.com.ar\/blog\/wp-content\/uploads\/e572591f05d0732bb69d904177ffec12523a69ed.jpg?fit=1140%2C759&ssl=1&resize=1050%2C600 3x"},"classes":[]},{"id":25105,"url":"https:\/\/larevistadigital.com.ar\/blog\/general-madariaga-tres-heridos-tras-un-vuelco\/","url_meta":{"origin":44527,"position":1},"title":"GENERAL MADARIAGA: TRES HERIDOS TRAS UN VUELCO","author":"Alejandro Sosa Ruda","date":"16 abril, 2022","format":false,"excerpt":"Un impactante vuelco se produjo esta ma\u00f1ana en el\u00a0camino rural \"La Tablada\"\u00a0en el Partido de General Madariaga. Producto del fuerte impacto\u00a0tres personas debieron ser trasladadas\u00a0al\u00a0hospital Municipal con heridas de diferente consideraci\u00f3n. Trabajaron en el lugar del accidente, efectivos\u00a0policiales, bomberos voluntarios y profesionales del Sistema de Emergencias.","rel":"","context":"En \u00abPOLICIALES\u00bb","block_context":{"text":"POLICIALES","link":"https:\/\/larevistadigital.com.ar\/blog\/category\/policiales\/"},"img":{"alt_text":"","src":"https:\/\/i0.wp.com\/larevistadigital.com.ar\/blog\/wp-content\/uploads\/8fe822efc1ac10f0a4d0f9d7c4f6996683604f27.jpg?fit=900%2C900&ssl=1&resize=350%2C200","width":350,"height":200,"srcset":"https:\/\/i0.wp.com\/larevistadigital.com.ar\/blog\/wp-content\/uploads\/8fe822efc1ac10f0a4d0f9d7c4f6996683604f27.jpg?fit=900%2C900&ssl=1&resize=350%2C200 1x, https:\/\/i0.wp.com\/larevistadigital.com.ar\/blog\/wp-content\/uploads\/8fe822efc1ac10f0a4d0f9d7c4f6996683604f27.jpg?fit=900%2C900&ssl=1&resize=525%2C300 1.5x, https:\/\/i0.wp.com\/larevistadigital.com.ar\/blog\/wp-content\/uploads\/8fe822efc1ac10f0a4d0f9d7c4f6996683604f27.jpg?fit=900%2C900&ssl=1&resize=700%2C400 2x"},"classes":[]},{"id":41365,"url":"https:\/\/larevistadigital.com.ar\/blog\/despiste-y-vuelco-en-la-ruta-11-afortunadamente-sin-victimas-ni-heridos\/","url_meta":{"origin":44527,"position":2},"title":"Despiste y vuelco en la ruta 11. Afortunadamente sin v\u00edctimas ni heridos","author":"Alejandro Sosa Ruda","date":"10 septiembre, 2025","format":false,"excerpt":"Sucedi\u00f3 en el kil\u00f3metro 492. 10 de Septiembre de 2025 BUENOS AIRES\u00a0 -\u00a0 \u00a0El \u00faltimo viernes en horas de la noche, ocurri\u00f3 un accidente a la altura del kil\u00f3metro 492 de la ruta 11, cuando un autom\u00f3vil perdi\u00f3 el control, despist\u00f3 y volc\u00f3. La informaci\u00f3n que fue brindada por el\u2026","rel":"","context":"En \u00abPOLICIALES\u00bb","block_context":{"text":"POLICIALES","link":"https:\/\/larevistadigital.com.ar\/blog\/category\/policiales\/"},"img":{"alt_text":"","src":"https:\/\/i0.wp.com\/larevistadigital.com.ar\/blog\/wp-content\/uploads\/vuelco-4.jpg?fit=798%2C475&ssl=1&resize=350%2C200","width":350,"height":200,"srcset":"https:\/\/i0.wp.com\/larevistadigital.com.ar\/blog\/wp-content\/uploads\/vuelco-4.jpg?fit=798%2C475&ssl=1&resize=350%2C200 1x, https:\/\/i0.wp.com\/larevistadigital.com.ar\/blog\/wp-content\/uploads\/vuelco-4.jpg?fit=798%2C475&ssl=1&resize=525%2C300 1.5x, https:\/\/i0.wp.com\/larevistadigital.com.ar\/blog\/wp-content\/uploads\/vuelco-4.jpg?fit=798%2C475&ssl=1&resize=700%2C400 2x"},"classes":[]},{"id":40937,"url":"https:\/\/larevistadigital.com.ar\/blog\/chascomus-choque-entre-dos-camionetas-sin-heridos\/","url_meta":{"origin":44527,"position":3},"title":"Chascom\u00fas: Choque entre dos camionetas sin heridos","author":"Alejandro Sosa Ruda","date":"16 agosto, 2025","format":false,"excerpt":"El accidente gener\u00f3 demoras en el tr\u00e1nsito durante el mediod\u00eda del s\u00e1bado. 16 de Agosto de 2025 CHASCOM\u00daS\u00a0 -\u00a0 Un choque entre dos camionetas,\u00a0 m\u00e1s precisamente dos\u00a0 Toyota Hilux, en la intersecci\u00f3n de las calles Alte. Brown y Mendiola provoc\u00f3 demoras en el tr\u00e1nsito durante la tarde de este s\u00e1bado.\u2026","rel":"","context":"En \u00abDESTACADAS\u00bb","block_context":{"text":"DESTACADAS","link":"https:\/\/larevistadigital.com.ar\/blog\/category\/destacadas\/"},"img":{"alt_text":"","src":"https:\/\/i0.wp.com\/larevistadigital.com.ar\/blog\/wp-content\/uploads\/CHOQUE-2.jpg?fit=1200%2C537&ssl=1&resize=350%2C200","width":350,"height":200,"srcset":"https:\/\/i0.wp.com\/larevistadigital.com.ar\/blog\/wp-content\/uploads\/CHOQUE-2.jpg?fit=1200%2C537&ssl=1&resize=350%2C200 1x, https:\/\/i0.wp.com\/larevistadigital.com.ar\/blog\/wp-content\/uploads\/CHOQUE-2.jpg?fit=1200%2C537&ssl=1&resize=525%2C300 1.5x, https:\/\/i0.wp.com\/larevistadigital.com.ar\/blog\/wp-content\/uploads\/CHOQUE-2.jpg?fit=1200%2C537&ssl=1&resize=700%2C400 2x, https:\/\/i0.wp.com\/larevistadigital.com.ar\/blog\/wp-content\/uploads\/CHOQUE-2.jpg?fit=1200%2C537&ssl=1&resize=1050%2C600 3x"},"classes":[]},{"id":13985,"url":"https:\/\/larevistadigital.com.ar\/blog\/tres-heridos-tras-fuerte-accidente-en-la-ruta-63\/","url_meta":{"origin":44527,"position":4},"title":"TRES HERIDOS TRAS FUERTE ACCIDENTE EN LA RUTA 63","author":"Alejandro Sosa Ruda","date":"4 enero, 2020","format":false,"excerpt":"Seis autos protagonizaron un accidente de tr\u00e1nsito, ocurri\u00f3 en el kil\u00f3metro 29 de la Ruta 63, cerca de Esquina de Crotto. Debido al choque en cadena,\u00a0\u00a0tres personas debieron ser trasladadas al Hospital San Roque\u00a0de la ciudad de Dolores. El tr\u00e1nsito debi\u00f3 ser reducido y trabajaron en el lugar efectivos de\u2026","rel":"","context":"En \u00abREGIONALES\u00bb","block_context":{"text":"REGIONALES","link":"https:\/\/larevistadigital.com.ar\/blog\/category\/regionales\/"},"img":{"alt_text":"","src":"https:\/\/i0.wp.com\/larevistadigital.com.ar\/blog\/wp-content\/uploads\/f520143615082bd4a6e6194bdb9b13e3b6e62f1c.jpg?fit=1140%2C855&ssl=1&resize=350%2C200","width":350,"height":200,"srcset":"https:\/\/i0.wp.com\/larevistadigital.com.ar\/blog\/wp-content\/uploads\/f520143615082bd4a6e6194bdb9b13e3b6e62f1c.jpg?fit=1140%2C855&ssl=1&resize=350%2C200 1x, https:\/\/i0.wp.com\/larevistadigital.com.ar\/blog\/wp-content\/uploads\/f520143615082bd4a6e6194bdb9b13e3b6e62f1c.jpg?fit=1140%2C855&ssl=1&resize=525%2C300 1.5x, https:\/\/i0.wp.com\/larevistadigital.com.ar\/blog\/wp-content\/uploads\/f520143615082bd4a6e6194bdb9b13e3b6e62f1c.jpg?fit=1140%2C855&ssl=1&resize=700%2C400 2x, https:\/\/i0.wp.com\/larevistadigital.com.ar\/blog\/wp-content\/uploads\/f520143615082bd4a6e6194bdb9b13e3b6e62f1c.jpg?fit=1140%2C855&ssl=1&resize=1050%2C600 3x"},"classes":[]},{"id":22026,"url":"https:\/\/larevistadigital.com.ar\/blog\/muy-grave-accidente-en-la-ruta-29-a-la-altura-del-samborombon-con-varios-heridos\/","url_meta":{"origin":44527,"position":5},"title":"MUY GRAVE ACCIDENTE EN LA RUTA 29 A LA ALTURA DEL SAMBOROMBON, CON VARIOS HERIDOS","author":"Alejandro Sosa Ruda","date":"18 septiembre, 2021","format":false,"excerpt":"BRANDSEN - Cerca de las 22 horas de este viernes 17 de septiembre, por causas que a\u00fan se desconocen, se produjo un fortisimo accidente entre dos veh\u00edculos en ruta 29 a la altura del puente Samboromb\u00f3n,\u00a0en el partido de Brandsen. Seg\u00fan la primera informaci\u00f3n a la que accede el portal\u2026","rel":"","context":"En \u00abPOLICIALES\u00bb","block_context":{"text":"POLICIALES","link":"https:\/\/larevistadigital.com.ar\/blog\/category\/policiales\/"},"img":{"alt_text":"","src":"https:\/\/i0.wp.com\/larevistadigital.com.ar\/blog\/wp-content\/uploads\/Captura-de-pantalla-2021-09-17-223820.jpg?fit=1200%2C592&ssl=1&resize=350%2C200","width":350,"height":200,"srcset":"https:\/\/i0.wp.com\/larevistadigital.com.ar\/blog\/wp-content\/uploads\/Captura-de-pantalla-2021-09-17-223820.jpg?fit=1200%2C592&ssl=1&resize=350%2C200 1x, https:\/\/i0.wp.com\/larevistadigital.com.ar\/blog\/wp-content\/uploads\/Captura-de-pantalla-2021-09-17-223820.jpg?fit=1200%2C592&ssl=1&resize=525%2C300 1.5x, https:\/\/i0.wp.com\/larevistadigital.com.ar\/blog\/wp-content\/uploads\/Captura-de-pantalla-2021-09-17-223820.jpg?fit=1200%2C592&ssl=1&resize=700%2C400 2x, https:\/\/i0.wp.com\/larevistadigital.com.ar\/blog\/wp-content\/uploads\/Captura-de-pantalla-2021-09-17-223820.jpg?fit=1200%2C592&ssl=1&resize=1050%2C600 3x"},"classes":[]}],"_links":{"self":[{"href":"https:\/\/larevistadigital.com.ar\/blog\/wp-json\/wp\/v2\/posts\/44527","targetHints":{"allow":["GET"]}}],"collection":[{"href":"https:\/\/larevistadigital.com.ar\/blog\/wp-json\/wp\/v2\/posts"}],"about":[{"href":"https:\/\/larevistadigital.com.ar\/blog\/wp-json\/wp\/v2\/types\/post"}],"author":[{"embeddable":true,"href":"https:\/\/larevistadigital.com.ar\/blog\/wp-json\/wp\/v2\/users\/3"}],"replies":[{"embeddable":true,"href":"https:\/\/larevistadigital.com.ar\/blog\/wp-json\/wp\/v2\/comments?post=44527"}],"version-history":[{"count":4,"href":"https:\/\/larevistadigital.com.ar\/blog\/wp-json\/wp\/v2\/posts\/44527\/revisions"}],"predecessor-version":[{"id":44533,"href":"https:\/\/larevistadigital.com.ar\/blog\/wp-json\/wp\/v2\/posts\/44527\/revisions\/44533"}],"wp:featuredmedia":[{"embeddable":true,"href":"https:\/\/larevistadigital.com.ar\/blog\/wp-json\/wp\/v2\/media\/44528"}],"wp:attachment":[{"href":"https:\/\/larevistadigital.com.ar\/blog\/wp-json\/wp\/v2\/media?parent=44527"}],"wp:term":[{"taxonomy":"category","embeddable":true,"href":"https:\/\/larevistadigital.com.ar\/blog\/wp-json\/wp\/v2\/categories?post=44527"},{"taxonomy":"post_tag","embeddable":true,"href":"https:\/\/larevistadigital.com.ar\/blog\/wp-json\/wp\/v2\/tags?post=44527"}],"curies":[{"name":"wp","href":"https:\/\/api.w.org\/{rel}","templated":true}]}}