{"id":44534,"date":"2026-03-16T14:54:10","date_gmt":"2026-03-16T17:54:10","guid":{"rendered":"https:\/\/larevistadigital.com.ar\/blog\/?p=44534"},"modified":"2026-03-16T14:54:10","modified_gmt":"2026-03-16T17:54:10","slug":"mar-del-plata-hallaron-muerto-a-un-nadador-en-el-mar-tras-un-amplio-operativo-de-busqueda","status":"publish","type":"post","link":"https:\/\/larevistadigital.com.ar\/blog\/mar-del-plata-hallaron-muerto-a-un-nadador-en-el-mar-tras-un-amplio-operativo-de-busqueda\/","title":{"rendered":"Mar del Plata: Hallaron muerto a un nadador en el mar tras un amplio operativo de b\u00fasqueda"},"content":{"rendered":"<div class=\"flex flex-col text-sm pb-25\">\n<article class=\"text-token-text-primary w-full focus:outline-none [--shadow-height:45px] has-data-writing-block:pointer-events-none has-data-writing-block:-mt-(--shadow-height) has-data-writing-block:pt-(--shadow-height) [&amp;:has([data-writing-block])&gt;*]:pointer-events-auto scroll-mt-[calc(var(--header-height)+min(200px,max(70px,20svh)))]\" dir=\"auto\" data-turn-id=\"request-699e3443-eb78-8333-9b31-4ecb9f447d7a-1\" data-testid=\"conversation-turn-122\" data-scroll-anchor=\"true\" data-turn=\"assistant\">\n<div class=\"text-base my-auto mx-auto pb-10 [--thread-content-margin:var(--thread-content-margin-xs,calc(var(--spacing)*4))] @w-sm\/main:[--thread-content-margin:var(--thread-content-margin-sm,calc(var(--spacing)*6))] @w-lg\/main:[--thread-content-margin:var(--thread-content-margin-lg,calc(var(--spacing)*16))] px-(--thread-content-margin)\">\n<div class=\"[--thread-content-max-width:40rem] @w-lg\/main:[--thread-content-max-width:48rem] mx-auto max-w-(--thread-content-max-width) flex-1 group\/turn-messages focus-visible:outline-hidden relative flex w-full min-w-0 flex-col agent-turn\">\n<div class=\"flex max-w-full flex-col gap-4 grow\">\n<div class=\"min-h-8 text-message relative flex w-full flex-col items-end gap-2 text-start break-words whitespace-normal [.text-message+&amp;]:mt-1\" dir=\"auto\" data-message-author-role=\"assistant\" data-message-id=\"c3810d13-cd46-4a7f-87b7-c1e99dec921b\" data-message-model-slug=\"gpt-5-3\">\n<div class=\"flex w-full flex-col gap-1 empty:hidden\">\n<div class=\"markdown prose dark:prose-invert w-full wrap-break-word light markdown-new-styling\">\n<p data-start=\"80\" data-end=\"237\"><strong data-start=\"80\" data-end=\"237\"><span class=\"BZ_Pyq_fadeIn\">El <\/span><span class=\"BZ_Pyq_fadeIn\">hombre <\/span><span class=\"BZ_Pyq_fadeIn\">hab\u00eda <\/span><span class=\"BZ_Pyq_fadeIn\">ingresado <\/span><span class=\"BZ_Pyq_fadeIn\">a <\/span><span class=\"BZ_Pyq_fadeIn\">nadar <\/span><span class=\"BZ_Pyq_fadeIn\">por <\/span><span class=\"BZ_Pyq_fadeIn\">la <\/span><span class=\"BZ_Pyq_fadeIn\">escollera <\/span><span class=\"BZ_Pyq_fadeIn\">de <\/span><span class=\"BZ_Pyq_fadeIn\">Cabo <\/span><span class=\"BZ_Pyq_fadeIn\">Corrientes. <\/span><span class=\"BZ_Pyq_fadeIn\">Su <\/span><span class=\"BZ_Pyq_fadeIn\">cuerpo <\/span><span class=\"BZ_Pyq_fadeIn\">fue <\/span><span class=\"BZ_Pyq_fadeIn\">encontrado <\/span><span class=\"BZ_Pyq_fadeIn\">a <\/span><span class=\"BZ_Pyq_fadeIn\">unos <\/span><span class=\"BZ_Pyq_fadeIn\">1700 <\/span><span class=\"BZ_Pyq_fadeIn\">metros <\/span><span class=\"BZ_Pyq_fadeIn\">del <\/span><span class=\"BZ_Pyq_fadeIn\">lugar <\/span><span class=\"BZ_Pyq_fadeIn\">donde <\/span><span class=\"BZ_Pyq_fadeIn\">dej\u00f3 <\/span><span class=\"BZ_Pyq_fadeIn\">sus <\/span><span class=\"BZ_Pyq_fadeIn\">pertenencias.<\/span><\/strong><\/p>\n<p data-start=\"80\" data-end=\"237\">16 de marzo de 2026<\/p>\n<p data-start=\"239\" data-end=\"409\"><span class=\"BZ_Pyq_fadeIn\"><strong>MAR DEL PLATA &#8211;\u00a0 \u00a0<\/strong>Un <\/span><span class=\"BZ_Pyq_fadeIn\">intenso <\/span><span class=\"BZ_Pyq_fadeIn\">operativo <\/span><span class=\"BZ_Pyq_fadeIn\">de <\/span><span class=\"BZ_Pyq_fadeIn\">b\u00fasqueda <\/span><span class=\"BZ_Pyq_fadeIn\">termin\u00f3 <\/span><span class=\"BZ_Pyq_fadeIn\">este <\/span><span class=\"BZ_Pyq_fadeIn\">lunes <\/span><span class=\"BZ_Pyq_fadeIn\">con <\/span><span class=\"BZ_Pyq_fadeIn\">el <\/span><strong data-start=\"298\" data-end=\"345\"><span class=\"BZ_Pyq_fadeIn\">hallazgo <\/span><span class=\"BZ_Pyq_fadeIn\">del <\/span><span class=\"BZ_Pyq_fadeIn\">cuerpo <\/span><span class=\"BZ_Pyq_fadeIn\">de <\/span><span class=\"BZ_Pyq_fadeIn\">un <\/span><span class=\"BZ_Pyq_fadeIn\">nadador <\/span><span class=\"BZ_Pyq_fadeIn\">en <\/span><span class=\"BZ_Pyq_fadeIn\">el <\/span><span class=\"BZ_Pyq_fadeIn\">mar<\/span><\/strong> <span class=\"BZ_Pyq_fadeIn\">frente <\/span><span class=\"BZ_Pyq_fadeIn\">a <\/span><span class=\"BZ_Pyq_fadeIn\">la <\/span><span class=\"BZ_Pyq_fadeIn\">costa <\/span><span class=\"BZ_Pyq_fadeIn\">de <\/span><strong data-start=\"367\" data-end=\"408\"><span class=\"hover:entity-accent entity-underline inline cursor-pointer align-baseline\"><span class=\"whitespace-normal\">Mar del Plata<\/span><\/span><\/strong><span class=\"BZ_Pyq_fadeIn\">.<\/span><\/p>\n<blockquote>\n<h3 data-start=\"411\" data-end=\"586\"><span class=\"BZ_Pyq_fadeIn\">El <\/span><span class=\"BZ_Pyq_fadeIn\">procedimiento <\/span><span class=\"BZ_Pyq_fadeIn\">moviliz\u00f3 <\/span><strong data-start=\"437\" data-end=\"461\"><span class=\"BZ_Pyq_fadeIn\">a <\/span><span class=\"BZ_Pyq_fadeIn\">m\u00e1s <\/span><span class=\"BZ_Pyq_fadeIn\">de <\/span><span class=\"BZ_Pyq_fadeIn\">30 <\/span><span class=\"BZ_Pyq_fadeIn\">personas<\/span><\/strong><span class=\"BZ_Pyq_fadeIn\">, <\/span><span class=\"BZ_Pyq_fadeIn\">entre <\/span><span class=\"BZ_Pyq_fadeIn\">personal <\/span><span class=\"BZ_Pyq_fadeIn\">de <\/span><span class=\"BZ_Pyq_fadeIn\">la <\/span><strong data-start=\"484\" data-end=\"525\"><span class=\"hover:entity-accent entity-underline inline cursor-pointer align-baseline\"><span class=\"whitespace-normal\">Prefectura Naval Argentina<\/span><\/span><\/strong><span class=\"BZ_Pyq_fadeIn\">, <\/span><span class=\"BZ_Pyq_fadeIn\">guardavidas <\/span><span class=\"BZ_Pyq_fadeIn\">y <\/span><span class=\"BZ_Pyq_fadeIn\">equipos <\/span><span class=\"BZ_Pyq_fadeIn\">de <\/span><span class=\"BZ_Pyq_fadeIn\">seguridad <\/span><span class=\"BZ_Pyq_fadeIn\">en <\/span><span class=\"BZ_Pyq_fadeIn\">playas <\/span><span class=\"BZ_Pyq_fadeIn\">del <\/span><span class=\"BZ_Pyq_fadeIn\">municipio.<\/span><\/h3>\n<\/blockquote>\n<p data-start=\"588\" data-end=\"890\"><span class=\"BZ_Pyq_fadeIn\">Seg\u00fan <\/span><span class=\"BZ_Pyq_fadeIn\">se <\/span><span class=\"BZ_Pyq_fadeIn\">inform\u00f3, <\/span><span class=\"BZ_Pyq_fadeIn\">el <\/span><span class=\"BZ_Pyq_fadeIn\">hombre <\/span><strong data-start=\"616\" data-end=\"701\"><span class=\"BZ_Pyq_fadeIn\">hab\u00eda <\/span><span class=\"BZ_Pyq_fadeIn\">ingresado <\/span><span class=\"BZ_Pyq_fadeIn\">al <\/span><span class=\"BZ_Pyq_fadeIn\">agua <\/span><span class=\"BZ_Pyq_fadeIn\">por <\/span><span class=\"BZ_Pyq_fadeIn\">la <\/span><span class=\"BZ_Pyq_fadeIn\">escollera <\/span><span class=\"BZ_Pyq_fadeIn\">de <\/span><span class=\"hover:entity-accent entity-underline inline cursor-pointer align-baseline\"><span class=\"whitespace-normal\">Cabo Corrientes<\/span><\/span><\/strong><span class=\"BZ_Pyq_fadeIn\">, <\/span><span class=\"BZ_Pyq_fadeIn\">donde <\/span><span class=\"BZ_Pyq_fadeIn\">dej\u00f3 <\/span><span class=\"BZ_Pyq_fadeIn\">sus <\/span><span class=\"BZ_Pyq_fadeIn\">pertenencias. <\/span><span class=\"BZ_Pyq_fadeIn\">Su <\/span><span class=\"BZ_Pyq_fadeIn\">cuerpo <\/span><span class=\"BZ_Pyq_fadeIn\">fue <\/span><span class=\"BZ_Pyq_fadeIn\">hallado <\/span><strong data-start=\"754\" data-end=\"844\"><span class=\"BZ_Pyq_fadeIn\">entre <\/span><span class=\"hover:entity-accent entity-underline inline cursor-pointer align-baseline\"><span class=\"whitespace-normal\">Playa Grande<\/span><\/span> <span class=\"BZ_Pyq_fadeIn\">y <\/span><span class=\"BZ_Pyq_fadeIn\">el <\/span><span class=\"hover:entity-accent entity-underline inline cursor-pointer align-baseline\"><span class=\"whitespace-normal\">Puerto de Mar del Plata<\/span><\/span><\/strong><span class=\"BZ_Pyq_fadeIn\">, <\/span><span class=\"BZ_Pyq_fadeIn\">a <\/span><strong data-start=\"848\" data-end=\"889\"><span class=\"BZ_Pyq_fadeIn\">unos <\/span><span class=\"BZ_Pyq_fadeIn\">1700 <\/span><span class=\"BZ_Pyq_fadeIn\">metros <\/span><span class=\"BZ_Pyq_fadeIn\">del <\/span><span class=\"BZ_Pyq_fadeIn\">punto <\/span><span class=\"BZ_Pyq_fadeIn\">de <\/span><span class=\"BZ_Pyq_fadeIn\">ingreso<\/span><\/strong><span class=\"BZ_Pyq_fadeIn\">.<\/span><\/p>\n<h3 data-section-id=\"1xq6wtk\" data-start=\"892\" data-end=\"929\"><span style=\"color: #ff0000\"><span class=\"BZ_Pyq_fadeIn\">C\u00f3mo <\/span><span class=\"BZ_Pyq_fadeIn\">fue <\/span><span class=\"BZ_Pyq_fadeIn\">el <\/span><span class=\"BZ_Pyq_fadeIn\">operativo <\/span><span class=\"BZ_Pyq_fadeIn\">de <\/span><span class=\"BZ_Pyq_fadeIn\">b\u00fasqueda<\/span><\/span><\/h3>\n<p data-start=\"931\" data-end=\"1108\"><span class=\"BZ_Pyq_fadeIn\">El <\/span><span class=\"BZ_Pyq_fadeIn\">operativo <\/span><span class=\"BZ_Pyq_fadeIn\">comenz\u00f3 <\/span><span class=\"BZ_Pyq_fadeIn\">alrededor <\/span><span class=\"BZ_Pyq_fadeIn\">de <\/span><strong data-start=\"965\" data-end=\"987\"><span class=\"BZ_Pyq_fadeIn\">las <\/span><span class=\"BZ_Pyq_fadeIn\">8 <\/span><span class=\"BZ_Pyq_fadeIn\">de <\/span><span class=\"BZ_Pyq_fadeIn\">la <\/span><span class=\"BZ_Pyq_fadeIn\">ma\u00f1ana<\/span><\/strong><span class=\"BZ_Pyq_fadeIn\">, <\/span><span class=\"BZ_Pyq_fadeIn\">cuando <\/span><span class=\"BZ_Pyq_fadeIn\">un <\/span><span class=\"BZ_Pyq_fadeIn\">grupo <\/span><span class=\"BZ_Pyq_fadeIn\">de <\/span><span class=\"BZ_Pyq_fadeIn\">nadadores <\/span><span class=\"BZ_Pyq_fadeIn\">encontr\u00f3 <\/span><strong data-start=\"1027\" data-end=\"1061\"><span class=\"BZ_Pyq_fadeIn\">las <\/span><span class=\"BZ_Pyq_fadeIn\">pertenencias <\/span><span class=\"BZ_Pyq_fadeIn\">de <\/span><span class=\"BZ_Pyq_fadeIn\">la <\/span><span class=\"BZ_Pyq_fadeIn\">v\u00edctima<\/span><\/strong> <span class=\"BZ_Pyq_fadeIn\">en <\/span><span class=\"BZ_Pyq_fadeIn\">la <\/span><span class=\"BZ_Pyq_fadeIn\">escollera <\/span><span class=\"BZ_Pyq_fadeIn\">y <\/span><span class=\"BZ_Pyq_fadeIn\">dio <\/span><span class=\"BZ_Pyq_fadeIn\">aviso <\/span><span class=\"BZ_Pyq_fadeIn\">a <\/span><span class=\"BZ_Pyq_fadeIn\">las <\/span><span class=\"BZ_Pyq_fadeIn\">autoridades.<\/span><\/p>\n<blockquote>\n<h3 data-start=\"1110\" data-end=\"1247\"><span class=\"BZ_Pyq_fadeIn\">Posteriormente, <\/span><strong data-start=\"1126\" data-end=\"1199\"><span class=\"BZ_Pyq_fadeIn\">una <\/span><span class=\"BZ_Pyq_fadeIn\">c\u00e1mara <\/span><span class=\"BZ_Pyq_fadeIn\">de <\/span><span class=\"BZ_Pyq_fadeIn\">seguridad <\/span><span class=\"BZ_Pyq_fadeIn\">confirm\u00f3 <\/span><span class=\"BZ_Pyq_fadeIn\">que <\/span><span class=\"BZ_Pyq_fadeIn\">el <\/span><span class=\"BZ_Pyq_fadeIn\">hombre <\/span><span class=\"BZ_Pyq_fadeIn\">hab\u00eda <\/span><span class=\"BZ_Pyq_fadeIn\">ingresado <\/span><span class=\"BZ_Pyq_fadeIn\">al <\/span><span class=\"BZ_Pyq_fadeIn\">mar<\/span><\/strong><span class=\"BZ_Pyq_fadeIn\">, <\/span><span class=\"BZ_Pyq_fadeIn\">lo <\/span><span class=\"BZ_Pyq_fadeIn\">que <\/span><span class=\"BZ_Pyq_fadeIn\">activ\u00f3 <\/span><span class=\"BZ_Pyq_fadeIn\">un <\/span><span class=\"BZ_Pyq_fadeIn\">amplio <\/span><span class=\"BZ_Pyq_fadeIn\">despliegue <\/span><span class=\"BZ_Pyq_fadeIn\">de <\/span><span class=\"BZ_Pyq_fadeIn\">rescate.<\/span><\/h3>\n<\/blockquote>\n<p data-start=\"1249\" data-end=\"1430\"><span class=\"BZ_Pyq_fadeIn\">Participaron <\/span><span class=\"BZ_Pyq_fadeIn\">efectivos <\/span><span class=\"BZ_Pyq_fadeIn\">de <\/span><span class=\"BZ_Pyq_fadeIn\">la <\/span><strong data-start=\"1278\" data-end=\"1294\"><span class=\"BZ_Pyq_fadeIn\">Comisar\u00eda <\/span><span class=\"BZ_Pyq_fadeIn\">9\u00aa<\/span><\/strong><span class=\"BZ_Pyq_fadeIn\">, <\/span><span class=\"BZ_Pyq_fadeIn\">guardavidas, <\/span><span class=\"BZ_Pyq_fadeIn\">embarcaciones <\/span><span class=\"BZ_Pyq_fadeIn\">de <\/span><span class=\"BZ_Pyq_fadeIn\">la <\/span><span class=\"BZ_Pyq_fadeIn\">zona <\/span><span class=\"BZ_Pyq_fadeIn\">y <\/span><span class=\"BZ_Pyq_fadeIn\">personal <\/span><span class=\"BZ_Pyq_fadeIn\">de <\/span><strong data-start=\"1348\" data-end=\"1362\"><span class=\"BZ_Pyq_fadeIn\">Prefectura<\/span><\/strong><span class=\"BZ_Pyq_fadeIn\">, <\/span><span class=\"BZ_Pyq_fadeIn\">que <\/span><span class=\"BZ_Pyq_fadeIn\">trabaj\u00f3 <\/span><span class=\"BZ_Pyq_fadeIn\">con <\/span><span class=\"BZ_Pyq_fadeIn\">un <\/span><span class=\"BZ_Pyq_fadeIn\">guardacostas <\/span><span class=\"BZ_Pyq_fadeIn\">para <\/span><span class=\"BZ_Pyq_fadeIn\">ampliar <\/span><span class=\"BZ_Pyq_fadeIn\">el <\/span><span class=\"BZ_Pyq_fadeIn\">radio <\/span><span class=\"BZ_Pyq_fadeIn\">de <\/span><span class=\"BZ_Pyq_fadeIn\">b\u00fasqueda.<\/span><\/p>\n<p data-start=\"1432\" data-end=\"1579\"><span class=\"BZ_Pyq_fadeIn\">Finalmente, <\/span><strong data-start=\"1444\" data-end=\"1506\"><span class=\"BZ_Pyq_fadeIn\">un <\/span><span class=\"BZ_Pyq_fadeIn\">barco <\/span><span class=\"BZ_Pyq_fadeIn\">pesquero <\/span><span class=\"BZ_Pyq_fadeIn\">detect\u00f3 <\/span><span class=\"BZ_Pyq_fadeIn\">el <\/span><span class=\"BZ_Pyq_fadeIn\">cuerpo <\/span><span class=\"BZ_Pyq_fadeIn\">en <\/span><span class=\"BZ_Pyq_fadeIn\">el <\/span><span class=\"BZ_Pyq_fadeIn\">agua <\/span><span class=\"BZ_Pyq_fadeIn\">y <\/span><span class=\"BZ_Pyq_fadeIn\">dio <\/span><span class=\"BZ_Pyq_fadeIn\">aviso<\/span><\/strong><span class=\"BZ_Pyq_fadeIn\">, <\/span><span class=\"BZ_Pyq_fadeIn\">lo <\/span><span class=\"BZ_Pyq_fadeIn\">que <\/span><span class=\"BZ_Pyq_fadeIn\">permiti\u00f3 <\/span><span class=\"BZ_Pyq_fadeIn\">que <\/span><span class=\"BZ_Pyq_fadeIn\">el <\/span><span class=\"BZ_Pyq_fadeIn\">guardacostas <\/span><span class=\"BZ_Pyq_fadeIn\">de <\/span><span class=\"BZ_Pyq_fadeIn\">Prefectura <\/span><span class=\"BZ_Pyq_fadeIn\">realizara <\/span><span class=\"BZ_Pyq_fadeIn\">el <\/span><span class=\"BZ_Pyq_fadeIn\">rescate.<\/span><\/p>\n<h3 data-section-id=\"wf13dy\" data-start=\"1581\" data-end=\"1617\"><span style=\"color: #ff0000\"><span class=\"BZ_Pyq_fadeIn\">El <\/span><span class=\"BZ_Pyq_fadeIn\">rol <\/span><span class=\"BZ_Pyq_fadeIn\">de <\/span><span class=\"BZ_Pyq_fadeIn\">las <\/span><span class=\"BZ_Pyq_fadeIn\">corrientes <\/span><span class=\"BZ_Pyq_fadeIn\">marinas<\/span><\/span><\/h3>\n<p data-start=\"1619\" data-end=\"1812\"><span class=\"BZ_Pyq_fadeIn\">El <\/span><span class=\"BZ_Pyq_fadeIn\">coordinador <\/span><span class=\"BZ_Pyq_fadeIn\">del <\/span><span class=\"BZ_Pyq_fadeIn\">Operativo <\/span><span class=\"BZ_Pyq_fadeIn\">de <\/span><span class=\"BZ_Pyq_fadeIn\">Seguridad <\/span><span class=\"BZ_Pyq_fadeIn\">en <\/span><span class=\"BZ_Pyq_fadeIn\">Playas <\/span><span class=\"BZ_Pyq_fadeIn\">del <\/span><span class=\"BZ_Pyq_fadeIn\">municipio, <\/span><strong data-start=\"1686\" data-end=\"1727\"><span class=\"hover:entity-accent entity-underline inline cursor-pointer align-baseline\"><span class=\"whitespace-normal\">Marcelo Zanetti<\/span><\/span><\/strong><span class=\"BZ_Pyq_fadeIn\">, <\/span><span class=\"BZ_Pyq_fadeIn\">explic\u00f3 <\/span><span class=\"BZ_Pyq_fadeIn\">que <\/span><span class=\"BZ_Pyq_fadeIn\">las <\/span><span class=\"BZ_Pyq_fadeIn\">corrientes <\/span><span class=\"BZ_Pyq_fadeIn\">del <\/span><span class=\"BZ_Pyq_fadeIn\">mar <\/span><span class=\"BZ_Pyq_fadeIn\">influyeron <\/span><span class=\"BZ_Pyq_fadeIn\">en <\/span><span class=\"BZ_Pyq_fadeIn\">el <\/span><span class=\"BZ_Pyq_fadeIn\">lugar <\/span><span class=\"BZ_Pyq_fadeIn\">donde <\/span><span class=\"BZ_Pyq_fadeIn\">apareci\u00f3 <\/span><span class=\"BZ_Pyq_fadeIn\">el <\/span><span class=\"BZ_Pyq_fadeIn\">cuerpo.<\/span><\/p>\n<p data-start=\"1814\" data-end=\"2039\"><span class=\"BZ_Pyq_fadeIn\">\u201c<\/span><strong data-start=\"1815\" data-end=\"2029\"><span class=\"BZ_Pyq_fadeIn\">Lo <\/span><span class=\"BZ_Pyq_fadeIn\">que <\/span><span class=\"BZ_Pyq_fadeIn\">se <\/span><span class=\"BZ_Pyq_fadeIn\">ve <\/span><span class=\"BZ_Pyq_fadeIn\">en <\/span><span class=\"BZ_Pyq_fadeIn\">la <\/span><span class=\"BZ_Pyq_fadeIn\">superficie <\/span><span class=\"BZ_Pyq_fadeIn\">es <\/span><span class=\"BZ_Pyq_fadeIn\">una <\/span><span class=\"BZ_Pyq_fadeIn\">corriente <\/span><span class=\"BZ_Pyq_fadeIn\">que <\/span><span class=\"BZ_Pyq_fadeIn\">va <\/span><span class=\"BZ_Pyq_fadeIn\">de <\/span><span class=\"BZ_Pyq_fadeIn\">sur <\/span><span class=\"BZ_Pyq_fadeIn\">a <\/span><span class=\"BZ_Pyq_fadeIn\">norte. <\/span><span class=\"BZ_Pyq_fadeIn\">Pero <\/span><span class=\"BZ_Pyq_fadeIn\">claramente <\/span><span class=\"BZ_Pyq_fadeIn\">hay <\/span><span class=\"BZ_Pyq_fadeIn\">corrientes <\/span><span class=\"BZ_Pyq_fadeIn\">internas, <\/span><span class=\"BZ_Pyq_fadeIn\">lo <\/span><span class=\"BZ_Pyq_fadeIn\">cual <\/span><span class=\"BZ_Pyq_fadeIn\">hizo <\/span><span class=\"BZ_Pyq_fadeIn\">que <\/span><span class=\"BZ_Pyq_fadeIn\">el <\/span><span class=\"BZ_Pyq_fadeIn\">cuerpo <\/span><span class=\"BZ_Pyq_fadeIn\">aparezca <\/span><span class=\"BZ_Pyq_fadeIn\">para <\/span><span class=\"BZ_Pyq_fadeIn\">la <\/span><span class=\"BZ_Pyq_fadeIn\">zona <\/span><span class=\"BZ_Pyq_fadeIn\">del <\/span><span class=\"BZ_Pyq_fadeIn\">sur <\/span><span class=\"BZ_Pyq_fadeIn\">y <\/span><span class=\"BZ_Pyq_fadeIn\">no <\/span><span class=\"BZ_Pyq_fadeIn\">en <\/span><span class=\"BZ_Pyq_fadeIn\">el <\/span><span class=\"BZ_Pyq_fadeIn\">norte <\/span><span class=\"BZ_Pyq_fadeIn\">que <\/span><span class=\"BZ_Pyq_fadeIn\">era <\/span><span class=\"BZ_Pyq_fadeIn\">donde <\/span><span class=\"BZ_Pyq_fadeIn\">esper\u00e1bamos<\/span><\/strong><span class=\"BZ_Pyq_fadeIn\">\u201d, <\/span><span class=\"BZ_Pyq_fadeIn\">se\u00f1al\u00f3.<\/span><\/p>\n<h3 data-section-id=\"v98whw\" data-start=\"2041\" data-end=\"2075\"><span style=\"color: #ff0000\"><span class=\"BZ_Pyq_fadeIn\">Recomendaciones <\/span><span class=\"BZ_Pyq_fadeIn\">para <\/span><span class=\"BZ_Pyq_fadeIn\">nadadores<\/span><\/span><\/h3>\n<p data-start=\"2077\" data-end=\"2227\"><span class=\"BZ_Pyq_fadeIn\">Tras <\/span><span class=\"BZ_Pyq_fadeIn\">el <\/span><span class=\"BZ_Pyq_fadeIn\">hecho, <\/span><span class=\"BZ_Pyq_fadeIn\">Zanetti <\/span><span class=\"BZ_Pyq_fadeIn\">recomend\u00f3 <\/span><span class=\"BZ_Pyq_fadeIn\">que <\/span><strong data-start=\"2114\" data-end=\"2194\"><span class=\"BZ_Pyq_fadeIn\">los <\/span><span class=\"BZ_Pyq_fadeIn\">grupos <\/span><span class=\"BZ_Pyq_fadeIn\">de <\/span><span class=\"BZ_Pyq_fadeIn\">nataci\u00f3n <\/span><span class=\"BZ_Pyq_fadeIn\">en <\/span><span class=\"BZ_Pyq_fadeIn\">aguas <\/span><span class=\"BZ_Pyq_fadeIn\">abiertas <\/span><span class=\"BZ_Pyq_fadeIn\">cuenten <\/span><span class=\"BZ_Pyq_fadeIn\">con <\/span><span class=\"BZ_Pyq_fadeIn\">protocolos <\/span><span class=\"BZ_Pyq_fadeIn\">de <\/span><span class=\"BZ_Pyq_fadeIn\">seguridad<\/span><\/strong> <span class=\"BZ_Pyq_fadeIn\">para <\/span><span class=\"BZ_Pyq_fadeIn\">actuar <\/span><span class=\"BZ_Pyq_fadeIn\">ante <\/span><span class=\"BZ_Pyq_fadeIn\">una <\/span><span class=\"BZ_Pyq_fadeIn\">emergencia.<\/span><\/p>\n<p data-start=\"2229\" data-end=\"2435\" data-is-last-node=\"\" data-is-only-node=\"\"><span class=\"BZ_Pyq_fadeIn\">Seg\u00fan <\/span><span class=\"BZ_Pyq_fadeIn\">explic\u00f3, <\/span><span class=\"BZ_Pyq_fadeIn\">es <\/span><span class=\"BZ_Pyq_fadeIn\">fundamental <\/span><strong data-start=\"2259\" data-end=\"2336\"><span class=\"BZ_Pyq_fadeIn\">contar <\/span><span class=\"BZ_Pyq_fadeIn\">con <\/span><span class=\"BZ_Pyq_fadeIn\">embarcaciones <\/span><span class=\"BZ_Pyq_fadeIn\">de <\/span><span class=\"BZ_Pyq_fadeIn\">apoyo <\/span><span class=\"BZ_Pyq_fadeIn\">y <\/span><span class=\"BZ_Pyq_fadeIn\">evitar <\/span><span class=\"BZ_Pyq_fadeIn\">internarse <\/span><span class=\"BZ_Pyq_fadeIn\">demasiado <\/span><span class=\"BZ_Pyq_fadeIn\">en <\/span><span class=\"BZ_Pyq_fadeIn\">el <\/span><span class=\"BZ_Pyq_fadeIn\">mar<\/span><\/strong><span class=\"BZ_Pyq_fadeIn\">, <\/span><span class=\"BZ_Pyq_fadeIn\">ya <\/span><span class=\"BZ_Pyq_fadeIn\">que <\/span><span class=\"BZ_Pyq_fadeIn\">cuanto <\/span><span class=\"BZ_Pyq_fadeIn\">m\u00e1s <\/span><span class=\"BZ_Pyq_fadeIn\">lejos <\/span><span class=\"BZ_Pyq_fadeIn\">de <\/span><span class=\"BZ_Pyq_fadeIn\">la <\/span><span class=\"BZ_Pyq_fadeIn\">costa <\/span><span class=\"BZ_Pyq_fadeIn\">ocurre <\/span><span class=\"BZ_Pyq_fadeIn\">una <\/span><span class=\"BZ_Pyq_fadeIn\">emergencia, <\/span><strong data-start=\"2397\" data-end=\"2434\"><span class=\"BZ_Pyq_fadeIn\">m\u00e1s <\/span><span class=\"BZ_Pyq_fadeIn\">complejo <\/span><span class=\"BZ_Pyq_fadeIn\">se <\/span><span class=\"BZ_Pyq_fadeIn\">vuelve <\/span><span class=\"BZ_Pyq_fadeIn\">el <\/span><span class=\"BZ_Pyq_fadeIn\">rescate<\/span><\/strong><span class=\"BZ_Pyq_fadeIn\">.<\/span><\/p>\n<\/div>\n<\/div>\n<\/div>\n<\/div>\n<div class=\"z-0 flex min-h-[46px] justify-start\"><\/div>\n<div class=\"mt-3 w-full empty:hidden\">\n<div class=\"text-center\"><\/div>\n<\/div>\n<\/div>\n<\/div>\n<\/article>\n<\/div>\n<div class=\"pointer-events-none h-px w-px absolute bottom-0\" aria-hidden=\"true\" data-edge=\"true\"><\/div>\n","protected":false},"excerpt":{"rendered":"<div class=\"mh-excerpt\"><p>El hombre hab\u00eda ingresado a nadar por la escollera de Cabo Corrientes. Su cuerpo fue encontrado a unos 1700 metros del lugar donde dej\u00f3 sus pertenencias. 16 de marzo de 2026 MAR DEL PLATA &#8211;\u00a0 <a class=\"mh-excerpt-more\" href=\"https:\/\/larevistadigital.com.ar\/blog\/mar-del-plata-hallaron-muerto-a-un-nadador-en-el-mar-tras-un-amplio-operativo-de-busqueda\/\" title=\"Mar del Plata: Hallaron muerto a un nadador en el mar tras un amplio operativo de b\u00fasqueda\">[Leer M\u00e1s]<\/a><\/p>\n<\/div>","protected":false},"author":3,"featured_media":44535,"comment_status":"open","ping_status":"open","sticky":false,"template":"","format":"standard","meta":{"_jetpack_memberships_contains_paid_content":false,"footnotes":"","jetpack_publicize_message":"","jetpack_publicize_feature_enabled":true,"jetpack_social_post_already_shared":true,"jetpack_social_options":{"image_generator_settings":{"template":"highway","default_image_id":0,"font":"","enabled":false},"version":2}},"categories":[44,51],"tags":[],"class_list":{"0":"post-44534","1":"post","2":"type-post","3":"status-publish","4":"format-standard","5":"has-post-thumbnail","7":"category-policiales","8":"category-regionales"},"jetpack_publicize_connections":[],"jetpack_featured_media_url":"https:\/\/i0.wp.com\/larevistadigital.com.ar\/blog\/wp-content\/uploads\/Captura-de-pantalla-2026-03-16-145317.jpg?fit=815%2C334&ssl=1","jetpack_sharing_enabled":true,"jetpack_shortlink":"https:\/\/wp.me\/p8qtrQ-bAi","jetpack-related-posts":[{"id":43573,"url":"https:\/\/larevistadigital.com.ar\/blog\/mar-del-plata-hallaron-muerto-a-un-turista-en-el-techo-de-un-hotel\/","url_meta":{"origin":44534,"position":0},"title":"Mar del Plata: Hallaron muerto a un turista en el techo de un hotel","author":"Alejandro Sosa Ruda","date":"23 enero, 2026","format":false,"excerpt":"El hombre ten\u00eda 79 a\u00f1os y hab\u00eda llegado desde Mendoza junto a su esposa. La Justicia investiga las circunstancias del fallecimiento. 23 de enero de 2026 MAR DEL PLATA -\u00a0 \u00a0 El cuerpo de un turista de 79 a\u00f1os fue hallado este jueves al mediod\u00eda en el techo de un\u2026","rel":"","context":"En \u00abPOLICIALES\u00bb","block_context":{"text":"POLICIALES","link":"https:\/\/larevistadigital.com.ar\/blog\/category\/policiales\/"},"img":{"alt_text":"","src":"https:\/\/i0.wp.com\/larevistadigital.com.ar\/blog\/wp-content\/uploads\/db4e9d9af51f8cb3349157ea40f2d8a5a1bb35d9.png?fit=1140%2C700&ssl=1&resize=350%2C200","width":350,"height":200,"srcset":"https:\/\/i0.wp.com\/larevistadigital.com.ar\/blog\/wp-content\/uploads\/db4e9d9af51f8cb3349157ea40f2d8a5a1bb35d9.png?fit=1140%2C700&ssl=1&resize=350%2C200 1x, https:\/\/i0.wp.com\/larevistadigital.com.ar\/blog\/wp-content\/uploads\/db4e9d9af51f8cb3349157ea40f2d8a5a1bb35d9.png?fit=1140%2C700&ssl=1&resize=525%2C300 1.5x, https:\/\/i0.wp.com\/larevistadigital.com.ar\/blog\/wp-content\/uploads\/db4e9d9af51f8cb3349157ea40f2d8a5a1bb35d9.png?fit=1140%2C700&ssl=1&resize=700%2C400 2x, https:\/\/i0.wp.com\/larevistadigital.com.ar\/blog\/wp-content\/uploads\/db4e9d9af51f8cb3349157ea40f2d8a5a1bb35d9.png?fit=1140%2C700&ssl=1&resize=1050%2C600 3x"},"classes":[]},{"id":43587,"url":"https:\/\/larevistadigital.com.ar\/blog\/hallaron-un-cadaver-flotando-en-una-playa-centrica-de-mar-del-plata-y-fue-identificado\/","url_meta":{"origin":44534,"position":1},"title":"Hallaron un cad\u00e1ver flotando en una playa c\u00e9ntrica de Mar del Plata y fue identificado","author":"Alejandro Sosa Ruda","date":"24 enero, 2026","format":false,"excerpt":"Se trata de un joven de 27 a\u00f1os. El cuerpo apareci\u00f3 durante la madrugada en la playa Bristol y la Justicia investiga las causas de la muerte. 24 de enero de 2026 MAR DEL PLATA -\u00a0 \u00a0 El avance de la investigaci\u00f3n permiti\u00f3 identificar al hombre cuyo cuerpo fue hallado\u2026","rel":"","context":"En \u00abPOLICIALES\u00bb","block_context":{"text":"POLICIALES","link":"https:\/\/larevistadigital.com.ar\/blog\/category\/policiales\/"},"img":{"alt_text":"","src":"https:\/\/i0.wp.com\/larevistadigital.com.ar\/blog\/wp-content\/uploads\/Captura-de-pantalla-2026-01-24-132009.jpg?fit=792%2C334&ssl=1&resize=350%2C200","width":350,"height":200,"srcset":"https:\/\/i0.wp.com\/larevistadigital.com.ar\/blog\/wp-content\/uploads\/Captura-de-pantalla-2026-01-24-132009.jpg?fit=792%2C334&ssl=1&resize=350%2C200 1x, https:\/\/i0.wp.com\/larevistadigital.com.ar\/blog\/wp-content\/uploads\/Captura-de-pantalla-2026-01-24-132009.jpg?fit=792%2C334&ssl=1&resize=525%2C300 1.5x, https:\/\/i0.wp.com\/larevistadigital.com.ar\/blog\/wp-content\/uploads\/Captura-de-pantalla-2026-01-24-132009.jpg?fit=792%2C334&ssl=1&resize=700%2C400 2x"},"classes":[]},{"id":43657,"url":"https:\/\/larevistadigital.com.ar\/blog\/hallaron-sin-vida-a-un-hombre-que-habia-desaparecido-en-el-mar-en-santa-teresita\/","url_meta":{"origin":44534,"position":2},"title":"Hallaron sin vida a un hombre que hab\u00eda desaparecido en el mar en Santa Teresita","author":"Alejandro Sosa Ruda","date":"30 enero, 2026","format":false,"excerpt":"El hombre que era intensamente buscado desde la tarde del mi\u00e9rcoles tras desaparecer en el mar en Santa Teresita fue encontrado sin vida este jueves en una playa de la localidad de Las Toninas, en el Partido de La Costa. 30 de enero de 2026 SANTA TERESITA -\u00a0 \u00a0La v\u00edctima\u2026","rel":"","context":"En \u00abPOLICIALES\u00bb","block_context":{"text":"POLICIALES","link":"https:\/\/larevistadigital.com.ar\/blog\/category\/policiales\/"},"img":{"alt_text":"","src":"https:\/\/i0.wp.com\/larevistadigital.com.ar\/blog\/wp-content\/uploads\/c09b60afb95e6df19167cb378275a30f40bbfe31.png?fit=1140%2C698&ssl=1&resize=350%2C200","width":350,"height":200,"srcset":"https:\/\/i0.wp.com\/larevistadigital.com.ar\/blog\/wp-content\/uploads\/c09b60afb95e6df19167cb378275a30f40bbfe31.png?fit=1140%2C698&ssl=1&resize=350%2C200 1x, https:\/\/i0.wp.com\/larevistadigital.com.ar\/blog\/wp-content\/uploads\/c09b60afb95e6df19167cb378275a30f40bbfe31.png?fit=1140%2C698&ssl=1&resize=525%2C300 1.5x, https:\/\/i0.wp.com\/larevistadigital.com.ar\/blog\/wp-content\/uploads\/c09b60afb95e6df19167cb378275a30f40bbfe31.png?fit=1140%2C698&ssl=1&resize=700%2C400 2x, https:\/\/i0.wp.com\/larevistadigital.com.ar\/blog\/wp-content\/uploads\/c09b60afb95e6df19167cb378275a30f40bbfe31.png?fit=1140%2C698&ssl=1&resize=1050%2C600 3x"},"classes":[]},{"id":25479,"url":"https:\/\/larevistadigital.com.ar\/blog\/mar-del-plata-hallaron-un-cadaver-desnudo-en-el-arroyo-la-tapera\/","url_meta":{"origin":44534,"position":3},"title":"MAR DEL PLATA: HALLARON UN CADAVER DESNUDO EN EL ARROYO \u00abLA TAPERA\u00bb","author":"Alejandro Sosa Ruda","date":"30 mayo, 2022","format":false,"excerpt":"Personal policial trabaja en el lugar del hecho, en las inmediaciones de Constituci\u00f3n y Ferm\u00edn Errea. A\u00fan se desconoce el sexo de la persona fallecida, debido a que el cuerpo se encontraba en avanzado estado de descomposici\u00f3n. MAR DEL PLATA -\u00a0 Un cad\u00e1ver fue\u00a0encontrado\u00a0desnudo\u00a0este lunes a la tarde en avanzado\u2026","rel":"","context":"En \u00abPOLICIALES\u00bb","block_context":{"text":"POLICIALES","link":"https:\/\/larevistadigital.com.ar\/blog\/category\/policiales\/"},"img":{"alt_text":"","src":"https:\/\/i0.wp.com\/larevistadigital.com.ar\/blog\/wp-content\/uploads\/CADAVER-EN-ARROYO.png?fit=807%2C447&ssl=1&resize=350%2C200","width":350,"height":200,"srcset":"https:\/\/i0.wp.com\/larevistadigital.com.ar\/blog\/wp-content\/uploads\/CADAVER-EN-ARROYO.png?fit=807%2C447&ssl=1&resize=350%2C200 1x, https:\/\/i0.wp.com\/larevistadigital.com.ar\/blog\/wp-content\/uploads\/CADAVER-EN-ARROYO.png?fit=807%2C447&ssl=1&resize=525%2C300 1.5x, https:\/\/i0.wp.com\/larevistadigital.com.ar\/blog\/wp-content\/uploads\/CADAVER-EN-ARROYO.png?fit=807%2C447&ssl=1&resize=700%2C400 2x"},"classes":[]},{"id":45330,"url":"https:\/\/larevistadigital.com.ar\/blog\/tragedia-a-bordo-en-mar-del-plata-hallan-muerto-a-un-tripulante-de-37-anos-y-activan-un-operativo-en-el-puerto\/","url_meta":{"origin":44534,"position":4},"title":"Tragedia a bordo en Mar del Plata: hallan muerto a un tripulante de 37 a\u00f1os y activan un operativo en el puerto","author":"Alejandro Sosa Ruda","date":"25 abril, 2026","format":false,"excerpt":"El hombre hab\u00eda manifestado s\u00edntomas previos y no despert\u00f3 este s\u00e1bado. Prefectura coordin\u00f3 el traslado del cuerpo y se investigan las causas del fallecimiento. 25 de abril de 2026 MAR DEL PLATA -\u00a0 \u00a0Un dram\u00e1tico episodio se registr\u00f3 en las \u00faltimas horas cuando un hombre de 37 a\u00f1os fue hallado\u2026","rel":"","context":"En \u00abPOLICIALES\u00bb","block_context":{"text":"POLICIALES","link":"https:\/\/larevistadigital.com.ar\/blog\/category\/policiales\/"},"img":{"alt_text":"","src":"https:\/\/i0.wp.com\/larevistadigital.com.ar\/blog\/wp-content\/uploads\/Captura-de-pantalla-2026-04-25-170035.jpg?fit=807%2C407&ssl=1&resize=350%2C200","width":350,"height":200,"srcset":"https:\/\/i0.wp.com\/larevistadigital.com.ar\/blog\/wp-content\/uploads\/Captura-de-pantalla-2026-04-25-170035.jpg?fit=807%2C407&ssl=1&resize=350%2C200 1x, https:\/\/i0.wp.com\/larevistadigital.com.ar\/blog\/wp-content\/uploads\/Captura-de-pantalla-2026-04-25-170035.jpg?fit=807%2C407&ssl=1&resize=525%2C300 1.5x, https:\/\/i0.wp.com\/larevistadigital.com.ar\/blog\/wp-content\/uploads\/Captura-de-pantalla-2026-04-25-170035.jpg?fit=807%2C407&ssl=1&resize=700%2C400 2x"},"classes":[]},{"id":43963,"url":"https:\/\/larevistadigital.com.ar\/blog\/mar-del-plata-un-hombre-efectuo-disparos-en-la-madrugada-y-fue-detenido\/","url_meta":{"origin":44534,"position":5},"title":"Mar del Plata: Un hombre efectu\u00f3 disparos en la madrugada y fue detenido","author":"Alejandro Sosa Ruda","date":"12 febrero, 2026","format":false,"excerpt":"Vecinos alertaron al 911 por detonaciones en la v\u00eda p\u00fablica. La Polic\u00eda secuestr\u00f3 un rev\u00f3lver calibre .38 con la numeraci\u00f3n suprimida y la Fiscal\u00eda inici\u00f3 una causa por tenencia ilegal de arma y encubrimiento. 12 de febrero de 2026 MAR DEL PLATA -\u00a0 Un hombre de 30 a\u00f1os fue aprehendido\u2026","rel":"","context":"En \u00abPOLICIALES\u00bb","block_context":{"text":"POLICIALES","link":"https:\/\/larevistadigital.com.ar\/blog\/category\/policiales\/"},"img":{"alt_text":"","src":"https:\/\/i0.wp.com\/larevistadigital.com.ar\/blog\/wp-content\/uploads\/Captura-de-pantalla-2026-02-12-123904.jpg?fit=769%2C462&ssl=1&resize=350%2C200","width":350,"height":200,"srcset":"https:\/\/i0.wp.com\/larevistadigital.com.ar\/blog\/wp-content\/uploads\/Captura-de-pantalla-2026-02-12-123904.jpg?fit=769%2C462&ssl=1&resize=350%2C200 1x, https:\/\/i0.wp.com\/larevistadigital.com.ar\/blog\/wp-content\/uploads\/Captura-de-pantalla-2026-02-12-123904.jpg?fit=769%2C462&ssl=1&resize=525%2C300 1.5x, https:\/\/i0.wp.com\/larevistadigital.com.ar\/blog\/wp-content\/uploads\/Captura-de-pantalla-2026-02-12-123904.jpg?fit=769%2C462&ssl=1&resize=700%2C400 2x"},"classes":[]}],"_links":{"self":[{"href":"https:\/\/larevistadigital.com.ar\/blog\/wp-json\/wp\/v2\/posts\/44534","targetHints":{"allow":["GET"]}}],"collection":[{"href":"https:\/\/larevistadigital.com.ar\/blog\/wp-json\/wp\/v2\/posts"}],"about":[{"href":"https:\/\/larevistadigital.com.ar\/blog\/wp-json\/wp\/v2\/types\/post"}],"author":[{"embeddable":true,"href":"https:\/\/larevistadigital.com.ar\/blog\/wp-json\/wp\/v2\/users\/3"}],"replies":[{"embeddable":true,"href":"https:\/\/larevistadigital.com.ar\/blog\/wp-json\/wp\/v2\/comments?post=44534"}],"version-history":[{"count":1,"href":"https:\/\/larevistadigital.com.ar\/blog\/wp-json\/wp\/v2\/posts\/44534\/revisions"}],"predecessor-version":[{"id":44536,"href":"https:\/\/larevistadigital.com.ar\/blog\/wp-json\/wp\/v2\/posts\/44534\/revisions\/44536"}],"wp:featuredmedia":[{"embeddable":true,"href":"https:\/\/larevistadigital.com.ar\/blog\/wp-json\/wp\/v2\/media\/44535"}],"wp:attachment":[{"href":"https:\/\/larevistadigital.com.ar\/blog\/wp-json\/wp\/v2\/media?parent=44534"}],"wp:term":[{"taxonomy":"category","embeddable":true,"href":"https:\/\/larevistadigital.com.ar\/blog\/wp-json\/wp\/v2\/categories?post=44534"},{"taxonomy":"post_tag","embeddable":true,"href":"https:\/\/larevistadigital.com.ar\/blog\/wp-json\/wp\/v2\/tags?post=44534"}],"curies":[{"name":"wp","href":"https:\/\/api.w.org\/{rel}","templated":true}]}}