{"id":44537,"date":"2026-03-16T19:21:39","date_gmt":"2026-03-16T22:21:39","guid":{"rendered":"https:\/\/larevistadigital.com.ar\/blog\/?p=44537"},"modified":"2026-03-16T19:37:33","modified_gmt":"2026-03-16T22:37:33","slug":"choque-contra-una-vaca-en-la-ruta-2-ocho-personas-involucradas-y-una-nina-hospitalizada","status":"publish","type":"post","link":"https:\/\/larevistadigital.com.ar\/blog\/choque-contra-una-vaca-en-la-ruta-2-ocho-personas-involucradas-y-una-nina-hospitalizada\/","title":{"rendered":"Choque contra una vaca en la Ruta 2: ocho personas involucradas y una ni\u00f1a hospitalizada"},"content":{"rendered":"<p data-start=\"93\" data-end=\"244\"><strong data-start=\"93\" data-end=\"244\"><span class=\"BZ_Pyq_fadeIn\">El <\/span><span class=\"BZ_Pyq_fadeIn\">siniestro <\/span><span class=\"BZ_Pyq_fadeIn\">ocurri\u00f3 <\/span><span class=\"BZ_Pyq_fadeIn\">en <\/span><span class=\"BZ_Pyq_fadeIn\">el <\/span><span class=\"BZ_Pyq_fadeIn\">kil\u00f3metro <\/span><span class=\"BZ_Pyq_fadeIn\">231, <\/span><span class=\"BZ_Pyq_fadeIn\">en <\/span><span class=\"BZ_Pyq_fadeIn\">jurisdicci\u00f3n <\/span><span class=\"BZ_Pyq_fadeIn\">de <\/span><span class=\"BZ_Pyq_fadeIn\">Dolores. <\/span><span class=\"BZ_Pyq_fadeIn\">Dos <\/span><span class=\"BZ_Pyq_fadeIn\">veh\u00edculos <\/span><span class=\"BZ_Pyq_fadeIn\">impactaron <\/span><span class=\"BZ_Pyq_fadeIn\">contra <\/span><span class=\"BZ_Pyq_fadeIn\">un <\/span><span class=\"BZ_Pyq_fadeIn\">animal <\/span><span class=\"BZ_Pyq_fadeIn\">que <\/span><span class=\"BZ_Pyq_fadeIn\">se <\/span><span class=\"BZ_Pyq_fadeIn\">encontraba <\/span><span class=\"BZ_Pyq_fadeIn\">sobre <\/span><span class=\"BZ_Pyq_fadeIn\">la <\/span><span class=\"BZ_Pyq_fadeIn\">calzada.<\/span><\/strong><\/p>\n<p data-start=\"93\" data-end=\"244\">16 de Marzo de 2026<\/p>\n<p data-start=\"246\" data-end=\"543\"><span class=\"BZ_Pyq_fadeIn\"><strong>DOLORES &#8211;<\/strong>\u00a0 \u00a0Un <\/span><span class=\"BZ_Pyq_fadeIn\">siniestro <\/span><span class=\"BZ_Pyq_fadeIn\">vial <\/span><span class=\"BZ_Pyq_fadeIn\">se <\/span><span class=\"BZ_Pyq_fadeIn\">registr\u00f3 <\/span><span class=\"BZ_Pyq_fadeIn\">durante <\/span><span class=\"BZ_Pyq_fadeIn\">la <\/span><span class=\"BZ_Pyq_fadeIn\">madrugada <\/span><span class=\"BZ_Pyq_fadeIn\">en <\/span><span class=\"BZ_Pyq_fadeIn\">la <\/span><strong data-start=\"303\" data-end=\"344\"><span class=\"hover:entity-accent entity-underline inline cursor-pointer align-baseline\"><span class=\"whitespace-normal\">Ruta Provincial 2<\/span><\/span><\/strong><span class=\"BZ_Pyq_fadeIn\">, <\/span><span class=\"BZ_Pyq_fadeIn\">a <\/span><span class=\"BZ_Pyq_fadeIn\">la <\/span><span class=\"BZ_Pyq_fadeIn\">altura <\/span><span class=\"BZ_Pyq_fadeIn\">del <\/span><strong data-start=\"362\" data-end=\"379\"><span class=\"BZ_Pyq_fadeIn\">kil\u00f3metro <\/span><span class=\"BZ_Pyq_fadeIn\">231<\/span><\/strong><span class=\"BZ_Pyq_fadeIn\">, <\/span><span class=\"BZ_Pyq_fadeIn\">dentro <\/span><span class=\"BZ_Pyq_fadeIn\">del <\/span><span class=\"BZ_Pyq_fadeIn\">partido <\/span><span class=\"BZ_Pyq_fadeIn\">de <\/span><strong data-start=\"403\" data-end=\"444\"><span class=\"hover:entity-accent entity-underline inline cursor-pointer align-baseline\"><span class=\"whitespace-normal\">Dolores<\/span><\/span><\/strong><span class=\"BZ_Pyq_fadeIn\">, <\/span><span class=\"BZ_Pyq_fadeIn\">cuando <\/span><strong data-start=\"453\" data-end=\"542\"><span class=\"BZ_Pyq_fadeIn\">dos <\/span><span class=\"BZ_Pyq_fadeIn\">veh\u00edculos <\/span><span class=\"BZ_Pyq_fadeIn\">colisionaron <\/span><span class=\"BZ_Pyq_fadeIn\">contra <\/span><span class=\"BZ_Pyq_fadeIn\">un <\/span><span class=\"BZ_Pyq_fadeIn\">animal <\/span><span class=\"BZ_Pyq_fadeIn\">vacuno <\/span><span class=\"BZ_Pyq_fadeIn\">que <\/span><span class=\"BZ_Pyq_fadeIn\">se <\/span><span class=\"BZ_Pyq_fadeIn\">encontraba <\/span><span class=\"BZ_Pyq_fadeIn\">sobre <\/span><span class=\"BZ_Pyq_fadeIn\">la <\/span><span class=\"BZ_Pyq_fadeIn\">calzada<\/span><\/strong><span class=\"BZ_Pyq_fadeIn\">.<\/span><\/p>\n<p data-start=\"545\" data-end=\"808\"><span class=\"BZ_Pyq_fadeIn\">El <\/span><span class=\"BZ_Pyq_fadeIn\">hecho <\/span><span class=\"BZ_Pyq_fadeIn\">ocurri\u00f3 <\/span><span class=\"BZ_Pyq_fadeIn\">en <\/span><strong data-start=\"565\" data-end=\"630\"><span class=\"BZ_Pyq_fadeIn\">un <\/span><span class=\"BZ_Pyq_fadeIn\">tramo <\/span><span class=\"BZ_Pyq_fadeIn\">recto <\/span><span class=\"BZ_Pyq_fadeIn\">de <\/span><span class=\"BZ_Pyq_fadeIn\">la <\/span><span class=\"BZ_Pyq_fadeIn\">ruta <\/span><span class=\"BZ_Pyq_fadeIn\">y <\/span><span class=\"BZ_Pyq_fadeIn\">con <\/span><span class=\"BZ_Pyq_fadeIn\">buenas <\/span><span class=\"BZ_Pyq_fadeIn\">condiciones <\/span><span class=\"BZ_Pyq_fadeIn\">clim\u00e1ticas<\/span><\/strong><span class=\"BZ_Pyq_fadeIn\">. <\/span><span class=\"BZ_Pyq_fadeIn\">Por <\/span><span class=\"BZ_Pyq_fadeIn\">causas <\/span><span class=\"BZ_Pyq_fadeIn\">que <\/span><span class=\"BZ_Pyq_fadeIn\">a\u00fan <\/span><span class=\"BZ_Pyq_fadeIn\">se <\/span><span class=\"BZ_Pyq_fadeIn\">investigan, <\/span><strong data-start=\"666\" data-end=\"776\"><span class=\"BZ_Pyq_fadeIn\">un <\/span><span class=\"BZ_Pyq_fadeIn\">autom\u00f3vil <\/span><span class=\"BZ_Pyq_fadeIn\">Toyota <\/span><span class=\"BZ_Pyq_fadeIn\">Etios <\/span><span class=\"BZ_Pyq_fadeIn\">color <\/span><span class=\"BZ_Pyq_fadeIn\">bord\u00f3 <\/span><span class=\"BZ_Pyq_fadeIn\">y <\/span><span class=\"BZ_Pyq_fadeIn\">una <\/span><span class=\"BZ_Pyq_fadeIn\">camioneta <\/span><span class=\"BZ_Pyq_fadeIn\">Volkswagen <\/span><span class=\"BZ_Pyq_fadeIn\">Amarok <\/span><span class=\"BZ_Pyq_fadeIn\">blanca <\/span><span class=\"BZ_Pyq_fadeIn\">impactaron <\/span><span class=\"BZ_Pyq_fadeIn\">contra <\/span><span class=\"BZ_Pyq_fadeIn\">el <\/span><span class=\"BZ_Pyq_fadeIn\">animal<\/span><\/strong><span class=\"BZ_Pyq_fadeIn\">, <\/span><span class=\"BZ_Pyq_fadeIn\">generando <\/span><span class=\"BZ_Pyq_fadeIn\">un <\/span><span class=\"BZ_Pyq_fadeIn\">fuerte <\/span><span class=\"BZ_Pyq_fadeIn\">siniestro.<\/span><\/p>\n<h3 data-section-id=\"fhvizv\" data-start=\"810\" data-end=\"840\"><span style=\"color: #ff0000\"><span class=\"BZ_Pyq_fadeIn\">Ocho <\/span><span class=\"BZ_Pyq_fadeIn\">personas <\/span><span class=\"BZ_Pyq_fadeIn\">involucradas<\/span><\/span><\/h3>\n<p data-start=\"842\" data-end=\"984\"><span class=\"BZ_Pyq_fadeIn\">En <\/span><span class=\"BZ_Pyq_fadeIn\">el <\/span><strong data-start=\"848\" data-end=\"864\"><span class=\"BZ_Pyq_fadeIn\">Toyota <\/span><span class=\"BZ_Pyq_fadeIn\">Etios<\/span><\/strong> <span class=\"BZ_Pyq_fadeIn\">viajaban <\/span><strong data-start=\"874\" data-end=\"892\"><span class=\"BZ_Pyq_fadeIn\">cinco <\/span><span class=\"BZ_Pyq_fadeIn\">personas<\/span><\/strong><span class=\"BZ_Pyq_fadeIn\">: <\/span><span class=\"BZ_Pyq_fadeIn\">el <\/span><span class=\"BZ_Pyq_fadeIn\">conductor <\/span><span class=\"BZ_Pyq_fadeIn\">de <\/span><strong data-start=\"910\" data-end=\"921\"><span class=\"BZ_Pyq_fadeIn\">30 <\/span><span class=\"BZ_Pyq_fadeIn\">a\u00f1os<\/span><\/strong><span class=\"BZ_Pyq_fadeIn\">, <\/span><span class=\"BZ_Pyq_fadeIn\">dos <\/span><span class=\"BZ_Pyq_fadeIn\">mujeres <\/span><span class=\"BZ_Pyq_fadeIn\">de <\/span><strong data-start=\"938\" data-end=\"949\"><span class=\"BZ_Pyq_fadeIn\">33 <\/span><span class=\"BZ_Pyq_fadeIn\">y <\/span><span class=\"BZ_Pyq_fadeIn\">49<\/span><\/strong><span class=\"BZ_Pyq_fadeIn\">, <\/span><span class=\"BZ_Pyq_fadeIn\">y <\/span><strong data-start=\"953\" data-end=\"983\"><span class=\"BZ_Pyq_fadeIn\">dos <\/span><span class=\"BZ_Pyq_fadeIn\">menores <\/span><span class=\"BZ_Pyq_fadeIn\">de <\/span><span class=\"BZ_Pyq_fadeIn\">9 <\/span><span class=\"BZ_Pyq_fadeIn\">y <\/span><span class=\"BZ_Pyq_fadeIn\">12 <\/span><span class=\"BZ_Pyq_fadeIn\">a\u00f1os<\/span><\/strong><span class=\"BZ_Pyq_fadeIn\">.<\/span><\/p>\n<blockquote>\n<h3 data-start=\"986\" data-end=\"1094\"><span class=\"BZ_Pyq_fadeIn\">Todos <\/span><span class=\"BZ_Pyq_fadeIn\">fueron <\/span><strong data-start=\"999\" data-end=\"1044\"><span class=\"BZ_Pyq_fadeIn\">asistidos <\/span><span class=\"BZ_Pyq_fadeIn\">en <\/span><span class=\"BZ_Pyq_fadeIn\">el <\/span><span class=\"BZ_Pyq_fadeIn\">lugar <\/span><span class=\"BZ_Pyq_fadeIn\">por <\/span><span class=\"BZ_Pyq_fadeIn\">personal <\/span><span class=\"BZ_Pyq_fadeIn\">m\u00e9dico<\/span><\/strong> <span class=\"BZ_Pyq_fadeIn\">y, <\/span><span class=\"BZ_Pyq_fadeIn\">seg\u00fan <\/span><span class=\"BZ_Pyq_fadeIn\">se <\/span><span class=\"BZ_Pyq_fadeIn\">inform\u00f3, <\/span><strong data-start=\"1066\" data-end=\"1093\"><span class=\"BZ_Pyq_fadeIn\">no <\/span><span class=\"BZ_Pyq_fadeIn\">presentaban <\/span><span class=\"BZ_Pyq_fadeIn\">lesiones<\/span><\/strong><span class=\"BZ_Pyq_fadeIn\">.<\/span><\/h3>\n<\/blockquote>\n<p data-start=\"1096\" data-end=\"1243\"><span class=\"BZ_Pyq_fadeIn\">En <\/span><span class=\"BZ_Pyq_fadeIn\">tanto, <\/span><span class=\"BZ_Pyq_fadeIn\">en <\/span><span class=\"BZ_Pyq_fadeIn\">la <\/span><strong data-start=\"1112\" data-end=\"1133\"><span class=\"BZ_Pyq_fadeIn\">Volkswagen <\/span><span class=\"BZ_Pyq_fadeIn\">Amarok<\/span><\/strong> <span class=\"BZ_Pyq_fadeIn\">se <\/span><span class=\"BZ_Pyq_fadeIn\">trasladaban <\/span><strong data-start=\"1149\" data-end=\"1167\"><span class=\"BZ_Pyq_fadeIn\">tres <\/span><span class=\"BZ_Pyq_fadeIn\">ocupantes<\/span><\/strong><span class=\"BZ_Pyq_fadeIn\">: <\/span><span class=\"BZ_Pyq_fadeIn\">el <\/span><span class=\"BZ_Pyq_fadeIn\">conductor <\/span><span class=\"BZ_Pyq_fadeIn\">de <\/span><strong data-start=\"1185\" data-end=\"1196\"><span class=\"BZ_Pyq_fadeIn\">47 <\/span><span class=\"BZ_Pyq_fadeIn\">a\u00f1os<\/span><\/strong><span class=\"BZ_Pyq_fadeIn\">, <\/span><span class=\"BZ_Pyq_fadeIn\">una <\/span><span class=\"BZ_Pyq_fadeIn\">mujer <\/span><span class=\"BZ_Pyq_fadeIn\">de <\/span><strong data-start=\"1211\" data-end=\"1217\"><span class=\"BZ_Pyq_fadeIn\">48<\/span><\/strong> <span class=\"BZ_Pyq_fadeIn\">y <\/span><strong data-start=\"1220\" data-end=\"1242\"><span class=\"BZ_Pyq_fadeIn\">una <\/span><span class=\"BZ_Pyq_fadeIn\">ni\u00f1a <\/span><span class=\"BZ_Pyq_fadeIn\">de <\/span><span class=\"BZ_Pyq_fadeIn\">9 <\/span><span class=\"BZ_Pyq_fadeIn\">a\u00f1os<\/span><\/strong><span class=\"BZ_Pyq_fadeIn\">.<\/span><\/p>\n<h3 data-section-id=\"k53t69\" data-start=\"1245\" data-end=\"1285\"><span style=\"color: #ff0000\"><span class=\"BZ_Pyq_fadeIn\">Una <\/span><span class=\"BZ_Pyq_fadeIn\">menor <\/span><span class=\"BZ_Pyq_fadeIn\">fue <\/span><span class=\"BZ_Pyq_fadeIn\">trasladada <\/span><span class=\"BZ_Pyq_fadeIn\">al <\/span><span class=\"BZ_Pyq_fadeIn\">hospital<\/span><\/span><\/h3>\n<p data-start=\"1287\" data-end=\"1463\"><span class=\"BZ_Pyq_fadeIn\">Como <\/span><span class=\"BZ_Pyq_fadeIn\">consecuencia <\/span><span class=\"BZ_Pyq_fadeIn\">del <\/span><span class=\"BZ_Pyq_fadeIn\">impacto, <\/span><strong data-start=\"1318\" data-end=\"1354\"><span class=\"BZ_Pyq_fadeIn\">la <\/span><span class=\"BZ_Pyq_fadeIn\">menor <\/span><span class=\"BZ_Pyq_fadeIn\">sufri\u00f3 <\/span><span class=\"BZ_Pyq_fadeIn\">politraumatismos<\/span><\/strong> <span class=\"BZ_Pyq_fadeIn\">y <\/span><span class=\"BZ_Pyq_fadeIn\">debi\u00f3 <\/span><span class=\"BZ_Pyq_fadeIn\">ser <\/span><strong data-start=\"1367\" data-end=\"1425\"><span class=\"BZ_Pyq_fadeIn\">trasladada <\/span><span class=\"BZ_Pyq_fadeIn\">al <\/span><span class=\"BZ_Pyq_fadeIn\">\u00e1rea <\/span><span class=\"BZ_Pyq_fadeIn\">de <\/span><span class=\"BZ_Pyq_fadeIn\">pediatr\u00eda <\/span><span class=\"BZ_Pyq_fadeIn\">del <\/span><span class=\"BZ_Pyq_fadeIn\">Hospital <\/span><span class=\"BZ_Pyq_fadeIn\">San <\/span><span class=\"BZ_Pyq_fadeIn\">Roque<\/span><\/strong> <span class=\"BZ_Pyq_fadeIn\">para <\/span><span class=\"BZ_Pyq_fadeIn\">su <\/span><span class=\"BZ_Pyq_fadeIn\">evaluaci\u00f3n <\/span><span class=\"BZ_Pyq_fadeIn\">y <\/span><span class=\"BZ_Pyq_fadeIn\">atenci\u00f3n <\/span><span class=\"BZ_Pyq_fadeIn\">m\u00e9dica.<\/span><\/p>\n<h3 data-section-id=\"jros5x\" data-start=\"1465\" data-end=\"1490\"><span style=\"color: #ff0000\"><span class=\"BZ_Pyq_fadeIn\">Intervenci\u00f3n <\/span><span class=\"BZ_Pyq_fadeIn\">policial<\/span><\/span><\/h3>\n<p data-start=\"1492\" data-end=\"1665\"><span class=\"BZ_Pyq_fadeIn\">Tras <\/span><span class=\"BZ_Pyq_fadeIn\">el <\/span><span class=\"BZ_Pyq_fadeIn\">accidente, <\/span><strong data-start=\"1511\" data-end=\"1579\"><span class=\"BZ_Pyq_fadeIn\">la <\/span><span class=\"BZ_Pyq_fadeIn\">circulaci\u00f3n <\/span><span class=\"BZ_Pyq_fadeIn\">en <\/span><span class=\"BZ_Pyq_fadeIn\">la <\/span><span class=\"BZ_Pyq_fadeIn\">ruta <\/span><span class=\"BZ_Pyq_fadeIn\">se <\/span><span class=\"BZ_Pyq_fadeIn\">vio <\/span><span class=\"BZ_Pyq_fadeIn\">reducida <\/span><span class=\"BZ_Pyq_fadeIn\">en <\/span><span class=\"BZ_Pyq_fadeIn\">uno <\/span><span class=\"BZ_Pyq_fadeIn\">de <\/span><span class=\"BZ_Pyq_fadeIn\">los <\/span><span class=\"BZ_Pyq_fadeIn\">carriles<\/span><\/strong> <span class=\"BZ_Pyq_fadeIn\">mientras <\/span><span class=\"BZ_Pyq_fadeIn\">trabajaba <\/span><span class=\"BZ_Pyq_fadeIn\">en <\/span><span class=\"BZ_Pyq_fadeIn\">el <\/span><span class=\"BZ_Pyq_fadeIn\">lugar <\/span><span class=\"BZ_Pyq_fadeIn\">personal <\/span><span class=\"BZ_Pyq_fadeIn\">de <\/span><strong data-start=\"1623\" data-end=\"1664\"><span class=\"hover:entity-accent entity-underline inline cursor-pointer align-baseline\"><span class=\"whitespace-normal\">Polic\u00eda Vial de la Provincia de Buenos Aires<\/span><\/span><\/strong><span class=\"BZ_Pyq_fadeIn\">.<\/span><\/p>\n<p data-start=\"1667\" data-end=\"1908\" data-is-last-node=\"\" data-is-only-node=\"\"><span class=\"BZ_Pyq_fadeIn\">Por <\/span><span class=\"BZ_Pyq_fadeIn\">el <\/span><span class=\"BZ_Pyq_fadeIn\">hecho <\/span><span class=\"BZ_Pyq_fadeIn\">se <\/span><span class=\"BZ_Pyq_fadeIn\">iniciaron <\/span><strong data-start=\"1693\" data-end=\"1751\"><span class=\"BZ_Pyq_fadeIn\">actuaciones <\/span><span class=\"BZ_Pyq_fadeIn\">judiciales <\/span><span class=\"BZ_Pyq_fadeIn\">caratuladas \u201c<\/span><span class=\"BZ_Pyq_fadeIn\">lesiones <\/span><span class=\"BZ_Pyq_fadeIn\">culposas\u201d<\/span><\/strong><span class=\"BZ_Pyq_fadeIn\">, <\/span><span class=\"BZ_Pyq_fadeIn\">con <\/span><span class=\"BZ_Pyq_fadeIn\">intervenci\u00f3n <\/span><span class=\"BZ_Pyq_fadeIn\">de <\/span><span class=\"BZ_Pyq_fadeIn\">la <\/span><strong data-start=\"1776\" data-end=\"1854\"><span class=\"BZ_Pyq_fadeIn\">UFI <\/span><span class=\"BZ_Pyq_fadeIn\">N\u00b0<\/span><span class=\"BZ_Pyq_fadeIn\">1 <\/span><span class=\"BZ_Pyq_fadeIn\">del <\/span><span class=\"BZ_Pyq_fadeIn\">Departamento <\/span><span class=\"BZ_Pyq_fadeIn\">Judicial <\/span><span class=\"BZ_Pyq_fadeIn\">de <\/span><span class=\"hover:entity-accent entity-underline inline cursor-pointer align-baseline\"><span class=\"whitespace-normal\">Dolores<\/span><\/span><\/strong><span class=\"BZ_Pyq_fadeIn\">, <\/span><span class=\"BZ_Pyq_fadeIn\">que <\/span><span class=\"BZ_Pyq_fadeIn\">buscar\u00e1 <\/span><span class=\"BZ_Pyq_fadeIn\">determinar <\/span><span class=\"BZ_Pyq_fadeIn\">c\u00f3mo <\/span><span class=\"BZ_Pyq_fadeIn\">se <\/span><span class=\"BZ_Pyq_fadeIn\">produjo <\/span><span class=\"BZ_Pyq_fadeIn\">el <\/span><span class=\"BZ_Pyq_fadeIn\">siniestro.<\/span><\/p>\n<p data-start=\"1667\" data-end=\"1908\" data-is-last-node=\"\" data-is-only-node=\"\">fuente e imagen: entrel\u00edneas.info<\/p>\n","protected":false},"excerpt":{"rendered":"<div class=\"mh-excerpt\"><p>El siniestro ocurri\u00f3 en el kil\u00f3metro 231, en jurisdicci\u00f3n de Dolores. Dos veh\u00edculos impactaron contra un animal que se encontraba sobre la calzada. 16 de Marzo de 2026 DOLORES &#8211;\u00a0 \u00a0Un siniestro vial se registr\u00f3 <a class=\"mh-excerpt-more\" href=\"https:\/\/larevistadigital.com.ar\/blog\/choque-contra-una-vaca-en-la-ruta-2-ocho-personas-involucradas-y-una-nina-hospitalizada\/\" title=\"Choque contra una vaca en la Ruta 2: ocho personas involucradas y una ni\u00f1a hospitalizada\">[Leer M\u00e1s]<\/a><\/p>\n<\/div>","protected":false},"author":3,"featured_media":44538,"comment_status":"open","ping_status":"open","sticky":false,"template":"","format":"standard","meta":{"_jetpack_memberships_contains_paid_content":false,"footnotes":"","jetpack_publicize_message":"","jetpack_publicize_feature_enabled":true,"jetpack_social_post_already_shared":true,"jetpack_social_options":{"image_generator_settings":{"template":"highway","default_image_id":0,"font":"","enabled":false},"version":2}},"categories":[43,51],"tags":[],"class_list":{"0":"post-44537","1":"post","2":"type-post","3":"status-publish","4":"format-standard","5":"has-post-thumbnail","7":"category-dolores","8":"category-regionales"},"jetpack_publicize_connections":[],"jetpack_featured_media_url":"https:\/\/i0.wp.com\/larevistadigital.com.ar\/blog\/wp-content\/uploads\/8f7ef8ee2bf9e3f20fdedec1779697add096fd42.jpeg?fit=1140%2C714&ssl=1","jetpack_sharing_enabled":true,"jetpack_shortlink":"https:\/\/wp.me\/p8qtrQ-bAl","jetpack-related-posts":[{"id":9357,"url":"https:\/\/larevistadigital.com.ar\/blog\/dolores-automovil-pierde-el-control-y-choca-contra-vivienda\/","url_meta":{"origin":44537,"position":0},"title":"DOLORES: AUTOM\u00d3VIL PIERDE EL CONTROL Y CHOCA CONTRA VIVIENDA","author":"Alejandro Sosa Ruda","date":"25 marzo, 2019","format":false,"excerpt":"El hecho ocurri\u00f3 el d\u00eda domingo, poco despu\u00e9s de las 14 horas en calle Espora altura 850. Por motivos que se tratan de establecer, el conductor de un fiat 147 perdi\u00f3 el control del mismo y termin\u00f3 incrustado en el garage de una vivienda. Quien conduc\u00eda el autom\u00f3vil, fue trasladado\u2026","rel":"","context":"En \u00abDOLORES\u00bb","block_context":{"text":"DOLORES","link":"https:\/\/larevistadigital.com.ar\/blog\/category\/dolores\/"},"img":{"alt_text":"","src":"https:\/\/i0.wp.com\/larevistadigital.com.ar\/blog\/wp-content\/uploads\/2019\/03\/Screenshot_4-2.jpg?fit=864%2C643&ssl=1&resize=350%2C200","width":350,"height":200,"srcset":"https:\/\/i0.wp.com\/larevistadigital.com.ar\/blog\/wp-content\/uploads\/2019\/03\/Screenshot_4-2.jpg?fit=864%2C643&ssl=1&resize=350%2C200 1x, https:\/\/i0.wp.com\/larevistadigital.com.ar\/blog\/wp-content\/uploads\/2019\/03\/Screenshot_4-2.jpg?fit=864%2C643&ssl=1&resize=525%2C300 1.5x, https:\/\/i0.wp.com\/larevistadigital.com.ar\/blog\/wp-content\/uploads\/2019\/03\/Screenshot_4-2.jpg?fit=864%2C643&ssl=1&resize=700%2C400 2x"},"classes":[]},{"id":11594,"url":"https:\/\/larevistadigital.com.ar\/blog\/dolores-pierde-el-control-choca-un-auto-estacionado-y-se-incrusta-contra-un-poste\/","url_meta":{"origin":44537,"position":1},"title":"DOLORES: PIERDE EL CONTROL, CHOCA UN AUTO ESTACIONADO Y SE INCRUSTA CONTRA UN POSTE","author":"Alejandro Sosa Ruda","date":"28 julio, 2019","format":false,"excerpt":"El hecho ocurri\u00f3 en horas de la ma\u00f1ana del domingo 28 de julio en calle Bassi, entre M\u00e1rquez y Rivadavia, donde la conductora de un veh\u00edculo Citroen Ds3 que circulaba por Bassi sufri\u00f3 una descompensaci\u00f3n, perdi\u00f3 el control del veh\u00edculo y tras chocar con un Ford Ka que estaba estacionado\u2026","rel":"","context":"En \u00abDOLORES\u00bb","block_context":{"text":"DOLORES","link":"https:\/\/larevistadigital.com.ar\/blog\/category\/dolores\/"},"img":{"alt_text":"","src":"https:\/\/i0.wp.com\/larevistadigital.com.ar\/blog\/wp-content\/uploads\/Screenshot_4-7.jpg?fit=864%2C482&ssl=1&resize=350%2C200","width":350,"height":200,"srcset":"https:\/\/i0.wp.com\/larevistadigital.com.ar\/blog\/wp-content\/uploads\/Screenshot_4-7.jpg?fit=864%2C482&ssl=1&resize=350%2C200 1x, https:\/\/i0.wp.com\/larevistadigital.com.ar\/blog\/wp-content\/uploads\/Screenshot_4-7.jpg?fit=864%2C482&ssl=1&resize=525%2C300 1.5x, https:\/\/i0.wp.com\/larevistadigital.com.ar\/blog\/wp-content\/uploads\/Screenshot_4-7.jpg?fit=864%2C482&ssl=1&resize=700%2C400 2x"},"classes":[]},{"id":45340,"url":"https:\/\/larevistadigital.com.ar\/blog\/grave-accidente-en-dolores-un-motociclista-choco-contra-un-carro-en-medio-de-la-niebla\/","url_meta":{"origin":44537,"position":2},"title":"Grave accidente en Dolores: un motociclista choc\u00f3 contra un carro en medio de la niebla","author":"Alejandro Sosa Ruda","date":"25 abril, 2026","format":false,"excerpt":"Un fuerte accidente de tr\u00e1nsito se registr\u00f3 en la ciudad de Dolores, en la intersecci\u00f3n de las calles Pilotto y Ceresetto, donde un joven que circulaba en motocicleta protagoniz\u00f3 un violento choque. De acuerdo a la informaci\u00f3n preliminar, el motociclista roz\u00f3 un carro que se encontraba enganchado a una camioneta.\u2026","rel":"","context":"En \u00abDOLORES\u00bb","block_context":{"text":"DOLORES","link":"https:\/\/larevistadigital.com.ar\/blog\/category\/dolores\/"},"img":{"alt_text":"","src":"https:\/\/i0.wp.com\/larevistadigital.com.ar\/blog\/wp-content\/uploads\/Captura-de-pantalla-2026-04-25-212250.jpg?fit=1111%2C401&ssl=1&resize=350%2C200","width":350,"height":200,"srcset":"https:\/\/i0.wp.com\/larevistadigital.com.ar\/blog\/wp-content\/uploads\/Captura-de-pantalla-2026-04-25-212250.jpg?fit=1111%2C401&ssl=1&resize=350%2C200 1x, https:\/\/i0.wp.com\/larevistadigital.com.ar\/blog\/wp-content\/uploads\/Captura-de-pantalla-2026-04-25-212250.jpg?fit=1111%2C401&ssl=1&resize=525%2C300 1.5x, https:\/\/i0.wp.com\/larevistadigital.com.ar\/blog\/wp-content\/uploads\/Captura-de-pantalla-2026-04-25-212250.jpg?fit=1111%2C401&ssl=1&resize=700%2C400 2x, https:\/\/i0.wp.com\/larevistadigital.com.ar\/blog\/wp-content\/uploads\/Captura-de-pantalla-2026-04-25-212250.jpg?fit=1111%2C401&ssl=1&resize=1050%2C600 3x"},"classes":[]},{"id":4421,"url":"https:\/\/larevistadigital.com.ar\/blog\/dolores-dos-jovenes-graves-luego-chocar-moto-auto\/","url_meta":{"origin":44537,"position":3},"title":"DOLORES: DOS JOVENES GRAVES LUEGO DE CHOCAR CON SU MOTO CONTRA UN AUTO","author":"Alejandro Sosa Ruda","date":"8 enero, 2018","format":false,"excerpt":"El hecho ocurri\u00f3 durante la madrugada en el kil\u00f3metro en el kil\u00f3metro 205 de la ruta 2, cuando dos j\u00f3venes que viajaban a bordo de su motocicleta Gilera 110, impactaron contra un autom\u00f3vil marca Torino que hab\u00eda sufrido un desperfecto y estaba estacionado sobre el puente del canal 9. Extra\u00f1amente,\u2026","rel":"","context":"En \u00abDOLORES\u00bb","block_context":{"text":"DOLORES","link":"https:\/\/larevistadigital.com.ar\/blog\/category\/dolores\/"},"img":{"alt_text":"","src":"https:\/\/i0.wp.com\/larevistadigital.com.ar\/blog\/wp-content\/uploads\/2018\/01\/Screenshot_1-1.jpg?fit=1004%2C674&ssl=1&resize=350%2C200","width":350,"height":200,"srcset":"https:\/\/i0.wp.com\/larevistadigital.com.ar\/blog\/wp-content\/uploads\/2018\/01\/Screenshot_1-1.jpg?fit=1004%2C674&ssl=1&resize=350%2C200 1x, https:\/\/i0.wp.com\/larevistadigital.com.ar\/blog\/wp-content\/uploads\/2018\/01\/Screenshot_1-1.jpg?fit=1004%2C674&ssl=1&resize=525%2C300 1.5x, https:\/\/i0.wp.com\/larevistadigital.com.ar\/blog\/wp-content\/uploads\/2018\/01\/Screenshot_1-1.jpg?fit=1004%2C674&ssl=1&resize=700%2C400 2x"},"classes":[]},{"id":32892,"url":"https:\/\/larevistadigital.com.ar\/blog\/ruta-2-choco-contra-una-vaca-y-se-salvo\/","url_meta":{"origin":44537,"position":4},"title":"RUTA 2: CHOC\u00d3 CONTRA UNA VACA Y SE SALV\u00d3","author":"Alejandro Sosa Ruda","date":"16 agosto, 2023","format":false,"excerpt":"Si bien el veh\u00edculo sufri\u00f3 da\u00f1os de consideraci\u00f3n, el conductor salv\u00f3 su vida y no result\u00f3 herido. 16 de agosto de 2023 DOLORES -\u00a0 Un impactante accidente\u00a0tuvo lugar en la\u00a0ruta 2\u00a0cuando un hombre que circulaba en una camioneta\u00a0choc\u00f3 contra un animal\u00a0vacuno. Todo ocurri\u00f3 a la altura del kil\u00f3metro 218, en\u2026","rel":"","context":"En \u00abSin categor\u00eda\u00bb","block_context":{"text":"Sin categor\u00eda","link":"https:\/\/larevistadigital.com.ar\/blog\/category\/sin-categoria\/"},"img":{"alt_text":"","src":"https:\/\/i0.wp.com\/larevistadigital.com.ar\/blog\/wp-content\/uploads\/VUELCO-EN-DOLORES.jpeg?fit=1140%2C636&ssl=1&resize=350%2C200","width":350,"height":200,"srcset":"https:\/\/i0.wp.com\/larevistadigital.com.ar\/blog\/wp-content\/uploads\/VUELCO-EN-DOLORES.jpeg?fit=1140%2C636&ssl=1&resize=350%2C200 1x, https:\/\/i0.wp.com\/larevistadigital.com.ar\/blog\/wp-content\/uploads\/VUELCO-EN-DOLORES.jpeg?fit=1140%2C636&ssl=1&resize=525%2C300 1.5x, https:\/\/i0.wp.com\/larevistadigital.com.ar\/blog\/wp-content\/uploads\/VUELCO-EN-DOLORES.jpeg?fit=1140%2C636&ssl=1&resize=700%2C400 2x, https:\/\/i0.wp.com\/larevistadigital.com.ar\/blog\/wp-content\/uploads\/VUELCO-EN-DOLORES.jpeg?fit=1140%2C636&ssl=1&resize=1050%2C600 3x"},"classes":[]},{"id":15100,"url":"https:\/\/larevistadigital.com.ar\/blog\/dolores-internos-inician-huelga-de-hambre\/","url_meta":{"origin":44537,"position":5},"title":"DOLORES: INTERNOS INICIAN HUELGA DE HAMBRE","author":"Alejandro Sosa Ruda","date":"1 mayo, 2020","format":false,"excerpt":"En el marco del conflicto que tiene lugar en distintos penales se la Provincia, ayer por la tarde 59 internos del Pabell\u00f3n de F\u00fatbol de la C\u00e1rcel, iniciaron una huelga de hambre. Los detenidos decidieron no retirar el almuerzo y la cena que se les brinda desde el Servicio Penitenciario\u2026","rel":"","context":"En \u00abDOLORES\u00bb","block_context":{"text":"DOLORES","link":"https:\/\/larevistadigital.com.ar\/blog\/category\/dolores\/"},"img":{"alt_text":"","src":"https:\/\/i0.wp.com\/larevistadigital.com.ar\/blog\/wp-content\/uploads\/Carcel-Edificio-pintado-nuevo-2015.jpg?fit=759%2C379&ssl=1&resize=350%2C200","width":350,"height":200,"srcset":"https:\/\/i0.wp.com\/larevistadigital.com.ar\/blog\/wp-content\/uploads\/Carcel-Edificio-pintado-nuevo-2015.jpg?fit=759%2C379&ssl=1&resize=350%2C200 1x, https:\/\/i0.wp.com\/larevistadigital.com.ar\/blog\/wp-content\/uploads\/Carcel-Edificio-pintado-nuevo-2015.jpg?fit=759%2C379&ssl=1&resize=525%2C300 1.5x, https:\/\/i0.wp.com\/larevistadigital.com.ar\/blog\/wp-content\/uploads\/Carcel-Edificio-pintado-nuevo-2015.jpg?fit=759%2C379&ssl=1&resize=700%2C400 2x"},"classes":[]}],"_links":{"self":[{"href":"https:\/\/larevistadigital.com.ar\/blog\/wp-json\/wp\/v2\/posts\/44537","targetHints":{"allow":["GET"]}}],"collection":[{"href":"https:\/\/larevistadigital.com.ar\/blog\/wp-json\/wp\/v2\/posts"}],"about":[{"href":"https:\/\/larevistadigital.com.ar\/blog\/wp-json\/wp\/v2\/types\/post"}],"author":[{"embeddable":true,"href":"https:\/\/larevistadigital.com.ar\/blog\/wp-json\/wp\/v2\/users\/3"}],"replies":[{"embeddable":true,"href":"https:\/\/larevistadigital.com.ar\/blog\/wp-json\/wp\/v2\/comments?post=44537"}],"version-history":[{"count":3,"href":"https:\/\/larevistadigital.com.ar\/blog\/wp-json\/wp\/v2\/posts\/44537\/revisions"}],"predecessor-version":[{"id":44541,"href":"https:\/\/larevistadigital.com.ar\/blog\/wp-json\/wp\/v2\/posts\/44537\/revisions\/44541"}],"wp:featuredmedia":[{"embeddable":true,"href":"https:\/\/larevistadigital.com.ar\/blog\/wp-json\/wp\/v2\/media\/44538"}],"wp:attachment":[{"href":"https:\/\/larevistadigital.com.ar\/blog\/wp-json\/wp\/v2\/media?parent=44537"}],"wp:term":[{"taxonomy":"category","embeddable":true,"href":"https:\/\/larevistadigital.com.ar\/blog\/wp-json\/wp\/v2\/categories?post=44537"},{"taxonomy":"post_tag","embeddable":true,"href":"https:\/\/larevistadigital.com.ar\/blog\/wp-json\/wp\/v2\/tags?post=44537"}],"curies":[{"name":"wp","href":"https:\/\/api.w.org\/{rel}","templated":true}]}}