{"id":44542,"date":"2026-03-16T21:33:17","date_gmt":"2026-03-17T00:33:17","guid":{"rendered":"https:\/\/larevistadigital.com.ar\/blog\/?p=44542"},"modified":"2026-03-16T21:33:17","modified_gmt":"2026-03-17T00:33:17","slug":"murio-marcelo-araujo-historica-voz-del-futbol-argentino-en-la-television","status":"publish","type":"post","link":"https:\/\/larevistadigital.com.ar\/blog\/murio-marcelo-araujo-historica-voz-del-futbol-argentino-en-la-television\/","title":{"rendered":"Muri\u00f3 Marcelo Araujo, hist\u00f3rica voz del f\u00fatbol argentino en la televisi\u00f3n"},"content":{"rendered":"<p data-start=\"78\" data-end=\"259\"><strong data-start=\"78\" data-end=\"259\"><span class=\"BZ_Pyq_fadeIn\">Ten\u00eda <\/span><span class=\"BZ_Pyq_fadeIn\">78 <\/span><span class=\"BZ_Pyq_fadeIn\">a\u00f1os <\/span><span class=\"BZ_Pyq_fadeIn\">y <\/span><span class=\"BZ_Pyq_fadeIn\">durante <\/span><span class=\"BZ_Pyq_fadeIn\">m\u00e1s <\/span><span class=\"BZ_Pyq_fadeIn\">de <\/span><span class=\"BZ_Pyq_fadeIn\">tres <\/span><span class=\"BZ_Pyq_fadeIn\">d\u00e9cadas <\/span><span class=\"BZ_Pyq_fadeIn\">fue <\/span><span class=\"BZ_Pyq_fadeIn\">uno <\/span><span class=\"BZ_Pyq_fadeIn\">de <\/span><span class=\"BZ_Pyq_fadeIn\">los <\/span><span class=\"BZ_Pyq_fadeIn\">relatores <\/span><span class=\"BZ_Pyq_fadeIn\">m\u00e1s <\/span><span class=\"BZ_Pyq_fadeIn\">influyentes <\/span><span class=\"BZ_Pyq_fadeIn\">del <\/span><span class=\"BZ_Pyq_fadeIn\">pa\u00eds. <\/span><span class=\"BZ_Pyq_fadeIn\">Su <\/span><span class=\"BZ_Pyq_fadeIn\">voz <\/span><span class=\"BZ_Pyq_fadeIn\">qued\u00f3 <\/span><span class=\"BZ_Pyq_fadeIn\">ligada <\/span><span class=\"BZ_Pyq_fadeIn\">a <\/span><span class=\"BZ_Pyq_fadeIn\">algunos <\/span><span class=\"BZ_Pyq_fadeIn\">de <\/span><span class=\"BZ_Pyq_fadeIn\">los <\/span><span class=\"BZ_Pyq_fadeIn\">momentos <\/span><span class=\"BZ_Pyq_fadeIn\">m\u00e1s <\/span><span class=\"BZ_Pyq_fadeIn\">recordados <\/span><span class=\"BZ_Pyq_fadeIn\">del <\/span><span class=\"BZ_Pyq_fadeIn\">f\u00fatbol <\/span><span class=\"BZ_Pyq_fadeIn\">argentino.<\/span><\/strong><\/p>\n<p data-start=\"78\" data-end=\"259\">16 de marzo de 2026<\/p>\n<p data-start=\"261\" data-end=\"470\"><span class=\"BZ_Pyq_fadeIn\">Muri\u00f3 <\/span><strong data-start=\"267\" data-end=\"308\"><span class=\"hover:entity-accent entity-underline inline cursor-pointer align-baseline\"><span class=\"whitespace-normal\">Marcelo Araujo<\/span><\/span><\/strong><span class=\"BZ_Pyq_fadeIn\">, <\/span><span class=\"BZ_Pyq_fadeIn\">uno <\/span><span class=\"BZ_Pyq_fadeIn\">de <\/span><span class=\"BZ_Pyq_fadeIn\">los <\/span><span class=\"BZ_Pyq_fadeIn\">relatores <\/span><span class=\"BZ_Pyq_fadeIn\">m\u00e1s <\/span><span class=\"BZ_Pyq_fadeIn\">reconocidos <\/span><span class=\"BZ_Pyq_fadeIn\">de <\/span><span class=\"BZ_Pyq_fadeIn\">la <\/span><span class=\"BZ_Pyq_fadeIn\">televisi\u00f3n <\/span><span class=\"BZ_Pyq_fadeIn\">argentina <\/span><span class=\"BZ_Pyq_fadeIn\">y <\/span><span class=\"BZ_Pyq_fadeIn\">figura <\/span><span class=\"BZ_Pyq_fadeIn\">central <\/span><span class=\"BZ_Pyq_fadeIn\">de <\/span><span class=\"BZ_Pyq_fadeIn\">las <\/span><span class=\"BZ_Pyq_fadeIn\">transmisiones <\/span><span class=\"BZ_Pyq_fadeIn\">deportivas <\/span><span class=\"BZ_Pyq_fadeIn\">durante <\/span><span class=\"BZ_Pyq_fadeIn\">m\u00e1s <\/span><span class=\"BZ_Pyq_fadeIn\">de <\/span><span class=\"BZ_Pyq_fadeIn\">treinta <\/span><span class=\"BZ_Pyq_fadeIn\">a\u00f1os. <\/span><span class=\"BZ_Pyq_fadeIn\">Ten\u00eda <\/span><strong data-start=\"458\" data-end=\"469\"><span class=\"BZ_Pyq_fadeIn\">78 <\/span><span class=\"BZ_Pyq_fadeIn\">a\u00f1os<\/span><\/strong><span class=\"BZ_Pyq_fadeIn\">.<\/span><\/p>\n<p data-start=\"472\" data-end=\"798\"><span class=\"BZ_Pyq_fadeIn\">Su <\/span><span class=\"BZ_Pyq_fadeIn\">nombre <\/span><span class=\"BZ_Pyq_fadeIn\">qued\u00f3 <\/span><span class=\"BZ_Pyq_fadeIn\">definitivamente <\/span><span class=\"BZ_Pyq_fadeIn\">asociado <\/span><span class=\"BZ_Pyq_fadeIn\">al <\/span><span class=\"BZ_Pyq_fadeIn\">hist\u00f3rico <\/span><span class=\"BZ_Pyq_fadeIn\">programa <\/span><strong data-start=\"535\" data-end=\"576\"><span class=\"hover:entity-accent entity-underline inline cursor-pointer align-baseline\"><span class=\"whitespace-normal\">F\u00fatbol de Primera<\/span><\/span><\/strong><span class=\"BZ_Pyq_fadeIn\">, <\/span><span class=\"BZ_Pyq_fadeIn\">que <\/span><span class=\"BZ_Pyq_fadeIn\">condujo <\/span><span class=\"BZ_Pyq_fadeIn\">entre <\/span><strong data-start=\"596\" data-end=\"611\"><span class=\"BZ_Pyq_fadeIn\">1989 <\/span><span class=\"BZ_Pyq_fadeIn\">y <\/span><span class=\"BZ_Pyq_fadeIn\">2004<\/span><\/strong> <span class=\"BZ_Pyq_fadeIn\">y <\/span><span class=\"BZ_Pyq_fadeIn\">que <\/span><span class=\"BZ_Pyq_fadeIn\">cada <\/span><span class=\"BZ_Pyq_fadeIn\">fin <\/span><span class=\"BZ_Pyq_fadeIn\">de <\/span><span class=\"BZ_Pyq_fadeIn\">semana <\/span><span class=\"BZ_Pyq_fadeIn\">resum\u00eda <\/span><span class=\"BZ_Pyq_fadeIn\">la <\/span><span class=\"BZ_Pyq_fadeIn\">fecha <\/span><span class=\"BZ_Pyq_fadeIn\">del <\/span><span class=\"BZ_Pyq_fadeIn\">campeonato <\/span><span class=\"BZ_Pyq_fadeIn\">de <\/span><span class=\"BZ_Pyq_fadeIn\">la <\/span><strong data-start=\"675\" data-end=\"716\"><span class=\"hover:entity-accent entity-underline inline cursor-pointer align-baseline\"><span class=\"whitespace-normal\">Primera Divisi\u00f3n del f\u00fatbol argentino<\/span><\/span><\/strong><span class=\"BZ_Pyq_fadeIn\">. <\/span><span class=\"BZ_Pyq_fadeIn\">Durante <\/span><span class=\"BZ_Pyq_fadeIn\">a\u00f1os, <\/span><span class=\"BZ_Pyq_fadeIn\">el <\/span><span class=\"BZ_Pyq_fadeIn\">ciclo <\/span><span class=\"BZ_Pyq_fadeIn\">fue <\/span><span class=\"BZ_Pyq_fadeIn\">una <\/span><span class=\"BZ_Pyq_fadeIn\">verdadera <\/span><span class=\"BZ_Pyq_fadeIn\">cita <\/span><span class=\"BZ_Pyq_fadeIn\">obligada <\/span><span class=\"BZ_Pyq_fadeIn\">para <\/span><span class=\"BZ_Pyq_fadeIn\">millones <\/span><span class=\"BZ_Pyq_fadeIn\">de <\/span><span class=\"BZ_Pyq_fadeIn\">hinchas.<\/span><\/p>\n<h3 data-section-id=\"1sm09lm\" data-start=\"800\" data-end=\"840\"><span style=\"color: #ff0000\"><span class=\"BZ_Pyq_fadeIn\">Una <\/span><span class=\"BZ_Pyq_fadeIn\">dupla <\/span><span class=\"BZ_Pyq_fadeIn\">hist\u00f3rica <\/span><span class=\"BZ_Pyq_fadeIn\">en <\/span><span class=\"BZ_Pyq_fadeIn\">la <\/span><span class=\"BZ_Pyq_fadeIn\">televisi\u00f3n<\/span><\/span><\/h3>\n<p data-start=\"842\" data-end=\"999\"><span class=\"BZ_Pyq_fadeIn\">Durante <\/span><span class=\"BZ_Pyq_fadeIn\">ese <\/span><span class=\"BZ_Pyq_fadeIn\">per\u00edodo, <\/span><span class=\"BZ_Pyq_fadeIn\">Araujo <\/span><span class=\"BZ_Pyq_fadeIn\">form\u00f3 <\/span><span class=\"BZ_Pyq_fadeIn\">una <\/span><span class=\"BZ_Pyq_fadeIn\">de <\/span><span class=\"BZ_Pyq_fadeIn\">las <\/span><span class=\"BZ_Pyq_fadeIn\">duplas <\/span><span class=\"BZ_Pyq_fadeIn\">m\u00e1s <\/span><span class=\"BZ_Pyq_fadeIn\">reconocidas <\/span><span class=\"BZ_Pyq_fadeIn\">del <\/span><span class=\"BZ_Pyq_fadeIn\">periodismo <\/span><span class=\"BZ_Pyq_fadeIn\">deportivo <\/span><span class=\"BZ_Pyq_fadeIn\">junto <\/span><span class=\"BZ_Pyq_fadeIn\">al <\/span><span class=\"BZ_Pyq_fadeIn\">comentarista <\/span><strong data-start=\"957\" data-end=\"998\"><span class=\"hover:entity-accent entity-underline inline cursor-pointer align-baseline\"><span class=\"whitespace-normal\">Enrique Macaya M\u00e1rquez<\/span><\/span><\/strong><span class=\"BZ_Pyq_fadeIn\">.<\/span><\/p>\n<p data-start=\"1001\" data-end=\"1219\"><span class=\"BZ_Pyq_fadeIn\">Ambos <\/span><span class=\"BZ_Pyq_fadeIn\">tambi\u00e9n <\/span><span class=\"BZ_Pyq_fadeIn\">participaron <\/span><span class=\"BZ_Pyq_fadeIn\">en <\/span><span class=\"BZ_Pyq_fadeIn\">transmisiones <\/span><span class=\"BZ_Pyq_fadeIn\">de <\/span><span class=\"BZ_Pyq_fadeIn\">la <\/span><strong data-start=\"1051\" data-end=\"1092\"><span class=\"hover:entity-accent entity-underline inline cursor-pointer align-baseline\"><span class=\"whitespace-normal\">Selecci\u00f3n Argentina de f\u00fatbol<\/span><\/span><\/strong> <span class=\"BZ_Pyq_fadeIn\">en <\/span><strong data-start=\"1096\" data-end=\"1141\"><span class=\"BZ_Pyq_fadeIn\">Copas <\/span><span class=\"BZ_Pyq_fadeIn\">del <\/span><span class=\"BZ_Pyq_fadeIn\">Mundo <\/span><span class=\"BZ_Pyq_fadeIn\">y <\/span><span class=\"BZ_Pyq_fadeIn\">torneos <\/span><span class=\"BZ_Pyq_fadeIn\">internacionales<\/span><\/strong><span class=\"BZ_Pyq_fadeIn\">, <\/span><span class=\"BZ_Pyq_fadeIn\">consolidando <\/span><span class=\"BZ_Pyq_fadeIn\">un <\/span><span class=\"BZ_Pyq_fadeIn\">estilo <\/span><span class=\"BZ_Pyq_fadeIn\">de <\/span><span class=\"BZ_Pyq_fadeIn\">relato <\/span><span class=\"BZ_Pyq_fadeIn\">que <\/span><span class=\"BZ_Pyq_fadeIn\">marc\u00f3 <\/span><span class=\"BZ_Pyq_fadeIn\">\u00e9poca <\/span><span class=\"BZ_Pyq_fadeIn\">en <\/span><span class=\"BZ_Pyq_fadeIn\">la <\/span><span class=\"BZ_Pyq_fadeIn\">televisi\u00f3n <\/span><span class=\"BZ_Pyq_fadeIn\">deportiva.<\/span><\/p>\n<h3 data-section-id=\"11rl29q\" data-start=\"1221\" data-end=\"1257\"><span style=\"color: #ff0000\"><span class=\"BZ_Pyq_fadeIn\">El <\/span><span class=\"BZ_Pyq_fadeIn\">regreso <\/span><span class=\"BZ_Pyq_fadeIn\">con <\/span><span class=\"BZ_Pyq_fadeIn\">F\u00fatbol <\/span><span class=\"BZ_Pyq_fadeIn\">para <\/span><span class=\"BZ_Pyq_fadeIn\">Todos<\/span><\/span><\/h3>\n<p data-start=\"1259\" data-end=\"1476\"><span class=\"BZ_Pyq_fadeIn\">A\u00f1os <\/span><span class=\"BZ_Pyq_fadeIn\">m\u00e1s <\/span><span class=\"BZ_Pyq_fadeIn\">tarde, <\/span><span class=\"BZ_Pyq_fadeIn\">Araujo <\/span><span class=\"BZ_Pyq_fadeIn\">volvi\u00f3 <\/span><span class=\"BZ_Pyq_fadeIn\">a <\/span><span class=\"BZ_Pyq_fadeIn\">ocupar <\/span><span class=\"BZ_Pyq_fadeIn\">un <\/span><span class=\"BZ_Pyq_fadeIn\">lugar <\/span><span class=\"BZ_Pyq_fadeIn\">central <\/span><span class=\"BZ_Pyq_fadeIn\">en <\/span><span class=\"BZ_Pyq_fadeIn\">las <\/span><span class=\"BZ_Pyq_fadeIn\">transmisiones <\/span><span class=\"BZ_Pyq_fadeIn\">del <\/span><span class=\"BZ_Pyq_fadeIn\">f\u00fatbol <\/span><span class=\"BZ_Pyq_fadeIn\">televisado <\/span><span class=\"BZ_Pyq_fadeIn\">entre <\/span><strong data-start=\"1364\" data-end=\"1379\"><span class=\"BZ_Pyq_fadeIn\">2009 <\/span><span class=\"BZ_Pyq_fadeIn\">y <\/span><span class=\"BZ_Pyq_fadeIn\">2014<\/span><\/strong><span class=\"BZ_Pyq_fadeIn\">, <\/span><span class=\"BZ_Pyq_fadeIn\">cuando <\/span><span class=\"BZ_Pyq_fadeIn\">fue <\/span><span class=\"BZ_Pyq_fadeIn\">una <\/span><span class=\"BZ_Pyq_fadeIn\">de <\/span><span class=\"BZ_Pyq_fadeIn\">las <\/span><span class=\"BZ_Pyq_fadeIn\">voces <\/span><span class=\"BZ_Pyq_fadeIn\">principales <\/span><span class=\"BZ_Pyq_fadeIn\">del <\/span><span class=\"BZ_Pyq_fadeIn\">programa <\/span><strong data-start=\"1434\" data-end=\"1475\"><span class=\"hover:entity-accent entity-underline inline cursor-pointer align-baseline\"><span class=\"whitespace-normal\">F\u00fatbol para Todos<\/span><\/span><\/strong><span class=\"BZ_Pyq_fadeIn\">.<\/span><\/p>\n<blockquote>\n<h3 data-start=\"1478\" data-end=\"1693\"><span class=\"BZ_Pyq_fadeIn\">Ese <\/span><span class=\"BZ_Pyq_fadeIn\">ciclo <\/span><span class=\"BZ_Pyq_fadeIn\">permiti\u00f3 <\/span><span class=\"BZ_Pyq_fadeIn\">que <\/span><span class=\"BZ_Pyq_fadeIn\">los <\/span><span class=\"BZ_Pyq_fadeIn\">partidos <\/span><span class=\"BZ_Pyq_fadeIn\">de <\/span><span class=\"BZ_Pyq_fadeIn\">la <\/span><strong data-start=\"1520\" data-end=\"1540\"><span class=\"BZ_Pyq_fadeIn\">Primera <\/span><span class=\"BZ_Pyq_fadeIn\">Divisi\u00f3n<\/span><\/strong> <span class=\"BZ_Pyq_fadeIn\">se <\/span><span class=\"BZ_Pyq_fadeIn\">transmitieran <\/span><strong data-start=\"1558\" data-end=\"1590\"><span class=\"BZ_Pyq_fadeIn\">de <\/span><span class=\"BZ_Pyq_fadeIn\">manera <\/span><span class=\"BZ_Pyq_fadeIn\">abierta <\/span><span class=\"BZ_Pyq_fadeIn\">y <\/span><span class=\"BZ_Pyq_fadeIn\">gratuita<\/span><\/strong><span class=\"BZ_Pyq_fadeIn\">, <\/span><span class=\"BZ_Pyq_fadeIn\">lo <\/span><span class=\"BZ_Pyq_fadeIn\">que <\/span><span class=\"BZ_Pyq_fadeIn\">lo <\/span><span class=\"BZ_Pyq_fadeIn\">volvi\u00f3 <\/span><span class=\"BZ_Pyq_fadeIn\">a <\/span><span class=\"BZ_Pyq_fadeIn\">conectar <\/span><span class=\"BZ_Pyq_fadeIn\">con <\/span><span class=\"BZ_Pyq_fadeIn\">el <\/span><span class=\"BZ_Pyq_fadeIn\">p\u00fablico <\/span><span class=\"BZ_Pyq_fadeIn\">masivo <\/span><span class=\"BZ_Pyq_fadeIn\">en <\/span><span class=\"BZ_Pyq_fadeIn\">una <\/span><span class=\"BZ_Pyq_fadeIn\">nueva <\/span><span class=\"BZ_Pyq_fadeIn\">etapa <\/span><span class=\"BZ_Pyq_fadeIn\">de <\/span><span class=\"BZ_Pyq_fadeIn\">las <\/span><span class=\"BZ_Pyq_fadeIn\">transmisiones <\/span><span class=\"BZ_Pyq_fadeIn\">deportivas.<\/span><\/h3>\n<\/blockquote>\n<p data-start=\"1695\" data-end=\"1947\" data-is-last-node=\"\" data-is-only-node=\"\"><span class=\"BZ_Pyq_fadeIn\">Con <\/span><span class=\"BZ_Pyq_fadeIn\">su <\/span><span class=\"BZ_Pyq_fadeIn\">estilo <\/span><span class=\"BZ_Pyq_fadeIn\">inconfundible <\/span><span class=\"BZ_Pyq_fadeIn\">y <\/span><span class=\"BZ_Pyq_fadeIn\">su <\/span><span class=\"BZ_Pyq_fadeIn\">presencia <\/span><span class=\"BZ_Pyq_fadeIn\">durante <\/span><span class=\"BZ_Pyq_fadeIn\">d\u00e9cadas <\/span><span class=\"BZ_Pyq_fadeIn\">en <\/span><span class=\"BZ_Pyq_fadeIn\">la <\/span><span class=\"BZ_Pyq_fadeIn\">pantalla, <\/span><strong data-start=\"1770\" data-end=\"1862\"><span class=\"BZ_Pyq_fadeIn\">Marcelo <\/span><span class=\"BZ_Pyq_fadeIn\">Araujo <\/span><span class=\"BZ_Pyq_fadeIn\">dej\u00f3 <\/span><span class=\"BZ_Pyq_fadeIn\">una <\/span><span class=\"BZ_Pyq_fadeIn\">marca <\/span><span class=\"BZ_Pyq_fadeIn\">profunda <\/span><span class=\"BZ_Pyq_fadeIn\">en <\/span><span class=\"BZ_Pyq_fadeIn\">la <\/span><span class=\"BZ_Pyq_fadeIn\">historia <\/span><span class=\"BZ_Pyq_fadeIn\">del <\/span><span class=\"BZ_Pyq_fadeIn\">periodismo <\/span><span class=\"BZ_Pyq_fadeIn\">deportivo <\/span><span class=\"BZ_Pyq_fadeIn\">argentino<\/span><\/strong> <span class=\"BZ_Pyq_fadeIn\">y <\/span><span class=\"BZ_Pyq_fadeIn\">en <\/span><span class=\"BZ_Pyq_fadeIn\">la <\/span><span class=\"BZ_Pyq_fadeIn\">memoria <\/span><span class=\"BZ_Pyq_fadeIn\">de <\/span><span class=\"BZ_Pyq_fadeIn\">generaciones <\/span><span class=\"BZ_Pyq_fadeIn\">de <\/span><span class=\"BZ_Pyq_fadeIn\">hinchas <\/span><span class=\"BZ_Pyq_fadeIn\">que <\/span><span class=\"BZ_Pyq_fadeIn\">crecieron <\/span><span class=\"BZ_Pyq_fadeIn\">escuchando <\/span><span class=\"BZ_Pyq_fadeIn\">sus <\/span><span class=\"BZ_Pyq_fadeIn\">relatos. <\/span><\/p>\n","protected":false},"excerpt":{"rendered":"<div class=\"mh-excerpt\"><p>Ten\u00eda 78 a\u00f1os y durante m\u00e1s de tres d\u00e9cadas fue uno de los relatores m\u00e1s influyentes del pa\u00eds. Su voz qued\u00f3 ligada a algunos de los momentos m\u00e1s recordados del f\u00fatbol argentino. 16 de marzo <a class=\"mh-excerpt-more\" href=\"https:\/\/larevistadigital.com.ar\/blog\/murio-marcelo-araujo-historica-voz-del-futbol-argentino-en-la-television\/\" title=\"Muri\u00f3 Marcelo Araujo, hist\u00f3rica voz del f\u00fatbol argentino en la televisi\u00f3n\">[Leer M\u00e1s]<\/a><\/p>\n<\/div>","protected":false},"author":3,"featured_media":44543,"comment_status":"open","ping_status":"open","sticky":false,"template":"","format":"standard","meta":{"_jetpack_memberships_contains_paid_content":false,"footnotes":"","jetpack_publicize_message":"","jetpack_publicize_feature_enabled":true,"jetpack_social_post_already_shared":true,"jetpack_social_options":{"image_generator_settings":{"template":"highway","default_image_id":0,"font":"","enabled":false},"version":2}},"categories":[50],"tags":[],"class_list":{"0":"post-44542","1":"post","2":"type-post","3":"status-publish","4":"format-standard","5":"has-post-thumbnail","7":"category-interes-general"},"jetpack_publicize_connections":[],"jetpack_featured_media_url":"https:\/\/i0.wp.com\/larevistadigital.com.ar\/blog\/wp-content\/uploads\/Captura-de-pantalla-2026-03-16-212727.jpg?fit=629%2C405&ssl=1","jetpack_sharing_enabled":true,"jetpack_shortlink":"https:\/\/wp.me\/p8qtrQ-bAq","jetpack-related-posts":[{"id":2879,"url":"https:\/\/larevistadigital.com.ar\/blog\/super-truco-como-convertir-a-texto-los-mensajes-de-voz-de-whatsapp\/","url_meta":{"origin":44542,"position":0},"title":"Super truco: c\u00f3mo convertir a texto los mensajes de voz de Whatsapp","author":"admin","date":"3 agosto, 2017","format":false,"excerpt":"La aplicaci\u00f3n\u00a0Whatsapp\u00a0solucion\u00f3 una serie de cuestiones cotidianas de la\u00a0comunicaci\u00f3n\u00a0pero, sin embargo, el uso de mensajes de voz no siempre es tan bienvenido como se cree. Por ello, la aparici\u00f3n de\u00a0una app que transforma elaudio en texto\u00a0es una de las grandes noticias geek de estos tiempos. La app en cuesti\u00f3n tiene\u2026","rel":"","context":"En \u00abTECNOLOGIA\u00bb","block_context":{"text":"TECNOLOGIA","link":"https:\/\/larevistadigital.com.ar\/blog\/category\/tecnologia\/"},"img":{"alt_text":"","src":"https:\/\/i0.wp.com\/larevistadigital.com.ar\/blog\/wp-content\/uploads\/2017\/08\/595279d850c47.jpg?fit=554%2C346&ssl=1&resize=350%2C200","width":350,"height":200,"srcset":"https:\/\/i0.wp.com\/larevistadigital.com.ar\/blog\/wp-content\/uploads\/2017\/08\/595279d850c47.jpg?fit=554%2C346&ssl=1&resize=350%2C200 1x, https:\/\/i0.wp.com\/larevistadigital.com.ar\/blog\/wp-content\/uploads\/2017\/08\/595279d850c47.jpg?fit=554%2C346&ssl=1&resize=525%2C300 1.5x"},"classes":[]},{"id":22508,"url":"https:\/\/larevistadigital.com.ar\/blog\/javier-milei-le-puso-la-voz-a-un-personaje-de-los-simpson-y-estallo-internet\/","url_meta":{"origin":44542,"position":1},"title":"JAVIER MILEI LE PUSO LA VOZ A UN PERSONAJE DE LOS SIMPSON Y ESTALL\u00d3 INTERNET","author":"Alejandro Sosa Ruda","date":"28 octubre, 2021","format":false,"excerpt":"Se trata de un montaje que fue publicado por una usuaria de\u00a0Twitter, en el que le cambiaron el sonido de uno\u00a0de los cap\u00edtulos de la serie de\u00a0Matt Groening\u00a0para insertarle la voz del candidato a diputado por\u00a0La Libertad Avanza.\u00a0\u00a1No te pierdas el video! Los Simpson dan para todo; cada episodio podemos\u2026","rel":"","context":"En \u00abINTERES GENERAL\u00bb","block_context":{"text":"INTERES GENERAL","link":"https:\/\/larevistadigital.com.ar\/blog\/category\/interes-general\/"},"img":{"alt_text":"","src":"https:\/\/i0.wp.com\/larevistadigital.com.ar\/blog\/wp-content\/uploads\/Captura-de-pantalla-2021-10-28-002551.jpg?fit=1195%2C677&ssl=1&resize=350%2C200","width":350,"height":200,"srcset":"https:\/\/i0.wp.com\/larevistadigital.com.ar\/blog\/wp-content\/uploads\/Captura-de-pantalla-2021-10-28-002551.jpg?fit=1195%2C677&ssl=1&resize=350%2C200 1x, https:\/\/i0.wp.com\/larevistadigital.com.ar\/blog\/wp-content\/uploads\/Captura-de-pantalla-2021-10-28-002551.jpg?fit=1195%2C677&ssl=1&resize=525%2C300 1.5x, https:\/\/i0.wp.com\/larevistadigital.com.ar\/blog\/wp-content\/uploads\/Captura-de-pantalla-2021-10-28-002551.jpg?fit=1195%2C677&ssl=1&resize=700%2C400 2x, https:\/\/i0.wp.com\/larevistadigital.com.ar\/blog\/wp-content\/uploads\/Captura-de-pantalla-2021-10-28-002551.jpg?fit=1195%2C677&ssl=1&resize=1050%2C600 3x"},"classes":[]},{"id":12736,"url":"https:\/\/larevistadigital.com.ar\/blog\/chascomus-gorriz-confia-en-lograr-ingresar-un-concejal\/","url_meta":{"origin":44542,"position":2},"title":"CHASCOM\u00daS: GORRIZ CONF\u00cdA EN LOGRAR INGRESAR UN CONCEJAL","author":"Alejandro Sosa Ruda","date":"21 octubre, 2019","format":false,"excerpt":"El candidato a Intendente Ignacio G\u00f3rriz, fue entrevistado en el programa radial Dos por M\u00e1s, donde se refiri\u00f3 a lo que ser\u00e1n las elecciones del 27 de octubre. Rescat\u00f3 el grupo humano que se form\u00f3, y dijo que m\u00e1s all\u00e1 de lo que suceda en las urnas, seguir\u00e1n trabajando. \u201c\u2026Creemos\u2026","rel":"","context":"En \u00abCHASCOM\u00daS\u00bb","block_context":{"text":"CHASCOM\u00daS","link":"https:\/\/larevistadigital.com.ar\/blog\/category\/chascomus\/"},"img":{"alt_text":"","src":"https:\/\/i0.wp.com\/larevistadigital.com.ar\/blog\/wp-content\/uploads\/eoperonismo_27demarzode2019_elfuerte.jpg?fit=1200%2C754&ssl=1&resize=350%2C200","width":350,"height":200,"srcset":"https:\/\/i0.wp.com\/larevistadigital.com.ar\/blog\/wp-content\/uploads\/eoperonismo_27demarzode2019_elfuerte.jpg?fit=1200%2C754&ssl=1&resize=350%2C200 1x, https:\/\/i0.wp.com\/larevistadigital.com.ar\/blog\/wp-content\/uploads\/eoperonismo_27demarzode2019_elfuerte.jpg?fit=1200%2C754&ssl=1&resize=525%2C300 1.5x, https:\/\/i0.wp.com\/larevistadigital.com.ar\/blog\/wp-content\/uploads\/eoperonismo_27demarzode2019_elfuerte.jpg?fit=1200%2C754&ssl=1&resize=700%2C400 2x, https:\/\/i0.wp.com\/larevistadigital.com.ar\/blog\/wp-content\/uploads\/eoperonismo_27demarzode2019_elfuerte.jpg?fit=1200%2C754&ssl=1&resize=1050%2C600 3x"},"classes":[]},{"id":45208,"url":"https:\/\/larevistadigital.com.ar\/blog\/adios-a-un-grande-fallecio-luis-brandoni-a-los-86-anos\/","url_meta":{"origin":44542,"position":3},"title":"Adi\u00f3s a un grande: falleci\u00f3 Luis Brandoni a los 86 a\u00f1os","author":"Alejandro Sosa Ruda","date":"20 abril, 2026","format":false,"excerpt":"El legendario actor se encontraba internado tras sufrir un accidente dom\u00e9stico. Con m\u00e1s de seis d\u00e9cadas de trayectoria, deja un legado imborrable en el cine, el teatro y la pol\u00edtica argentina. 20 de abril de 2026 El espect\u00e1culo argentino est\u00e1 de luto. Este lunes 20 de abril de 2026, se\u2026","rel":"","context":"En \u00abINTERES GENERAL\u00bb","block_context":{"text":"INTERES GENERAL","link":"https:\/\/larevistadigital.com.ar\/blog\/category\/interes-general\/"},"img":{"alt_text":"","src":"https:\/\/i0.wp.com\/larevistadigital.com.ar\/blog\/wp-content\/uploads\/LUIS-BRANDONI.jpg?fit=700%2C507&ssl=1&resize=350%2C200","width":350,"height":200,"srcset":"https:\/\/i0.wp.com\/larevistadigital.com.ar\/blog\/wp-content\/uploads\/LUIS-BRANDONI.jpg?fit=700%2C507&ssl=1&resize=350%2C200 1x, https:\/\/i0.wp.com\/larevistadigital.com.ar\/blog\/wp-content\/uploads\/LUIS-BRANDONI.jpg?fit=700%2C507&ssl=1&resize=525%2C300 1.5x, https:\/\/i0.wp.com\/larevistadigital.com.ar\/blog\/wp-content\/uploads\/LUIS-BRANDONI.jpg?fit=700%2C507&ssl=1&resize=700%2C400 2x"},"classes":[]},{"id":2882,"url":"https:\/\/larevistadigital.com.ar\/blog\/eye-control-microsoft-permite-controlar-windows-10-con-los-ojos-y-hacerlo-hablar\/","url_meta":{"origin":44542,"position":4},"title":"Eye Control: Microsoft permite controlar Windows 10 con los ojos y hacerlo hablar.","author":"admin","date":"3 agosto, 2017","format":false,"excerpt":"Windows 10\u00a0podr\u00e1 ser controlado con el movimiento de los ojos e incluso permitir\u00e1 que la\u00a0computadora personal\u00a0se convierta en la voz de los usuarios con alg\u00fan tipo de discapacidad. Todo ello gracias a Eye Control, una funci\u00f3n que\u00a0Microsoft\u00a0acaba de habilitar en modo de pruebas para su sistema operativo. Eye Control por\u2026","rel":"","context":"En \u00abTECNOLOGIA\u00bb","block_context":{"text":"TECNOLOGIA","link":"https:\/\/larevistadigital.com.ar\/blog\/category\/tecnologia\/"},"img":{"alt_text":"","src":"","width":0,"height":0},"classes":[]},{"id":41256,"url":"https:\/\/larevistadigital.com.ar\/blog\/cote-rossi-hay-que-trabajar-para-quienes-no-tienen-voz-y-la-estan-pasando-muy-mal\/","url_meta":{"origin":44542,"position":5},"title":"\u201cCote\u201d Rossi: \u201cHay que trabajar para quienes no tienen voz y la est\u00e1n pasando muy mal\u201d","author":"Alejandro Sosa Ruda","date":"2 septiembre, 2025","format":false,"excerpt":"El dirigente del peronismo, habl\u00f3 de todo y no esquiv\u00f3 los temas. Se mostr\u00f3 preocupado por la situaci\u00f3n de quienes menos tienen y se comprometi\u00f3 a gestionar al respecto si ingresa al Concejo Deliberante. 02 de Septiembre de 2025 CHASCOM\u00daS\u00a0 -\u00a0 \u00a0El candidato a concejal por Fuerza Patria, Jos\u00e9 Ignacio\u2026","rel":"","context":"En \u00abINTERES GENERAL\u00bb","block_context":{"text":"INTERES GENERAL","link":"https:\/\/larevistadigital.com.ar\/blog\/category\/interes-general\/"},"img":{"alt_text":"","src":"https:\/\/i0.wp.com\/larevistadigital.com.ar\/blog\/wp-content\/uploads\/Captura-de-pantalla-2025-09-02-214808.jpg?fit=699%2C462&ssl=1&resize=350%2C200","width":350,"height":200,"srcset":"https:\/\/i0.wp.com\/larevistadigital.com.ar\/blog\/wp-content\/uploads\/Captura-de-pantalla-2025-09-02-214808.jpg?fit=699%2C462&ssl=1&resize=350%2C200 1x, https:\/\/i0.wp.com\/larevistadigital.com.ar\/blog\/wp-content\/uploads\/Captura-de-pantalla-2025-09-02-214808.jpg?fit=699%2C462&ssl=1&resize=525%2C300 1.5x"},"classes":[]}],"_links":{"self":[{"href":"https:\/\/larevistadigital.com.ar\/blog\/wp-json\/wp\/v2\/posts\/44542","targetHints":{"allow":["GET"]}}],"collection":[{"href":"https:\/\/larevistadigital.com.ar\/blog\/wp-json\/wp\/v2\/posts"}],"about":[{"href":"https:\/\/larevistadigital.com.ar\/blog\/wp-json\/wp\/v2\/types\/post"}],"author":[{"embeddable":true,"href":"https:\/\/larevistadigital.com.ar\/blog\/wp-json\/wp\/v2\/users\/3"}],"replies":[{"embeddable":true,"href":"https:\/\/larevistadigital.com.ar\/blog\/wp-json\/wp\/v2\/comments?post=44542"}],"version-history":[{"count":1,"href":"https:\/\/larevistadigital.com.ar\/blog\/wp-json\/wp\/v2\/posts\/44542\/revisions"}],"predecessor-version":[{"id":44544,"href":"https:\/\/larevistadigital.com.ar\/blog\/wp-json\/wp\/v2\/posts\/44542\/revisions\/44544"}],"wp:featuredmedia":[{"embeddable":true,"href":"https:\/\/larevistadigital.com.ar\/blog\/wp-json\/wp\/v2\/media\/44543"}],"wp:attachment":[{"href":"https:\/\/larevistadigital.com.ar\/blog\/wp-json\/wp\/v2\/media?parent=44542"}],"wp:term":[{"taxonomy":"category","embeddable":true,"href":"https:\/\/larevistadigital.com.ar\/blog\/wp-json\/wp\/v2\/categories?post=44542"},{"taxonomy":"post_tag","embeddable":true,"href":"https:\/\/larevistadigital.com.ar\/blog\/wp-json\/wp\/v2\/tags?post=44542"}],"curies":[{"name":"wp","href":"https:\/\/api.w.org\/{rel}","templated":true}]}}