{"id":44545,"date":"2026-03-16T23:23:59","date_gmt":"2026-03-17T02:23:59","guid":{"rendered":"https:\/\/larevistadigital.com.ar\/blog\/?p=44545"},"modified":"2026-03-16T23:23:59","modified_gmt":"2026-03-17T02:23:59","slug":"violenta-agresion-en-una-escuela-un-alumno-de-13-anos-termino-hospitalizado-tras-ser-atacado-por-el-hermano-de-un-companero","status":"publish","type":"post","link":"https:\/\/larevistadigital.com.ar\/blog\/violenta-agresion-en-una-escuela-un-alumno-de-13-anos-termino-hospitalizado-tras-ser-atacado-por-el-hermano-de-un-companero\/","title":{"rendered":"Violenta agresi\u00f3n en una escuela: un alumno de 13 a\u00f1os termin\u00f3 hospitalizado tras ser atacado por el hermano de un compa\u00f1ero"},"content":{"rendered":"<p data-start=\"81\" data-end=\"290\"><strong data-start=\"81\" data-end=\"290\"><span class=\"BZ_Pyq_fadeIn\">El <\/span><span class=\"BZ_Pyq_fadeIn\">adolescente <\/span><span class=\"BZ_Pyq_fadeIn\">sufri\u00f3 <\/span><span class=\"BZ_Pyq_fadeIn\">fractura <\/span><span class=\"BZ_Pyq_fadeIn\">de <\/span><span class=\"BZ_Pyq_fadeIn\">tabique <\/span><span class=\"BZ_Pyq_fadeIn\">y <\/span><span class=\"BZ_Pyq_fadeIn\">p\u00e9rdida <\/span><span class=\"BZ_Pyq_fadeIn\">de <\/span><span class=\"BZ_Pyq_fadeIn\">conocimiento <\/span><span class=\"BZ_Pyq_fadeIn\">tras <\/span><span class=\"BZ_Pyq_fadeIn\">ser <\/span><span class=\"BZ_Pyq_fadeIn\">atacado <\/span><span class=\"BZ_Pyq_fadeIn\">por <\/span><span class=\"BZ_Pyq_fadeIn\">el <\/span><span class=\"BZ_Pyq_fadeIn\">hermano <\/span><span class=\"BZ_Pyq_fadeIn\">de <\/span><span class=\"BZ_Pyq_fadeIn\">otro <\/span><span class=\"BZ_Pyq_fadeIn\">estudiante <\/span><span class=\"BZ_Pyq_fadeIn\">dentro <\/span><span class=\"BZ_Pyq_fadeIn\">del <\/span><span class=\"BZ_Pyq_fadeIn\">establecimiento. <\/span><span class=\"BZ_Pyq_fadeIn\">El <\/span><span class=\"BZ_Pyq_fadeIn\">caso <\/span><span class=\"BZ_Pyq_fadeIn\">gener\u00f3 <\/span><span class=\"BZ_Pyq_fadeIn\">fuerte <\/span><span class=\"BZ_Pyq_fadeIn\">conmoci\u00f3n <\/span><span class=\"BZ_Pyq_fadeIn\">en <\/span><span class=\"BZ_Pyq_fadeIn\">la <\/span><span class=\"BZ_Pyq_fadeIn\">comunidad <\/span><span class=\"BZ_Pyq_fadeIn\">educativa.<\/span><\/strong><\/p>\n<p data-start=\"81\" data-end=\"290\">16 de marzo de 2026<\/p>\n<p data-start=\"292\" data-end=\"478\"><span class=\"BZ_Pyq_fadeIn\"><strong>MENDOZA\u00a0 &#8211;\u00a0<\/strong> \u00a0 Un <\/span><span class=\"BZ_Pyq_fadeIn\">grave <\/span><span class=\"BZ_Pyq_fadeIn\">episodio <\/span><span class=\"BZ_Pyq_fadeIn\">de <\/span><span class=\"BZ_Pyq_fadeIn\">violencia <\/span><span class=\"BZ_Pyq_fadeIn\">escolar <\/span><span class=\"BZ_Pyq_fadeIn\">ocurri\u00f3 <\/span><span class=\"BZ_Pyq_fadeIn\">en <\/span><span class=\"BZ_Pyq_fadeIn\">la <\/span><strong data-start=\"345\" data-end=\"389\"><span class=\"BZ_Pyq_fadeIn\">Escuela <\/span><span class=\"BZ_Pyq_fadeIn\">T\u00e9cnica <\/span><span class=\"BZ_Pyq_fadeIn\">4-<\/span><span class=\"BZ_Pyq_fadeIn\">119 <\/span><span class=\"BZ_Pyq_fadeIn\">Santa <\/span><span class=\"BZ_Pyq_fadeIn\">Mar\u00eda <\/span><span class=\"BZ_Pyq_fadeIn\">de <\/span><span class=\"BZ_Pyq_fadeIn\">Oro<\/span><\/strong><span class=\"BZ_Pyq_fadeIn\">, <\/span><span class=\"BZ_Pyq_fadeIn\">donde <\/span><span class=\"BZ_Pyq_fadeIn\">un <\/span><span class=\"BZ_Pyq_fadeIn\">alumno <\/span><span class=\"BZ_Pyq_fadeIn\">de <\/span><strong data-start=\"410\" data-end=\"443\"><span class=\"BZ_Pyq_fadeIn\">13 <\/span><span class=\"BZ_Pyq_fadeIn\">a\u00f1os <\/span><span class=\"BZ_Pyq_fadeIn\">termin\u00f3 <\/span><span class=\"BZ_Pyq_fadeIn\">hospitalizado<\/span><\/strong> <span class=\"BZ_Pyq_fadeIn\">luego <\/span><span class=\"BZ_Pyq_fadeIn\">de <\/span><span class=\"BZ_Pyq_fadeIn\">ser <\/span><span class=\"BZ_Pyq_fadeIn\">brutalmente <\/span><span class=\"BZ_Pyq_fadeIn\">agredido.<\/span><\/p>\n<p data-start=\"480\" data-end=\"804\"><span class=\"BZ_Pyq_fadeIn\">El <\/span><span class=\"BZ_Pyq_fadeIn\">hecho <\/span><span class=\"BZ_Pyq_fadeIn\">se <\/span><span class=\"BZ_Pyq_fadeIn\">registr\u00f3 <\/span><span class=\"BZ_Pyq_fadeIn\">el <\/span><span class=\"BZ_Pyq_fadeIn\">viernes <\/span><span class=\"BZ_Pyq_fadeIn\">por <\/span><span class=\"BZ_Pyq_fadeIn\">la <\/span><span class=\"BZ_Pyq_fadeIn\">ma\u00f1ana, <\/span><span class=\"BZ_Pyq_fadeIn\">minutos <\/span><span class=\"BZ_Pyq_fadeIn\">antes <\/span><span class=\"BZ_Pyq_fadeIn\">de <\/span><span class=\"BZ_Pyq_fadeIn\">las <\/span><span class=\"BZ_Pyq_fadeIn\">10, <\/span><span class=\"BZ_Pyq_fadeIn\">en <\/span><span class=\"BZ_Pyq_fadeIn\">el <\/span><span class=\"BZ_Pyq_fadeIn\">establecimiento <\/span><span class=\"BZ_Pyq_fadeIn\">ubicado <\/span><span class=\"BZ_Pyq_fadeIn\">en <\/span><strong data-start=\"585\" data-end=\"626\"><span class=\"hover:entity-accent entity-underline inline cursor-pointer align-baseline\"><span class=\"whitespace-normal\">Rivadavia<\/span><\/span><\/strong><span class=\"BZ_Pyq_fadeIn\">. <\/span><span class=\"BZ_Pyq_fadeIn\">Todo <\/span><span class=\"BZ_Pyq_fadeIn\">comenz\u00f3 <\/span><span class=\"BZ_Pyq_fadeIn\">con <\/span><span class=\"BZ_Pyq_fadeIn\">una <\/span><span class=\"BZ_Pyq_fadeIn\">pelea <\/span><span class=\"BZ_Pyq_fadeIn\">entre <\/span><span class=\"BZ_Pyq_fadeIn\">estudiantes <\/span><span class=\"BZ_Pyq_fadeIn\">dentro <\/span><span class=\"BZ_Pyq_fadeIn\">de <\/span><span class=\"BZ_Pyq_fadeIn\">la <\/span><span class=\"BZ_Pyq_fadeIn\">escuela, <\/span><span class=\"BZ_Pyq_fadeIn\">pero <\/span><span class=\"BZ_Pyq_fadeIn\">la <\/span><span class=\"BZ_Pyq_fadeIn\">situaci\u00f3n <\/span><strong data-start=\"713\" data-end=\"803\"><span class=\"BZ_Pyq_fadeIn\">escal\u00f3 <\/span><span class=\"BZ_Pyq_fadeIn\">cuando <\/span><span class=\"BZ_Pyq_fadeIn\">familiares <\/span><span class=\"BZ_Pyq_fadeIn\">de <\/span><span class=\"BZ_Pyq_fadeIn\">uno <\/span><span class=\"BZ_Pyq_fadeIn\">de <\/span><span class=\"BZ_Pyq_fadeIn\">los <\/span><span class=\"BZ_Pyq_fadeIn\">j\u00f3venes <\/span><span class=\"BZ_Pyq_fadeIn\">involucrados <\/span><span class=\"BZ_Pyq_fadeIn\">se <\/span><span class=\"BZ_Pyq_fadeIn\">presentaron <\/span><span class=\"BZ_Pyq_fadeIn\">en <\/span><span class=\"BZ_Pyq_fadeIn\">el <\/span><span class=\"BZ_Pyq_fadeIn\">lugar<\/span><\/strong><span class=\"BZ_Pyq_fadeIn\">.<\/span><\/p>\n<h3 data-section-id=\"1oi1w6l\" data-start=\"806\" data-end=\"850\"><span style=\"color: #ff0000\"><span class=\"BZ_Pyq_fadeIn\">El <\/span><span class=\"BZ_Pyq_fadeIn\">agresor <\/span><span class=\"BZ_Pyq_fadeIn\">ser\u00eda <\/span><span class=\"BZ_Pyq_fadeIn\">el <\/span><span class=\"BZ_Pyq_fadeIn\">hermano <\/span><span class=\"BZ_Pyq_fadeIn\">de <\/span><span class=\"BZ_Pyq_fadeIn\">un <\/span><span class=\"BZ_Pyq_fadeIn\">alumno<\/span><\/span><\/h3>\n<p data-start=\"852\" data-end=\"1041\"><span class=\"BZ_Pyq_fadeIn\">De <\/span><span class=\"BZ_Pyq_fadeIn\">acuerdo <\/span><span class=\"BZ_Pyq_fadeIn\">con <\/span><span class=\"BZ_Pyq_fadeIn\">la <\/span><span class=\"BZ_Pyq_fadeIn\">denuncia, <\/span><span class=\"BZ_Pyq_fadeIn\">el <\/span><span class=\"BZ_Pyq_fadeIn\">principal <\/span><span class=\"BZ_Pyq_fadeIn\">agresor <\/span><span class=\"BZ_Pyq_fadeIn\">fue <\/span><strong data-start=\"905\" data-end=\"945\"><span class=\"BZ_Pyq_fadeIn\">el <\/span><span class=\"BZ_Pyq_fadeIn\">hermano <\/span><span class=\"BZ_Pyq_fadeIn\">de <\/span><span class=\"BZ_Pyq_fadeIn\">uno <\/span><span class=\"BZ_Pyq_fadeIn\">de <\/span><span class=\"BZ_Pyq_fadeIn\">los <\/span><span class=\"BZ_Pyq_fadeIn\">estudiantes<\/span><\/strong><span class=\"BZ_Pyq_fadeIn\">, <\/span><span class=\"BZ_Pyq_fadeIn\">quien <\/span><strong data-start=\"953\" data-end=\"986\"><span class=\"BZ_Pyq_fadeIn\">no <\/span><span class=\"BZ_Pyq_fadeIn\">pertenece <\/span><span class=\"BZ_Pyq_fadeIn\">a <\/span><span class=\"BZ_Pyq_fadeIn\">la <\/span><span class=\"BZ_Pyq_fadeIn\">instituci\u00f3n<\/span><\/strong> <span class=\"BZ_Pyq_fadeIn\">y <\/span><span class=\"BZ_Pyq_fadeIn\">habr\u00eda <\/span><span class=\"BZ_Pyq_fadeIn\">ingresado <\/span><span class=\"BZ_Pyq_fadeIn\">al <\/span><span class=\"BZ_Pyq_fadeIn\">colegio <\/span><span class=\"BZ_Pyq_fadeIn\">acompa\u00f1ado <\/span><span class=\"BZ_Pyq_fadeIn\">por <\/span><span class=\"BZ_Pyq_fadeIn\">su <\/span><span class=\"BZ_Pyq_fadeIn\">padre.<\/span><\/p>\n<p data-start=\"1043\" data-end=\"1289\"><span class=\"BZ_Pyq_fadeIn\">El <\/span><span class=\"BZ_Pyq_fadeIn\">ataque <\/span><span class=\"BZ_Pyq_fadeIn\">ocurri\u00f3 <\/span><span class=\"BZ_Pyq_fadeIn\">en <\/span><span class=\"BZ_Pyq_fadeIn\">el <\/span><strong data-start=\"1067\" data-end=\"1087\"><span class=\"BZ_Pyq_fadeIn\">play\u00f3n <\/span><span class=\"BZ_Pyq_fadeIn\">deportivo<\/span><\/strong><span class=\"BZ_Pyq_fadeIn\">, <\/span><span class=\"BZ_Pyq_fadeIn\">donde <\/span><span class=\"BZ_Pyq_fadeIn\">el <\/span><span class=\"BZ_Pyq_fadeIn\">adolescente <\/span><span class=\"BZ_Pyq_fadeIn\">de <\/span><span class=\"BZ_Pyq_fadeIn\">13 <\/span><span class=\"BZ_Pyq_fadeIn\">a\u00f1os <\/span><strong data-start=\"1121\" data-end=\"1161\"><span class=\"BZ_Pyq_fadeIn\">recibi\u00f3 <\/span><span class=\"BZ_Pyq_fadeIn\">un <\/span><span class=\"BZ_Pyq_fadeIn\">fuerte <\/span><span class=\"BZ_Pyq_fadeIn\">golpe <\/span><span class=\"BZ_Pyq_fadeIn\">en <\/span><span class=\"BZ_Pyq_fadeIn\">el <\/span><span class=\"BZ_Pyq_fadeIn\">rostro<\/span><\/strong><span class=\"BZ_Pyq_fadeIn\">. <\/span><span class=\"BZ_Pyq_fadeIn\">Seg\u00fan <\/span><span class=\"BZ_Pyq_fadeIn\">relat\u00f3 <\/span><span class=\"BZ_Pyq_fadeIn\">su <\/span><span class=\"BZ_Pyq_fadeIn\">madre, <\/span><span class=\"BZ_Pyq_fadeIn\">adem\u00e1s <\/span><strong data-start=\"1193\" data-end=\"1239\"><span class=\"BZ_Pyq_fadeIn\">fue <\/span><span class=\"BZ_Pyq_fadeIn\">pateado <\/span><span class=\"BZ_Pyq_fadeIn\">en <\/span><span class=\"BZ_Pyq_fadeIn\">la <\/span><span class=\"BZ_Pyq_fadeIn\">cara <\/span><span class=\"BZ_Pyq_fadeIn\">y <\/span><span class=\"BZ_Pyq_fadeIn\">tomado <\/span><span class=\"BZ_Pyq_fadeIn\">del <\/span><span class=\"BZ_Pyq_fadeIn\">cuello<\/span><\/strong><span class=\"BZ_Pyq_fadeIn\">, <\/span><span class=\"BZ_Pyq_fadeIn\">lo <\/span><span class=\"BZ_Pyq_fadeIn\">que <\/span><span class=\"BZ_Pyq_fadeIn\">provoc\u00f3 <\/span><span class=\"BZ_Pyq_fadeIn\">que <\/span><strong data-start=\"1260\" data-end=\"1288\"><span class=\"BZ_Pyq_fadeIn\">perdiera <\/span><span class=\"BZ_Pyq_fadeIn\">el <\/span><span class=\"BZ_Pyq_fadeIn\">conocimiento<\/span><\/strong><span class=\"BZ_Pyq_fadeIn\">.<\/span><\/p>\n<p data-start=\"1291\" data-end=\"1367\"><span class=\"BZ_Pyq_fadeIn\">La <\/span><span class=\"BZ_Pyq_fadeIn\">agresi\u00f3n <\/span><span class=\"BZ_Pyq_fadeIn\">fue <\/span><span class=\"BZ_Pyq_fadeIn\">finalmente <\/span><span class=\"BZ_Pyq_fadeIn\">detenida <\/span><span class=\"BZ_Pyq_fadeIn\">gracias <\/span><span class=\"BZ_Pyq_fadeIn\">a <\/span><span class=\"BZ_Pyq_fadeIn\">la <\/span><span class=\"BZ_Pyq_fadeIn\">intervenci\u00f3n <\/span><span class=\"BZ_Pyq_fadeIn\">de <\/span><span class=\"BZ_Pyq_fadeIn\">un <\/span><span class=\"BZ_Pyq_fadeIn\">docente.<\/span><\/p>\n<h3 data-section-id=\"167529j\" data-start=\"1369\" data-end=\"1398\"><span style=\"color: #ff0000\"><span class=\"BZ_Pyq_fadeIn\">Internaci\u00f3n <\/span><span class=\"BZ_Pyq_fadeIn\">y <\/span><span class=\"BZ_Pyq_fadeIn\">diagn\u00f3stico<\/span><\/span><\/h3>\n<p data-start=\"1400\" data-end=\"1553\"><span class=\"BZ_Pyq_fadeIn\">Tras <\/span><span class=\"BZ_Pyq_fadeIn\">el <\/span><span class=\"BZ_Pyq_fadeIn\">ataque, <\/span><span class=\"BZ_Pyq_fadeIn\">el <\/span><span class=\"BZ_Pyq_fadeIn\">joven <\/span><span class=\"BZ_Pyq_fadeIn\">fue <\/span><span class=\"BZ_Pyq_fadeIn\">trasladado <\/span><span class=\"BZ_Pyq_fadeIn\">al <\/span><strong data-start=\"1443\" data-end=\"1464\"><span class=\"BZ_Pyq_fadeIn\">Hospital <\/span><span class=\"BZ_Pyq_fadeIn\">Saporiti<\/span><\/strong><span class=\"BZ_Pyq_fadeIn\">, <\/span><span class=\"BZ_Pyq_fadeIn\">donde <\/span><span class=\"BZ_Pyq_fadeIn\">los <\/span><span class=\"BZ_Pyq_fadeIn\">m\u00e9dicos <\/span><span class=\"BZ_Pyq_fadeIn\">diagnosticaron <\/span><strong data-start=\"1499\" data-end=\"1552\"><span class=\"BZ_Pyq_fadeIn\">fisura <\/span><span class=\"BZ_Pyq_fadeIn\">de <\/span><span class=\"BZ_Pyq_fadeIn\">tabique <\/span><span class=\"BZ_Pyq_fadeIn\">y <\/span><span class=\"BZ_Pyq_fadeIn\">traumatismo <\/span><span class=\"BZ_Pyq_fadeIn\">enc\u00e9falo <\/span><span class=\"BZ_Pyq_fadeIn\">craneano<\/span><\/strong><span class=\"BZ_Pyq_fadeIn\">.<\/span><\/p>\n<p data-start=\"1555\" data-end=\"1812\"><span class=\"BZ_Pyq_fadeIn\">Debido <\/span><span class=\"BZ_Pyq_fadeIn\">a <\/span><span class=\"BZ_Pyq_fadeIn\">la <\/span><span class=\"BZ_Pyq_fadeIn\">gravedad <\/span><span class=\"BZ_Pyq_fadeIn\">del <\/span><span class=\"BZ_Pyq_fadeIn\">cuadro, <\/span><span class=\"BZ_Pyq_fadeIn\">posteriormente <\/span><span class=\"BZ_Pyq_fadeIn\">fue <\/span><span class=\"BZ_Pyq_fadeIn\">derivado <\/span><span class=\"BZ_Pyq_fadeIn\">al <\/span><strong data-start=\"1619\" data-end=\"1657\"><span class=\"BZ_Pyq_fadeIn\">Hospital <\/span><span class=\"BZ_Pyq_fadeIn\">Pedi\u00e1trico <\/span><span class=\"BZ_Pyq_fadeIn\">Humberto <\/span><span class=\"BZ_Pyq_fadeIn\">Notti<\/span><\/strong><span class=\"BZ_Pyq_fadeIn\">, <\/span><span class=\"BZ_Pyq_fadeIn\">donde <\/span><strong data-start=\"1665\" data-end=\"1703\"><span class=\"BZ_Pyq_fadeIn\">permanece <\/span><span class=\"BZ_Pyq_fadeIn\">internado <\/span><span class=\"BZ_Pyq_fadeIn\">en <\/span><span class=\"BZ_Pyq_fadeIn\">observaci\u00f3n<\/span><\/strong><span class=\"BZ_Pyq_fadeIn\">. <\/span><span class=\"BZ_Pyq_fadeIn\">Seg\u00fan <\/span><span class=\"BZ_Pyq_fadeIn\">fuentes <\/span><span class=\"BZ_Pyq_fadeIn\">m\u00e9dicas, <\/span><span class=\"BZ_Pyq_fadeIn\">tambi\u00e9n <\/span><span class=\"BZ_Pyq_fadeIn\">sufri\u00f3 <\/span><strong data-start=\"1743\" data-end=\"1776\"><span class=\"BZ_Pyq_fadeIn\">una <\/span><span class=\"BZ_Pyq_fadeIn\">fuerte <\/span><span class=\"BZ_Pyq_fadeIn\">crisis <\/span><span class=\"BZ_Pyq_fadeIn\">de <\/span><span class=\"BZ_Pyq_fadeIn\">angustia<\/span><\/strong> <span class=\"BZ_Pyq_fadeIn\">por <\/span><span class=\"BZ_Pyq_fadeIn\">el <\/span><span class=\"BZ_Pyq_fadeIn\">impacto <\/span><span class=\"BZ_Pyq_fadeIn\">emocional <\/span><span class=\"BZ_Pyq_fadeIn\">del <\/span><span class=\"BZ_Pyq_fadeIn\">hecho.<\/span><\/p>\n<h3 data-section-id=\"lgo8zh\" data-start=\"1814\" data-end=\"1840\"><span style=\"color: #ff0000\"><span class=\"BZ_Pyq_fadeIn\">Cr\u00edticas <\/span><span class=\"BZ_Pyq_fadeIn\">de <\/span><span class=\"BZ_Pyq_fadeIn\">la <\/span><span class=\"BZ_Pyq_fadeIn\">familia<\/span><\/span><\/h3>\n<p data-start=\"1842\" data-end=\"1993\"><span class=\"BZ_Pyq_fadeIn\">La <\/span><span class=\"BZ_Pyq_fadeIn\">familia <\/span><span class=\"BZ_Pyq_fadeIn\">del <\/span><span class=\"BZ_Pyq_fadeIn\">menor <\/span><span class=\"BZ_Pyq_fadeIn\">cuestion\u00f3 <\/span><span class=\"BZ_Pyq_fadeIn\">el <\/span><span class=\"BZ_Pyq_fadeIn\">accionar <\/span><span class=\"BZ_Pyq_fadeIn\">de <\/span><span class=\"BZ_Pyq_fadeIn\">las <\/span><span class=\"BZ_Pyq_fadeIn\">autoridades <\/span><span class=\"BZ_Pyq_fadeIn\">escolares, <\/span><span class=\"BZ_Pyq_fadeIn\">se\u00f1alando <\/span><span class=\"BZ_Pyq_fadeIn\">que <\/span><strong data-start=\"1929\" data-end=\"1975\"><span class=\"BZ_Pyq_fadeIn\">no <\/span><span class=\"BZ_Pyq_fadeIn\">se <\/span><span class=\"BZ_Pyq_fadeIn\">solicit\u00f3 <\/span><span class=\"BZ_Pyq_fadeIn\">una <\/span><span class=\"BZ_Pyq_fadeIn\">ambulancia <\/span><span class=\"BZ_Pyq_fadeIn\">de <\/span><span class=\"BZ_Pyq_fadeIn\">inmediato<\/span><\/strong> <span class=\"BZ_Pyq_fadeIn\">tras <\/span><span class=\"BZ_Pyq_fadeIn\">la <\/span><span class=\"BZ_Pyq_fadeIn\">agresi\u00f3n.<\/span><\/p>\n<p data-start=\"1995\" data-end=\"2230\"><span class=\"BZ_Pyq_fadeIn\">\u201c<\/span><span class=\"BZ_Pyq_fadeIn\">La <\/span><span class=\"BZ_Pyq_fadeIn\">directora <\/span><span class=\"BZ_Pyq_fadeIn\">me <\/span><span class=\"BZ_Pyq_fadeIn\">dijo <\/span><span class=\"BZ_Pyq_fadeIn\">que <\/span><span class=\"BZ_Pyq_fadeIn\">la <\/span><span class=\"BZ_Pyq_fadeIn\">ambulancia <\/span><span class=\"BZ_Pyq_fadeIn\">no <\/span><span class=\"BZ_Pyq_fadeIn\">iba <\/span><span class=\"BZ_Pyq_fadeIn\">a <\/span><span class=\"BZ_Pyq_fadeIn\">venir <\/span><span class=\"BZ_Pyq_fadeIn\">porque <\/span><span class=\"BZ_Pyq_fadeIn\">mi <\/span><span class=\"BZ_Pyq_fadeIn\">hijo \u2018<\/span><span class=\"BZ_Pyq_fadeIn\">solo <\/span><span class=\"BZ_Pyq_fadeIn\">perdi\u00f3 <\/span><span class=\"BZ_Pyq_fadeIn\">el <\/span><span class=\"BZ_Pyq_fadeIn\">conocimiento <\/span><span class=\"BZ_Pyq_fadeIn\">un <\/span><span class=\"BZ_Pyq_fadeIn\">rato\u2019 <\/span><span class=\"BZ_Pyq_fadeIn\">y <\/span><span class=\"BZ_Pyq_fadeIn\">que <\/span><span class=\"BZ_Pyq_fadeIn\">no <\/span><span class=\"BZ_Pyq_fadeIn\">era <\/span><span class=\"BZ_Pyq_fadeIn\">algo <\/span><span class=\"BZ_Pyq_fadeIn\">grave\u201d, <\/span><span class=\"BZ_Pyq_fadeIn\">denunci\u00f3 <\/span><span class=\"BZ_Pyq_fadeIn\">la <\/span><span class=\"BZ_Pyq_fadeIn\">madre, <\/span><span class=\"BZ_Pyq_fadeIn\">quien <\/span><span class=\"BZ_Pyq_fadeIn\">remarc\u00f3 <\/span><span class=\"BZ_Pyq_fadeIn\">que <\/span><span class=\"BZ_Pyq_fadeIn\">su <\/span><span class=\"BZ_Pyq_fadeIn\">hijo <\/span><strong data-start=\"2174\" data-end=\"2229\"><span class=\"BZ_Pyq_fadeIn\">presenta <\/span><span class=\"BZ_Pyq_fadeIn\">fractura <\/span><span class=\"BZ_Pyq_fadeIn\">de <\/span><span class=\"BZ_Pyq_fadeIn\">nariz <\/span><span class=\"BZ_Pyq_fadeIn\">y <\/span><span class=\"BZ_Pyq_fadeIn\">hematomas <\/span><span class=\"BZ_Pyq_fadeIn\">en <\/span><span class=\"BZ_Pyq_fadeIn\">la <\/span><span class=\"BZ_Pyq_fadeIn\">cabeza<\/span><\/strong><span class=\"BZ_Pyq_fadeIn\">.<\/span><\/p>\n<h3 data-section-id=\"e29haw\" data-start=\"2232\" data-end=\"2269\"><span style=\"color: #ff0000\"><span class=\"BZ_Pyq_fadeIn\">Intervenci\u00f3n <\/span><span class=\"BZ_Pyq_fadeIn\">educativa <\/span><span class=\"BZ_Pyq_fadeIn\">y <\/span><span class=\"BZ_Pyq_fadeIn\">judicial<\/span><\/span><\/h3>\n<p data-start=\"2271\" data-end=\"2505\"><span class=\"BZ_Pyq_fadeIn\">Ante <\/span><span class=\"BZ_Pyq_fadeIn\">la <\/span><span class=\"BZ_Pyq_fadeIn\">gravedad <\/span><span class=\"BZ_Pyq_fadeIn\">del <\/span><span class=\"BZ_Pyq_fadeIn\">caso, <\/span><span class=\"BZ_Pyq_fadeIn\">la <\/span><strong data-start=\"2301\" data-end=\"2342\"><span class=\"hover:entity-accent entity-underline inline cursor-pointer align-baseline\"><span class=\"whitespace-normal\">Direcci\u00f3n General de Escuelas de Mendoza<\/span><\/span><\/strong><span class=\"BZ_Pyq_fadeIn\">, <\/span><span class=\"BZ_Pyq_fadeIn\">a <\/span><span class=\"BZ_Pyq_fadeIn\">trav\u00e9s <\/span><span class=\"BZ_Pyq_fadeIn\">de <\/span><span class=\"BZ_Pyq_fadeIn\">la <\/span><strong data-start=\"2359\" data-end=\"2400\"><span class=\"hover:entity-accent entity-underline inline cursor-pointer align-baseline\"><span class=\"whitespace-normal\">Direcci\u00f3n de Acompa\u00f1amiento Escolar<\/span><\/span><\/strong><span class=\"BZ_Pyq_fadeIn\">, <\/span><span class=\"BZ_Pyq_fadeIn\">intervino <\/span><span class=\"BZ_Pyq_fadeIn\">en <\/span><span class=\"BZ_Pyq_fadeIn\">el <\/span><span class=\"BZ_Pyq_fadeIn\">establecimiento <\/span><span class=\"BZ_Pyq_fadeIn\">con <\/span><span class=\"BZ_Pyq_fadeIn\">actividades <\/span><span class=\"BZ_Pyq_fadeIn\">destinadas <\/span><span class=\"BZ_Pyq_fadeIn\">a <\/span><span class=\"BZ_Pyq_fadeIn\">los <\/span><span class=\"BZ_Pyq_fadeIn\">estudiantes <\/span><span class=\"BZ_Pyq_fadeIn\">que <\/span><span class=\"BZ_Pyq_fadeIn\">presenciaron <\/span><span class=\"BZ_Pyq_fadeIn\">la <\/span><span class=\"BZ_Pyq_fadeIn\">pelea.<\/span><\/p>\n<p data-start=\"2507\" data-end=\"2716\"><span class=\"BZ_Pyq_fadeIn\">Adem\u00e1s, <\/span><span class=\"BZ_Pyq_fadeIn\">el <\/span><strong data-start=\"2518\" data-end=\"2552\"><span class=\"BZ_Pyq_fadeIn\">Consejo <\/span><span class=\"BZ_Pyq_fadeIn\">de <\/span><span class=\"BZ_Pyq_fadeIn\">Convivencia <\/span><span class=\"BZ_Pyq_fadeIn\">Escolar<\/span><\/strong> <span class=\"BZ_Pyq_fadeIn\">se <\/span><span class=\"BZ_Pyq_fadeIn\">reuni\u00f3 <\/span><span class=\"BZ_Pyq_fadeIn\">para <\/span><span class=\"BZ_Pyq_fadeIn\">evaluar <\/span><strong data-start=\"2576\" data-end=\"2598\"><span class=\"BZ_Pyq_fadeIn\">posibles <\/span><span class=\"BZ_Pyq_fadeIn\">sanciones<\/span><\/strong><span class=\"BZ_Pyq_fadeIn\">, <\/span><span class=\"BZ_Pyq_fadeIn\">mientras <\/span><span class=\"BZ_Pyq_fadeIn\">que <\/span><span class=\"BZ_Pyq_fadeIn\">el <\/span><span class=\"BZ_Pyq_fadeIn\">caso <\/span><span class=\"BZ_Pyq_fadeIn\">ya <\/span><span class=\"BZ_Pyq_fadeIn\">cuenta <\/span><span class=\"BZ_Pyq_fadeIn\">con <\/span><span class=\"BZ_Pyq_fadeIn\">la <\/span><strong data-start=\"2638\" data-end=\"2715\"><span class=\"BZ_Pyq_fadeIn\">intervenci\u00f3n <\/span><span class=\"BZ_Pyq_fadeIn\">de <\/span><span class=\"BZ_Pyq_fadeIn\">la <\/span><span class=\"BZ_Pyq_fadeIn\">Justicia <\/span><span class=\"BZ_Pyq_fadeIn\">y <\/span><span class=\"BZ_Pyq_fadeIn\">del <\/span><span class=\"BZ_Pyq_fadeIn\">Equipo <\/span><span class=\"BZ_Pyq_fadeIn\">T\u00e9cnico <\/span><span class=\"BZ_Pyq_fadeIn\">Interdisciplinario (<\/span><span class=\"BZ_Pyq_fadeIn\">ETI)<\/span><\/strong><span class=\"BZ_Pyq_fadeIn\">.<\/span><\/p>\n<p data-start=\"2718\" data-end=\"2953\" data-is-only-node=\"\"><span class=\"BZ_Pyq_fadeIn\">La <\/span><span class=\"BZ_Pyq_fadeIn\">comunidad <\/span><span class=\"BZ_Pyq_fadeIn\">educativa <\/span><span class=\"BZ_Pyq_fadeIn\">de <\/span><strong data-start=\"2744\" data-end=\"2785\"><span class=\"hover:entity-accent entity-underline inline cursor-pointer align-baseline\"><span class=\"whitespace-normal\">Rivadavia<\/span><\/span><\/strong> <span class=\"BZ_Pyq_fadeIn\">contin\u00faa <\/span><span class=\"BZ_Pyq_fadeIn\">conmocionada, <\/span><span class=\"BZ_Pyq_fadeIn\">mientras <\/span><span class=\"BZ_Pyq_fadeIn\">la <\/span><span class=\"BZ_Pyq_fadeIn\">atenci\u00f3n <\/span><span class=\"BZ_Pyq_fadeIn\">permanece <\/span><span class=\"BZ_Pyq_fadeIn\">centrada <\/span><strong data-start=\"2849\" data-end=\"2952\"><span class=\"BZ_Pyq_fadeIn\">en <\/span><span class=\"BZ_Pyq_fadeIn\">la <\/span><span class=\"BZ_Pyq_fadeIn\">recuperaci\u00f3n <\/span><span class=\"BZ_Pyq_fadeIn\">del <\/span><span class=\"BZ_Pyq_fadeIn\">adolescente <\/span><span class=\"BZ_Pyq_fadeIn\">y <\/span><span class=\"BZ_Pyq_fadeIn\">en <\/span><span class=\"BZ_Pyq_fadeIn\">las <\/span><span class=\"BZ_Pyq_fadeIn\">decisiones <\/span><span class=\"BZ_Pyq_fadeIn\">que <\/span><span class=\"BZ_Pyq_fadeIn\">adopten <\/span><span class=\"BZ_Pyq_fadeIn\">las <\/span><span class=\"BZ_Pyq_fadeIn\">autoridades <\/span><span class=\"BZ_Pyq_fadeIn\">sobre <\/span><span class=\"BZ_Pyq_fadeIn\">el <\/span><span class=\"BZ_Pyq_fadeIn\">agresor<\/span><\/strong><span class=\"BZ_Pyq_fadeIn\">.<\/span><\/p>\n","protected":false},"excerpt":{"rendered":"<div class=\"mh-excerpt\"><p>El adolescente sufri\u00f3 fractura de tabique y p\u00e9rdida de conocimiento tras ser atacado por el hermano de otro estudiante dentro del establecimiento. El caso gener\u00f3 fuerte conmoci\u00f3n en la comunidad educativa. 16 de marzo de <a class=\"mh-excerpt-more\" href=\"https:\/\/larevistadigital.com.ar\/blog\/violenta-agresion-en-una-escuela-un-alumno-de-13-anos-termino-hospitalizado-tras-ser-atacado-por-el-hermano-de-un-companero\/\" title=\"Violenta agresi\u00f3n en una escuela: un alumno de 13 a\u00f1os termin\u00f3 hospitalizado tras ser atacado por el hermano de un compa\u00f1ero\">[Leer M\u00e1s]<\/a><\/p>\n<\/div>","protected":false},"author":3,"featured_media":44546,"comment_status":"open","ping_status":"open","sticky":false,"template":"","format":"standard","meta":{"_jetpack_memberships_contains_paid_content":false,"footnotes":"","jetpack_publicize_message":"","jetpack_publicize_feature_enabled":true,"jetpack_social_post_already_shared":true,"jetpack_social_options":{"image_generator_settings":{"template":"highway","default_image_id":0,"font":"","enabled":false},"version":2}},"categories":[50,44],"tags":[],"class_list":{"0":"post-44545","1":"post","2":"type-post","3":"status-publish","4":"format-standard","5":"has-post-thumbnail","7":"category-interes-general","8":"category-policiales"},"jetpack_publicize_connections":[],"jetpack_featured_media_url":"https:\/\/i0.wp.com\/larevistadigital.com.ar\/blog\/wp-content\/uploads\/Captura-de-pantalla-2026-03-16-231934.jpg?fit=912%2C446&ssl=1","jetpack_sharing_enabled":true,"jetpack_shortlink":"https:\/\/wp.me\/p8qtrQ-bAt","jetpack-related-posts":[{"id":15355,"url":"https:\/\/larevistadigital.com.ar\/blog\/pintor-es-ferozmente-atacado-a-fierrazos-por-su-hermano-y-dos-mujeres\/","url_meta":{"origin":44545,"position":0},"title":"PINTOR ES FEROZMENTE ATACADO A FIERRAZOS POR SU HERMANO Y DOS MUJERES","author":"Alejandro Sosa Ruda","date":"26 mayo, 2020","format":false,"excerpt":"Un pintor de 34 a\u00f1os result\u00f3 con lesiones graves anoche en Villa Elisa cuando, en presencia de los polic\u00edas que llegaron al lugar por un conflicto familiar, fue atacado con un ca\u00f1o de una pileta por uno de sus hermanos, ayudado por dos mujeres. El violento caso se produjo en\u2026","rel":"","context":"En \u00abPOLICIALES\u00bb","block_context":{"text":"POLICIALES","link":"https:\/\/larevistadigital.com.ar\/blog\/category\/policiales\/"},"img":{"alt_text":"","src":"https:\/\/i0.wp.com\/larevistadigital.com.ar\/blog\/wp-content\/uploads\/nueva-ambulancia-hospital-bariloche.jpg?fit=915%2C608&ssl=1&resize=350%2C200","width":350,"height":200,"srcset":"https:\/\/i0.wp.com\/larevistadigital.com.ar\/blog\/wp-content\/uploads\/nueva-ambulancia-hospital-bariloche.jpg?fit=915%2C608&ssl=1&resize=350%2C200 1x, https:\/\/i0.wp.com\/larevistadigital.com.ar\/blog\/wp-content\/uploads\/nueva-ambulancia-hospital-bariloche.jpg?fit=915%2C608&ssl=1&resize=525%2C300 1.5x, https:\/\/i0.wp.com\/larevistadigital.com.ar\/blog\/wp-content\/uploads\/nueva-ambulancia-hospital-bariloche.jpg?fit=915%2C608&ssl=1&resize=700%2C400 2x"},"classes":[]},{"id":11381,"url":"https:\/\/larevistadigital.com.ar\/blog\/murio-atacado-por-una-jauria\/","url_meta":{"origin":44545,"position":1},"title":"MURI\u00d3 ATACADO POR UNA JAUR\u00cdA","author":"Alejandro Sosa Ruda","date":"20 julio, 2019","format":false,"excerpt":"Ocurri\u00f3 esta madrugada, cuando un joven de 37 a\u00f1os fue atacado por varios canes. Sufri\u00f3 heridas de gravedad de y fue trasladado al HIGA, donde falleci\u00f3 esta ma\u00f1ana. Un hombre de 37 a\u00f1os falleci\u00f3 esta ma\u00f1ana en el Hospital Interzonal General de Agudos (HIGA) como consecuencia de las heridas que\u2026","rel":"","context":"En \u00abREGIONALES\u00bb","block_context":{"text":"REGIONALES","link":"https:\/\/larevistadigital.com.ar\/blog\/category\/regionales\/"},"img":{"alt_text":"","src":"https:\/\/i0.wp.com\/larevistadigital.com.ar\/blog\/wp-content\/uploads\/MIRAMAR-PITBULLS-1024x576.jpg?fit=1024%2C576&ssl=1&resize=350%2C200","width":350,"height":200,"srcset":"https:\/\/i0.wp.com\/larevistadigital.com.ar\/blog\/wp-content\/uploads\/MIRAMAR-PITBULLS-1024x576.jpg?fit=1024%2C576&ssl=1&resize=350%2C200 1x, https:\/\/i0.wp.com\/larevistadigital.com.ar\/blog\/wp-content\/uploads\/MIRAMAR-PITBULLS-1024x576.jpg?fit=1024%2C576&ssl=1&resize=525%2C300 1.5x, https:\/\/i0.wp.com\/larevistadigital.com.ar\/blog\/wp-content\/uploads\/MIRAMAR-PITBULLS-1024x576.jpg?fit=1024%2C576&ssl=1&resize=700%2C400 2x"},"classes":[]},{"id":41431,"url":"https:\/\/larevistadigital.com.ar\/blog\/violenta-golpiza-en-dolores-un-joven-de-24-anos-fue-atacado-por-una-patota-y-hay-un-detenido\/","url_meta":{"origin":44545,"position":2},"title":"Violenta golpiza en Dolores: un joven de 24 a\u00f1os fue atacado por una patota y hay un detenido","author":"Alejandro Sosa Ruda","date":"12 septiembre, 2025","format":false,"excerpt":"El joven, de 24 a\u00f1os, fue brutalmente agredido con palos y piedras por un grupo de al menos cinco personas cerca del Colegio Normal. Tras ser operado de urgencia, evoluciona favorablemente. Un menor fue detenido y la Justicia investiga a los dem\u00e1s implicados. 12 de septiembre de 2025 DOLORES -\u00a0\u2026","rel":"","context":"En \u00abDOLORES\u00bb","block_context":{"text":"DOLORES","link":"https:\/\/larevistadigital.com.ar\/blog\/category\/dolores\/"},"img":{"alt_text":"","src":"https:\/\/i0.wp.com\/larevistadigital.com.ar\/blog\/wp-content\/uploads\/Screenshot_1-121.jpg?fit=1007%2C565&ssl=1&resize=350%2C200","width":350,"height":200,"srcset":"https:\/\/i0.wp.com\/larevistadigital.com.ar\/blog\/wp-content\/uploads\/Screenshot_1-121.jpg?fit=1007%2C565&ssl=1&resize=350%2C200 1x, https:\/\/i0.wp.com\/larevistadigital.com.ar\/blog\/wp-content\/uploads\/Screenshot_1-121.jpg?fit=1007%2C565&ssl=1&resize=525%2C300 1.5x, https:\/\/i0.wp.com\/larevistadigital.com.ar\/blog\/wp-content\/uploads\/Screenshot_1-121.jpg?fit=1007%2C565&ssl=1&resize=700%2C400 2x"},"classes":[]},{"id":33054,"url":"https:\/\/larevistadigital.com.ar\/blog\/la-plata-una-joven-fue-salvajemente-atacado-por-tres-perros-pitbull\/","url_meta":{"origin":44545,"position":3},"title":"LA PLATA: UNA JOVEN FUE SALVAJEMENTE ATACADO POR TRES PERROS P\u00cdTBULL","author":"Alejandro Sosa Ruda","date":"27 agosto, 2023","format":false,"excerpt":"La v\u00edctima debi\u00f3 ser asistida por personal del SAME. La joven herida est\u00e1 fuera de peligro, aunque tiene heridas en diferentes partes de su cuerpo. 27 de agosto de 2023 LA PLATA -\u00a0 Una joven de 19 a\u00f1os fue v\u00edctima este s\u00e1bado al mediod\u00eda de un salvaje ataque por parte\u2026","rel":"","context":"En \u00abREGIONALES\u00bb","block_context":{"text":"REGIONALES","link":"https:\/\/larevistadigital.com.ar\/blog\/category\/regionales\/"},"img":{"alt_text":"","src":"https:\/\/i0.wp.com\/larevistadigital.com.ar\/blog\/wp-content\/uploads\/20230826175533_pitbull.jpg?fit=880%2C512&ssl=1&resize=350%2C200","width":350,"height":200,"srcset":"https:\/\/i0.wp.com\/larevistadigital.com.ar\/blog\/wp-content\/uploads\/20230826175533_pitbull.jpg?fit=880%2C512&ssl=1&resize=350%2C200 1x, https:\/\/i0.wp.com\/larevistadigital.com.ar\/blog\/wp-content\/uploads\/20230826175533_pitbull.jpg?fit=880%2C512&ssl=1&resize=525%2C300 1.5x, https:\/\/i0.wp.com\/larevistadigital.com.ar\/blog\/wp-content\/uploads\/20230826175533_pitbull.jpg?fit=880%2C512&ssl=1&resize=700%2C400 2x"},"classes":[]},{"id":9724,"url":"https:\/\/larevistadigital.com.ar\/blog\/un-hombre-murio-atacado-por-un-ave-enorme-que-era-su-mascota\/","url_meta":{"origin":44545,"position":4},"title":"UN HOMBRE MURI\u00d3 ATACADO POR UN AVE ENORME QUE ERA SU MASCOTA","author":"Alejandro Sosa Ruda","date":"15 abril, 2019","format":false,"excerpt":"Un casuario, un ex\u00f3tico p\u00e1jaro gigante originario de Australia y Nueva Gu\u00ednea, asesin\u00f3 a un hombre de 75 a\u00f1os que lo alojaba en su granja de Florida, Estados Unidos. El ave, considerada una de las m\u00e1s letales del mundo por sus poderosas garras, se sinti\u00f3 intimidado por el hombre que\u2026","rel":"","context":"En \u00abCURIOSAS\u00bb","block_context":{"text":"CURIOSAS","link":"https:\/\/larevistadigital.com.ar\/blog\/category\/curiosas\/"},"img":{"alt_text":"","src":"https:\/\/i0.wp.com\/larevistadigital.com.ar\/blog\/wp-content\/uploads\/2019\/04\/Aves-curiosas-el-Casuario-de-Ceram-1.jpg?fit=1080%2C1080&ssl=1&resize=350%2C200","width":350,"height":200,"srcset":"https:\/\/i0.wp.com\/larevistadigital.com.ar\/blog\/wp-content\/uploads\/2019\/04\/Aves-curiosas-el-Casuario-de-Ceram-1.jpg?fit=1080%2C1080&ssl=1&resize=350%2C200 1x, https:\/\/i0.wp.com\/larevistadigital.com.ar\/blog\/wp-content\/uploads\/2019\/04\/Aves-curiosas-el-Casuario-de-Ceram-1.jpg?fit=1080%2C1080&ssl=1&resize=525%2C300 1.5x, https:\/\/i0.wp.com\/larevistadigital.com.ar\/blog\/wp-content\/uploads\/2019\/04\/Aves-curiosas-el-Casuario-de-Ceram-1.jpg?fit=1080%2C1080&ssl=1&resize=700%2C400 2x, https:\/\/i0.wp.com\/larevistadigital.com.ar\/blog\/wp-content\/uploads\/2019\/04\/Aves-curiosas-el-Casuario-de-Ceram-1.jpg?fit=1080%2C1080&ssl=1&resize=1050%2C600 3x"},"classes":[]},{"id":25882,"url":"https:\/\/larevistadigital.com.ar\/blog\/advierten-presencia-de-pumas-en-la-zona-rural-entre-arrecifes-y-capitan-sarmiento-como-evitar-ser-atacado\/","url_meta":{"origin":44545,"position":5},"title":"ADVIERTEN PRESENCIA DE PUMAS EN LA ZONA RURAL ENTRE ARRECIFES Y CAPITAN SARMIENTO (C\u00d3MO EVITAR SER ATACADO)","author":"Alejandro Sosa Ruda","date":"13 junio, 2022","format":false,"excerpt":"Seg\u00fan inform\u00f3 la Secretar\u00eda de Seguridad de la Municipalidad de Arrecifes, se pudo constatar en la zona rural de Capit\u00e1n Sarmiento, lindante con el partido de Arrecifes, la presencia de una \u201cespecie animal conocida como puma\u201d. De acuerdo con lo informado por la Secretar\u00eda de Seguridad de la Municipalidad de\u2026","rel":"","context":"En \u00abREGIONALES\u00bb","block_context":{"text":"REGIONALES","link":"https:\/\/larevistadigital.com.ar\/blog\/category\/regionales\/"},"img":{"alt_text":"","src":"https:\/\/i0.wp.com\/larevistadigital.com.ar\/blog\/wp-content\/uploads\/20220613121452_puma-arrecifes.jpg?fit=880%2C512&ssl=1&resize=350%2C200","width":350,"height":200,"srcset":"https:\/\/i0.wp.com\/larevistadigital.com.ar\/blog\/wp-content\/uploads\/20220613121452_puma-arrecifes.jpg?fit=880%2C512&ssl=1&resize=350%2C200 1x, https:\/\/i0.wp.com\/larevistadigital.com.ar\/blog\/wp-content\/uploads\/20220613121452_puma-arrecifes.jpg?fit=880%2C512&ssl=1&resize=525%2C300 1.5x, https:\/\/i0.wp.com\/larevistadigital.com.ar\/blog\/wp-content\/uploads\/20220613121452_puma-arrecifes.jpg?fit=880%2C512&ssl=1&resize=700%2C400 2x"},"classes":[]}],"_links":{"self":[{"href":"https:\/\/larevistadigital.com.ar\/blog\/wp-json\/wp\/v2\/posts\/44545","targetHints":{"allow":["GET"]}}],"collection":[{"href":"https:\/\/larevistadigital.com.ar\/blog\/wp-json\/wp\/v2\/posts"}],"about":[{"href":"https:\/\/larevistadigital.com.ar\/blog\/wp-json\/wp\/v2\/types\/post"}],"author":[{"embeddable":true,"href":"https:\/\/larevistadigital.com.ar\/blog\/wp-json\/wp\/v2\/users\/3"}],"replies":[{"embeddable":true,"href":"https:\/\/larevistadigital.com.ar\/blog\/wp-json\/wp\/v2\/comments?post=44545"}],"version-history":[{"count":1,"href":"https:\/\/larevistadigital.com.ar\/blog\/wp-json\/wp\/v2\/posts\/44545\/revisions"}],"predecessor-version":[{"id":44547,"href":"https:\/\/larevistadigital.com.ar\/blog\/wp-json\/wp\/v2\/posts\/44545\/revisions\/44547"}],"wp:featuredmedia":[{"embeddable":true,"href":"https:\/\/larevistadigital.com.ar\/blog\/wp-json\/wp\/v2\/media\/44546"}],"wp:attachment":[{"href":"https:\/\/larevistadigital.com.ar\/blog\/wp-json\/wp\/v2\/media?parent=44545"}],"wp:term":[{"taxonomy":"category","embeddable":true,"href":"https:\/\/larevistadigital.com.ar\/blog\/wp-json\/wp\/v2\/categories?post=44545"},{"taxonomy":"post_tag","embeddable":true,"href":"https:\/\/larevistadigital.com.ar\/blog\/wp-json\/wp\/v2\/tags?post=44545"}],"curies":[{"name":"wp","href":"https:\/\/api.w.org\/{rel}","templated":true}]}}