{"id":44664,"date":"2026-03-23T01:57:39","date_gmt":"2026-03-23T04:57:39","guid":{"rendered":"https:\/\/larevistadigital.com.ar\/blog\/?p=44664"},"modified":"2026-03-23T01:57:39","modified_gmt":"2026-03-23T04:57:39","slug":"tragedia-en-la-ruta-murieron-un-joven-de-24-anos-y-un-bebe-tras-un-violento-choque-contra-un-arbol","status":"publish","type":"post","link":"https:\/\/larevistadigital.com.ar\/blog\/tragedia-en-la-ruta-murieron-un-joven-de-24-anos-y-un-bebe-tras-un-violento-choque-contra-un-arbol\/","title":{"rendered":"Tragedia en la Ruta: murieron un joven de 24 a\u00f1os y un beb\u00e9 tras un violento choque contra un \u00e1rbol"},"content":{"rendered":"<h3 data-start=\"108\" data-end=\"241\"><em data-start=\"108\" data-end=\"241\">El siniestro ocurri\u00f3 en la madrugada del domingo entre Pinamar y General Madariaga en la ruta 74. Una mujer result\u00f3 herida y permanece internada.<\/em><\/h3>\n<p>23 de Marzo de 2026<\/p>\n<p data-start=\"243\" data-end=\"438\"><strong>BUENOS AIRES &#8211;\u00a0<\/strong> \u00a0Un tr\u00e1gico siniestro vial sacudi\u00f3 las primeras horas de este domingo sobre la Ruta Provincial 74, a la altura del kil\u00f3metro 18, en el tramo que une las localidades de Pinamar y General Madariaga.<\/p>\n<blockquote>\n<h3 data-start=\"440\" data-end=\"641\">Por causas que a\u00fan se investigan, una camioneta Toyota Hilux perdi\u00f3 el control, se despist\u00f3 de la calzada y termin\u00f3 impactando de manera violenta contra un \u00e1rbol ubicado a varios metros de la banquina.<\/h3>\n<\/blockquote>\n<p data-start=\"643\" data-end=\"1004\">Como consecuencia del fuerte impacto, el conductor del veh\u00edculo, un joven de 24 a\u00f1os, falleci\u00f3 en el acto. En tanto, un beb\u00e9 de apenas un a\u00f1o fue trasladado de urgencia mientras personal de salud le practicaba maniobras de reanimaci\u00f3n, pero lamentablemente tambi\u00e9n se confirm\u00f3 su fallecimiento en el hospital local debido a la gravedad de las lesiones sufridas.<\/p>\n<blockquote>\n<h3 data-start=\"1006\" data-end=\"1136\">En el mismo veh\u00edculo viajaba adem\u00e1s una mujer de 31 a\u00f1os, quien result\u00f3 con heridas y permanece internada bajo observaci\u00f3n m\u00e9dica.<\/h3>\n<\/blockquote>\n<p data-start=\"1138\" data-end=\"1383\" data-is-last-node=\"\" data-is-only-node=\"\">En el lugar trabajaron efectivos policiales, personal del sistema de emergencias m\u00e9dicas y dotaciones de Bomberos Voluntarios, quienes llevaron adelante las tareas de asistencia y peritaje para determinar las circunstancias del tr\u00e1gico episodio.<\/p>\n<p data-start=\"1138\" data-end=\"1383\" data-is-last-node=\"\" data-is-only-node=\"\">fuente e imagen: entrel\u00edneas.info<\/p>\n","protected":false},"excerpt":{"rendered":"<div class=\"mh-excerpt\"><p>El siniestro ocurri\u00f3 en la madrugada del domingo entre Pinamar y General Madariaga en la ruta 74. Una mujer result\u00f3 herida y permanece internada. 23 de Marzo de 2026 BUENOS AIRES &#8211;\u00a0 \u00a0Un tr\u00e1gico siniestro <a class=\"mh-excerpt-more\" href=\"https:\/\/larevistadigital.com.ar\/blog\/tragedia-en-la-ruta-murieron-un-joven-de-24-anos-y-un-bebe-tras-un-violento-choque-contra-un-arbol\/\" title=\"Tragedia en la Ruta: murieron un joven de 24 a\u00f1os y un beb\u00e9 tras un violento choque contra un \u00e1rbol\">[Leer M\u00e1s]<\/a><\/p>\n<\/div>","protected":false},"author":3,"featured_media":44665,"comment_status":"open","ping_status":"open","sticky":false,"template":"","format":"standard","meta":{"_jetpack_memberships_contains_paid_content":false,"footnotes":"","jetpack_publicize_message":"","jetpack_publicize_feature_enabled":true,"jetpack_social_post_already_shared":true,"jetpack_social_options":{"image_generator_settings":{"template":"highway","default_image_id":0,"font":"","enabled":false},"version":2}},"categories":[44,51],"tags":[],"class_list":{"0":"post-44664","1":"post","2":"type-post","3":"status-publish","4":"format-standard","5":"has-post-thumbnail","7":"category-policiales","8":"category-regionales"},"jetpack_publicize_connections":[],"jetpack_featured_media_url":"https:\/\/i0.wp.com\/larevistadigital.com.ar\/blog\/wp-content\/uploads\/572bc15713ad6b420a3669d6a35f7680956bcf51.jpg?fit=937%2C900&ssl=1","jetpack_sharing_enabled":true,"jetpack_shortlink":"https:\/\/wp.me\/p8qtrQ-bCo","jetpack-related-posts":[{"id":42088,"url":"https:\/\/larevistadigital.com.ar\/blog\/violento-vuelco-en-la-ruta-74-un-hombre-fue-rescatado-por-los-bomberos-en-general-madariaga\/","url_meta":{"origin":44664,"position":0},"title":"Violento vuelco en la Ruta 74: un hombre fue rescatado por los bomberos en General Madariaga","author":"Alejandro Sosa Ruda","date":"19 octubre, 2025","format":false,"excerpt":"El accidente ocurri\u00f3 este s\u00e1bado a la altura del kil\u00f3metro 12, en direcci\u00f3n a Pinamar. El conductor del veh\u00edculo perdi\u00f3 el control y termin\u00f3 volcando. Fue trasladado al hospital con heridas. 19 de Octubre de 2025 BUENOS AIRES\u00a0 -\u00a0 \u00a0Un fuerte accidente de tr\u00e1nsito se registr\u00f3 este s\u00e1bado en el\u2026","rel":"","context":"En \u00abPOLICIALES\u00bb","block_context":{"text":"POLICIALES","link":"https:\/\/larevistadigital.com.ar\/blog\/category\/policiales\/"},"img":{"alt_text":"","src":"https:\/\/i0.wp.com\/larevistadigital.com.ar\/blog\/wp-content\/uploads\/70d730c690df241f6cecf68fe30a0e13dfa6a0ba.jpg?fit=900%2C900&ssl=1&resize=350%2C200","width":350,"height":200,"srcset":"https:\/\/i0.wp.com\/larevistadigital.com.ar\/blog\/wp-content\/uploads\/70d730c690df241f6cecf68fe30a0e13dfa6a0ba.jpg?fit=900%2C900&ssl=1&resize=350%2C200 1x, https:\/\/i0.wp.com\/larevistadigital.com.ar\/blog\/wp-content\/uploads\/70d730c690df241f6cecf68fe30a0e13dfa6a0ba.jpg?fit=900%2C900&ssl=1&resize=525%2C300 1.5x, https:\/\/i0.wp.com\/larevistadigital.com.ar\/blog\/wp-content\/uploads\/70d730c690df241f6cecf68fe30a0e13dfa6a0ba.jpg?fit=900%2C900&ssl=1&resize=700%2C400 2x"},"classes":[]},{"id":24270,"url":"https:\/\/larevistadigital.com.ar\/blog\/encuentran-a-joven-deambulando-en-la-ruta-74-buscan-familiares-amigos-o-alguien-que-lo-conzca\/","url_meta":{"origin":44664,"position":1},"title":"ENCUENTRAN A JOVEN DEAMBULANDO EN LA RUTA 74, BUSCAN FAMILIARES, AMIGOS O ALGUIEN QUE LO CONZCA","author":"Alejandro Sosa Ruda","date":"28 febrero, 2022","format":false,"excerpt":"El joven se encuentra asistido en el Hospital de General Madariaga. Los detalles. Un vecino de la zona public\u00f3 en sus redes sociales que vio deambulando a un joven por la Ruta 74. \u201cEstoy preocupado porque anda errante y le va a pasar algo. Alguien tiene que ayudarlo\u201d. Lo hab\u00eda\u2026","rel":"","context":"En \u00abINTERES GENERAL\u00bb","block_context":{"text":"INTERES GENERAL","link":"https:\/\/larevistadigital.com.ar\/blog\/category\/interes-general\/"},"img":{"alt_text":"","src":"https:\/\/i0.wp.com\/larevistadigital.com.ar\/blog\/wp-content\/uploads\/273496066_10228151024191718_4303906304072525901_n.jpg?fit=1080%2C615&ssl=1&resize=350%2C200","width":350,"height":200,"srcset":"https:\/\/i0.wp.com\/larevistadigital.com.ar\/blog\/wp-content\/uploads\/273496066_10228151024191718_4303906304072525901_n.jpg?fit=1080%2C615&ssl=1&resize=350%2C200 1x, https:\/\/i0.wp.com\/larevistadigital.com.ar\/blog\/wp-content\/uploads\/273496066_10228151024191718_4303906304072525901_n.jpg?fit=1080%2C615&ssl=1&resize=525%2C300 1.5x, https:\/\/i0.wp.com\/larevistadigital.com.ar\/blog\/wp-content\/uploads\/273496066_10228151024191718_4303906304072525901_n.jpg?fit=1080%2C615&ssl=1&resize=700%2C400 2x, https:\/\/i0.wp.com\/larevistadigital.com.ar\/blog\/wp-content\/uploads\/273496066_10228151024191718_4303906304072525901_n.jpg?fit=1080%2C615&ssl=1&resize=1050%2C600 3x"},"classes":[]},{"id":46231,"url":"https:\/\/larevistadigital.com.ar\/blog\/conmocion-en-la-ruta-hallaron-sin-vida-a-dos-jovenes-tras-despistar-y-caer-en-una-zanja\/","url_meta":{"origin":44664,"position":2},"title":"Conmoci\u00f3n en la Ruta: hallaron sin vida a dos j\u00f3venes tras despistar, y caer en una zanja","author":"Alejandro Sosa Ruda","date":"22 junio, 2026","format":false,"excerpt":"Las v\u00edctimas viajaban hacia Pinamar por la ruta 74 cuando, por causas que se investigan, el veh\u00edculo en el que se desplazaban termin\u00f3 fuera de la calzada. El auto qued\u00f3 parcialmente sumergido en una zanja y fue descubierto reci\u00e9n con las primeras luces del d\u00eda. 22 de junio de 2026\u2026","rel":"","context":"En \u00abPOLICIALES\u00bb","block_context":{"text":"POLICIALES","link":"https:\/\/larevistadigital.com.ar\/blog\/category\/policiales\/"},"img":{"alt_text":"","src":"https:\/\/i0.wp.com\/larevistadigital.com.ar\/blog\/wp-content\/uploads\/Accidente-ruta-zanja.jpg?fit=814%2C428&ssl=1&resize=350%2C200","width":350,"height":200,"srcset":"https:\/\/i0.wp.com\/larevistadigital.com.ar\/blog\/wp-content\/uploads\/Accidente-ruta-zanja.jpg?fit=814%2C428&ssl=1&resize=350%2C200 1x, https:\/\/i0.wp.com\/larevistadigital.com.ar\/blog\/wp-content\/uploads\/Accidente-ruta-zanja.jpg?fit=814%2C428&ssl=1&resize=525%2C300 1.5x, https:\/\/i0.wp.com\/larevistadigital.com.ar\/blog\/wp-content\/uploads\/Accidente-ruta-zanja.jpg?fit=814%2C428&ssl=1&resize=700%2C400 2x"},"classes":[]},{"id":46227,"url":"https:\/\/larevistadigital.com.ar\/blog\/vuelco-con-dos-jovenes-muertos-cerca-de-pinamar\/","url_meta":{"origin":44664,"position":3},"title":"Vuelco con dos jovenes muertos cerca de Pinamar","author":"Alejandro Sosa Ruda","date":"22 junio, 2026","format":false,"excerpt":"El fatal accidente ocurri\u00f3 durante las primeras horas de este domingo entre los kil\u00f3metros 10 y 11 de la Ruta Provincial 74. Las v\u00edctimas ser\u00edan dos j\u00f3venes oriundos de General Madariaga. 22 de Junio de 2026 BUENOS AIRES -\u00a0 \u00a0Un tr\u00e1gico accidente de tr\u00e1nsito se registr\u00f3 en las primeras horas\u2026","rel":"","context":"En \u00abPOLICIALES\u00bb","block_context":{"text":"POLICIALES","link":"https:\/\/larevistadigital.com.ar\/blog\/category\/policiales\/"},"img":{"alt_text":"","src":"https:\/\/i0.wp.com\/larevistadigital.com.ar\/blog\/wp-content\/uploads\/21906a38e07a7bf5c292406c9b06c13d8d86e0e7.jpg?fit=1140%2C641&ssl=1&resize=350%2C200","width":350,"height":200,"srcset":"https:\/\/i0.wp.com\/larevistadigital.com.ar\/blog\/wp-content\/uploads\/21906a38e07a7bf5c292406c9b06c13d8d86e0e7.jpg?fit=1140%2C641&ssl=1&resize=350%2C200 1x, https:\/\/i0.wp.com\/larevistadigital.com.ar\/blog\/wp-content\/uploads\/21906a38e07a7bf5c292406c9b06c13d8d86e0e7.jpg?fit=1140%2C641&ssl=1&resize=525%2C300 1.5x, https:\/\/i0.wp.com\/larevistadigital.com.ar\/blog\/wp-content\/uploads\/21906a38e07a7bf5c292406c9b06c13d8d86e0e7.jpg?fit=1140%2C641&ssl=1&resize=700%2C400 2x, https:\/\/i0.wp.com\/larevistadigital.com.ar\/blog\/wp-content\/uploads\/21906a38e07a7bf5c292406c9b06c13d8d86e0e7.jpg?fit=1140%2C641&ssl=1&resize=1050%2C600 3x"},"classes":[]},{"id":25309,"url":"https:\/\/larevistadigital.com.ar\/blog\/ruta-74-un-auto-circulo-de-contramano-de-magdalena-a-pinamar\/","url_meta":{"origin":44664,"position":4},"title":"RUTA 74&#8230;UN AUTO CIRCUL\u00d3 DE CONTRAMANO DE MAGDALENA A PINAMAR","author":"Alejandro Sosa Ruda","date":"1 mayo, 2022","format":false,"excerpt":"Circul\u00f3 30 kil\u00f3metros por la mano contraria y fue detenido. Esta ma\u00f1ana, automovilistas que circulaban por la Ruta 74 se sorprendieron y\u00a0filmaron a un VW Bora que iba en contramano. El veh\u00edculo\u00a0recorri\u00f3 todo el trayecto entre Madariaga y Pinamar por la mano contraria,\u00a0 poniendo en una situaci\u00f3n de peligro a\u2026","rel":"","context":"En \u00abINTERES GENERAL\u00bb","block_context":{"text":"INTERES GENERAL","link":"https:\/\/larevistadigital.com.ar\/blog\/category\/interes-general\/"},"img":{"alt_text":"","src":"https:\/\/i0.wp.com\/larevistadigital.com.ar\/blog\/wp-content\/uploads\/DB23DBEA-975F-4C10-A75C-C9B6980304AA.jpeg?fit=1140%2C636&ssl=1&resize=350%2C200","width":350,"height":200,"srcset":"https:\/\/i0.wp.com\/larevistadigital.com.ar\/blog\/wp-content\/uploads\/DB23DBEA-975F-4C10-A75C-C9B6980304AA.jpeg?fit=1140%2C636&ssl=1&resize=350%2C200 1x, https:\/\/i0.wp.com\/larevistadigital.com.ar\/blog\/wp-content\/uploads\/DB23DBEA-975F-4C10-A75C-C9B6980304AA.jpeg?fit=1140%2C636&ssl=1&resize=525%2C300 1.5x, https:\/\/i0.wp.com\/larevistadigital.com.ar\/blog\/wp-content\/uploads\/DB23DBEA-975F-4C10-A75C-C9B6980304AA.jpeg?fit=1140%2C636&ssl=1&resize=700%2C400 2x, https:\/\/i0.wp.com\/larevistadigital.com.ar\/blog\/wp-content\/uploads\/DB23DBEA-975F-4C10-A75C-C9B6980304AA.jpeg?fit=1140%2C636&ssl=1&resize=1050%2C600 3x"},"classes":[]},{"id":24341,"url":"https:\/\/larevistadigital.com.ar\/blog\/accidente-fatal-ocurrio-en-la-ruta-41-murio-una-nena-de-4-anos-y-bebe-sufre-lesiones-de-consideracion\/","url_meta":{"origin":44664,"position":5},"title":"ACCIDENTE FATAL: OCURRI\u00d3 EN LA RUTA 41. MURI\u00d3 UNA NENA DE 4 A\u00d1OS Y BEB\u00c9 SUFRE LESIONES DE CONSIDERACI\u00d3N","author":"Alejandro Sosa Ruda","date":"4 marzo, 2022","format":false,"excerpt":"El veh\u00edculo en el que circulaba la menor junto a un adulto y una peque\u00f1a de un a\u00f1o despist\u00f3, volc\u00f3 y colision\u00f3 contra un \u00e1rbol. MONTE -\u00a0 Una nena de 4 a\u00f1os falleci\u00f3 este jueves como consecuencia de un fatal accidente\u00a0ocurrido en la ruta 41 a la altura de San\u2026","rel":"","context":"En \u00abINTERES GENERAL\u00bb","block_context":{"text":"INTERES GENERAL","link":"https:\/\/larevistadigital.com.ar\/blog\/category\/interes-general\/"},"img":{"alt_text":"","src":"https:\/\/i0.wp.com\/larevistadigital.com.ar\/blog\/wp-content\/uploads\/47e4db18ae6c7423bcc2a0fb862fb9b0732dd719.jpeg?fit=1140%2C603&ssl=1&resize=350%2C200","width":350,"height":200,"srcset":"https:\/\/i0.wp.com\/larevistadigital.com.ar\/blog\/wp-content\/uploads\/47e4db18ae6c7423bcc2a0fb862fb9b0732dd719.jpeg?fit=1140%2C603&ssl=1&resize=350%2C200 1x, https:\/\/i0.wp.com\/larevistadigital.com.ar\/blog\/wp-content\/uploads\/47e4db18ae6c7423bcc2a0fb862fb9b0732dd719.jpeg?fit=1140%2C603&ssl=1&resize=525%2C300 1.5x, https:\/\/i0.wp.com\/larevistadigital.com.ar\/blog\/wp-content\/uploads\/47e4db18ae6c7423bcc2a0fb862fb9b0732dd719.jpeg?fit=1140%2C603&ssl=1&resize=700%2C400 2x, https:\/\/i0.wp.com\/larevistadigital.com.ar\/blog\/wp-content\/uploads\/47e4db18ae6c7423bcc2a0fb862fb9b0732dd719.jpeg?fit=1140%2C603&ssl=1&resize=1050%2C600 3x"},"classes":[]}],"_links":{"self":[{"href":"https:\/\/larevistadigital.com.ar\/blog\/wp-json\/wp\/v2\/posts\/44664","targetHints":{"allow":["GET"]}}],"collection":[{"href":"https:\/\/larevistadigital.com.ar\/blog\/wp-json\/wp\/v2\/posts"}],"about":[{"href":"https:\/\/larevistadigital.com.ar\/blog\/wp-json\/wp\/v2\/types\/post"}],"author":[{"embeddable":true,"href":"https:\/\/larevistadigital.com.ar\/blog\/wp-json\/wp\/v2\/users\/3"}],"replies":[{"embeddable":true,"href":"https:\/\/larevistadigital.com.ar\/blog\/wp-json\/wp\/v2\/comments?post=44664"}],"version-history":[{"count":1,"href":"https:\/\/larevistadigital.com.ar\/blog\/wp-json\/wp\/v2\/posts\/44664\/revisions"}],"predecessor-version":[{"id":44666,"href":"https:\/\/larevistadigital.com.ar\/blog\/wp-json\/wp\/v2\/posts\/44664\/revisions\/44666"}],"wp:featuredmedia":[{"embeddable":true,"href":"https:\/\/larevistadigital.com.ar\/blog\/wp-json\/wp\/v2\/media\/44665"}],"wp:attachment":[{"href":"https:\/\/larevistadigital.com.ar\/blog\/wp-json\/wp\/v2\/media?parent=44664"}],"wp:term":[{"taxonomy":"category","embeddable":true,"href":"https:\/\/larevistadigital.com.ar\/blog\/wp-json\/wp\/v2\/categories?post=44664"},{"taxonomy":"post_tag","embeddable":true,"href":"https:\/\/larevistadigital.com.ar\/blog\/wp-json\/wp\/v2\/tags?post=44664"}],"curies":[{"name":"wp","href":"https:\/\/api.w.org\/{rel}","templated":true}]}}