{"id":44673,"date":"2026-03-24T13:17:47","date_gmt":"2026-03-24T16:17:47","guid":{"rendered":"https:\/\/larevistadigital.com.ar\/blog\/?p=44673"},"modified":"2026-03-24T13:17:47","modified_gmt":"2026-03-24T16:17:47","slug":"alarma-mas-de-la-mitad-de-los-hogares-se-endeuda-para-vivir","status":"publish","type":"post","link":"https:\/\/larevistadigital.com.ar\/blog\/alarma-mas-de-la-mitad-de-los-hogares-se-endeuda-para-vivir\/","title":{"rendered":"Alarma: M\u00e1s de la mitad de los hogares se endeuda para vivir"},"content":{"rendered":"<h3>El 56% de los hogares se endeuda para comer y pagar servicios. No llegan a fin de mes y la crisis aprieta cada vez m\u00e1s. Enterate qu\u00e9 est\u00e1 pasando.<\/h3>\n<p>24 de marzo de 2026<\/p>\n<p>El deterioro del poder adquisitivo ya no es una percepci\u00f3n aislada: se convirti\u00f3 en una realidad estructural para millones de argentinos. Un informe reciente de la consultora Zentrix expuso que el 56,4% de los hogares recurri\u00f3 al cr\u00e9dito en los \u00faltimos seis meses para cubrir gastos b\u00e1sicos como alimentos, servicios, alquileres y tarjetas.<\/p>\n<p>El dato no solo refleja el nivel de presi\u00f3n econ\u00f3mica, sino tambi\u00e9n un cambio profundo en la l\u00f3gica financiera de las familias, donde el endeudamiento dej\u00f3 de ser una herramienta ocasional para transformarse en un recurso habitual de subsistencia.<\/p>\n<h3>Un ingreso que no alcanza: La mayor\u00eda no llega al d\u00eda 20<\/h3>\n<p>El estudio Monitor de Opini\u00f3n P\u00fablica (MOP) revel\u00f3 que m\u00e1s de la mitad de la poblaci\u00f3n no logra sostener sus gastos m\u00e1s all\u00e1 del d\u00eda 20 de cada mes. Este l\u00edmite marca con claridad la fragilidad de los ingresos frente al avance sostenido de los precios.<\/p>\n<p>En ese contexto, el 83,9% de los encuestados asegur\u00f3 que su salario no logra ganarle a la inflaci\u00f3n, consolidando un escenario en el que cada mes comienza con desventaja.<\/p>\n<div class=\"google-auto-placed ap_container\"><ins class=\"adsbygoogle adsbygoogle-noablate\" data-ad-format=\"auto\" data-ad-client=\"ca-pub-7589015675527453\" data-adsbygoogle-status=\"done\" data-ad-status=\"unfill-optimized\"><\/p>\n<div id=\"aswift_12_host\" data-ad-curtain=\"hidden-ad\">\n<div class=\"google-aiuf\" data-google-ad-efd=\"true\">\n<div class=\"goog-rentries\">\n<h3>Un c\u00edrculo vicioso de deuda<\/h3>\n<\/div>\n<\/div>\n<\/div>\n<p><\/ins><\/div>\n<p>El informe advierte que casi 9 de cada 10 hogares endeudados ya presentan dificultades para cumplir con los pagos. Esto configura un esquema recurrente: ca\u00edda del poder adquisitivo, imposibilidad de sostener el consumo, recurso al cr\u00e9dito y posterior incapacidad de pago.<\/p>\n<p>Este proceso, lejos de ser aislado, se replica en gran parte de la sociedad y evidencia un deterioro sostenido en la salud financiera de los hogares.<\/p>\n<h3>Familias endeudadas: en qu\u00e9 se usa el cr\u00e9dito<\/h3>\n<p>Los pr\u00e9stamos ya no se destinan a inversiones o mejoras patrimoniales. Por el contrario, se concentran en cubrir gastos cotidianos, pagar tarjetas o cancelar otras deudas.<\/p>\n<p>Este cambio implica que el cr\u00e9dito dej\u00f3 de cumplir su funci\u00f3n tradicional para convertirse en un reemplazo directo del ingreso, distorsionando su rol dentro de la econom\u00eda dom\u00e9stica.<\/p>\n<div class=\"google-auto-placed ap_container\"><ins class=\"adsbygoogle adsbygoogle-noablate\" data-ad-format=\"auto\" data-ad-client=\"ca-pub-7589015675527453\" data-adsbygoogle-status=\"done\" data-ad-status=\"unfill-optimized\"><\/p>\n<div data-ad-curtain=\"placeholder\">\n<div data-ad-curtain=\"container\">\n<h3 data-ad-curtain=\"curtain\">Desconfianza en los datos oficiales<\/h3>\n<\/div>\n<\/div>\n<p><\/ins><\/div>\n<p>El relevamiento tambi\u00e9n puso el foco en la credibilidad de las estad\u00edsticas oficiales. Un 65,8% de los encuestados considera que los datos de inflaci\u00f3n no reflejan la realidad diaria.<\/p>\n<p>Esta percepci\u00f3n alimenta una brecha cada vez m\u00e1s marcada entre los indicadores oficiales y la experiencia cotidiana en los hogares, generando incertidumbre y desconfianza.<\/p>\n<p>Entre los factores mencionados aparecen sospechas de injerencia\u00a0<a class=\"google-anno\" href=\"https:\/\/grupolaprovincia.com\/contenido\/596031\/alarma-mas-de-la-mitad-de-los-hogares-se-endeuda-para-vivir?utm_campaign=newsletter-23-03-2026&amp;utm_medium=email&amp;utm_source=newsletter#\" data-google-vignette=\"false\" data-google-interstitial=\"false\">\u00a0<span class=\"google-anno-t\">pol\u00edtica<\/span><\/a>\u00a0y cuestionamientos sobre la representatividad de las canastas de consumo, lo que debilita la legitimidad de las cifras difundidas.<\/p>\n<div class=\"google-anno-skip google-anno-sc\" role=\"link\" aria-label=\"An\u00e1lisis pol\u00edtico argentino\" data-google-vignette=\"false\" data-google-interstitial=\"false\">An\u00e1lisis pol\u00edtico argentino<\/div>\n<h3>Impacto pol\u00edtico del deterioro econ\u00f3mico<\/h3>\n<p>En este escenario, el impacto econ\u00f3mico comienza a trasladarse al plano pol\u00edtico. Seg\u00fan el informe, la desaprobaci\u00f3n de la gesti\u00f3n del presidente Javier Milei alcanz\u00f3 el 53,3% en marzo, mientras que la aprobaci\u00f3n se ubic\u00f3 en el 38,5%.<\/p>\n<p>Los datos reflejan c\u00f3mo la situaci\u00f3n econ\u00f3mica incide de manera directa en la percepci\u00f3n social, en un contexto donde la p\u00e9rdida del poder adquisitivo y el endeudamiento marcan el pulso del malestar.<\/p>\n","protected":false},"excerpt":{"rendered":"<div class=\"mh-excerpt\"><p>El 56% de los hogares se endeuda para comer y pagar servicios. No llegan a fin de mes y la crisis aprieta cada vez m\u00e1s. Enterate qu\u00e9 est\u00e1 pasando. 24 de marzo de 2026 El <a class=\"mh-excerpt-more\" href=\"https:\/\/larevistadigital.com.ar\/blog\/alarma-mas-de-la-mitad-de-los-hogares-se-endeuda-para-vivir\/\" title=\"Alarma: M\u00e1s de la mitad de los hogares se endeuda para vivir\">[Leer M\u00e1s]<\/a><\/p>\n<\/div>","protected":false},"author":3,"featured_media":44674,"comment_status":"open","ping_status":"open","sticky":false,"template":"","format":"standard","meta":{"_jetpack_memberships_contains_paid_content":false,"footnotes":"","jetpack_publicize_message":"","jetpack_publicize_feature_enabled":true,"jetpack_social_post_already_shared":true,"jetpack_social_options":{"image_generator_settings":{"template":"highway","default_image_id":0,"font":"","enabled":false},"version":2}},"categories":[50],"tags":[],"class_list":{"0":"post-44673","1":"post","2":"type-post","3":"status-publish","4":"format-standard","5":"has-post-thumbnail","7":"category-interes-general"},"jetpack_publicize_connections":[],"jetpack_featured_media_url":"https:\/\/i0.wp.com\/larevistadigital.com.ar\/blog\/wp-content\/uploads\/Captura-de-pantalla-2026-03-24-131645.jpg?fit=856%2C468&ssl=1","jetpack_sharing_enabled":true,"jetpack_shortlink":"https:\/\/wp.me\/p8qtrQ-bCx","jetpack-related-posts":[{"id":46624,"url":"https:\/\/larevistadigital.com.ar\/blog\/axel-kicillof-contra-el-modelo-de-javier-milei-la-gente-se-endeuda-para-pagar-el-alquiler\/","url_meta":{"origin":44673,"position":0},"title":"Axel Kicillof contra el modelo de Javier Milei: \u00abLa gente se endeuda para pagar el alquiler\u00bb","author":"Alejandro Sosa Ruda","date":"22 julio, 2026","format":false,"excerpt":"El gobernador Axel Kicillof inaugur\u00f3 un Centro de Atenci\u00f3n Primaria de la Salud en Castelar y apunt\u00f3 hacia el modelo econ\u00f3mico. Con un mensaje contra la pol\u00edtica econ\u00f3mica de Javier Milei y \u201cla mano invisible del mercado\u201d, el gobernador de la provincia de Buenos Aires,\u00a0Axel Kicillof, asegur\u00f3 que la gente\u2026","rel":"","context":"En \u00abDESTACADAS\u00bb","block_context":{"text":"DESTACADAS","link":"https:\/\/larevistadigital.com.ar\/blog\/category\/destacadas\/"},"img":{"alt_text":"","src":"https:\/\/i0.wp.com\/larevistadigital.com.ar\/blog\/wp-content\/uploads\/Captura-de-pantalla-2026-07-22-004319.jpg?fit=628%2C443&ssl=1&resize=350%2C200","width":350,"height":200,"srcset":"https:\/\/i0.wp.com\/larevistadigital.com.ar\/blog\/wp-content\/uploads\/Captura-de-pantalla-2026-07-22-004319.jpg?fit=628%2C443&ssl=1&resize=350%2C200 1x, https:\/\/i0.wp.com\/larevistadigital.com.ar\/blog\/wp-content\/uploads\/Captura-de-pantalla-2026-07-22-004319.jpg?fit=628%2C443&ssl=1&resize=525%2C300 1.5x"},"classes":[]},{"id":43367,"url":"https:\/\/larevistadigital.com.ar\/blog\/un-informe-alerta-por-el-impacto-del-alquiler-en-los-hogares\/","url_meta":{"origin":44673,"position":1},"title":"Un informe alerta por el impacto del alquiler en los hogares","author":"Alejandro Sosa Ruda","date":"14 enero, 2026","format":false,"excerpt":"El alquiler golpea cada vez m\u00e1s fuerte: un informe revela endeudamiento r\u00e9cord, m\u00e1s trabajos y menos comida en los hogares argentinos que alquilan. 14 de enero de 2026 Alquilar en la Argentina dej\u00f3 de ser una etapa transitoria para convertirse en una trampa estructural. A dos a\u00f1os de la desregulaci\u00f3n\u2026","rel":"","context":"En \u00abDESTACADAS\u00bb","block_context":{"text":"DESTACADAS","link":"https:\/\/larevistadigital.com.ar\/blog\/category\/destacadas\/"},"img":{"alt_text":"","src":"https:\/\/i0.wp.com\/larevistadigital.com.ar\/blog\/wp-content\/uploads\/Captura-de-pantalla-2026-01-14-195836.jpg?fit=793%2C431&ssl=1&resize=350%2C200","width":350,"height":200,"srcset":"https:\/\/i0.wp.com\/larevistadigital.com.ar\/blog\/wp-content\/uploads\/Captura-de-pantalla-2026-01-14-195836.jpg?fit=793%2C431&ssl=1&resize=350%2C200 1x, https:\/\/i0.wp.com\/larevistadigital.com.ar\/blog\/wp-content\/uploads\/Captura-de-pantalla-2026-01-14-195836.jpg?fit=793%2C431&ssl=1&resize=525%2C300 1.5x, https:\/\/i0.wp.com\/larevistadigital.com.ar\/blog\/wp-content\/uploads\/Captura-de-pantalla-2026-01-14-195836.jpg?fit=793%2C431&ssl=1&resize=700%2C400 2x"},"classes":[]},{"id":46621,"url":"https:\/\/larevistadigital.com.ar\/blog\/el-73-de-los-inquilinos-tiene-deudas-y-crecen-las-mudanzas-forzadas\/","url_meta":{"origin":44673,"position":2},"title":"El 73% de los inquilinos tiene deudas y crecen las \u00abmudanzas forzadas\u00bb","author":"Alejandro Sosa Ruda","date":"22 julio, 2026","format":false,"excerpt":"Es el nivel m\u00e1s alto registrado por una encuesta nacional de inquilinos. Qu\u00e9 pasa en la provincia de Buenos Aires. 22 de julio de 20267 El 72,9% de los hogares inquilinos del pa\u00eds mantiene deudas activas, el porcentaje m\u00e1s alto desde que comenz\u00f3 a realizarse la Encuesta Nacional Inquilina. El\u2026","rel":"","context":"En \u00abREGIONALES\u00bb","block_context":{"text":"REGIONALES","link":"https:\/\/larevistadigital.com.ar\/blog\/category\/regionales\/"},"img":{"alt_text":"","src":"https:\/\/i0.wp.com\/larevistadigital.com.ar\/blog\/wp-content\/uploads\/Captura-de-pantalla-2026-07-22-003923.jpg?fit=594%2C416&ssl=1&resize=350%2C200","width":350,"height":200,"srcset":"https:\/\/i0.wp.com\/larevistadigital.com.ar\/blog\/wp-content\/uploads\/Captura-de-pantalla-2026-07-22-003923.jpg?fit=594%2C416&ssl=1&resize=350%2C200 1x, https:\/\/i0.wp.com\/larevistadigital.com.ar\/blog\/wp-content\/uploads\/Captura-de-pantalla-2026-07-22-003923.jpg?fit=594%2C416&ssl=1&resize=525%2C300 1.5x"},"classes":[]},{"id":43041,"url":"https:\/\/larevistadigital.com.ar\/blog\/consumo-en-rojo-siete-de-cada-diez-hogares-ajustaron-gastos\/","url_meta":{"origin":44673,"position":3},"title":"Consumo en rojo: siete de cada diez hogares ajustaron gastos","author":"Alejandro Sosa Ruda","date":"27 diciembre, 2025","format":false,"excerpt":"Un informe de la UBA revel\u00f3 que el 72% de los hogares redujo sus gastos en los \u00faltimos meses por la p\u00e9rdida de poder adquisitivo, con mayor impacto en mujeres y sectores de menores ingresos. Seg\u00fan un informe elaborado por el Centro Nacional de Responsabilidad Social Empresarial y Capital Social\u2026","rel":"","context":"En \u00abINTERES GENERAL\u00bb","block_context":{"text":"INTERES GENERAL","link":"https:\/\/larevistadigital.com.ar\/blog\/category\/interes-general\/"},"img":{"alt_text":"","src":"https:\/\/i0.wp.com\/larevistadigital.com.ar\/blog\/wp-content\/uploads\/Captura-de-pantalla-2025-12-27-135945.jpg?fit=792%2C421&ssl=1&resize=350%2C200","width":350,"height":200,"srcset":"https:\/\/i0.wp.com\/larevistadigital.com.ar\/blog\/wp-content\/uploads\/Captura-de-pantalla-2025-12-27-135945.jpg?fit=792%2C421&ssl=1&resize=350%2C200 1x, https:\/\/i0.wp.com\/larevistadigital.com.ar\/blog\/wp-content\/uploads\/Captura-de-pantalla-2025-12-27-135945.jpg?fit=792%2C421&ssl=1&resize=525%2C300 1.5x, https:\/\/i0.wp.com\/larevistadigital.com.ar\/blog\/wp-content\/uploads\/Captura-de-pantalla-2025-12-27-135945.jpg?fit=792%2C421&ssl=1&resize=700%2C400 2x"},"classes":[]},{"id":42694,"url":"https:\/\/larevistadigital.com.ar\/blog\/los-nuevos-aumentos-de-diciembre-y-el-golpe-al-bolsillo\/","url_meta":{"origin":44673,"position":4},"title":"Los nuevos aumentos de diciembre y el golpe al bolsillo","author":"Alejandro Sosa Ruda","date":"1 diciembre, 2025","format":false,"excerpt":"Diciembre arranca picante: suben prepagas, transporte, tarifas y alquileres. Enterate cu\u00e1nto vas a pagar y c\u00f3mo pega en el bolsillo argentino. Diciembre suele ser un mes de mayor gasto por las fiestas y el cierre del a\u00f1o, pero esta vez viene cargado adem\u00e1s con una nueva tanda de aumentos en\u2026","rel":"","context":"En \u00abINTERES GENERAL\u00bb","block_context":{"text":"INTERES GENERAL","link":"https:\/\/larevistadigital.com.ar\/blog\/category\/interes-general\/"},"img":{"alt_text":"","src":"https:\/\/i0.wp.com\/larevistadigital.com.ar\/blog\/wp-content\/uploads\/Captura-de-pantalla-2025-12-01-233737.jpg?fit=804%2C451&ssl=1&resize=350%2C200","width":350,"height":200,"srcset":"https:\/\/i0.wp.com\/larevistadigital.com.ar\/blog\/wp-content\/uploads\/Captura-de-pantalla-2025-12-01-233737.jpg?fit=804%2C451&ssl=1&resize=350%2C200 1x, https:\/\/i0.wp.com\/larevistadigital.com.ar\/blog\/wp-content\/uploads\/Captura-de-pantalla-2025-12-01-233737.jpg?fit=804%2C451&ssl=1&resize=525%2C300 1.5x, https:\/\/i0.wp.com\/larevistadigital.com.ar\/blog\/wp-content\/uploads\/Captura-de-pantalla-2025-12-01-233737.jpg?fit=804%2C451&ssl=1&resize=700%2C400 2x"},"classes":[]},{"id":42095,"url":"https:\/\/larevistadigital.com.ar\/blog\/la-morosidad-familiar-alcanza-un-record-historico-en-argentina\/","url_meta":{"origin":44673,"position":5},"title":"La morosidad familiar alcanza un r\u00e9cord hist\u00f3rico en Argentina","author":"Alejandro Sosa Ruda","date":"19 octubre, 2025","format":false,"excerpt":"La deuda de los hogares lleg\u00f3 en agosto a un 6,6% del total de cr\u00e9ditos, el nivel m\u00e1s alto en al menos 15 a\u00f1os, seg\u00fan inform\u00f3 el Banco Central. Los pr\u00e9stamos personales y con tarjetas lideran los atrasos, mientras las altas tasas de inter\u00e9s y el estancamiento de los salarios\u2026","rel":"","context":"En \u00abDESTACADAS\u00bb","block_context":{"text":"DESTACADAS","link":"https:\/\/larevistadigital.com.ar\/blog\/category\/destacadas\/"},"img":{"alt_text":"","src":"https:\/\/i0.wp.com\/larevistadigital.com.ar\/blog\/wp-content\/uploads\/Captura-de-pantalla-2025-10-19-220606.jpg?fit=783%2C420&ssl=1&resize=350%2C200","width":350,"height":200,"srcset":"https:\/\/i0.wp.com\/larevistadigital.com.ar\/blog\/wp-content\/uploads\/Captura-de-pantalla-2025-10-19-220606.jpg?fit=783%2C420&ssl=1&resize=350%2C200 1x, https:\/\/i0.wp.com\/larevistadigital.com.ar\/blog\/wp-content\/uploads\/Captura-de-pantalla-2025-10-19-220606.jpg?fit=783%2C420&ssl=1&resize=525%2C300 1.5x, https:\/\/i0.wp.com\/larevistadigital.com.ar\/blog\/wp-content\/uploads\/Captura-de-pantalla-2025-10-19-220606.jpg?fit=783%2C420&ssl=1&resize=700%2C400 2x"},"classes":[]}],"_links":{"self":[{"href":"https:\/\/larevistadigital.com.ar\/blog\/wp-json\/wp\/v2\/posts\/44673","targetHints":{"allow":["GET"]}}],"collection":[{"href":"https:\/\/larevistadigital.com.ar\/blog\/wp-json\/wp\/v2\/posts"}],"about":[{"href":"https:\/\/larevistadigital.com.ar\/blog\/wp-json\/wp\/v2\/types\/post"}],"author":[{"embeddable":true,"href":"https:\/\/larevistadigital.com.ar\/blog\/wp-json\/wp\/v2\/users\/3"}],"replies":[{"embeddable":true,"href":"https:\/\/larevistadigital.com.ar\/blog\/wp-json\/wp\/v2\/comments?post=44673"}],"version-history":[{"count":1,"href":"https:\/\/larevistadigital.com.ar\/blog\/wp-json\/wp\/v2\/posts\/44673\/revisions"}],"predecessor-version":[{"id":44675,"href":"https:\/\/larevistadigital.com.ar\/blog\/wp-json\/wp\/v2\/posts\/44673\/revisions\/44675"}],"wp:featuredmedia":[{"embeddable":true,"href":"https:\/\/larevistadigital.com.ar\/blog\/wp-json\/wp\/v2\/media\/44674"}],"wp:attachment":[{"href":"https:\/\/larevistadigital.com.ar\/blog\/wp-json\/wp\/v2\/media?parent=44673"}],"wp:term":[{"taxonomy":"category","embeddable":true,"href":"https:\/\/larevistadigital.com.ar\/blog\/wp-json\/wp\/v2\/categories?post=44673"},{"taxonomy":"post_tag","embeddable":true,"href":"https:\/\/larevistadigital.com.ar\/blog\/wp-json\/wp\/v2\/tags?post=44673"}],"curies":[{"name":"wp","href":"https:\/\/api.w.org\/{rel}","templated":true}]}}