{"id":44812,"date":"2026-03-30T19:12:33","date_gmt":"2026-03-30T22:12:33","guid":{"rendered":"https:\/\/larevistadigital.com.ar\/blog\/?p=44812"},"modified":"2026-03-30T19:12:33","modified_gmt":"2026-03-30T22:12:33","slug":"allanamientos-por-venta-de-estupefacientes-en-chascomus-cinco-personas-detenidas-en-operativos-simultaneos","status":"publish","type":"post","link":"https:\/\/larevistadigital.com.ar\/blog\/allanamientos-por-venta-de-estupefacientes-en-chascomus-cinco-personas-detenidas-en-operativos-simultaneos\/","title":{"rendered":"Allanamientos por venta de estupefacientes en Chascom\u00fas: cinco personas detenidas en operativos simult\u00e1neos"},"content":{"rendered":"<h3 class=\"excerpt\">Los procedimientos se realizaron en dos domicilios y permitieron secuestrar marihuana, coca\u00edna y una moto con pedido de captura.<\/h3>\n<p>30 de marzo de 2026<\/p>\n<div id=\"miDiv1\" class=\"text\">\n<p><strong>CHASCOM\u00daS &#8211;<\/strong>\u00a0 \u00a0La pasada semana se llevaron a cabo dos allanamientos en el marco de una causa por venta de estupefacientes impulsada por la Secretar\u00eda de Seguridad Ciudadana.<\/p>\n<p>Los procedimientos fueron realizados por personal de la Polic\u00eda de la Provincia de Buenos Aires, a trav\u00e9s del \u00e1rea de Drogas Il\u00edcitas, por orden del Dr. Jorge Larrarte, titular de la Unidad Funcional de Instrucci\u00f3n N\u00b0 3 del Departamento Judicial de Dolores, a cargo del Dr. Marcos Scoccimarro.<\/p>\n<blockquote>\n<h3>Los allanamientos se concretaron en viviendas ubicadas en Garay al 600 y Las Heras al 400, ambos con resultados positivos, secuestr\u00e1ndose ecuestraron sustancias estupefacientes, entre ellas marihuana y coca\u00edna.<\/h3>\n<\/blockquote>\n<p>En el operativo realizado en Garay, adem\u00e1s, se hall\u00f3 una motocicleta con pedido de secuestro activo por robo, con fecha del 14 de febrero.<\/p>\n<blockquote>\n<h3>Como resultado de los procedimientos, fueron detenidas cinco personas, tres hombres y dos mujeres, quienes quedaron a disposici\u00f3n del Juzgado de Garant\u00edas N\u00b0 5 a cargo del Dr. Cristhian Gasquet.<\/h3>\n<\/blockquote>\n<p>Asimismo, se remarc\u00f3 la importancia del trabajo articulado mediante reuniones peri\u00f3dicas y el intercambio de informaci\u00f3n, con el objetivo de reducir tanto la oferta como la demanda de drogas en la comunidad.<\/p>\n<\/div>\n","protected":false},"excerpt":{"rendered":"<div class=\"mh-excerpt\"><p>Los procedimientos se realizaron en dos domicilios y permitieron secuestrar marihuana, coca\u00edna y una moto con pedido de captura. 30 de marzo de 2026 CHASCOM\u00daS &#8211;\u00a0 \u00a0La pasada semana se llevaron a cabo dos allanamientos <a class=\"mh-excerpt-more\" href=\"https:\/\/larevistadigital.com.ar\/blog\/allanamientos-por-venta-de-estupefacientes-en-chascomus-cinco-personas-detenidas-en-operativos-simultaneos\/\" title=\"Allanamientos por venta de estupefacientes en Chascom\u00fas: cinco personas detenidas en operativos simult\u00e1neos\">[Leer M\u00e1s]<\/a><\/p>\n<\/div>","protected":false},"author":3,"featured_media":44813,"comment_status":"open","ping_status":"open","sticky":false,"template":"","format":"standard","meta":{"_jetpack_memberships_contains_paid_content":false,"footnotes":"","jetpack_publicize_message":"","jetpack_publicize_feature_enabled":true,"jetpack_social_post_already_shared":true,"jetpack_social_options":{"image_generator_settings":{"template":"highway","default_image_id":0,"font":"","enabled":false},"version":2}},"categories":[50,44],"tags":[],"class_list":{"0":"post-44812","1":"post","2":"type-post","3":"status-publish","4":"format-standard","5":"has-post-thumbnail","7":"category-interes-general","8":"category-policiales"},"jetpack_publicize_connections":[],"jetpack_featured_media_url":"https:\/\/i0.wp.com\/larevistadigital.com.ar\/blog\/wp-content\/uploads\/69cab7115be6f.png?fit=668%2C445&ssl=1","jetpack_sharing_enabled":true,"jetpack_shortlink":"https:\/\/wp.me\/p8qtrQ-bEM","jetpack-related-posts":[{"id":39046,"url":"https:\/\/larevistadigital.com.ar\/blog\/allanamientos-en-pila-desarticulan-una-red-de-venta-de-marihuana\/","url_meta":{"origin":44812,"position":0},"title":"Allanamientos en Pila: desarticulan una red de venta de marihuana","author":"Alejandro Sosa Ruda","date":"16 marzo, 2025","format":false,"excerpt":"Se investig\u00f3 en Chascom\u00fas, y se lleg\u00f3 a la ciudad de Pila. 16 de Marzo de 2025 PILA -\u00a0 En un importante operativo antidrogas, efectivos de la Subdelegaci\u00f3n de Drogas Il\u00edcitas de Chascom\u00fas llevaron a cabo tres allanamientos simult\u00e1neos en la ciudad de Pila, en el marco de una investigaci\u00f3n\u2026","rel":"","context":"En \u00abINTERES GENERAL\u00bb","block_context":{"text":"INTERES GENERAL","link":"https:\/\/larevistadigital.com.ar\/blog\/category\/interes-general\/"},"img":{"alt_text":"","src":"https:\/\/i0.wp.com\/larevistadigital.com.ar\/blog\/wp-content\/uploads\/6c7c0997641286160d140cb73c28243fdeac6631.jpg?fit=1140%2C641&ssl=1&resize=350%2C200","width":350,"height":200,"srcset":"https:\/\/i0.wp.com\/larevistadigital.com.ar\/blog\/wp-content\/uploads\/6c7c0997641286160d140cb73c28243fdeac6631.jpg?fit=1140%2C641&ssl=1&resize=350%2C200 1x, https:\/\/i0.wp.com\/larevistadigital.com.ar\/blog\/wp-content\/uploads\/6c7c0997641286160d140cb73c28243fdeac6631.jpg?fit=1140%2C641&ssl=1&resize=525%2C300 1.5x, https:\/\/i0.wp.com\/larevistadigital.com.ar\/blog\/wp-content\/uploads\/6c7c0997641286160d140cb73c28243fdeac6631.jpg?fit=1140%2C641&ssl=1&resize=700%2C400 2x, https:\/\/i0.wp.com\/larevistadigital.com.ar\/blog\/wp-content\/uploads\/6c7c0997641286160d140cb73c28243fdeac6631.jpg?fit=1140%2C641&ssl=1&resize=1050%2C600 3x"},"classes":[]},{"id":45653,"url":"https:\/\/larevistadigital.com.ar\/blog\/desarticularon-presuntos-puntos-de-venta-de-droga-en-chascomus-hay-cuatro-aprehendidos\/","url_meta":{"origin":44812,"position":1},"title":"Desarticularon presuntos puntos de venta de droga en Chascom\u00fas: hay cuatro aprehendidos","author":"Alejandro Sosa Ruda","date":"17 mayo, 2026","format":false,"excerpt":"La Subdelegaci\u00f3n de Investigaciones del Tr\u00e1fico de Drogas Il\u00edcitas realiz\u00f3 dos allanamientos en la ciudad tras una extensa investigaci\u00f3n coordinada con la Justicia. Secuestraron marihuana fraccionada, celulares y elementos utilizados para el procesamiento de estupefacientes. La Polic\u00eda de la Provincia de Buenos Aires llev\u00f3 adelante una serie de allanamientos en\u2026","rel":"","context":"En \u00abINTERES GENERAL\u00bb","block_context":{"text":"INTERES GENERAL","link":"https:\/\/larevistadigital.com.ar\/blog\/category\/interes-general\/"},"img":{"alt_text":"","src":"https:\/\/i0.wp.com\/larevistadigital.com.ar\/blog\/wp-content\/uploads\/c2728acf85a63a49cfbbf9fff249c657c9aa068d.png?fit=1140%2C640&ssl=1&resize=350%2C200","width":350,"height":200,"srcset":"https:\/\/i0.wp.com\/larevistadigital.com.ar\/blog\/wp-content\/uploads\/c2728acf85a63a49cfbbf9fff249c657c9aa068d.png?fit=1140%2C640&ssl=1&resize=350%2C200 1x, https:\/\/i0.wp.com\/larevistadigital.com.ar\/blog\/wp-content\/uploads\/c2728acf85a63a49cfbbf9fff249c657c9aa068d.png?fit=1140%2C640&ssl=1&resize=525%2C300 1.5x, https:\/\/i0.wp.com\/larevistadigital.com.ar\/blog\/wp-content\/uploads\/c2728acf85a63a49cfbbf9fff249c657c9aa068d.png?fit=1140%2C640&ssl=1&resize=700%2C400 2x, https:\/\/i0.wp.com\/larevistadigital.com.ar\/blog\/wp-content\/uploads\/c2728acf85a63a49cfbbf9fff249c657c9aa068d.png?fit=1140%2C640&ssl=1&resize=1050%2C600 3x"},"classes":[]},{"id":25409,"url":"https:\/\/larevistadigital.com.ar\/blog\/chascomus-tercer-procedimiento-importante-de-drogas-en-los-ultimos-tres-meses\/","url_meta":{"origin":44812,"position":2},"title":"CHASCOM\u00daS: TERCER PROCEDIMIENTO IMPORTANTE DE DROGAS EN LOS \u00daLTIMOS TRES MESES","author":"Alejandro Sosa Ruda","date":"26 mayo, 2022","format":false,"excerpt":"Se logr\u00f3 resultado positivo, en distintos allanamientos y se detuvo una persona por comercializaci\u00f3n de estupefacientes, consiguiendo otro buen resultado en la materia. La subdelegaci\u00f3n departamental de investigaciones del tr\u00e1fico de drogas il\u00edcitas de Chascom\u00fas, inform\u00f3 que se llevaron a cabo tres allanamientos por infracci\u00f3n a la ley 23.737. Tras\u2026","rel":"","context":"En \u00abDESTACADAS\u00bb","block_context":{"text":"DESTACADAS","link":"https:\/\/larevistadigital.com.ar\/blog\/category\/destacadas\/"},"img":{"alt_text":"","src":"https:\/\/i0.wp.com\/larevistadigital.com.ar\/blog\/wp-content\/uploads\/WhatsApp-Image-2022-05-26-at-8.02.24-AM-1.jpeg?fit=1200%2C900&ssl=1&resize=350%2C200","width":350,"height":200,"srcset":"https:\/\/i0.wp.com\/larevistadigital.com.ar\/blog\/wp-content\/uploads\/WhatsApp-Image-2022-05-26-at-8.02.24-AM-1.jpeg?fit=1200%2C900&ssl=1&resize=350%2C200 1x, https:\/\/i0.wp.com\/larevistadigital.com.ar\/blog\/wp-content\/uploads\/WhatsApp-Image-2022-05-26-at-8.02.24-AM-1.jpeg?fit=1200%2C900&ssl=1&resize=525%2C300 1.5x, https:\/\/i0.wp.com\/larevistadigital.com.ar\/blog\/wp-content\/uploads\/WhatsApp-Image-2022-05-26-at-8.02.24-AM-1.jpeg?fit=1200%2C900&ssl=1&resize=700%2C400 2x, https:\/\/i0.wp.com\/larevistadigital.com.ar\/blog\/wp-content\/uploads\/WhatsApp-Image-2022-05-26-at-8.02.24-AM-1.jpeg?fit=1200%2C900&ssl=1&resize=1050%2C600 3x"},"classes":[]},{"id":34876,"url":"https:\/\/larevistadigital.com.ar\/blog\/chascomus-se-hicieron-dos-allanamientos-secuestrando-marihuana-cocaina-y-logrando-aprehender-a-un-individuo\/","url_meta":{"origin":44812,"position":3},"title":"CHASCOM\u00daS: SE HICIERON DOS ALLANAMIENTOS, SECUESTRANDO MARIHUANA, COCA\u00cdNA Y LOGRANDO APREHENDER A UN INDIVIDUO.","author":"Alejandro Sosa Ruda","date":"21 diciembre, 2023","format":false,"excerpt":"Los allanamientos fueron en calle Obligado y en el Barrio 30 de Mayo. 21 de diciembre de 2023 CHASCOM\u00daS -\u00a0 Durante la jornada de ayer, se llevaron a cabo dos allanamientos por la SUBDELEGACION DE INV. DEL TR\u00c1FICO DE DROGAS IL\u00cdCITAS CHASCOMUS en el marco de una investigaci\u00f3n relacionada con\u2026","rel":"","context":"En \u00abDESTACADAS\u00bb","block_context":{"text":"DESTACADAS","link":"https:\/\/larevistadigital.com.ar\/blog\/category\/destacadas\/"},"img":{"alt_text":"","src":"https:\/\/i0.wp.com\/larevistadigital.com.ar\/blog\/wp-content\/uploads\/WhatsApp-Image-2023-12-21-at-07.06.23-1-e1703171662789.jpeg?fit=960%2C774&ssl=1&resize=350%2C200","width":350,"height":200,"srcset":"https:\/\/i0.wp.com\/larevistadigital.com.ar\/blog\/wp-content\/uploads\/WhatsApp-Image-2023-12-21-at-07.06.23-1-e1703171662789.jpeg?fit=960%2C774&ssl=1&resize=350%2C200 1x, https:\/\/i0.wp.com\/larevistadigital.com.ar\/blog\/wp-content\/uploads\/WhatsApp-Image-2023-12-21-at-07.06.23-1-e1703171662789.jpeg?fit=960%2C774&ssl=1&resize=525%2C300 1.5x, https:\/\/i0.wp.com\/larevistadigital.com.ar\/blog\/wp-content\/uploads\/WhatsApp-Image-2023-12-21-at-07.06.23-1-e1703171662789.jpeg?fit=960%2C774&ssl=1&resize=700%2C400 2x"},"classes":[]},{"id":26403,"url":"https:\/\/larevistadigital.com.ar\/blog\/chascomus-tres-allanamientos-con-resultado-positivo-dos-aprehendidos-y-secuestro-de-marihuana-y-cocaina\/","url_meta":{"origin":44812,"position":4},"title":"CHASCOM\u00daS: TRES ALLANAMIENTOS CON RESULTADO POSITIVO, DOS APREHENDIDOS Y SECUESTRO DE MARIHUANA Y COCA\u00cdNA","author":"Alejandro Sosa Ruda","date":"7 julio, 2022","format":false,"excerpt":"CHASCOM\u00daS -\u00a0 Durante el d\u00eda de ayer, 6 de julio, se llevaron a cabo tres allanamientos por infracci\u00f3n a la ley 23.737 (estupefacientes), luego de que se tom\u00f3 conocimiento de que en tres lugares se estar\u00edan comercializando drogas. De esta manera se dio conocimiento a la UFI 3 a cargo\u2026","rel":"","context":"En \u00abDESTACADAS\u00bb","block_context":{"text":"DESTACADAS","link":"https:\/\/larevistadigital.com.ar\/blog\/category\/destacadas\/"},"img":{"alt_text":"","src":"https:\/\/i0.wp.com\/larevistadigital.com.ar\/blog\/wp-content\/uploads\/WhatsApp-Image-2022-07-06-at-11.11.42-PM-1.jpeg?fit=850%2C813&ssl=1&resize=350%2C200","width":350,"height":200,"srcset":"https:\/\/i0.wp.com\/larevistadigital.com.ar\/blog\/wp-content\/uploads\/WhatsApp-Image-2022-07-06-at-11.11.42-PM-1.jpeg?fit=850%2C813&ssl=1&resize=350%2C200 1x, https:\/\/i0.wp.com\/larevistadigital.com.ar\/blog\/wp-content\/uploads\/WhatsApp-Image-2022-07-06-at-11.11.42-PM-1.jpeg?fit=850%2C813&ssl=1&resize=525%2C300 1.5x, https:\/\/i0.wp.com\/larevistadigital.com.ar\/blog\/wp-content\/uploads\/WhatsApp-Image-2022-07-06-at-11.11.42-PM-1.jpeg?fit=850%2C813&ssl=1&resize=700%2C400 2x"},"classes":[]},{"id":1187,"url":"https:\/\/larevistadigital.com.ar\/blog\/chascomus-allanamientos-con-resultado-positivo\/","url_meta":{"origin":44812,"position":5},"title":"CHASCOMUS: ALLANAMIENTOS CON RESULTADO POSITIVO","author":"Alejandro Sosa Ruda","date":"15 marzo, 2017","format":false,"excerpt":"En la jornada de ayer se realizaron dos allanamientos\u00a0 en el barrio san Luis. Los mismos se dan en el marco de dos hechos de robo del pasado fin de semana. El primero de ellos, se realiz\u00f3 \u00a0en calle Machado al 300, luego se llev\u00f3 a cabo otro en \u00a0calle\u2026","rel":"","context":"En \u00abCHASCOM\u00daS\u00bb","block_context":{"text":"CHASCOM\u00daS","link":"https:\/\/larevistadigital.com.ar\/blog\/category\/chascomus\/"},"img":{"alt_text":"","src":"https:\/\/i0.wp.com\/larevistadigital.com.ar\/blog\/wp-content\/uploads\/2017\/03\/amadeo_25defebrerode2017_elfuerte.jpg?fit=909%2C915&ssl=1&resize=350%2C200","width":350,"height":200,"srcset":"https:\/\/i0.wp.com\/larevistadigital.com.ar\/blog\/wp-content\/uploads\/2017\/03\/amadeo_25defebrerode2017_elfuerte.jpg?fit=909%2C915&ssl=1&resize=350%2C200 1x, https:\/\/i0.wp.com\/larevistadigital.com.ar\/blog\/wp-content\/uploads\/2017\/03\/amadeo_25defebrerode2017_elfuerte.jpg?fit=909%2C915&ssl=1&resize=525%2C300 1.5x, https:\/\/i0.wp.com\/larevistadigital.com.ar\/blog\/wp-content\/uploads\/2017\/03\/amadeo_25defebrerode2017_elfuerte.jpg?fit=909%2C915&ssl=1&resize=700%2C400 2x"},"classes":[]}],"_links":{"self":[{"href":"https:\/\/larevistadigital.com.ar\/blog\/wp-json\/wp\/v2\/posts\/44812","targetHints":{"allow":["GET"]}}],"collection":[{"href":"https:\/\/larevistadigital.com.ar\/blog\/wp-json\/wp\/v2\/posts"}],"about":[{"href":"https:\/\/larevistadigital.com.ar\/blog\/wp-json\/wp\/v2\/types\/post"}],"author":[{"embeddable":true,"href":"https:\/\/larevistadigital.com.ar\/blog\/wp-json\/wp\/v2\/users\/3"}],"replies":[{"embeddable":true,"href":"https:\/\/larevistadigital.com.ar\/blog\/wp-json\/wp\/v2\/comments?post=44812"}],"version-history":[{"count":1,"href":"https:\/\/larevistadigital.com.ar\/blog\/wp-json\/wp\/v2\/posts\/44812\/revisions"}],"predecessor-version":[{"id":44814,"href":"https:\/\/larevistadigital.com.ar\/blog\/wp-json\/wp\/v2\/posts\/44812\/revisions\/44814"}],"wp:featuredmedia":[{"embeddable":true,"href":"https:\/\/larevistadigital.com.ar\/blog\/wp-json\/wp\/v2\/media\/44813"}],"wp:attachment":[{"href":"https:\/\/larevistadigital.com.ar\/blog\/wp-json\/wp\/v2\/media?parent=44812"}],"wp:term":[{"taxonomy":"category","embeddable":true,"href":"https:\/\/larevistadigital.com.ar\/blog\/wp-json\/wp\/v2\/categories?post=44812"},{"taxonomy":"post_tag","embeddable":true,"href":"https:\/\/larevistadigital.com.ar\/blog\/wp-json\/wp\/v2\/tags?post=44812"}],"curies":[{"name":"wp","href":"https:\/\/api.w.org\/{rel}","templated":true}]}}