{"id":44842,"date":"2026-03-31T15:47:10","date_gmt":"2026-03-31T18:47:10","guid":{"rendered":"https:\/\/larevistadigital.com.ar\/blog\/?p=44842"},"modified":"2026-03-31T15:47:10","modified_gmt":"2026-03-31T18:47:10","slug":"chascomus-la-muni-cerca-en-el-barrio-la-esmeralda","status":"publish","type":"post","link":"https:\/\/larevistadigital.com.ar\/blog\/chascomus-la-muni-cerca-en-el-barrio-la-esmeralda\/","title":{"rendered":"Chascom\u00fas: La Muni Cerca en el barrio La Esmeralda"},"content":{"rendered":"<h3 class=\"excerpt\">Una nueva y convocante edici\u00f3n de este programa que acorta distancias entre los vecinos y la administraci\u00f3n municipal.<\/h3>\n<p>31 de marzo de 2026<\/p>\n<div id=\"miDiv1\" class=\"text\">\n<p><strong>CHASCOM\u00daS &#8211;\u00a0<\/strong> \u00a0La Muni cerca estar\u00e1 el pr\u00f3ximo lunes 6 de abril, en el barrio La Esmeralda, de 8:30 a 13 horas, donde los vecinos y vecinas tendr\u00e1n la posibilidad de realizar tr\u00e1mites y consultas, sin la necesidad de trasladarse hasta el centro.<\/p>\n<p>En esta ocasi\u00f3n, el equipo municipal estar\u00e1 presente en calle Justo y Los Toldos, ofreciendo atenci\u00f3n personalizada y asesoramiento en diversas \u00e1reas. Los vecinos podr\u00e1n iniciar tr\u00e1mites en sectores como Pol\u00edticas de H\u00e1bitat, Ingresos P\u00fablicos, Seguridad Ciudadana, 147, OMIC, y Desarrollo Social. Adem\u00e1s, se brindar\u00e1 la posibilidad de solicitar turnos para gestionar o renovar la licencia de conducir.<\/p>\n<p>Esta iniciativa, que forma parte de las pol\u00edticas p\u00fablicas de cercan\u00eda de la Municipalidad de Chascom\u00fas, refuerza el compromiso del gobierno local con la comunidad, facilitando el acceso a los servicios municipales en los barrios y promoviendo una mayor vinculaci\u00f3n con los vecinos de todo el distrito.<\/p>\n<p>Con \u00abLa Muni Cerca\u00bb, la Municipalidad sigue fortaleciendo su presencia y cercan\u00eda, asegurando que todos los chascomunenses puedan acceder a los tr\u00e1mites que necesiten de manera m\u00e1s \u00e1gil y accesible.<\/p>\n<\/div>\n","protected":false},"excerpt":{"rendered":"<div class=\"mh-excerpt\"><p>Una nueva y convocante edici\u00f3n de este programa que acorta distancias entre los vecinos y la administraci\u00f3n municipal. 31 de marzo de 2026 CHASCOM\u00daS &#8211;\u00a0 \u00a0La Muni cerca estar\u00e1 el pr\u00f3ximo lunes 6 de abril, <a class=\"mh-excerpt-more\" href=\"https:\/\/larevistadigital.com.ar\/blog\/chascomus-la-muni-cerca-en-el-barrio-la-esmeralda\/\" title=\"Chascom\u00fas: La Muni Cerca en el barrio La Esmeralda\">[Leer M\u00e1s]<\/a><\/p>\n<\/div>","protected":false},"author":3,"featured_media":44843,"comment_status":"open","ping_status":"open","sticky":false,"template":"","format":"standard","meta":{"_jetpack_memberships_contains_paid_content":false,"footnotes":"","jetpack_publicize_message":"","jetpack_publicize_feature_enabled":true,"jetpack_social_post_already_shared":true,"jetpack_social_options":{"image_generator_settings":{"template":"highway","default_image_id":0,"font":"","enabled":false},"version":2}},"categories":[6],"tags":[],"class_list":{"0":"post-44842","1":"post","2":"type-post","3":"status-publish","4":"format-standard","5":"has-post-thumbnail","7":"category-chascomus"},"jetpack_publicize_connections":[],"jetpack_featured_media_url":"https:\/\/i0.wp.com\/larevistadigital.com.ar\/blog\/wp-content\/uploads\/69cbf86842845.png?fit=668%2C445&ssl=1","jetpack_sharing_enabled":true,"jetpack_shortlink":"https:\/\/wp.me\/p8qtrQ-bFg","jetpack-related-posts":[{"id":45014,"url":"https:\/\/larevistadigital.com.ar\/blog\/chascomus-la-muni-cerca-lleva-servicios-al-barrio-san-nicolas\/","url_meta":{"origin":44842,"position":0},"title":"Chascom\u00fas: \u00abLa Muni Cerca\u00bb lleva servicios al barrio San Nicol\u00e1s","author":"Alejandro Sosa Ruda","date":"8 abril, 2026","format":false,"excerpt":"La jornada ofrecer\u00e1 atenci\u00f3n directa, asesoramiento y gesti\u00f3n de tr\u00e1mites. 08 de abril de 2026 CHASCOM\u00daS -\u00a0 \u00a0El pr\u00f3ximo viernes se realizar\u00e1 una nueva edici\u00f3n de \u201cLa Muni Cerca\u201d, el programa que acerca servicios a los vecinos. El equipo municipal estar\u00e1 disponible en el \u00e1rea de ingreso al barrio San\u2026","rel":"","context":"En \u00abCHASCOM\u00daS\u00bb","block_context":{"text":"CHASCOM\u00daS","link":"https:\/\/larevistadigital.com.ar\/blog\/category\/chascomus\/"},"img":{"alt_text":"","src":"https:\/\/i0.wp.com\/larevistadigital.com.ar\/blog\/wp-content\/uploads\/69d696d092295.png?fit=668%2C445&ssl=1&resize=350%2C200","width":350,"height":200,"srcset":"https:\/\/i0.wp.com\/larevistadigital.com.ar\/blog\/wp-content\/uploads\/69d696d092295.png?fit=668%2C445&ssl=1&resize=350%2C200 1x, https:\/\/i0.wp.com\/larevistadigital.com.ar\/blog\/wp-content\/uploads\/69d696d092295.png?fit=668%2C445&ssl=1&resize=525%2C300 1.5x"},"classes":[]},{"id":41383,"url":"https:\/\/larevistadigital.com.ar\/blog\/chascomus-la-muni-cerca-en-el-barrio-lomas-altas\/","url_meta":{"origin":44842,"position":1},"title":"Chascom\u00fas: La muni cerca, en el barrio Lomas Altas","author":"Alejandro Sosa Ruda","date":"10 septiembre, 2025","format":false,"excerpt":"A trav\u00e9s de esta iniciativa, la Municipalidad busca facilitar el acceso a gestiones municipales y continuar promoviendo el acercamiento con los vecinos en distintos puntos del distrito. 10 de Septiembre de 2025 CHASCOM\u00daS -\u00a0 El martes 16 y el mi\u00e9rcoles 17 se realizar\u00e1 una nueva edici\u00f3n de \u201cLa Muni Cerca\u201d,\u2026","rel":"","context":"En \u00abCHASCOM\u00daS\u00bb","block_context":{"text":"CHASCOM\u00daS","link":"https:\/\/larevistadigital.com.ar\/blog\/category\/chascomus\/"},"img":{"alt_text":"","src":"https:\/\/i0.wp.com\/larevistadigital.com.ar\/blog\/wp-content\/uploads\/68c1a4ce23c95.png?fit=668%2C445&ssl=1&resize=350%2C200","width":350,"height":200,"srcset":"https:\/\/i0.wp.com\/larevistadigital.com.ar\/blog\/wp-content\/uploads\/68c1a4ce23c95.png?fit=668%2C445&ssl=1&resize=350%2C200 1x, https:\/\/i0.wp.com\/larevistadigital.com.ar\/blog\/wp-content\/uploads\/68c1a4ce23c95.png?fit=668%2C445&ssl=1&resize=525%2C300 1.5x"},"classes":[]},{"id":42262,"url":"https:\/\/larevistadigital.com.ar\/blog\/chascomus-la-muni-cerca-lleva-servicios-al-barrio-la-noria\/","url_meta":{"origin":44842,"position":2},"title":"Chascom\u00fas: La Muni Cerca lleva servicios al barrio La Noria","author":"Alejandro Sosa Ruda","date":"29 octubre, 2025","format":false,"excerpt":"El programa municipal acerca servicios y gestiones a los vecinos de toda la ciudad y de la zona rural. La pr\u00f3xima semana se realizar\u00e1 una nueva edici\u00f3n de La Muni Cerca en la sede barrial de La Noria. El programa estar\u00e1 disponible el mi\u00e9rcoles 5 y jueves 6 de noviembre,\u2026","rel":"","context":"En \u00abCHASCOM\u00daS\u00bb","block_context":{"text":"CHASCOM\u00daS","link":"https:\/\/larevistadigital.com.ar\/blog\/category\/chascomus\/"},"img":{"alt_text":"","src":"https:\/\/i0.wp.com\/larevistadigital.com.ar\/blog\/wp-content\/uploads\/690254a943a69.png?fit=668%2C445&ssl=1&resize=350%2C200","width":350,"height":200,"srcset":"https:\/\/i0.wp.com\/larevistadigital.com.ar\/blog\/wp-content\/uploads\/690254a943a69.png?fit=668%2C445&ssl=1&resize=350%2C200 1x, https:\/\/i0.wp.com\/larevistadigital.com.ar\/blog\/wp-content\/uploads\/690254a943a69.png?fit=668%2C445&ssl=1&resize=525%2C300 1.5x"},"classes":[]},{"id":37688,"url":"https:\/\/larevistadigital.com.ar\/blog\/la-muni-cerca-gran-afluencia-de-vecinos-del-barrio-el-porteno\/","url_meta":{"origin":44842,"position":3},"title":"\u201cLa Muni Cerca\u201d: Gran afluencia de vecinos del barrio El Porte\u00f1o","author":"Alejandro Sosa Ruda","date":"31 octubre, 2024","format":false,"excerpt":"Es una gran oportunidad, para contactar con las distintas oficinas municipales y realizar los tr\u00e1mites o consultas muy cerca de casa. 31 de octubre de 2024 Durante los d\u00edas martes 29 y mi\u00e9rcoles 30 de octubre, la propuesta municipal denominada la \u201cMuni Cerca\u201d, tuvo gran \u00e9xito en el barrio El\u2026","rel":"","context":"En \u00abINTERES GENERAL\u00bb","block_context":{"text":"INTERES GENERAL","link":"https:\/\/larevistadigital.com.ar\/blog\/category\/interes-general\/"},"img":{"alt_text":"","src":"https:\/\/i0.wp.com\/larevistadigital.com.ar\/blog\/wp-content\/uploads\/6723c0730dbdb.png?fit=668%2C445&ssl=1&resize=350%2C200","width":350,"height":200,"srcset":"https:\/\/i0.wp.com\/larevistadigital.com.ar\/blog\/wp-content\/uploads\/6723c0730dbdb.png?fit=668%2C445&ssl=1&resize=350%2C200 1x, https:\/\/i0.wp.com\/larevistadigital.com.ar\/blog\/wp-content\/uploads\/6723c0730dbdb.png?fit=668%2C445&ssl=1&resize=525%2C300 1.5x"},"classes":[]},{"id":42073,"url":"https:\/\/larevistadigital.com.ar\/blog\/chascomus-la-muni-cerca-lleva-servicios-a-don-cipriano\/","url_meta":{"origin":44842,"position":4},"title":"Chascom\u00fas: La Muni Cerca lleva servicios a Don Cipriano","author":"Alejandro Sosa Ruda","date":"17 octubre, 2025","format":false,"excerpt":"El pr\u00f3ximo mi\u00e9rcoles 22 se realizar\u00e1 una nueva edici\u00f3n de \u201cLa Muni Cerca\u201d, el programa municipal que acerca servicios y gestiones a los vecinos. 17 de Octubre de 2025 CHASCOM\u00daS -\u00a0 \u00a0El programa estar\u00e1 disponible de 9 a 13 horas en la Escuela Primaria N\u00ba 20 del paraje Don Cipriano.\u2026","rel":"","context":"En \u00abCHASCOM\u00daS\u00bb","block_context":{"text":"CHASCOM\u00daS","link":"https:\/\/larevistadigital.com.ar\/blog\/category\/chascomus\/"},"img":{"alt_text":"","src":"https:\/\/i0.wp.com\/larevistadigital.com.ar\/blog\/wp-content\/uploads\/68f26d5f55ac4.png?fit=668%2C445&ssl=1&resize=350%2C200","width":350,"height":200,"srcset":"https:\/\/i0.wp.com\/larevistadigital.com.ar\/blog\/wp-content\/uploads\/68f26d5f55ac4.png?fit=668%2C445&ssl=1&resize=350%2C200 1x, https:\/\/i0.wp.com\/larevistadigital.com.ar\/blog\/wp-content\/uploads\/68f26d5f55ac4.png?fit=668%2C445&ssl=1&resize=525%2C300 1.5x"},"classes":[]},{"id":43719,"url":"https:\/\/larevistadigital.com.ar\/blog\/chascomus-la-muni-cerca-y-el-quirofano-movil-llegan-a-los-sauces\/","url_meta":{"origin":44842,"position":5},"title":"Chascom\u00fas: La Muni Cerca y el Quir\u00f3fano M\u00f3vil llegan a Los Sauces","author":"Alejandro Sosa Ruda","date":"2 febrero, 2026","format":false,"excerpt":"El programa municipal se desarrollar\u00e1 esta semana en el acceso al barrio, donde se podr\u00e1n realizar tr\u00e1mites, consultas y castraciones gratuitas de mascotas. 02 de febrero de 2026 CHASCOM\u00daS -\u00a0 \u00a0Este martes 3 y mi\u00e9rcoles 4, Los Sauces ser\u00e1 sede de una nueva edici\u00f3n de La Muni Cerca, el programa\u2026","rel":"","context":"En \u00abCHASCOM\u00daS\u00bb","block_context":{"text":"CHASCOM\u00daS","link":"https:\/\/larevistadigital.com.ar\/blog\/category\/chascomus\/"},"img":{"alt_text":"","src":"https:\/\/i0.wp.com\/larevistadigital.com.ar\/blog\/wp-content\/uploads\/6980d5439a2ed.png?fit=668%2C445&ssl=1&resize=350%2C200","width":350,"height":200,"srcset":"https:\/\/i0.wp.com\/larevistadigital.com.ar\/blog\/wp-content\/uploads\/6980d5439a2ed.png?fit=668%2C445&ssl=1&resize=350%2C200 1x, https:\/\/i0.wp.com\/larevistadigital.com.ar\/blog\/wp-content\/uploads\/6980d5439a2ed.png?fit=668%2C445&ssl=1&resize=525%2C300 1.5x"},"classes":[]}],"_links":{"self":[{"href":"https:\/\/larevistadigital.com.ar\/blog\/wp-json\/wp\/v2\/posts\/44842","targetHints":{"allow":["GET"]}}],"collection":[{"href":"https:\/\/larevistadigital.com.ar\/blog\/wp-json\/wp\/v2\/posts"}],"about":[{"href":"https:\/\/larevistadigital.com.ar\/blog\/wp-json\/wp\/v2\/types\/post"}],"author":[{"embeddable":true,"href":"https:\/\/larevistadigital.com.ar\/blog\/wp-json\/wp\/v2\/users\/3"}],"replies":[{"embeddable":true,"href":"https:\/\/larevistadigital.com.ar\/blog\/wp-json\/wp\/v2\/comments?post=44842"}],"version-history":[{"count":1,"href":"https:\/\/larevistadigital.com.ar\/blog\/wp-json\/wp\/v2\/posts\/44842\/revisions"}],"predecessor-version":[{"id":44844,"href":"https:\/\/larevistadigital.com.ar\/blog\/wp-json\/wp\/v2\/posts\/44842\/revisions\/44844"}],"wp:featuredmedia":[{"embeddable":true,"href":"https:\/\/larevistadigital.com.ar\/blog\/wp-json\/wp\/v2\/media\/44843"}],"wp:attachment":[{"href":"https:\/\/larevistadigital.com.ar\/blog\/wp-json\/wp\/v2\/media?parent=44842"}],"wp:term":[{"taxonomy":"category","embeddable":true,"href":"https:\/\/larevistadigital.com.ar\/blog\/wp-json\/wp\/v2\/categories?post=44842"},{"taxonomy":"post_tag","embeddable":true,"href":"https:\/\/larevistadigital.com.ar\/blog\/wp-json\/wp\/v2\/tags?post=44842"}],"curies":[{"name":"wp","href":"https:\/\/api.w.org\/{rel}","templated":true}]}}