{"id":44851,"date":"2026-03-31T15:57:57","date_gmt":"2026-03-31T18:57:57","guid":{"rendered":"https:\/\/larevistadigital.com.ar\/blog\/?p=44851"},"modified":"2026-03-31T15:57:57","modified_gmt":"2026-03-31T18:57:57","slug":"chascomus-una-oferta-para-la-obra-de-restauracion-de-la-escuela-primaria-no-1","status":"publish","type":"post","link":"https:\/\/larevistadigital.com.ar\/blog\/chascomus-una-oferta-para-la-obra-de-restauracion-de-la-escuela-primaria-no-1\/","title":{"rendered":"Chascom\u00fas: Una oferta para la obra de restauraci\u00f3n de la Escuela Primaria N\u00ba 1"},"content":{"rendered":"<h3 class=\"excerpt\">El hist\u00f3rico \u201cPalacio\u201d ubicado en la manzana de San Mart\u00edn, Moreno, Lavalle y Castelli, ser\u00e1 sometido a una recuperaci\u00f3n integral.<\/h3>\n<p>31 de marzo de 2026<\/p>\n<div id=\"miDiv1\" class=\"text\">\n<p><strong>CHASCOM\u00daS &#8211;<\/strong>\u00a0 \u00a0La firma NH Construcciones Argentinas S.A formul\u00f3 la \u00fanica propuesta para la Licitaci\u00f3n P\u00fablica N\u00ba 01\/2026 para la<em><strong> \u201cRestauraci\u00f3n integral y puesta en valor de la Escuela Primaria N\u00ba 1 Bernardino Rivadavia\u201d<\/strong><\/em>.<\/p>\n<blockquote>\n<h3>La empresa present\u00f3 una oferta por $219.358.681,65. El proyecto tiene un presupuesto oficial de 268.261.615,97 pesos y es financiado por el gobierno de la provincia de Buenos Aires.<\/h3>\n<\/blockquote>\n<p>Durante el acto de apertura de los sobres correspondientes, se encontraban presentes en el despacho municipal el secretario de Obras P\u00fablicas, Servicios y Ambiente, Jorge Marino; el secretario de Desarrollo Social, Leandro Bordalecou; el subsecretario de Educaci\u00f3n, Infancias y Juventudes, Enrique Inciarte; el jefe de Compras, Sebasti\u00e1n Alfons\u00edn, y el presidente de la Asociaci\u00f3n Cooperadora de la Escuela, Roque \u00c1lvarez.<\/p>\n<blockquote>\n<h3>La construcci\u00f3n data de 1914, aunque la instituci\u00f3n fue fundada oficialmente en 1826, por lo que este a\u00f1o cumplir\u00e1 su bicentenario.<\/h3>\n<\/blockquote>\n<p>Adem\u00e1s de la primaria y la escuela de oficios para Adultos, una gran parte del establecimiento (un tercio) es utilizada por la Jefatura de la Regi\u00f3n 17, el Tribunal de Clasificaci\u00f3n Docente, la sede de Inspectores y la Jefatura Distrital.<\/p>\n<blockquote>\n<h3>El estado del edificio es cr\u00edtico, debido al paso del tiempo y a su uso intensivo por lo que en la primera etapa se prev\u00e9 la restauraci\u00f3n integral con trabajos de consolidaci\u00f3n integral de cornisa, ornamentos y recubrimiento en dinteles.<\/h3>\n<\/blockquote>\n<p>Adem\u00e1s, se concretar\u00e1 la rehabilitaci\u00f3n parcial de cubiertas y la ejecuci\u00f3n del sistema de desag\u00fces pluviales completo a nuevo, entre otras obras.<\/p>\n<p>La oferta ser\u00e1 evaluada en los pr\u00f3ximos d\u00edas para determinar si cumple con los requisitos correspondientes.<\/p>\n<\/div>\n","protected":false},"excerpt":{"rendered":"<div class=\"mh-excerpt\"><p>El hist\u00f3rico \u201cPalacio\u201d ubicado en la manzana de San Mart\u00edn, Moreno, Lavalle y Castelli, ser\u00e1 sometido a una recuperaci\u00f3n integral. 31 de marzo de 2026 CHASCOM\u00daS &#8211;\u00a0 \u00a0La firma NH Construcciones Argentinas S.A formul\u00f3 la <a class=\"mh-excerpt-more\" href=\"https:\/\/larevistadigital.com.ar\/blog\/chascomus-una-oferta-para-la-obra-de-restauracion-de-la-escuela-primaria-no-1\/\" title=\"Chascom\u00fas: Una oferta para la obra de restauraci\u00f3n de la Escuela Primaria N\u00ba 1\">[Leer M\u00e1s]<\/a><\/p>\n<\/div>","protected":false},"author":3,"featured_media":44852,"comment_status":"open","ping_status":"open","sticky":false,"template":"","format":"standard","meta":{"_jetpack_memberships_contains_paid_content":false,"footnotes":"","jetpack_publicize_message":"","jetpack_publicize_feature_enabled":true,"jetpack_social_post_already_shared":true,"jetpack_social_options":{"image_generator_settings":{"template":"highway","default_image_id":0,"font":"","enabled":false},"version":2}},"categories":[6,23],"tags":[],"class_list":{"0":"post-44851","1":"post","2":"type-post","3":"status-publish","4":"format-standard","5":"has-post-thumbnail","7":"category-chascomus","8":"category-politica-local"},"jetpack_publicize_connections":[],"jetpack_featured_media_url":"https:\/\/i0.wp.com\/larevistadigital.com.ar\/blog\/wp-content\/uploads\/69cbfd9a1437d.png?fit=668%2C445&ssl=1","jetpack_sharing_enabled":true,"jetpack_shortlink":"https:\/\/wp.me\/p8qtrQ-bFp","jetpack-related-posts":[{"id":45619,"url":"https:\/\/larevistadigital.com.ar\/blog\/chascomus-la-municipalidad-avanza-en-obras-de-infraestructura-en-establecimientos-educativos-de-chascomus\/","url_meta":{"origin":44851,"position":0},"title":"Chascom\u00fas: La Municipalidad avanza en obras de infraestructura en establecimientos educativos de Chascom\u00fas","author":"Alejandro Sosa Ruda","date":"12 mayo, 2026","format":false,"excerpt":"A trav\u00e9s del Fondo de Financiamiento Educativo se realizan mejoras edilicias en escuelas y se proyectan nuevas intervenciones en otros establecimientos. 12 de mayo de 2026 CHASCOM\u00daS -\u00a0 \u00a0El intendente Javier Gast\u00f3n, acompa\u00f1ado por el subsecretario de Educaci\u00f3n, Infancias y Juventudes, Enrique Inciarte, y el presidente del Consejo Escolar, Juan\u2026","rel":"","context":"En \u00abCHASCOM\u00daS\u00bb","block_context":{"text":"CHASCOM\u00daS","link":"https:\/\/larevistadigital.com.ar\/blog\/category\/chascomus\/"},"img":{"alt_text":"","src":"https:\/\/i0.wp.com\/larevistadigital.com.ar\/blog\/wp-content\/uploads\/6a036d59856a8.png?fit=668%2C445&ssl=1&resize=350%2C200","width":350,"height":200,"srcset":"https:\/\/i0.wp.com\/larevistadigital.com.ar\/blog\/wp-content\/uploads\/6a036d59856a8.png?fit=668%2C445&ssl=1&resize=350%2C200 1x, https:\/\/i0.wp.com\/larevistadigital.com.ar\/blog\/wp-content\/uploads\/6a036d59856a8.png?fit=668%2C445&ssl=1&resize=525%2C300 1.5x"},"classes":[]},{"id":41941,"url":"https:\/\/larevistadigital.com.ar\/blog\/chascomus-javier-gaston-visito-la-escuela-primaria-no-20-y-entrego-un-subsidio-para-su-puesta-en-valor\/","url_meta":{"origin":44851,"position":1},"title":"Chascom\u00fas: Javier Gast\u00f3n visit\u00f3 la Escuela Primaria N\u00ba 20 y entreg\u00f3 un subsidio para su puesta en valor","author":"Alejandro Sosa Ruda","date":"13 octubre, 2025","format":false,"excerpt":"El intendente recorri\u00f3 el establecimiento rural de Don Cipriano y confirm\u00f3 el apoyo municipal para los viajes de fin de curso de los egresados. 13 de Octubre de 2025 Chascom\u00fas - El intendente Javier Gast\u00f3n visit\u00f3 el jueves pasado la Escuela Primaria N\u00ba 20 \u201cAng\u00e9lica Newton\u201d, ubicada en el paraje\u2026","rel":"","context":"En \u00abCHASCOM\u00daS\u00bb","block_context":{"text":"CHASCOM\u00daS","link":"https:\/\/larevistadigital.com.ar\/blog\/category\/chascomus\/"},"img":{"alt_text":"","src":"https:\/\/i0.wp.com\/larevistadigital.com.ar\/blog\/wp-content\/uploads\/68ed72e48acb0.png?fit=668%2C445&ssl=1&resize=350%2C200","width":350,"height":200,"srcset":"https:\/\/i0.wp.com\/larevistadigital.com.ar\/blog\/wp-content\/uploads\/68ed72e48acb0.png?fit=668%2C445&ssl=1&resize=350%2C200 1x, https:\/\/i0.wp.com\/larevistadigital.com.ar\/blog\/wp-content\/uploads\/68ed72e48acb0.png?fit=668%2C445&ssl=1&resize=525%2C300 1.5x"},"classes":[]},{"id":25329,"url":"https:\/\/larevistadigital.com.ar\/blog\/el-rotary-club-chascomus-dono-una-fotocopiadora-y-diccionarios-a-una-escuela-primaria\/","url_meta":{"origin":44851,"position":2},"title":"EL ROTARY CLUB CHASCOM\u00daS DON\u00d3 UNA FOTOCOPIADORA Y DICCIONARIOS A UNA ESCUELA PRIMARIA","author":"Alejandro Sosa Ruda","date":"22 mayo, 2022","format":false,"excerpt":"La beneficiada fue la Escuela Primaria n\u00famero 31, \u201cDe\u00e1n Gregorio Funes\u201d CHASCOM\u00daS-\u00a0El Rotary Club de Chascom\u00fas formaliz\u00f3 la donaci\u00f3n de una fotocopiadora a la Escuela Primaria N\u00b0 31 \u201cDe\u00e1n Gregorio Funes\u201d, ubicada en el Barrio Parque Girado de nuestra ciudad. Esta donaci\u00f3n permitir\u00e1 contar a la escuela con este importante\u2026","rel":"","context":"En \u00abCHASCOM\u00daS\u00bb","block_context":{"text":"CHASCOM\u00daS","link":"https:\/\/larevistadigital.com.ar\/blog\/category\/chascomus\/"},"img":{"alt_text":"","src":"https:\/\/i0.wp.com\/larevistadigital.com.ar\/blog\/wp-content\/uploads\/Donacion-fotocopiadora.jpg?fit=1080%2C1080&ssl=1&resize=350%2C200","width":350,"height":200,"srcset":"https:\/\/i0.wp.com\/larevistadigital.com.ar\/blog\/wp-content\/uploads\/Donacion-fotocopiadora.jpg?fit=1080%2C1080&ssl=1&resize=350%2C200 1x, https:\/\/i0.wp.com\/larevistadigital.com.ar\/blog\/wp-content\/uploads\/Donacion-fotocopiadora.jpg?fit=1080%2C1080&ssl=1&resize=525%2C300 1.5x, https:\/\/i0.wp.com\/larevistadigital.com.ar\/blog\/wp-content\/uploads\/Donacion-fotocopiadora.jpg?fit=1080%2C1080&ssl=1&resize=700%2C400 2x, https:\/\/i0.wp.com\/larevistadigital.com.ar\/blog\/wp-content\/uploads\/Donacion-fotocopiadora.jpg?fit=1080%2C1080&ssl=1&resize=1050%2C600 3x"},"classes":[]},{"id":46863,"url":"https:\/\/larevistadigital.com.ar\/blog\/chascomus-4\/","url_meta":{"origin":44851,"position":3},"title":"Chascom\u00fas: Con aporte municipal se realizan mejoras de infraestructura en la Escuela N\u00ba 502","author":"Alejandro Sosa Ruda","date":"6 agosto, 2026","format":false,"excerpt":"Los trabajos incluyeron la recuperaci\u00f3n de sanitarios, la construcci\u00f3n de un ba\u00f1o adaptado y forman parte de las inversiones realizadas con el Fondo de Financiamiento Educativo en establecimientos escolares del distrito. 06 de agosto de 2026 CHASCOM\u00daS\u00a0 -\u00a0 \u00a0En las \u00faltimas semanas se concretaron tareas de puesta en valor en\u2026","rel":"","context":"En \u00abCHASCOM\u00daS\u00bb","block_context":{"text":"CHASCOM\u00daS","link":"https:\/\/larevistadigital.com.ar\/blog\/category\/chascomus\/"},"img":{"alt_text":"","src":"https:\/\/i0.wp.com\/larevistadigital.com.ar\/blog\/wp-content\/uploads\/6a736d897132b.png?fit=668%2C445&ssl=1&resize=350%2C200","width":350,"height":200,"srcset":"https:\/\/i0.wp.com\/larevistadigital.com.ar\/blog\/wp-content\/uploads\/6a736d897132b.png?fit=668%2C445&ssl=1&resize=350%2C200 1x, https:\/\/i0.wp.com\/larevistadigital.com.ar\/blog\/wp-content\/uploads\/6a736d897132b.png?fit=668%2C445&ssl=1&resize=525%2C300 1.5x"},"classes":[]},{"id":40791,"url":"https:\/\/larevistadigital.com.ar\/blog\/chascomus-la-escuela-21-de-gandara-sera-el-escenario-de-una-gran-jornada-rural\/","url_meta":{"origin":44851,"position":4},"title":"Chascom\u00fas: La Escuela 21 de G\u00e1ndara ser\u00e1 el escenario de una gran jornada rural","author":"Alejandro Sosa Ruda","date":"6 agosto, 2025","format":false,"excerpt":"Se presentar\u00e1n talleres, propuestas productivas, actividades ecuestres y espect\u00e1culos para visibilizar el proyecto educativo rural. 06 de Agosto de 2025 CHASCOM\u00daS\u00a0 -\u00a0 \u00a0La Escuela Primaria N\u00b021 de G\u00e1ndara ser\u00e1 escenario, el pr\u00f3ximo s\u00e1bado 23, de una jornada de Aula Rural Abierta con m\u00faltiples propuestas culturales, educativas y productivas abiertas a\u2026","rel":"","context":"En \u00abCHASCOM\u00daS\u00bb","block_context":{"text":"CHASCOM\u00daS","link":"https:\/\/larevistadigital.com.ar\/blog\/category\/chascomus\/"},"img":{"alt_text":"","src":"https:\/\/i0.wp.com\/larevistadigital.com.ar\/blog\/wp-content\/uploads\/6893928f9ab51.png?fit=668%2C445&ssl=1&resize=350%2C200","width":350,"height":200,"srcset":"https:\/\/i0.wp.com\/larevistadigital.com.ar\/blog\/wp-content\/uploads\/6893928f9ab51.png?fit=668%2C445&ssl=1&resize=350%2C200 1x, https:\/\/i0.wp.com\/larevistadigital.com.ar\/blog\/wp-content\/uploads\/6893928f9ab51.png?fit=668%2C445&ssl=1&resize=525%2C300 1.5x"},"classes":[]},{"id":10545,"url":"https:\/\/larevistadigital.com.ar\/blog\/chascomus-consejeros-escolares-visitaron-la-escuela-primaria-13\/","url_meta":{"origin":44851,"position":5},"title":"CHASCOM\u00daS: CONSEJEROS ESCOLARES VISITARON LA ESCUELA PRIMARIA 13","author":"Alejandro Sosa Ruda","date":"11 junio, 2019","format":false,"excerpt":"Consejeros escolares de Cambiemos, Nicol\u00e1s Centenaro y Andrea Vieira visitamos las instalaciones de Escuela Primaria13 -ES7-, donde hicieron entrega de las banderas Argentina y Bonaerense. A su vez, los funcionarios dialogaron sobre las diferentes necesidades de infraestructura, mobiliario y poda de \u00e1rboles.","rel":"","context":"En \u00abPOLITICA\u00bb","block_context":{"text":"POLITICA","link":"https:\/\/larevistadigital.com.ar\/blog\/category\/politica\/"},"img":{"alt_text":"","src":"https:\/\/i0.wp.com\/larevistadigital.com.ar\/blog\/wp-content\/uploads\/consejeros_11dejuniode2019_elfuerte.jpg?fit=737%2C415&ssl=1&resize=350%2C200","width":350,"height":200,"srcset":"https:\/\/i0.wp.com\/larevistadigital.com.ar\/blog\/wp-content\/uploads\/consejeros_11dejuniode2019_elfuerte.jpg?fit=737%2C415&ssl=1&resize=350%2C200 1x, https:\/\/i0.wp.com\/larevistadigital.com.ar\/blog\/wp-content\/uploads\/consejeros_11dejuniode2019_elfuerte.jpg?fit=737%2C415&ssl=1&resize=525%2C300 1.5x, https:\/\/i0.wp.com\/larevistadigital.com.ar\/blog\/wp-content\/uploads\/consejeros_11dejuniode2019_elfuerte.jpg?fit=737%2C415&ssl=1&resize=700%2C400 2x"},"classes":[]}],"_links":{"self":[{"href":"https:\/\/larevistadigital.com.ar\/blog\/wp-json\/wp\/v2\/posts\/44851","targetHints":{"allow":["GET"]}}],"collection":[{"href":"https:\/\/larevistadigital.com.ar\/blog\/wp-json\/wp\/v2\/posts"}],"about":[{"href":"https:\/\/larevistadigital.com.ar\/blog\/wp-json\/wp\/v2\/types\/post"}],"author":[{"embeddable":true,"href":"https:\/\/larevistadigital.com.ar\/blog\/wp-json\/wp\/v2\/users\/3"}],"replies":[{"embeddable":true,"href":"https:\/\/larevistadigital.com.ar\/blog\/wp-json\/wp\/v2\/comments?post=44851"}],"version-history":[{"count":1,"href":"https:\/\/larevistadigital.com.ar\/blog\/wp-json\/wp\/v2\/posts\/44851\/revisions"}],"predecessor-version":[{"id":44853,"href":"https:\/\/larevistadigital.com.ar\/blog\/wp-json\/wp\/v2\/posts\/44851\/revisions\/44853"}],"wp:featuredmedia":[{"embeddable":true,"href":"https:\/\/larevistadigital.com.ar\/blog\/wp-json\/wp\/v2\/media\/44852"}],"wp:attachment":[{"href":"https:\/\/larevistadigital.com.ar\/blog\/wp-json\/wp\/v2\/media?parent=44851"}],"wp:term":[{"taxonomy":"category","embeddable":true,"href":"https:\/\/larevistadigital.com.ar\/blog\/wp-json\/wp\/v2\/categories?post=44851"},{"taxonomy":"post_tag","embeddable":true,"href":"https:\/\/larevistadigital.com.ar\/blog\/wp-json\/wp\/v2\/tags?post=44851"}],"curies":[{"name":"wp","href":"https:\/\/api.w.org\/{rel}","templated":true}]}}