{"id":44891,"date":"2026-04-02T11:46:48","date_gmt":"2026-04-02T14:46:48","guid":{"rendered":"https:\/\/larevistadigital.com.ar\/blog\/?p=44891"},"modified":"2026-04-02T11:46:48","modified_gmt":"2026-04-02T14:46:48","slug":"sos-un-caradura-el-kicillofismo-cruzo-en-bloque-a-jorge-macri-por-las-personas-en-situacion-de-calle","status":"publish","type":"post","link":"https:\/\/larevistadigital.com.ar\/blog\/sos-un-caradura-el-kicillofismo-cruzo-en-bloque-a-jorge-macri-por-las-personas-en-situacion-de-calle\/","title":{"rendered":"\u201cSos un caradura\u201d: el kicillofismo cruz\u00f3 en bloque a Jorge Macri por las personas en situaci\u00f3n de calle"},"content":{"rendered":"<h3>La disputa entre Ciudad y Provincia escal\u00f3 con cifras, chicanas y acusaciones cruzadas. Funcionarios y legisladores rechazaron un planteo porte\u00f1o, apuntaron al ajuste nacional y defendieron la red de asistencia como respuesta estructural frente al avance de la exclusi\u00f3n.<\/h3>\n<p data-end=\"400\" data-start=\"0\">La disputa por las personas en situaci\u00f3n de calle sum\u00f3 un nuevo cap\u00edtulo en la creciente confrontaci\u00f3n pol\u00edtica entre la Provincia de Buenos Aires y la Ciudad. El cruce entre\u00a0<strong>Jorge Macri<\/strong>\u00a0y el gobierno de\u00a0<strong>Axel Kicillof<\/strong>\u00a0dej\u00f3 expuesto algo m\u00e1s que una discusi\u00f3n presupuestaria:\u00a0<strong>puso sobre la mesa el impacto del ajuste nacional, el corrimiento del Estado y dos modelos de gesti\u00f3n enfrentados en el AMBA<\/strong>.<\/p>\n<h2 data-end=\"448\" data-section-id=\"1lztz8m\" data-start=\"402\">Un reclamo millonario que encendi\u00f3 la mecha<\/h2>\n<p data-end=\"875\" data-start=\"450\">Desde la administraci\u00f3n porte\u00f1a aseguran que al menos 2.327 personas asistidas en sus dispositivos son bonaerenses, sobre un total que supera las\u00a0<strong>5.100 personas en situaci\u00f3n de calle seg\u00fan el \u00faltimo censo de noviembre de 2025<\/strong>. El costo mensual por persona fue estimado en $1.163.135, lo que deriva en un gasto total superior a los $27.000 millones que ahora reclaman a la Provincia.<\/p>\n<blockquote>\n<h3 data-end=\"875\" data-start=\"450\"><em>\u201cEs hora de que los porte\u00f1os dejen de pagar tu desgobierno\u201d<\/em>, lanz\u00f3 el jefe de Gobierno porte\u00f1o, apuntando contra Kicillof y reclamando que la Provincia \u201ccumpla la ley\u201d y se haga cargo de esa poblaci\u00f3n.<\/h3>\n<\/blockquote>\n<p data-end=\"1593\" data-start=\"1058\">La respuesta desde La Plata fue inmediata y con tono pol\u00edtico. El ministro de Desarrollo de la Comunidad bonaerense,\u00a0<strong>Andr\u00e9s \u201cCuervo\u201d Larroque<\/strong>, sali\u00f3 al cruce con iron\u00eda:\u00a0<strong>\u201c\u00a1Qu\u00e9 tipo con \u2018coraje\u2019 sos, Jorge Macri!\u201d<\/strong>. Pero m\u00e1s all\u00e1 de la chicana, el funcionario rechaz\u00f3 de plano el planteo y lo vincul\u00f3 con el contexto econ\u00f3mico nacional.<\/p>\n<blockquote>\n<h3 data-end=\"1593\" data-start=\"1058\"><em>\u201cA pesar de\u00a0<strong>los recursos que nos rob\u00f3 Milei y la pavorosa ca\u00edda de la recaudaci\u00f3n<\/strong>\u00a0que sufrimos por este modelo de ajuste y recesi\u00f3n, hacemos enormes esfuerzos para proteger a los bonaerenses\u201d<\/em>, afirm\u00f3.<\/h3>\n<\/blockquote>\n<p data-end=\"2005\" data-start=\"1595\">El trasfondo de la discusi\u00f3n no es menor. En 2025,\u00a0<strong>el Decreto 373 implic\u00f3 un corrimiento del Gobierno nacional en la ejecuci\u00f3n directa de pol\u00edticas sociales<\/strong>, delegando responsabilidades en provincias y municipios sin el correlato de financiamiento. En ese escenario,\u00a0<strong>la Provincia interpreta el reclamo porte\u00f1o como un intento de trasladar costos en medio de una crisis que excede las fronteras administrativas<\/strong>.<\/p>\n<figure class=\"image\"><img data-recalc-dims=\"1\" loading=\"lazy\" decoding=\"async\" class=\"img-responsive lazyloaded\" src=\"https:\/\/i0.wp.com\/grupolaprovincia.com\/download\/multimedia.miniatura.83b5390590bd00f9.bWluaWF0dXJhLndlYnA%3D.webp?resize=587%2C312&#038;ssl=1\" alt=\"Larroque en X\" width=\"587\" height=\"312\" data-id=\"141088\" data-src=\"\/download\/multimedia.miniatura.83b5390590bd00f9.bWluaWF0dXJhLndlYnA%3D.webp\" \/><figcaption>Larroque en X<\/figcaption><\/figure>\n<h2 data-end=\"2064\" data-section-id=\"bbjj2r\" data-start=\"2007\">Provincia responde con gesti\u00f3n y contraataque pol\u00edtico<\/h2>\n<p data-end=\"2350\" data-start=\"2066\">Desde el oficialismo bonaerense no solo rechazaron el reclamo, sino que pusieron en valor su propia pol\u00edtica p\u00fablica. Larroque remarc\u00f3 que\u00a0<strong>durante la gesti\u00f3n de Kicillof se duplicaron los Centros de Integraci\u00f3n Social<\/strong>, pasando de 28 a 58 dispositivos activos en el AMBA y el interior.<\/p>\n<p data-end=\"2978\" data-start=\"2352\">En la misma l\u00ednea, la legisladora porte\u00f1a\u00a0<strong>Berenice Ia\u00f1ez<\/strong>\u00a0\u2014parte del\u00a0<a href=\"https:\/\/grupolaprovincia.com\/contenido\/595955\/kicillof-desafia-al-pj-porteno-y-mueve-fichas-para-quedarse-con-la-lapicera-en-2\" target=\"_blank\" rel=\"noopener\">armado del Movimiento Derecho al Futuro (MDF) en la Ciudad<\/a>\u2014 endureci\u00f3 el tono: \u201cSos un caradura\u201d. Y agreg\u00f3 que en la Provincia \u201cse llev\u00f3 adelante una pol\u00edtica p\u00fablica integral destinada a las personas en situaci\u00f3n de calle\u201d, con equipos interdisciplinarios que garantizan acceso a salud, educaci\u00f3n, formaci\u00f3n laboral y reconstrucci\u00f3n de v\u00ednculos.<\/p>\n<blockquote>\n<p data-end=\"2978\" data-start=\"2352\"><strong>\u201cNo son respuestas de emergencia en clave asistencial, como las que usted implementa en la Ciudad, que adem\u00e1s conviven con operativos de \u2018limpieza e higiene\u2019 que persiguen y violentan a esta poblaci\u00f3n\u201d<\/strong>, dispar\u00f3.<\/p>\n<\/blockquote>\n<figure class=\"image\"><img data-recalc-dims=\"1\" loading=\"lazy\" decoding=\"async\" class=\"img-responsive lazyloaded\" src=\"https:\/\/i0.wp.com\/grupolaprovincia.com\/download\/multimedia.miniatura.bc24555e0c842408.bWluaWF0dXJhLndlYnA%3D.webp?resize=588%2C529&#038;ssl=1\" alt=\"Berenice Ia\u00f1ez, legisladora porte\u00f1a que integra el MDF de Kicillof, sali\u00f3 al cruce\" width=\"588\" height=\"529\" data-id=\"141083\" data-src=\"\/download\/multimedia.miniatura.bc24555e0c842408.bWluaWF0dXJhLndlYnA%3D.webp\" \/><figcaption>Berenice Ia\u00f1ez, legisladora porte\u00f1a que integra el MDF de Kicillof, sali\u00f3 al cruce<\/figcaption><\/figure>\n<p data-end=\"3288\" data-start=\"2980\">El ministro de Producci\u00f3n bonaerense,\u00a0<strong>Augusto Costa<\/strong>, tambi\u00e9n se sum\u00f3 a la embestida y ampli\u00f3 el foco.\u00a0<strong>\u201cEl nivel de cinismo de Jorge Macri es total\u201d<\/strong>, sostuvo, y plante\u00f3 que la Ciudad no puede analizarse de manera aislada:\u00a0<strong>\u201cNo es una isla, forma parte del AMBA, una regi\u00f3n donde viven 17 millones de personas\u201d<\/strong>.<\/p>\n<p data-end=\"3738\" data-start=\"3290\">Costa vincul\u00f3 el crecimiento de la problem\u00e1tica social con el rumbo econ\u00f3mico nacional y la gesti\u00f3n porte\u00f1a. Asegur\u00f3 que en los \u00faltimos dos a\u00f1os la industria cay\u00f3 8%, cerraron cerca de 2.000 empresas, se perdieron 75.000 empleos y aument\u00f3 alrededor del 50% la cantidad de personas en situaci\u00f3n de calle en la Ciudad.\u00a0<strong>\u201cEn vez de hacerse cargo, Jorge Macri prefiere inventar un enemigo inexistente y culpar a los sectores m\u00e1s vulnerables\u201d<\/strong>, cuestion\u00f3.<\/p>\n<figure class=\"image\"><img data-recalc-dims=\"1\" loading=\"lazy\" decoding=\"async\" class=\"img-responsive lazyloaded\" src=\"https:\/\/i0.wp.com\/grupolaprovincia.com\/download\/multimedia.miniatura.98705cc4c51b6d47.bWluaWF0dXJhLndlYnA%3D.webp?resize=585%2C266&#038;ssl=1\" alt=\"Costa en X\" width=\"585\" height=\"266\" data-id=\"141084\" data-src=\"\/download\/multimedia.miniatura.98705cc4c51b6d47.bWluaWF0dXJhLndlYnA%3D.webp\" \/><figcaption>Costa en X<\/figcaption><\/figure>\n<h2 data-end=\"3797\" data-section-id=\"1wpbtq0\" data-start=\"3740\">Crisis social, d\u00e9ficit habitacional y disputa pol\u00edtica<\/h2>\n<p data-end=\"4218\" data-start=\"3799\">Detr\u00e1s del cruce emerge un diagn\u00f3stico compartido en la Provincia: el fen\u00f3meno de las personas en situaci\u00f3n de calle no puede explicarse como un problema de gesti\u00f3n puntual. El subsecretario de Organizaci\u00f3n Comunitaria,\u00a0<strong>Santiago Fidanza<\/strong>, lo defini\u00f3 como una problem\u00e1tica estructural atravesada por\u00a0<strong>la p\u00e9rdida de ingresos, la ruptura de redes sociales, los consumos problem\u00e1ticos y la falta de acceso a derechos b\u00e1sicos<\/strong>.<\/p>\n<p data-end=\"4505\" data-start=\"4220\">Los datos refuerzan esa mirada.\u00a0<a href=\"https:\/\/grupolaprovincia.com\/contenido\/596015\/mas-de-10-millones-de-familias-con-dificultades-para-vivir-el-mapa-del-deficit-h\" target=\"_blank\" rel=\"noopener\">El d\u00e9ficit habitacional alcanza al 73% de los hogares<\/a>, con m\u00e1s de 10 millones de familias afectadas por problemas de vivienda, mientras que la inversi\u00f3n p\u00fablica en el \u00e1rea sufri\u00f3 recortes de hasta el 95% desde 2023, con m\u00e1s de 100.000 obras paralizada.<\/p>\n<p data-end=\"4875\" data-start=\"4507\">En ese contexto, la red de Centros de Integraci\u00f3n Social se presenta como una herramienta central de intervenci\u00f3n en territorio, complementada por\u00a0<strong>dispositivos m\u00f3viles en municipios como La Plata, Lomas de Zamora, Quilmes y General Pueyrred\u00f3n<\/strong>. El objetivo, seg\u00fan explican en el gobierno bonaerense, es reconstruir trayectorias de vida y no solo contener la emergencia.<\/p>\n<p data-end=\"5241\" data-start=\"4877\">El conflicto, sin embargo, trasciende la pol\u00edtica social. Se inscribe en una estrategia m\u00e1s amplia de Kicillof, que\u00a0<a href=\"https:\/\/grupolaprovincia.com\/contenido\/596372\/el-peronismo-puede-ganar-la-ciudad-el-kicillofismo-acelera-y-mete-presion-en-el-\" target=\"_blank\" rel=\"noopener\">ya desembarc\u00f3 en la Ciudad con el MDF para disputar poder pol\u00edtico<\/a>\u00a0y construir una alternativa nacional frente al gobierno de\u00a0<strong>Javier Milei<\/strong>\u00a0y la gesti\u00f3n de Jorge Macri. En ese marco, cada cruce funciona tambi\u00e9n como un cap\u00edtulo de una disputa mayor.<\/p>\n<p data-end=\"5516\" data-start=\"5243\"><strong><em>\u201cLas personas en situaci\u00f3n de calle no son el problema, est\u00e1n atravesando situaciones de extrema vulnerabilidad. Frente a esto la respuesta tiene que ser\u00a0m\u00e1s presencia del Estado, m\u00e1s articulaci\u00f3n y m\u00e1s responsabilidad institucional, no la estigmatizaci\u00f3n\u201d<\/em><\/strong>, afirm\u00f3 Fidanza.<\/p>\n","protected":false},"excerpt":{"rendered":"<div class=\"mh-excerpt\"><p>La disputa entre Ciudad y Provincia escal\u00f3 con cifras, chicanas y acusaciones cruzadas. Funcionarios y legisladores rechazaron un planteo porte\u00f1o, apuntaron al ajuste nacional y defendieron la red de asistencia como respuesta estructural frente al <a class=\"mh-excerpt-more\" href=\"https:\/\/larevistadigital.com.ar\/blog\/sos-un-caradura-el-kicillofismo-cruzo-en-bloque-a-jorge-macri-por-las-personas-en-situacion-de-calle\/\" title=\"\u201cSos un caradura\u201d: el kicillofismo cruz\u00f3 en bloque a Jorge Macri por las personas en situaci\u00f3n de calle\">[Leer M\u00e1s]<\/a><\/p>\n<\/div>","protected":false},"author":3,"featured_media":44892,"comment_status":"open","ping_status":"open","sticky":false,"template":"","format":"standard","meta":{"_jetpack_memberships_contains_paid_content":false,"footnotes":"","jetpack_publicize_message":"","jetpack_publicize_feature_enabled":true,"jetpack_social_post_already_shared":true,"jetpack_social_options":{"image_generator_settings":{"template":"highway","default_image_id":0,"font":"","enabled":false},"version":2}},"categories":[50,12],"tags":[],"class_list":{"0":"post-44891","1":"post","2":"type-post","3":"status-publish","4":"format-standard","5":"has-post-thumbnail","7":"category-interes-general","8":"category-politica"},"jetpack_publicize_connections":[],"jetpack_featured_media_url":"https:\/\/i0.wp.com\/larevistadigital.com.ar\/blog\/wp-content\/uploads\/Captura-de-pantalla-2026-04-02-114344.jpg?fit=691%2C473&ssl=1","jetpack_sharing_enabled":true,"jetpack_shortlink":"https:\/\/wp.me\/p8qtrQ-bG3","jetpack-related-posts":[{"id":1279,"url":"https:\/\/larevistadigital.com.ar\/blog\/jorge-macri-marca-la-agenda-en-su-territorio\/","url_meta":{"origin":44891,"position":0},"title":"JORGE MACRI MARCA LA AGENDA EN SU TERRITORIO","author":"Alejandro Sosa Ruda","date":"17 marzo, 2017","format":false,"excerpt":"Luego del embate de Lilita Carri\u00f3, el intendente de Vicente L\u00f3pez, Jorge Macri encabezar\u00e1 un acto para demostrar fuerza y fortalecer\u00a0su candidatura como senador nacional por la provincia. Macri ser\u00e1 quien presida el primer Foro Federal de Intendentes Cambiemos. El Foro tendr\u00e1 lugar en el Club Copna. Desde el entorno\u2026","rel":"","context":"En \u00abDESTACADAS\u00bb","block_context":{"text":"DESTACADAS","link":"https:\/\/larevistadigital.com.ar\/blog\/category\/destacadas\/"},"img":{"alt_text":"","src":"https:\/\/i0.wp.com\/larevistadigital.com.ar\/blog\/wp-content\/uploads\/2017\/03\/jorge-macri-1.jpg?fit=1200%2C900&ssl=1&resize=350%2C200","width":350,"height":200,"srcset":"https:\/\/i0.wp.com\/larevistadigital.com.ar\/blog\/wp-content\/uploads\/2017\/03\/jorge-macri-1.jpg?fit=1200%2C900&ssl=1&resize=350%2C200 1x, https:\/\/i0.wp.com\/larevistadigital.com.ar\/blog\/wp-content\/uploads\/2017\/03\/jorge-macri-1.jpg?fit=1200%2C900&ssl=1&resize=525%2C300 1.5x, https:\/\/i0.wp.com\/larevistadigital.com.ar\/blog\/wp-content\/uploads\/2017\/03\/jorge-macri-1.jpg?fit=1200%2C900&ssl=1&resize=700%2C400 2x, https:\/\/i0.wp.com\/larevistadigital.com.ar\/blog\/wp-content\/uploads\/2017\/03\/jorge-macri-1.jpg?fit=1200%2C900&ssl=1&resize=1050%2C600 3x"},"classes":[]},{"id":46456,"url":"https:\/\/larevistadigital.com.ar\/blog\/mauricio-macri-toma-distancia-de-milei-y-abre-un-nuevo-frente-de-disputa-por-las-paso\/","url_meta":{"origin":44891,"position":1},"title":"Mauricio Macri toma distancia de Milei y abre un nuevo frente de disputa por las PASO","author":"Alejandro Sosa Ruda","date":"5 julio, 2026","format":false,"excerpt":"El expresidente endureci\u00f3 su postura frente al Gobierno nacional y busca frenar la eliminaci\u00f3n de las Primarias Abiertas, Simult\u00e1neas y Obligatorias. La decisi\u00f3n profundiza las diferencias entre el PRO y La Libertad Avanza. La relaci\u00f3n entre el expresidente Mauricio Macri y el presidente Javier Milei atraviesa un nuevo momento de\u2026","rel":"","context":"En \u00abINTERES GENERAL\u00bb","block_context":{"text":"INTERES GENERAL","link":"https:\/\/larevistadigital.com.ar\/blog\/category\/interes-general\/"},"img":{"alt_text":"","src":"https:\/\/i0.wp.com\/larevistadigital.com.ar\/blog\/wp-content\/uploads\/Captura-de-pantalla-2026-07-05-181443.jpg?fit=745%2C464&ssl=1&resize=350%2C200","width":350,"height":200,"srcset":"https:\/\/i0.wp.com\/larevistadigital.com.ar\/blog\/wp-content\/uploads\/Captura-de-pantalla-2026-07-05-181443.jpg?fit=745%2C464&ssl=1&resize=350%2C200 1x, https:\/\/i0.wp.com\/larevistadigital.com.ar\/blog\/wp-content\/uploads\/Captura-de-pantalla-2026-07-05-181443.jpg?fit=745%2C464&ssl=1&resize=525%2C300 1.5x, https:\/\/i0.wp.com\/larevistadigital.com.ar\/blog\/wp-content\/uploads\/Captura-de-pantalla-2026-07-05-181443.jpg?fit=745%2C464&ssl=1&resize=700%2C400 2x"},"classes":[]},{"id":2986,"url":"https:\/\/larevistadigital.com.ar\/blog\/jorge-taiana-visito-la-ciudad-y-fue-recibido-por-gabriel-macchi\/","url_meta":{"origin":44891,"position":2},"title":"Jorge Taiana visit\u00f3 la ciudad y fue recibido por Gabriel Macchi","author":"admin","date":"4 agosto, 2017","format":false,"excerpt":"El candidato a senador nacional por la provincia de Buenos Aires Jorge Taiana, visit\u00f3 Chascom\u00fas Fue recibido por Gabriel Macchi junto al resto de los candidatos locales de Unidad Ciudadana y los actuales concejales Alfredo Ateasuain, Ana Francese, Hector Larramendy y Juan Cano y el diputado Jos\u00e9 Cote Rossi. Tras\u2026","rel":"","context":"En \u00abPOLITICA\u00bb","block_context":{"text":"POLITICA","link":"https:\/\/larevistadigital.com.ar\/blog\/category\/politica\/"},"img":{"alt_text":"","src":"https:\/\/i0.wp.com\/larevistadigital.com.ar\/blog\/wp-content\/uploads\/2017\/08\/20604157_10212049465145895_2066480076831303291_n.jpg?fit=960%2C744&ssl=1&resize=350%2C200","width":350,"height":200,"srcset":"https:\/\/i0.wp.com\/larevistadigital.com.ar\/blog\/wp-content\/uploads\/2017\/08\/20604157_10212049465145895_2066480076831303291_n.jpg?fit=960%2C744&ssl=1&resize=350%2C200 1x, https:\/\/i0.wp.com\/larevistadigital.com.ar\/blog\/wp-content\/uploads\/2017\/08\/20604157_10212049465145895_2066480076831303291_n.jpg?fit=960%2C744&ssl=1&resize=525%2C300 1.5x, https:\/\/i0.wp.com\/larevistadigital.com.ar\/blog\/wp-content\/uploads\/2017\/08\/20604157_10212049465145895_2066480076831303291_n.jpg?fit=960%2C744&ssl=1&resize=700%2C400 2x"},"classes":[]},{"id":6035,"url":"https:\/\/larevistadigital.com.ar\/blog\/entre-30-000-y-50-000-millones-el-ajuste-le-licuara-a-vidal-el-fondo-del-conurbano\/","url_meta":{"origin":44891,"position":3},"title":"Entre 30.000 y 50.000 millones: el ajuste le licuar\u00e1 a Vidal el fondo del Conurbano","author":"admin","date":"14 julio, 2018","format":false,"excerpt":"Ese es el tama\u00f1o del impacto que esperan en la Gobernaci\u00f3n. La discusi\u00f3n gira en torno a que responsabilidades Naci\u00f3n les traslada a la Provincia, a pedido de los gobernadores que se muestran intransigentes. A eso se suma el detalle del Presupuesto 2019. Los funcionarios de la provincia de Buenos\u2026","rel":"","context":"En \u00abPOLITICA\u00bb","block_context":{"text":"POLITICA","link":"https:\/\/larevistadigital.com.ar\/blog\/category\/politica\/"},"img":{"alt_text":"","src":"https:\/\/i0.wp.com\/larevistadigital.com.ar\/blog\/wp-content\/uploads\/2018\/07\/85946_3.jpg?fit=862%2C470&ssl=1&resize=350%2C200","width":350,"height":200,"srcset":"https:\/\/i0.wp.com\/larevistadigital.com.ar\/blog\/wp-content\/uploads\/2018\/07\/85946_3.jpg?fit=862%2C470&ssl=1&resize=350%2C200 1x, https:\/\/i0.wp.com\/larevistadigital.com.ar\/blog\/wp-content\/uploads\/2018\/07\/85946_3.jpg?fit=862%2C470&ssl=1&resize=525%2C300 1.5x, https:\/\/i0.wp.com\/larevistadigital.com.ar\/blog\/wp-content\/uploads\/2018\/07\/85946_3.jpg?fit=862%2C470&ssl=1&resize=700%2C400 2x"},"classes":[]},{"id":2696,"url":"https:\/\/larevistadigital.com.ar\/blog\/chascomus-federico-pinedo-acompano-a-ramiro-ferrante-en-el-timbreo-de-cambiemos\/","url_meta":{"origin":44891,"position":4},"title":"CHASCOM\u00daS: FEDERICO PINEDO ACOMPA\u00d1\u00d3 A RAMIRO FERRANTE EN EL TIMBREO DE CAMBIEMOS","author":"Alejandro Sosa Ruda","date":"22 julio, 2017","format":false,"excerpt":"El Presidente provisional del Senado de la Naci\u00f3n, Federico Pinedo, acompa\u00f1\u00f3 al precandidato a Concejal por Cambiemos, Ramiro Ferrante durante el timbreo realizado en la ma\u00f1ana de hoy. Pinedo arrib\u00f3 a la ciudad a las 10 de la ma\u00f1ana y se dirigi\u00f3 al local de Cambiemos en la calle Belgrano\u2026","rel":"","context":"En \u00abCHASCOM\u00daS\u00bb","block_context":{"text":"CHASCOM\u00daS","link":"https:\/\/larevistadigital.com.ar\/blog\/category\/chascomus\/"},"img":{"alt_text":"","src":"https:\/\/i0.wp.com\/larevistadigital.com.ar\/blog\/wp-content\/uploads\/2017\/07\/WhatsApp-Image-2017-07-22-at-15.59.32.jpeg?fit=1032%2C581&ssl=1&resize=350%2C200","width":350,"height":200,"srcset":"https:\/\/i0.wp.com\/larevistadigital.com.ar\/blog\/wp-content\/uploads\/2017\/07\/WhatsApp-Image-2017-07-22-at-15.59.32.jpeg?fit=1032%2C581&ssl=1&resize=350%2C200 1x, https:\/\/i0.wp.com\/larevistadigital.com.ar\/blog\/wp-content\/uploads\/2017\/07\/WhatsApp-Image-2017-07-22-at-15.59.32.jpeg?fit=1032%2C581&ssl=1&resize=525%2C300 1.5x, https:\/\/i0.wp.com\/larevistadigital.com.ar\/blog\/wp-content\/uploads\/2017\/07\/WhatsApp-Image-2017-07-22-at-15.59.32.jpeg?fit=1032%2C581&ssl=1&resize=700%2C400 2x"},"classes":[]},{"id":43487,"url":"https:\/\/larevistadigital.com.ar\/blog\/kicillof-visito-chascomus-presento-creditos-productivos-y-volvio-a-diferenciarse-del-modelo-economico-nacional\/","url_meta":{"origin":44891,"position":5},"title":"Kicillof visit\u00f3 Chascom\u00fas, present\u00f3 cr\u00e9ditos productivos y volvi\u00f3 a diferenciarse del modelo econ\u00f3mico nacional","author":"Alejandro Sosa Ruda","date":"20 enero, 2026","format":false,"excerpt":"El gobernador bonaerense mantuvo un encuentro con empresarios y comerciantes locales, recorri\u00f3 la Escuela de Verano y critic\u00f3 con dureza al gobierno de Javier Milei. Evit\u00f3 referirse a la interna del peronismo. 20 de Enero de 2025 CHASCOM\u00daS -\u00a0 \u00a0 El gobernador de la provincia de Buenos Aires, Axel Kicillof,\u2026","rel":"","context":"En \u00abDESTACADAS\u00bb","block_context":{"text":"DESTACADAS","link":"https:\/\/larevistadigital.com.ar\/blog\/category\/destacadas\/"},"img":{"alt_text":"","src":"https:\/\/i0.wp.com\/larevistadigital.com.ar\/blog\/wp-content\/uploads\/AXEL.webp?fit=668%2C445&ssl=1&resize=350%2C200","width":350,"height":200,"srcset":"https:\/\/i0.wp.com\/larevistadigital.com.ar\/blog\/wp-content\/uploads\/AXEL.webp?fit=668%2C445&ssl=1&resize=350%2C200 1x, https:\/\/i0.wp.com\/larevistadigital.com.ar\/blog\/wp-content\/uploads\/AXEL.webp?fit=668%2C445&ssl=1&resize=525%2C300 1.5x"},"classes":[]}],"_links":{"self":[{"href":"https:\/\/larevistadigital.com.ar\/blog\/wp-json\/wp\/v2\/posts\/44891","targetHints":{"allow":["GET"]}}],"collection":[{"href":"https:\/\/larevistadigital.com.ar\/blog\/wp-json\/wp\/v2\/posts"}],"about":[{"href":"https:\/\/larevistadigital.com.ar\/blog\/wp-json\/wp\/v2\/types\/post"}],"author":[{"embeddable":true,"href":"https:\/\/larevistadigital.com.ar\/blog\/wp-json\/wp\/v2\/users\/3"}],"replies":[{"embeddable":true,"href":"https:\/\/larevistadigital.com.ar\/blog\/wp-json\/wp\/v2\/comments?post=44891"}],"version-history":[{"count":1,"href":"https:\/\/larevistadigital.com.ar\/blog\/wp-json\/wp\/v2\/posts\/44891\/revisions"}],"predecessor-version":[{"id":44893,"href":"https:\/\/larevistadigital.com.ar\/blog\/wp-json\/wp\/v2\/posts\/44891\/revisions\/44893"}],"wp:featuredmedia":[{"embeddable":true,"href":"https:\/\/larevistadigital.com.ar\/blog\/wp-json\/wp\/v2\/media\/44892"}],"wp:attachment":[{"href":"https:\/\/larevistadigital.com.ar\/blog\/wp-json\/wp\/v2\/media?parent=44891"}],"wp:term":[{"taxonomy":"category","embeddable":true,"href":"https:\/\/larevistadigital.com.ar\/blog\/wp-json\/wp\/v2\/categories?post=44891"},{"taxonomy":"post_tag","embeddable":true,"href":"https:\/\/larevistadigital.com.ar\/blog\/wp-json\/wp\/v2\/tags?post=44891"}],"curies":[{"name":"wp","href":"https:\/\/api.w.org\/{rel}","templated":true}]}}